{"id":12494,"date":"2025-01-22T10:40:00","date_gmt":"2025-01-22T13:40:00","guid":{"rendered":"https:\/\/www.em.com.br\/emfoco\/?p=12494"},"modified":"2025-01-21T23:54:03","modified_gmt":"2025-01-22T02:54:03","slug":"novo-horizonte-tecnologico-lancamentos-da-apple-em-2025","status":"publish","type":"post","link":"https:\/\/www.em.com.br\/emfoco\/2025\/01\/22\/novo-horizonte-tecnologico-lancamentos-da-apple-em-2025\/","title":{"rendered":"Novo horizonte tecnol\u00f3gico: Lan\u00e7amentos da Apple em 2025"},"content":{"rendered":"\n<p>Em 2025, a Apple promete revolucionar ainda mais o mercado com o lan\u00e7amento de mais de 20 novos dispositivos, sendo o aguardado iPhone 17 um dos grandes destaques. Al\u00e9m disso, a empresa continuar\u00e1 a atender \u00e0s crescentes demandas dos consumidores por equipamentos mais r\u00e1pidos e eficientes, como de costume.<\/p>\n\n\n\n<p>Com base em rumores e no hist\u00f3rico de lan\u00e7amentos da <a href=\"https:\/\/www.apple.com\/br\/\" target=\"_blank\" rel=\"noreferrer noopener\">Apple<\/a>, espera-se que novos modelos de laptops e tablets, como o MacBook Air com chip M4, sejam os destaques. Assim, o primeiro semestre do ano promete trazer novidades importantes, deixando os usu\u00e1rios e cr\u00edticos bastante ansiosos.<\/p>\n\n\n\n<h2 class=\"wp-block-heading\">Principais lan\u00e7amentos esperados em 2025<\/h2>\n\n\n\n<p>No in\u00edcio do ano, a Apple deve lan\u00e7ar uma s\u00e9rie de produtos que renovam sua linha atual. Entre eles, est\u00e3o:<\/p>\n\n\n\n<ul class=\"wp-block-list\">\n<li><strong>MacBook Air com Chip M4:<\/strong> Esse modelo ser\u00e1 o carro-chefe do primeiro semestre, com grandes melhorias.<\/li>\n\n\n\n<li><strong>iPhone SE 4 \/ iPhone SE 2025:<\/strong> Esperado para mar\u00e7o, este modelo promete agradar muitos consumidores.<\/li>\n\n\n\n<li><strong>Nova Gera\u00e7\u00e3o da AirTag:<\/strong> Espera-se que o popular dispositivo de rastreamento seja atualizado, oferecendo mais funcionalidades.<\/li>\n\n\n\n<li><strong>Novo iPad Air e iPad 11:<\/strong> Esses modelos vir\u00e3o com recursos aprimorados para um desempenho ainda melhor.<\/li>\n\n\n\n<li><strong>Powerbeats Pro 2:<\/strong> A atualiza\u00e7\u00e3o desses fones de ouvido incluir\u00e1 novos designs e aprimoramentos de desempenho.<\/li>\n\n\n\n<li><strong>Mac Studio com Processadores M4 Max e M4 Ultra:<\/strong> A expectativa \u00e9 que esse modelo entregue um desempenho nunca visto antes.<\/li>\n<\/ul>\n\n\n\n<h2 class=\"wp-block-heading\">O iPhone 17 e suas inova\u00e7\u00f5es<\/h2>\n\n\n\n<p>No segundo semestre, a Apple deve lan\u00e7ar a linha <strong><a href=\"https:\/\/www.em.com.br\/emfoco\/2025\/01\/21\/iphone-17-inovacoes-tecnologicas-prometem-melhor-desempenho\/\" target=\"_blank\" rel=\"noreferrer noopener\">iPhone 17<\/a><\/strong>, que incluir\u00e1 as vers\u00f5es Pro e Pro Max. Rumores sugerem que haver\u00e1 tamb\u00e9m um modelo Air ou Slim, mais fino e elegante. Como resultado, a Apple entrar\u00e1 em competi\u00e7\u00e3o direta com o Galaxy S25 Slim. A tend\u00eancia \u00e9 que esses modelos consolidem ainda mais sua lideran\u00e7a no mercado de smartphones premium.<\/p>\n\n\n<div class=\"wp-block-image\">\n<figure class=\"aligncenter size-large\"><img loading=\"lazy\" decoding=\"async\" width=\"1024\" height=\"576\" src=\"https:\/\/www.em.com.br\/emfoco\/wp-content\/uploads\/2025\/01\/macbook_1737514183751-1024x576.jpg\" alt=\"\" class=\"wp-image-12514\" srcset=\"https:\/\/www.em.com.br\/emfoco\/wp-content\/uploads\/2025\/01\/macbook_1737514183751-1024x576.jpg 1024w, https:\/\/www.em.com.br\/emfoco\/wp-content\/uploads\/2025\/01\/macbook_1737514183751-300x169.jpg 300w, https:\/\/www.em.com.br\/emfoco\/wp-content\/uploads\/2025\/01\/macbook_1737514183751-768x432.jpg 768w, https:\/\/www.em.com.br\/emfoco\/wp-content\/uploads\/2025\/01\/macbook_1737514183751-750x422.jpg 750w, https:\/\/www.em.com.br\/emfoco\/wp-content\/uploads\/2025\/01\/macbook_1737514183751-1140x641.jpg 1140w, https:\/\/www.em.com.br\/emfoco\/wp-content\/uploads\/2025\/01\/macbook_1737514183751.jpg 1280w\" sizes=\"auto, (max-width: 1024px) 100vw, 1024px\" \/><figcaption class=\"wp-element-caption\">Imagem ilustrativa de um Macbook &#8211; Cr\u00e9ditos: depositphotos.com \/ GaudiLab<\/figcaption><\/figure><\/div>\n\n\n<h2 class=\"wp-block-heading\">Outras surpresas da Apple para 2025<\/h2>\n\n\n\n<p>Al\u00e9m dos smartphones, a Apple provavelmente trar\u00e1 novas op\u00e7\u00f5es para entretenimento e automa\u00e7\u00e3o residencial:<\/p>\n\n\n\n<ul class=\"wp-block-list\">\n<li><strong>Apple Watch 11, Apple Watch Ultra 3 e Apple Watch SE 3:<\/strong> Estes modelos trar\u00e3o novidades significativas para os usu\u00e1rios de wearables da Apple.<\/li>\n\n\n\n<li><strong>Novo Apple TV e HomePod mini:<\/strong> A integra\u00e7\u00e3o desses dispositivos com o ecossistema Apple ser\u00e1 aprimorada, criando uma experi\u00eancia de usu\u00e1rio mais fluida.<\/li>\n\n\n\n<li><strong>MacBook Pro com Processadores M5:<\/strong> Esperado para o segundo semestre, esse modelo trar\u00e1 grande pot\u00eancia para profissionais da \u00e1rea.<\/li>\n<\/ul>\n\n\n\n<h2 class=\"wp-block-heading\">O futuro da Apple: O que esperar?<\/h2>\n\n\n\n<p>Al\u00e9m das inova\u00e7\u00f5es j\u00e1 confirmadas, a Apple pode surpreender com novos dispositivos. Um HomePod com tela integrada, funcionando tamb\u00e9m como Centro de Comando Dom\u00e9stico, est\u00e1 entre as possibilidades. Al\u00e9m disso, \u00e9 poss\u00edvel que a Apple atualize o <strong>Mac Pro<\/strong> com os novos SoCs M4 e, quem sabe, lance uma vers\u00e3o aprimorada do <strong>Apple Vision Pro<\/strong>, com o Processador M5. No entanto, esses produtos podem ser adiados para al\u00e9m de 2025, dependendo da estrat\u00e9gia da empresa.<\/p>\n\n\n\n<p><\/p>\n","protected":false},"excerpt":{"rendered":"<p>Em 2025, a Apple promete revolucionar ainda mais o mercado com o lan\u00e7amento de mais de 20 novos dispositivos, sendo o aguardado iPhone 17 um dos grandes destaques. Al\u00e9m disso, a empresa continuar\u00e1 a atender \u00e0s crescentes demandas dos consumidores por equipamentos mais r\u00e1pidos e eficientes, como de costume. Com base em rumores e no [&hellip;]<\/p>\n","protected":false},"author":9,"featured_media":12512,"comment_status":"open","ping_status":"open","sticky":false,"template":"","format":"standard","meta":{"jnews-multi-image_gallery":[],"jnews_single_post":{"format":"standard"},"jnews_primary_category":[],"jnews_social_meta":[],"jnews_override_counter":[],"footnotes":""},"categories":[1],"tags":[3662,3608],"class_list":["post-12494","post","type-post","status-publish","format-standard","has-post-thumbnail","hentry","category-noticias","tag-apple","tag-iphone"],"yoast_head":"<!-- This site is optimized with the Yoast SEO plugin v23.8 - https:\/\/yoast.com\/wordpress\/plugins\/seo\/ -->\n<title>Novo horizonte tecnol\u00f3gico: Lan\u00e7amentos da Apple em 2025<\/title>\n<meta name=\"description\" content=\"Novos produtos, designs e tecnologias est\u00e3o por vir. Fique por dentro das surpresas que a Apple prepara para 2025!\" \/>\n<meta name=\"robots\" content=\"index, follow, max-snippet:-1, max-image-preview:large, max-video-preview:-1\" \/>\n<link rel=\"canonical\" href=\"https:\/\/www.em.com.br\/emfoco\/2025\/01\/22\/novo-horizonte-tecnologico-lancamentos-da-apple-em-2025\/\" \/>\n<meta property=\"og:locale\" content=\"pt_BR\" \/>\n<meta property=\"og:type\" content=\"article\" \/>\n<meta property=\"og:title\" content=\"Novo horizonte tecnol\u00f3gico: Lan\u00e7amentos da Apple em 2025\" \/>\n<meta property=\"og:description\" content=\"Novos produtos, designs e tecnologias est\u00e3o por vir. Fique por dentro das surpresas que a Apple prepara para 2025!\" \/>\n<meta property=\"og:url\" content=\"https:\/\/www.em.com.br\/emfoco\/2025\/01\/22\/novo-horizonte-tecnologico-lancamentos-da-apple-em-2025\/\" \/>\n<meta property=\"og:site_name\" content=\"Estado de Minas - Em foco\" \/>\n<meta property=\"article:published_time\" content=\"2025-01-22T13:40:00+00:00\" \/>\n<meta property=\"article:modified_time\" content=\"2025-01-22T02:54:03+00:00\" \/>\n<meta property=\"og:image\" content=\"https:\/\/www.em.com.br\/emfoco\/wp-content\/uploads\/2025\/01\/iphone_1737514101247.jpg\" \/>\n\t<meta property=\"og:image:width\" content=\"1280\" \/>\n\t<meta property=\"og:image:height\" content=\"720\" \/>\n\t<meta property=\"og:image:type\" content=\"image\/jpeg\" \/>\n<meta name=\"author\" content=\"Daniely Cardoso\" \/>\n<meta name=\"twitter:card\" content=\"summary_large_image\" \/>\n<meta name=\"twitter:label1\" content=\"Escrito por\" \/>\n\t<meta name=\"twitter:data1\" content=\"Daniely Cardoso\" \/>\n\t<meta name=\"twitter:label2\" content=\"Est. tempo de leitura\" \/>\n\t<meta name=\"twitter:data2\" content=\"3 minutos\" \/>\n<!-- \/ Yoast SEO plugin. -->","yoast_head_json":{"title":"Novo horizonte tecnol\u00f3gico: Lan\u00e7amentos da Apple em 2025","description":"Novos produtos, designs e tecnologias est\u00e3o por vir. Fique por dentro das surpresas que a Apple prepara para 2025!","robots":{"index":"index","follow":"follow","max-snippet":"max-snippet:-1","max-image-preview":"max-image-preview:large","max-video-preview":"max-video-preview:-1"},"canonical":"https:\/\/www.em.com.br\/emfoco\/2025\/01\/22\/novo-horizonte-tecnologico-lancamentos-da-apple-em-2025\/","og_locale":"pt_BR","og_type":"article","og_title":"Novo horizonte tecnol\u00f3gico: Lan\u00e7amentos da Apple em 2025","og_description":"Novos produtos, designs e tecnologias est\u00e3o por vir. Fique por dentro das surpresas que a Apple prepara para 2025!","og_url":"https:\/\/www.em.com.br\/emfoco\/2025\/01\/22\/novo-horizonte-tecnologico-lancamentos-da-apple-em-2025\/","og_site_name":"Estado de Minas - Em foco","article_published_time":"2025-01-22T13:40:00+00:00","article_modified_time":"2025-01-22T02:54:03+00:00","og_image":[{"width":1280,"height":720,"url":"https:\/\/www.em.com.br\/emfoco\/wp-content\/uploads\/2025\/01\/iphone_1737514101247.jpg","type":"image\/jpeg"}],"author":"Daniely Cardoso","twitter_card":"summary_large_image","twitter_misc":{"Escrito por":"Daniely Cardoso","Est. tempo de leitura":"3 minutos"},"schema":{"@context":"https:\/\/schema.org","@graph":[{"@type":"WebPage","@id":"https:\/\/www.em.com.br\/emfoco\/2025\/01\/22\/novo-horizonte-tecnologico-lancamentos-da-apple-em-2025\/","url":"https:\/\/www.em.com.br\/emfoco\/2025\/01\/22\/novo-horizonte-tecnologico-lancamentos-da-apple-em-2025\/","name":"Novo horizonte tecnol\u00f3gico: Lan\u00e7amentos da Apple em 2025","isPartOf":{"@id":"https:\/\/www.em.com.br\/emfoco\/#website"},"primaryImageOfPage":{"@id":"https:\/\/www.em.com.br\/emfoco\/2025\/01\/22\/novo-horizonte-tecnologico-lancamentos-da-apple-em-2025\/#primaryimage"},"image":{"@id":"https:\/\/www.em.com.br\/emfoco\/2025\/01\/22\/novo-horizonte-tecnologico-lancamentos-da-apple-em-2025\/#primaryimage"},"thumbnailUrl":"https:\/\/www.em.com.br\/emfoco\/wp-content\/uploads\/2025\/01\/iphone_1737514101247.jpg","datePublished":"2025-01-22T13:40:00+00:00","dateModified":"2025-01-22T02:54:03+00:00","author":{"@id":"https:\/\/www.em.com.br\/emfoco\/#\/schema\/person\/0a8186d72f2c3a5c6276d90b41f271a0"},"description":"Novos produtos, designs e tecnologias est\u00e3o por vir. Fique por dentro das surpresas que a Apple prepara para 2025!","breadcrumb":{"@id":"https:\/\/www.em.com.br\/emfoco\/2025\/01\/22\/novo-horizonte-tecnologico-lancamentos-da-apple-em-2025\/#breadcrumb"},"inLanguage":"pt-BR","potentialAction":[{"@type":"ReadAction","target":["https:\/\/www.em.com.br\/emfoco\/2025\/01\/22\/novo-horizonte-tecnologico-lancamentos-da-apple-em-2025\/"]}]},{"@type":"ImageObject","inLanguage":"pt-BR","@id":"https:\/\/www.em.com.br\/emfoco\/2025\/01\/22\/novo-horizonte-tecnologico-lancamentos-da-apple-em-2025\/#primaryimage","url":"https:\/\/www.em.com.br\/emfoco\/wp-content\/uploads\/2025\/01\/iphone_1737514101247.jpg","contentUrl":"https:\/\/www.em.com.br\/emfoco\/wp-content\/uploads\/2025\/01\/iphone_1737514101247.jpg","width":1280,"height":720,"caption":"Imagem ilustrativa de pessoas mexendo no celular- Cr\u00e9ditos: depositphotos.com \/ HayDmitriy"},{"@type":"BreadcrumbList","@id":"https:\/\/www.em.com.br\/emfoco\/2025\/01\/22\/novo-horizonte-tecnologico-lancamentos-da-apple-em-2025\/#breadcrumb","itemListElement":[{"@type":"ListItem","position":1,"name":"In\u00edcio","item":"https:\/\/www.em.com.br\/emfoco\/"},{"@type":"ListItem","position":2,"name":"Novo horizonte tecnol\u00f3gico: Lan\u00e7amentos da Apple em 2025"}]},{"@type":"WebSite","@id":"https:\/\/www.em.com.br\/emfoco\/#website","url":"https:\/\/www.em.com.br\/emfoco\/","name":"Estado de Minas - Em foco","description":"Acompanhe as \u00faltimas not\u00edcias e fique bem informado sobre tudo o que acontece em Minas Gerais, Brasil e no mundo.","potentialAction":[{"@type":"SearchAction","target":{"@type":"EntryPoint","urlTemplate":"https:\/\/www.em.com.br\/emfoco\/?s={search_term_string}"},"query-input":{"@type":"PropertyValueSpecification","valueRequired":true,"valueName":"search_term_string"}}],"inLanguage":"pt-BR"},{"@type":"Person","@id":"https:\/\/www.em.com.br\/emfoco\/#\/schema\/person\/0a8186d72f2c3a5c6276d90b41f271a0","name":"Daniely Cardoso","image":{"@type":"ImageObject","inLanguage":"pt-BR","@id":"https:\/\/www.em.com.br\/emfoco\/#\/schema\/person\/image\/","url":"https:\/\/secure.gravatar.com\/avatar\/4b80ddbd124d1f071b626d52d62e5dff?s=96&d=mm&r=g","contentUrl":"https:\/\/secure.gravatar.com\/avatar\/4b80ddbd124d1f071b626d52d62e5dff?s=96&d=mm&r=g","caption":"Daniely Cardoso"},"url":"https:\/\/www.em.com.br\/emfoco\/author\/danielymyth\/"}]}},"_links":{"self":[{"href":"https:\/\/www.em.com.br\/emfoco\/wp-json\/wp\/v2\/posts\/12494","targetHints":{"allow":["GET"]}}],"collection":[{"href":"https:\/\/www.em.com.br\/emfoco\/wp-json\/wp\/v2\/posts"}],"about":[{"href":"https:\/\/www.em.com.br\/emfoco\/wp-json\/wp\/v2\/types\/post"}],"author":[{"embeddable":true,"href":"https:\/\/www.em.com.br\/emfoco\/wp-json\/wp\/v2\/users\/9"}],"replies":[{"embeddable":true,"href":"https:\/\/www.em.com.br\/emfoco\/wp-json\/wp\/v2\/comments?post=12494"}],"version-history":[{"count":3,"href":"https:\/\/www.em.com.br\/emfoco\/wp-json\/wp\/v2\/posts\/12494\/revisions"}],"predecessor-version":[{"id":12516,"href":"https:\/\/www.em.com.br\/emfoco\/wp-json\/wp\/v2\/posts\/12494\/revisions\/12516"}],"wp:featuredmedia":[{"embeddable":true,"href":"https:\/\/www.em.com.br\/emfoco\/wp-json\/wp\/v2\/media\/12512"}],"wp:attachment":[{"href":"https:\/\/www.em.com.br\/emfoco\/wp-json\/wp\/v2\/media?parent=12494"}],"wp:term":[{"taxonomy":"category","embeddable":true,"href":"https:\/\/www.em.com.br\/emfoco\/wp-json\/wp\/v2\/categories?post=12494"},{"taxonomy":"post_tag","embeddable":true,"href":"https:\/\/www.em.com.br\/emfoco\/wp-json\/wp\/v2\/tags?post=12494"}],"curies":[{"name":"wp","href":"https:\/\/api.w.org\/{rel}","templated":true}]}}