{"id":124882,"date":"2025-11-10T08:55:00","date_gmt":"2025-11-10T11:55:00","guid":{"rendered":"https:\/\/www.em.com.br\/emfoco\/?p=124882"},"modified":"2025-11-07T15:32:15","modified_gmt":"2025-11-07T18:32:15","slug":"transforme-potes-de-vidro-em-porta-temperos-lindos-e-organizados","status":"publish","type":"post","link":"https:\/\/www.em.com.br\/emfoco\/2025\/11\/10\/transforme-potes-de-vidro-em-porta-temperos-lindos-e-organizados\/","title":{"rendered":"Transforme potes de vidro em porta-temperos lindos e organizados"},"content":{"rendered":"\n<p>Reaproveitar potes de vidro \u00e9 uma forma simples, barata e sustent\u00e1vel de criar porta-temperos padronizados. Al\u00e9m de reduzir o desperd\u00edcio, essa ideia deixa a cozinha mais bonita e funcional, com um visual organizado digno de \u201ccozinha Pinterest\u201d.<\/p>\n\n\n\n<h2 class=\"wp-block-heading\">Como transformar potes de vidro comuns em porta-temperos?<\/h2>\n\n\n\n<p>Para come\u00e7ar, escolha potes de vidro de palmito, azeitona ou geleia. Lave bem com \u00e1gua quente e detergente, retire o r\u00f3tulo e deixe secar completamente. Assim, voc\u00ea garante que os <strong>porta-temperos reaproveitados<\/strong> fiquem limpos e prontos para uso.<\/p>\n\n\n\n<p>Depois, basta preencher os potes com temperos secos e identificar cada um. Use <strong>etiquetas adesivas<\/strong> ou uma caneta permanente para nomear os frascos. Esse detalhe ajuda na organiza\u00e7\u00e3o e deixa tudo mais pr\u00e1tico durante o preparo das receitas.<\/p>\n\n\n\n<figure class=\"wp-block-image size-large\"><img loading=\"lazy\" decoding=\"async\" width=\"1024\" height=\"576\" src=\"https:\/\/www.em.com.br\/emfoco\/wp-content\/uploads\/2025\/11\/porta-temperos_1762540257775-1024x576.jpg\" alt=\"Transforme potes de vidro em porta-temperos lindos e organizados\" class=\"wp-image-124931\" srcset=\"https:\/\/www.em.com.br\/emfoco\/wp-content\/uploads\/2025\/11\/porta-temperos_1762540257775-1024x576.jpg 1024w, https:\/\/www.em.com.br\/emfoco\/wp-content\/uploads\/2025\/11\/porta-temperos_1762540257775-300x169.jpg 300w, https:\/\/www.em.com.br\/emfoco\/wp-content\/uploads\/2025\/11\/porta-temperos_1762540257775-768x432.jpg 768w, https:\/\/www.em.com.br\/emfoco\/wp-content\/uploads\/2025\/11\/porta-temperos_1762540257775-750x422.jpg 750w, https:\/\/www.em.com.br\/emfoco\/wp-content\/uploads\/2025\/11\/porta-temperos_1762540257775-1140x641.jpg 1140w, https:\/\/www.em.com.br\/emfoco\/wp-content\/uploads\/2025\/11\/porta-temperos_1762540257775.jpg 1280w\" sizes=\"auto, (max-width: 1024px) 100vw, 1024px\" \/><figcaption class=\"wp-element-caption\">Remover o r\u00f3tulo evita odores e facilita identifica\u00e7\u00e3o dos temperos &#8211; Cr\u00e9ditos: depositphotos.com \/ AndriiGorulko<\/figcaption><\/figure>\n\n\n\n<h2 class=\"wp-block-heading\">Quais materiais voc\u00ea precisa para esse DIY sustent\u00e1vel?<\/h2>\n\n\n\n<p>Confira na lista abaixo o que \u00e9 necess\u00e1rio para criar seus pr\u00f3prios <strong>porta-temperos de vidro<\/strong> personalizados e funcionais:<\/p>\n\n\n\n<ul class=\"wp-block-list\">\n<li>Potes de vidro limpos e secos, de tamanhos semelhantes;<\/li>\n\n\n\n<li>\u00c1gua quente, detergente e esponja para remover r\u00f3tulos;<\/li>\n\n\n\n<li>Etiquetas, caneta permanente ou fita adesiva para identifica\u00e7\u00e3o.<\/li>\n<\/ul>\n\n\n\n<p><em>Leia mais: <strong><a href=\"https:\/\/www.em.com.br\/emfoco\/2025\/11\/03\/como-fazer-paineis-organizadores-e-prateleiras-em-casa-gastando-pouco\/\" target=\"_blank\" rel=\"noreferrer noopener\">Como fazer pain\u00e9is organizadores e prateleiras em casa gastando pouco<\/a><\/strong><\/em><\/p>\n\n\n\n<h2 class=\"wp-block-heading\">Por que padronizar os potes deixa a cozinha mais bonita?<\/h2>\n\n\n\n<p>Ao padronizar os frascos, voc\u00ea elimina a <strong><a href=\"https:\/\/www.dabusarquitetura.com.br\/blog\/poluicao-visual-no-escritorio-evitar\/\" target=\"_blank\" rel=\"noreferrer noopener\">polui\u00e7\u00e3o visual<\/a><\/strong> causada pelas embalagens diferentes dos temperos. O resultado \u00e9 uma est\u00e9tica mais harm\u00f4nica, leve e agrad\u00e1vel, que valoriza at\u00e9 mesmo prateleiras abertas e bancadas minimalistas.<\/p>\n\n\n\n<p>Al\u00e9m do apelo visual, o <strong>reaproveitamento sustent\u00e1vel<\/strong> dos potes ajuda a economizar dinheiro e reduzir o descarte de vidro. \u00c9 uma alternativa pr\u00e1tica para quem busca uma cozinha organizada, funcional e cheia de personalidade.<\/p>\n\n\n\n<figure class=\"wp-block-image size-large\"><img loading=\"lazy\" decoding=\"async\" width=\"1024\" height=\"576\" src=\"https:\/\/www.em.com.br\/emfoco\/wp-content\/uploads\/2025\/11\/porta-temperos_1762540329655-1024x576.jpg\" alt=\"Transforme potes de vidro em porta-temperos lindos e organizados\" class=\"wp-image-124932\" srcset=\"https:\/\/www.em.com.br\/emfoco\/wp-content\/uploads\/2025\/11\/porta-temperos_1762540329655-1024x576.jpg 1024w, https:\/\/www.em.com.br\/emfoco\/wp-content\/uploads\/2025\/11\/porta-temperos_1762540329655-300x169.jpg 300w, https:\/\/www.em.com.br\/emfoco\/wp-content\/uploads\/2025\/11\/porta-temperos_1762540329655-768x432.jpg 768w, https:\/\/www.em.com.br\/emfoco\/wp-content\/uploads\/2025\/11\/porta-temperos_1762540329655-750x422.jpg 750w, https:\/\/www.em.com.br\/emfoco\/wp-content\/uploads\/2025\/11\/porta-temperos_1762540329655-1140x641.jpg 1140w, https:\/\/www.em.com.br\/emfoco\/wp-content\/uploads\/2025\/11\/porta-temperos_1762540329655.jpg 1280w\" sizes=\"auto, (max-width: 1024px) 100vw, 1024px\" \/><figcaption class=\"wp-element-caption\">Padronizar frascos elimina polui\u00e7\u00e3o visual e valoriza a decora\u00e7\u00e3o &#8211; Cr\u00e9ditos: depositphotos.com \/ Annebel146<\/figcaption><\/figure>\n\n\n\n<h2 class=\"wp-block-heading\">Onde e como organizar seus novos porta-temperos?<\/h2>\n\n\n\n<p>Confira na lista abaixo algumas formas criativas de dispor seus <strong>porta-temperos reaproveitados<\/strong> e deixar a cozinha ainda mais charmosa:<\/p>\n\n\n\n<ul class=\"wp-block-list\">\n<li>Em uma bandeja sobre a bancada, para f\u00e1cil acesso durante o preparo;<\/li>\n\n\n\n<li>Em prateleiras decorativas, criando um visual uniforme e elegante;<\/li>\n\n\n\n<li>Dentro do arm\u00e1rio, aproveitando melhor o espa\u00e7o interno.<\/li>\n<\/ul>\n\n\n\n<p>Uma dica extra \u00e9 <strong>personalizar as tampas<\/strong> com tinta, adesivos ou tecidos, criando um toque artesanal que reflete seu estilo. Essa ideia simples transforma o comum em algo inspirador, com baixo custo e alto impacto visual.<\/p>\n","protected":false},"excerpt":{"rendered":"<p>Reaproveitar potes de vidro \u00e9 uma forma simples, barata e sustent\u00e1vel de criar porta-temperos padronizados. Al\u00e9m de reduzir o desperd\u00edcio, essa ideia deixa a cozinha mais bonita e funcional, com um visual organizado digno de \u201ccozinha Pinterest\u201d. Como transformar potes de vidro comuns em porta-temperos? Para come\u00e7ar, escolha potes de vidro de palmito, azeitona ou [&hellip;]<\/p>\n","protected":false},"author":13,"featured_media":124930,"comment_status":"open","ping_status":"open","sticky":false,"template":"","format":"standard","meta":{"jnews-multi-image_gallery":[],"jnews_single_post":{"format":"standard"},"jnews_primary_category":[],"jnews_social_meta":[],"jnews_override_counter":[],"footnotes":""},"categories":[8819],"tags":[5115,17324,18625,5014],"class_list":["post-124882","post","type-post","status-publish","format-standard","has-post-thumbnail","hentry","category-curiosidades","tag-diy","tag-do-it-yourself","tag-potes-caseiros","tag-reaproveitamento"],"yoast_head":"<!-- This site is optimized with the Yoast SEO plugin v23.8 - https:\/\/yoast.com\/wordpress\/plugins\/seo\/ -->\n<title>Transforme potes de vidro em porta-temperos lindos e organizados - Estado de Minas - Em foco<\/title>\n<meta name=\"description\" content=\"Reaproveitar potes de vidro para organizar temperos \u00e9 barato e transforma a est\u00e9tica da cozinha. Veja como criar um visual digno de Pinterest.\" \/>\n<meta name=\"robots\" content=\"index, follow, max-snippet:-1, max-image-preview:large, max-video-preview:-1\" \/>\n<link rel=\"canonical\" href=\"https:\/\/www.em.com.br\/emfoco\/2025\/11\/10\/transforme-potes-de-vidro-em-porta-temperos-lindos-e-organizados\/\" \/>\n<meta property=\"og:locale\" content=\"pt_BR\" \/>\n<meta property=\"og:type\" content=\"article\" \/>\n<meta property=\"og:title\" content=\"Transforme potes de vidro em porta-temperos lindos e organizados - Estado de Minas - Em foco\" \/>\n<meta property=\"og:description\" content=\"Reaproveitar potes de vidro para organizar temperos \u00e9 barato e transforma a est\u00e9tica da cozinha. Veja como criar um visual digno de Pinterest.\" \/>\n<meta property=\"og:url\" content=\"https:\/\/www.em.com.br\/emfoco\/2025\/11\/10\/transforme-potes-de-vidro-em-porta-temperos-lindos-e-organizados\/\" \/>\n<meta property=\"og:site_name\" content=\"Estado de Minas - Em foco\" \/>\n<meta property=\"article:published_time\" content=\"2025-11-10T11:55:00+00:00\" \/>\n<meta property=\"article:modified_time\" content=\"2025-11-07T18:32:15+00:00\" \/>\n<meta property=\"og:image\" content=\"https:\/\/www.em.com.br\/emfoco\/wp-content\/uploads\/2025\/11\/ad-1-7.jpg\" \/>\n\t<meta property=\"og:image:width\" content=\"1280\" \/>\n\t<meta property=\"og:image:height\" content=\"720\" \/>\n\t<meta property=\"og:image:type\" content=\"image\/jpeg\" \/>\n<meta name=\"author\" content=\"Gabriel Martins\" \/>\n<meta name=\"twitter:card\" content=\"summary_large_image\" \/>\n<meta name=\"twitter:label1\" content=\"Escrito por\" \/>\n\t<meta name=\"twitter:data1\" content=\"Gabriel Martins\" \/>\n\t<meta name=\"twitter:label2\" content=\"Est. tempo de leitura\" \/>\n\t<meta name=\"twitter:data2\" content=\"3 minutos\" \/>\n<!-- \/ Yoast SEO plugin. -->","yoast_head_json":{"title":"Transforme potes de vidro em porta-temperos lindos e organizados - Estado de Minas - Em foco","description":"Reaproveitar potes de vidro para organizar temperos \u00e9 barato e transforma a est\u00e9tica da cozinha. Veja como criar um visual digno de Pinterest.","robots":{"index":"index","follow":"follow","max-snippet":"max-snippet:-1","max-image-preview":"max-image-preview:large","max-video-preview":"max-video-preview:-1"},"canonical":"https:\/\/www.em.com.br\/emfoco\/2025\/11\/10\/transforme-potes-de-vidro-em-porta-temperos-lindos-e-organizados\/","og_locale":"pt_BR","og_type":"article","og_title":"Transforme potes de vidro em porta-temperos lindos e organizados - Estado de Minas - Em foco","og_description":"Reaproveitar potes de vidro para organizar temperos \u00e9 barato e transforma a est\u00e9tica da cozinha. Veja como criar um visual digno de Pinterest.","og_url":"https:\/\/www.em.com.br\/emfoco\/2025\/11\/10\/transforme-potes-de-vidro-em-porta-temperos-lindos-e-organizados\/","og_site_name":"Estado de Minas - Em foco","article_published_time":"2025-11-10T11:55:00+00:00","article_modified_time":"2025-11-07T18:32:15+00:00","og_image":[{"width":1280,"height":720,"url":"https:\/\/www.em.com.br\/emfoco\/wp-content\/uploads\/2025\/11\/ad-1-7.jpg","type":"image\/jpeg"}],"author":"Gabriel Martins","twitter_card":"summary_large_image","twitter_misc":{"Escrito por":"Gabriel Martins","Est. tempo de leitura":"3 minutos"},"schema":{"@context":"https:\/\/schema.org","@graph":[{"@type":"WebPage","@id":"https:\/\/www.em.com.br\/emfoco\/2025\/11\/10\/transforme-potes-de-vidro-em-porta-temperos-lindos-e-organizados\/","url":"https:\/\/www.em.com.br\/emfoco\/2025\/11\/10\/transforme-potes-de-vidro-em-porta-temperos-lindos-e-organizados\/","name":"Transforme potes de vidro em porta-temperos lindos e organizados - Estado de Minas - Em foco","isPartOf":{"@id":"https:\/\/www.em.com.br\/emfoco\/#website"},"primaryImageOfPage":{"@id":"https:\/\/www.em.com.br\/emfoco\/2025\/11\/10\/transforme-potes-de-vidro-em-porta-temperos-lindos-e-organizados\/#primaryimage"},"image":{"@id":"https:\/\/www.em.com.br\/emfoco\/2025\/11\/10\/transforme-potes-de-vidro-em-porta-temperos-lindos-e-organizados\/#primaryimage"},"thumbnailUrl":"https:\/\/www.em.com.br\/emfoco\/wp-content\/uploads\/2025\/11\/ad-1-7.jpg","datePublished":"2025-11-10T11:55:00+00:00","dateModified":"2025-11-07T18:32:15+00:00","author":{"@id":"https:\/\/www.em.com.br\/emfoco\/#\/schema\/person\/1c9ddeab18b98abeffef834667bcf08a"},"description":"Reaproveitar potes de vidro para organizar temperos \u00e9 barato e transforma a est\u00e9tica da cozinha. Veja como criar um visual digno de Pinterest.","breadcrumb":{"@id":"https:\/\/www.em.com.br\/emfoco\/2025\/11\/10\/transforme-potes-de-vidro-em-porta-temperos-lindos-e-organizados\/#breadcrumb"},"inLanguage":"pt-BR","potentialAction":[{"@type":"ReadAction","target":["https:\/\/www.em.com.br\/emfoco\/2025\/11\/10\/transforme-potes-de-vidro-em-porta-temperos-lindos-e-organizados\/"]}]},{"@type":"ImageObject","inLanguage":"pt-BR","@id":"https:\/\/www.em.com.br\/emfoco\/2025\/11\/10\/transforme-potes-de-vidro-em-porta-temperos-lindos-e-organizados\/#primaryimage","url":"https:\/\/www.em.com.br\/emfoco\/wp-content\/uploads\/2025\/11\/ad-1-7.jpg","contentUrl":"https:\/\/www.em.com.br\/emfoco\/wp-content\/uploads\/2025\/11\/ad-1-7.jpg","width":1280,"height":720,"caption":"Reaproveitar potes de vidro cria porta-temperos bonitos e sustent\u00e1veis - Cr\u00e9ditos: Reprodu\u00e7\u00e3o \/ Gemini"},{"@type":"BreadcrumbList","@id":"https:\/\/www.em.com.br\/emfoco\/2025\/11\/10\/transforme-potes-de-vidro-em-porta-temperos-lindos-e-organizados\/#breadcrumb","itemListElement":[{"@type":"ListItem","position":1,"name":"In\u00edcio","item":"https:\/\/www.em.com.br\/emfoco\/"},{"@type":"ListItem","position":2,"name":"Transforme potes de vidro em porta-temperos lindos e organizados"}]},{"@type":"WebSite","@id":"https:\/\/www.em.com.br\/emfoco\/#website","url":"https:\/\/www.em.com.br\/emfoco\/","name":"Estado de Minas - Em foco","description":"Acompanhe as \u00faltimas not\u00edcias e fique bem informado sobre tudo o que acontece em Minas Gerais, Brasil e no mundo.","potentialAction":[{"@type":"SearchAction","target":{"@type":"EntryPoint","urlTemplate":"https:\/\/www.em.com.br\/emfoco\/?s={search_term_string}"},"query-input":{"@type":"PropertyValueSpecification","valueRequired":true,"valueName":"search_term_string"}}],"inLanguage":"pt-BR"},{"@type":"Person","@id":"https:\/\/www.em.com.br\/emfoco\/#\/schema\/person\/1c9ddeab18b98abeffef834667bcf08a","name":"Gabriel Martins","image":{"@type":"ImageObject","inLanguage":"pt-BR","@id":"https:\/\/www.em.com.br\/emfoco\/#\/schema\/person\/image\/","url":"https:\/\/secure.gravatar.com\/avatar\/f0f1e2efdfd88f1ad2cb08c5c2731e50?s=96&d=mm&r=g","contentUrl":"https:\/\/secure.gravatar.com\/avatar\/f0f1e2efdfd88f1ad2cb08c5c2731e50?s=96&d=mm&r=g","caption":"Gabriel Martins"},"sameAs":["https:\/\/www.em.com.br\/emfoco\/"],"url":"https:\/\/www.em.com.br\/emfoco\/author\/gabrielmartinsmyth\/"}]}},"_links":{"self":[{"href":"https:\/\/www.em.com.br\/emfoco\/wp-json\/wp\/v2\/posts\/124882","targetHints":{"allow":["GET"]}}],"collection":[{"href":"https:\/\/www.em.com.br\/emfoco\/wp-json\/wp\/v2\/posts"}],"about":[{"href":"https:\/\/www.em.com.br\/emfoco\/wp-json\/wp\/v2\/types\/post"}],"author":[{"embeddable":true,"href":"https:\/\/www.em.com.br\/emfoco\/wp-json\/wp\/v2\/users\/13"}],"replies":[{"embeddable":true,"href":"https:\/\/www.em.com.br\/emfoco\/wp-json\/wp\/v2\/comments?post=124882"}],"version-history":[{"count":1,"href":"https:\/\/www.em.com.br\/emfoco\/wp-json\/wp\/v2\/posts\/124882\/revisions"}],"predecessor-version":[{"id":124933,"href":"https:\/\/www.em.com.br\/emfoco\/wp-json\/wp\/v2\/posts\/124882\/revisions\/124933"}],"wp:featuredmedia":[{"embeddable":true,"href":"https:\/\/www.em.com.br\/emfoco\/wp-json\/wp\/v2\/media\/124930"}],"wp:attachment":[{"href":"https:\/\/www.em.com.br\/emfoco\/wp-json\/wp\/v2\/media?parent=124882"}],"wp:term":[{"taxonomy":"category","embeddable":true,"href":"https:\/\/www.em.com.br\/emfoco\/wp-json\/wp\/v2\/categories?post=124882"},{"taxonomy":"post_tag","embeddable":true,"href":"https:\/\/www.em.com.br\/emfoco\/wp-json\/wp\/v2\/tags?post=124882"}],"curies":[{"name":"wp","href":"https:\/\/api.w.org\/{rel}","templated":true}]}}