{"id":124780,"date":"2025-11-08T21:55:00","date_gmt":"2025-11-09T00:55:00","guid":{"rendered":"https:\/\/www.em.com.br\/emfoco\/?p=124780"},"modified":"2025-11-07T14:34:11","modified_gmt":"2025-11-07T17:34:11","slug":"cadastro-unico-informa-sobre-a-data-de-pagamento-dos-auxilios","status":"publish","type":"post","link":"https:\/\/www.em.com.br\/emfoco\/2025\/11\/08\/cadastro-unico-informa-sobre-a-data-de-pagamento-dos-auxilios\/","title":{"rendered":"Cadastro \u00danico informa sobre a data de pagamento dos aux\u00edlios"},"content":{"rendered":"\n<p>Em um cen\u00e1rio socioecon\u00f4mico de desafios e busca por seguran\u00e7a social, o <strong>N\u00famero de Identifica\u00e7\u00e3o Social<\/strong> (NIS) se destaca como uma chave de acesso a benef\u00edcios governamentais. Vinculado ao <strong>Cadastro \u00danico para Programas Sociais<\/strong> (Cad\u00danico), o <strong>NIS <\/strong>\u00e9 fundamental para a inclus\u00e3o de fam\u00edlias brasileiras em pol\u00edticas p\u00fablicas que visam promover cidadania e amenizar desigualdades.<\/p>\n\n\n\n<h2 class=\"wp-block-heading\">Quais benef\u00edcios do NIS?<\/h2>\n\n\n<div class=\"wp-block-image\">\n<figure class=\"aligncenter size-large\"><img loading=\"lazy\" decoding=\"async\" width=\"1024\" height=\"576\" src=\"https:\/\/www.em.com.br\/emfoco\/wp-content\/uploads\/2025\/06\/dinheiro-reais_1748976565269-1024x576.jpg\" alt=\"pagamento dinheiro\" class=\"wp-image-55004\" srcset=\"https:\/\/www.em.com.br\/emfoco\/wp-content\/uploads\/2025\/06\/dinheiro-reais_1748976565269-1024x576.jpg 1024w, https:\/\/www.em.com.br\/emfoco\/wp-content\/uploads\/2025\/06\/dinheiro-reais_1748976565269-300x169.jpg 300w, https:\/\/www.em.com.br\/emfoco\/wp-content\/uploads\/2025\/06\/dinheiro-reais_1748976565269-768x432.jpg 768w, https:\/\/www.em.com.br\/emfoco\/wp-content\/uploads\/2025\/06\/dinheiro-reais_1748976565269-750x422.jpg 750w, https:\/\/www.em.com.br\/emfoco\/wp-content\/uploads\/2025\/06\/dinheiro-reais_1748976565269-1140x641.jpg 1140w, https:\/\/www.em.com.br\/emfoco\/wp-content\/uploads\/2025\/06\/dinheiro-reais_1748976565269.jpg 1280w\" sizes=\"auto, (max-width: 1024px) 100vw, 1024px\" \/><figcaption class=\"wp-element-caption\">Cadastro \u00danico informa datas de pagamento para organiza\u00e7\u00e3o dos aux\u00edlios sociais &#8211; Cr\u00e9ditos: depositphotos.com \/ verganifotografia<\/figcaption><\/figure><\/div>\n\n\n<p>O <strong>NIS <\/strong>permite que fam\u00edlias acessem programas sociais em \u00e1reas como <strong>educa\u00e7\u00e3o, sa\u00fade, alimenta\u00e7\u00e3o e assist\u00eancia financeira<\/strong>. O principal deles \u00e9 o <strong>Aux\u00edlio Brasil<\/strong>, que substituiu o <strong>Bolsa Fam\u00edlia<\/strong>, destinado a garantir renda para fam\u00edlias em situa\u00e7\u00e3o de vulnerabilidade.<\/p>\n\n\n\n<p>Al\u00e9m do <strong>Aux\u00edlio Brasil<\/strong>, o <strong>NIS <\/strong>possibilita o recebimento do <strong>Benef\u00edcio de Presta\u00e7\u00e3o Continuada<\/strong> (BPC) para idosos e pessoas com defici\u00eancia. H\u00e1 outros benef\u00edcios menos divulgados, e conhec\u00ea-los pode ampliar as formas de apoio recebidas.<\/p>\n\n\n\n<h2 class=\"wp-block-heading\">Existem benef\u00edcios pouco conhecidos?<\/h2>\n\n\n\n<p>Muitas fam\u00edlias n\u00e3o sabem que o <strong>NIS <\/strong>oferece acesso a diferentes programas, al\u00e9m dos mais populares. Para ampliar as oportunidades, vale conhecer op\u00e7\u00f5es que podem contribuir diretamente para o or\u00e7amento dom\u00e9stico e para a forma\u00e7\u00e3o profissional.<\/p>\n\n\n\n<p>Confira alguns benef\u00edcios adicionais dispon\u00edveis:<\/p>\n\n\n\n<ul class=\"wp-block-list\">\n<li><strong>Tarifa Social de Energia El\u00e9trica<\/strong>, garantindo descontos na conta de luz<\/li>\n\n\n\n<li><strong>Pronatec<\/strong>, com cursos de qualifica\u00e7\u00e3o profissional gratuitos<\/li>\n\n\n\n<li>Acesso facilitado \u00e0 <strong>Carteira do Idoso<\/strong> para pessoas acima de 60 anos<\/li>\n\n\n\n<li>Programas municipais de distribui\u00e7\u00e3o de alimentos e cestas b\u00e1sicas<\/li>\n\n\n\n<li>Isen\u00e7\u00e3o de taxas em concursos p\u00fablicos federais para inscritos no <strong>Cad\u00danico<\/strong><\/li>\n<\/ul>\n\n\n\n<p>Leia mais: <a href=\"https:\/\/www.em.com.br\/emfoco\/2025\/09\/26\/sua-familia-precisa-saber-a-importancia-de-atualizar-o-cadunico\/\" target=\"_blank\" rel=\"noreferrer noopener\">Sua fam\u00edlia precisa saber a import\u00e2ncia de atualizar o Cad\u00danico<\/a><\/p>\n\n\n\n<h2 class=\"wp-block-heading\">Como consultar benef\u00edcios pelo NIS?<\/h2>\n\n\n<div class=\"wp-block-image\">\n<figure class=\"aligncenter size-large\"><img loading=\"lazy\" decoding=\"async\" width=\"1024\" height=\"576\" src=\"https:\/\/www.em.com.br\/emfoco\/wp-content\/uploads\/2025\/10\/notebook_1761126255550-1024x576.jpg\" alt=\"Cadastro \u00danico informa sobre a data de pagamento dos aux\u00edlios\" class=\"wp-image-121577\" srcset=\"https:\/\/www.em.com.br\/emfoco\/wp-content\/uploads\/2025\/10\/notebook_1761126255550-1024x576.jpg 1024w, https:\/\/www.em.com.br\/emfoco\/wp-content\/uploads\/2025\/10\/notebook_1761126255550-300x169.jpg 300w, https:\/\/www.em.com.br\/emfoco\/wp-content\/uploads\/2025\/10\/notebook_1761126255550-768x432.jpg 768w, https:\/\/www.em.com.br\/emfoco\/wp-content\/uploads\/2025\/10\/notebook_1761126255550-750x422.jpg 750w, https:\/\/www.em.com.br\/emfoco\/wp-content\/uploads\/2025\/10\/notebook_1761126255550-1140x641.jpg 1140w, https:\/\/www.em.com.br\/emfoco\/wp-content\/uploads\/2025\/10\/notebook_1761126255550.jpg 1280w\" sizes=\"auto, (max-width: 1024px) 100vw, 1024px\" \/><figcaption class=\"wp-element-caption\">Cadastro \u00danico informa datas de pagamento para organiza\u00e7\u00e3o dos aux\u00edlios sociais &#8211; Cr\u00e9ditos: depositphotos.com \/ IgorVetushko<\/figcaption><\/figure><\/div>\n\n\n<p>Verificar o direito a benef\u00edcios exige cadastro atualizado no <strong>Cad\u00danico<\/strong>, feito nos <strong>Centros de Refer\u00eancia da Assist\u00eancia Social<\/strong> (CRAS). Manter os dados da fam\u00edlia corretos \u00e9 fundamental, pois muitas vezes a elegibilidade depende de informa\u00e7\u00f5es recentes.<\/p>\n\n\n\n<p>As consultas aos benef\u00edcios podem ser feitas pelo aplicativo <strong>Meu Cad\u00danico<\/strong> e no <a href=\"https:\/\/www.caixa.gov.br\/\" target=\"_blank\" rel=\"noreferrer noopener\">site da <strong>Caixa Econ\u00f4mica Federal<\/strong><\/a>. Usar as ferramentas digitais facilita o acompanhamento de novos programas e oferece orienta\u00e7\u00f5es para atualiza\u00e7\u00e3o cadastral.<\/p>\n\n\n\n<p>Leia mais: <a href=\"https:\/\/www.em.com.br\/emfoco\/2025\/11\/05\/aprenda-a-atualizar-o-cadunico-no-cras-e-nao-perca-seus-beneficios-sociais\/\" target=\"_blank\" rel=\"noreferrer noopener\">Aprenda a atualizar o Cad\u00danico no CRAS e n\u00e3o perca seus benef\u00edcios sociais<\/a><\/p>\n\n\n\n<h2 class=\"wp-block-heading\">Por que o acesso ao NIS ainda \u00e9 limitado?<\/h2>\n\n\n\n<p>Apesar da variedade de programas, muitos ainda n\u00e3o aproveitam seus direitos por falta de informa\u00e7\u00e3o, burocracia ou aus\u00eancia de documentos. Isso limita o alcance das pol\u00edticas p\u00fablicas e perpetua situa\u00e7\u00f5es de vulnerabilidade.<\/p>\n\n\n\n<p>\u00c9 essencial investir em educa\u00e7\u00e3o sobre cidadania e simplifica\u00e7\u00e3o de processos para expandir o acesso. Melhorar a comunica\u00e7\u00e3o e o apoio nos <strong>CRAS <\/strong>pode ser decisivo para que mais fam\u00edlias utilizem plenamente os recursos que possuem por direito.<\/p>\n","protected":false},"excerpt":{"rendered":"<p>Em um cen\u00e1rio socioecon\u00f4mico de desafios e busca por seguran\u00e7a social, o N\u00famero de Identifica\u00e7\u00e3o Social (NIS) se destaca como uma chave de acesso a benef\u00edcios governamentais. Vinculado ao Cadastro \u00danico para Programas Sociais (Cad\u00danico), o NIS \u00e9 fundamental para a inclus\u00e3o de fam\u00edlias brasileiras em pol\u00edticas p\u00fablicas que visam promover cidadania e amenizar desigualdades. [&hellip;]<\/p>\n","protected":false},"author":20,"featured_media":55001,"comment_status":"open","ping_status":"open","sticky":false,"template":"","format":"standard","meta":{"jnews-multi-image_gallery":[],"jnews_single_post":{"format":"standard"},"jnews_primary_category":[],"jnews_social_meta":[],"jnews_override_counter":[],"footnotes":""},"categories":[28,1],"tags":[656,345],"class_list":["post-124780","post","type-post","status-publish","format-standard","has-post-thumbnail","hentry","category-economia","category-noticias","tag-cadastro-unico","tag-nis"],"yoast_head":"<!-- This site is optimized with the Yoast SEO plugin v23.8 - https:\/\/yoast.com\/wordpress\/plugins\/seo\/ -->\n<title>Cadastro \u00danico informa sobre a data de pagamento dos aux\u00edlios - Estado de Minas - Em foco<\/title>\n<meta name=\"description\" content=\"O Cad\u00danico divulga as datas de pagamento dos aux\u00edlios sociais, garantindo que benefici\u00e1rios se organizem e recebam seus valores sem atraso.\" \/>\n<meta name=\"robots\" content=\"index, follow, max-snippet:-1, max-image-preview:large, max-video-preview:-1\" \/>\n<link rel=\"canonical\" href=\"https:\/\/www.em.com.br\/emfoco\/2025\/11\/08\/cadastro-unico-informa-sobre-a-data-de-pagamento-dos-auxilios\/\" \/>\n<meta property=\"og:locale\" content=\"pt_BR\" \/>\n<meta property=\"og:type\" content=\"article\" \/>\n<meta property=\"og:title\" content=\"Cadastro \u00danico informa sobre a data de pagamento dos aux\u00edlios - Estado de Minas - Em foco\" \/>\n<meta property=\"og:description\" content=\"O Cad\u00danico divulga as datas de pagamento dos aux\u00edlios sociais, garantindo que benefici\u00e1rios se organizem e recebam seus valores sem atraso.\" \/>\n<meta property=\"og:url\" content=\"https:\/\/www.em.com.br\/emfoco\/2025\/11\/08\/cadastro-unico-informa-sobre-a-data-de-pagamento-dos-auxilios\/\" \/>\n<meta property=\"og:site_name\" content=\"Estado de Minas - Em foco\" \/>\n<meta property=\"article:published_time\" content=\"2025-11-09T00:55:00+00:00\" \/>\n<meta property=\"article:modified_time\" content=\"2025-11-07T17:34:11+00:00\" \/>\n<meta property=\"og:image\" content=\"https:\/\/www.em.com.br\/emfoco\/wp-content\/uploads\/2025\/06\/dinheiro-re_1748976514366.jpg\" \/>\n\t<meta property=\"og:image:width\" content=\"1280\" \/>\n\t<meta property=\"og:image:height\" content=\"720\" \/>\n\t<meta property=\"og:image:type\" content=\"image\/jpeg\" \/>\n<meta name=\"author\" content=\"Ingrid Diniz\" \/>\n<meta name=\"twitter:card\" content=\"summary_large_image\" \/>\n<meta name=\"twitter:label1\" content=\"Escrito por\" \/>\n\t<meta name=\"twitter:data1\" content=\"Ingrid Diniz\" \/>\n\t<meta name=\"twitter:label2\" content=\"Est. tempo de leitura\" \/>\n\t<meta name=\"twitter:data2\" content=\"4 minutos\" \/>\n<!-- \/ Yoast SEO plugin. -->","yoast_head_json":{"title":"Cadastro \u00danico informa sobre a data de pagamento dos aux\u00edlios - Estado de Minas - Em foco","description":"O Cad\u00danico divulga as datas de pagamento dos aux\u00edlios sociais, garantindo que benefici\u00e1rios se organizem e recebam seus valores sem atraso.","robots":{"index":"index","follow":"follow","max-snippet":"max-snippet:-1","max-image-preview":"max-image-preview:large","max-video-preview":"max-video-preview:-1"},"canonical":"https:\/\/www.em.com.br\/emfoco\/2025\/11\/08\/cadastro-unico-informa-sobre-a-data-de-pagamento-dos-auxilios\/","og_locale":"pt_BR","og_type":"article","og_title":"Cadastro \u00danico informa sobre a data de pagamento dos aux\u00edlios - Estado de Minas - Em foco","og_description":"O Cad\u00danico divulga as datas de pagamento dos aux\u00edlios sociais, garantindo que benefici\u00e1rios se organizem e recebam seus valores sem atraso.","og_url":"https:\/\/www.em.com.br\/emfoco\/2025\/11\/08\/cadastro-unico-informa-sobre-a-data-de-pagamento-dos-auxilios\/","og_site_name":"Estado de Minas - Em foco","article_published_time":"2025-11-09T00:55:00+00:00","article_modified_time":"2025-11-07T17:34:11+00:00","og_image":[{"width":1280,"height":720,"url":"https:\/\/www.em.com.br\/emfoco\/wp-content\/uploads\/2025\/06\/dinheiro-re_1748976514366.jpg","type":"image\/jpeg"}],"author":"Ingrid Diniz","twitter_card":"summary_large_image","twitter_misc":{"Escrito por":"Ingrid Diniz","Est. tempo de leitura":"4 minutos"},"schema":{"@context":"https:\/\/schema.org","@graph":[{"@type":"WebPage","@id":"https:\/\/www.em.com.br\/emfoco\/2025\/11\/08\/cadastro-unico-informa-sobre-a-data-de-pagamento-dos-auxilios\/","url":"https:\/\/www.em.com.br\/emfoco\/2025\/11\/08\/cadastro-unico-informa-sobre-a-data-de-pagamento-dos-auxilios\/","name":"Cadastro \u00danico informa sobre a data de pagamento dos aux\u00edlios - Estado de Minas - Em foco","isPartOf":{"@id":"https:\/\/www.em.com.br\/emfoco\/#website"},"primaryImageOfPage":{"@id":"https:\/\/www.em.com.br\/emfoco\/2025\/11\/08\/cadastro-unico-informa-sobre-a-data-de-pagamento-dos-auxilios\/#primaryimage"},"image":{"@id":"https:\/\/www.em.com.br\/emfoco\/2025\/11\/08\/cadastro-unico-informa-sobre-a-data-de-pagamento-dos-auxilios\/#primaryimage"},"thumbnailUrl":"https:\/\/www.em.com.br\/emfoco\/wp-content\/uploads\/2025\/06\/dinheiro-re_1748976514366.jpg","datePublished":"2025-11-09T00:55:00+00:00","dateModified":"2025-11-07T17:34:11+00:00","author":{"@id":"https:\/\/www.em.com.br\/emfoco\/#\/schema\/person\/649e610b4eb8fff87ff394e54fe17b2b"},"description":"O Cad\u00danico divulga as datas de pagamento dos aux\u00edlios sociais, garantindo que benefici\u00e1rios se organizem e recebam seus valores sem atraso.","breadcrumb":{"@id":"https:\/\/www.em.com.br\/emfoco\/2025\/11\/08\/cadastro-unico-informa-sobre-a-data-de-pagamento-dos-auxilios\/#breadcrumb"},"inLanguage":"pt-BR","potentialAction":[{"@type":"ReadAction","target":["https:\/\/www.em.com.br\/emfoco\/2025\/11\/08\/cadastro-unico-informa-sobre-a-data-de-pagamento-dos-auxilios\/"]}]},{"@type":"ImageObject","inLanguage":"pt-BR","@id":"https:\/\/www.em.com.br\/emfoco\/2025\/11\/08\/cadastro-unico-informa-sobre-a-data-de-pagamento-dos-auxilios\/#primaryimage","url":"https:\/\/www.em.com.br\/emfoco\/wp-content\/uploads\/2025\/06\/dinheiro-re_1748976514366.jpg","contentUrl":"https:\/\/www.em.com.br\/emfoco\/wp-content\/uploads\/2025\/06\/dinheiro-re_1748976514366.jpg","width":1280,"height":720,"caption":"Direito ao 13\u00ba sal\u00e1rio e como calcular o valor - Cr\u00e9ditos: depositphotos.com \/ vectorlab"},{"@type":"BreadcrumbList","@id":"https:\/\/www.em.com.br\/emfoco\/2025\/11\/08\/cadastro-unico-informa-sobre-a-data-de-pagamento-dos-auxilios\/#breadcrumb","itemListElement":[{"@type":"ListItem","position":1,"name":"In\u00edcio","item":"https:\/\/www.em.com.br\/emfoco\/"},{"@type":"ListItem","position":2,"name":"Cadastro \u00danico informa sobre a data de pagamento dos aux\u00edlios"}]},{"@type":"WebSite","@id":"https:\/\/www.em.com.br\/emfoco\/#website","url":"https:\/\/www.em.com.br\/emfoco\/","name":"Estado de Minas - Em foco","description":"Acompanhe as \u00faltimas not\u00edcias e fique bem informado sobre tudo o que acontece em Minas Gerais, Brasil e no mundo.","potentialAction":[{"@type":"SearchAction","target":{"@type":"EntryPoint","urlTemplate":"https:\/\/www.em.com.br\/emfoco\/?s={search_term_string}"},"query-input":{"@type":"PropertyValueSpecification","valueRequired":true,"valueName":"search_term_string"}}],"inLanguage":"pt-BR"},{"@type":"Person","@id":"https:\/\/www.em.com.br\/emfoco\/#\/schema\/person\/649e610b4eb8fff87ff394e54fe17b2b","name":"Ingrid Diniz","image":{"@type":"ImageObject","inLanguage":"pt-BR","@id":"https:\/\/www.em.com.br\/emfoco\/#\/schema\/person\/image\/","url":"https:\/\/secure.gravatar.com\/avatar\/a3baa1449ec5c39b4c42babc9d4f3951?s=96&d=mm&r=g","contentUrl":"https:\/\/secure.gravatar.com\/avatar\/a3baa1449ec5c39b4c42babc9d4f3951?s=96&d=mm&r=g","caption":"Ingrid Diniz"},"sameAs":["https:\/\/www.em.com.br\/"],"url":"https:\/\/www.em.com.br\/emfoco\/author\/ingridmyth\/"}]}},"_links":{"self":[{"href":"https:\/\/www.em.com.br\/emfoco\/wp-json\/wp\/v2\/posts\/124780","targetHints":{"allow":["GET"]}}],"collection":[{"href":"https:\/\/www.em.com.br\/emfoco\/wp-json\/wp\/v2\/posts"}],"about":[{"href":"https:\/\/www.em.com.br\/emfoco\/wp-json\/wp\/v2\/types\/post"}],"author":[{"embeddable":true,"href":"https:\/\/www.em.com.br\/emfoco\/wp-json\/wp\/v2\/users\/20"}],"replies":[{"embeddable":true,"href":"https:\/\/www.em.com.br\/emfoco\/wp-json\/wp\/v2\/comments?post=124780"}],"version-history":[{"count":1,"href":"https:\/\/www.em.com.br\/emfoco\/wp-json\/wp\/v2\/posts\/124780\/revisions"}],"predecessor-version":[{"id":124884,"href":"https:\/\/www.em.com.br\/emfoco\/wp-json\/wp\/v2\/posts\/124780\/revisions\/124884"}],"wp:featuredmedia":[{"embeddable":true,"href":"https:\/\/www.em.com.br\/emfoco\/wp-json\/wp\/v2\/media\/55001"}],"wp:attachment":[{"href":"https:\/\/www.em.com.br\/emfoco\/wp-json\/wp\/v2\/media?parent=124780"}],"wp:term":[{"taxonomy":"category","embeddable":true,"href":"https:\/\/www.em.com.br\/emfoco\/wp-json\/wp\/v2\/categories?post=124780"},{"taxonomy":"post_tag","embeddable":true,"href":"https:\/\/www.em.com.br\/emfoco\/wp-json\/wp\/v2\/tags?post=124780"}],"curies":[{"name":"wp","href":"https:\/\/api.w.org\/{rel}","templated":true}]}}