{"id":12466,"date":"2025-01-29T21:20:00","date_gmt":"2025-01-30T00:20:00","guid":{"rendered":"https:\/\/www.em.com.br\/emfoco\/?p=12466"},"modified":"2025-01-27T18:39:15","modified_gmt":"2025-01-27T21:39:15","slug":"paraiso-escondido-que-esta-prestes-a-explodir-no-turismo-brasileiro","status":"publish","type":"post","link":"https:\/\/www.em.com.br\/emfoco\/2025\/01\/29\/paraiso-escondido-que-esta-prestes-a-explodir-no-turismo-brasileiro\/","title":{"rendered":"Para\u00edso Escondido que Est\u00e1 Prestes a Explodir no Turismo Brasileiro!"},"content":{"rendered":"\n<p>Maric\u00e1, situada no estado do <strong><a href=\"https:\/\/www.em.com.br\/emfoco\/2025\/01\/08\/rio-de-janeiro-supera-nova-york-entre-os-destinos-turisticos-globais\/\" target=\"_blank\" rel=\"noreferrer noopener\">Rio de Janeiro<\/a><\/strong>, \u00e9 um destino popular para aqueles que desejam um ref\u00fagio em meio \u00e0 natureza e praias encantadoras. Localizada aproximadamente a 60 km da cidade do Rio de Janeiro, essa cidade combina belezas naturais com um ritmo de vida mais calmo, sendo ideal para passeios tranquilos e escapadas de fim de semana.<\/p>\n\n\n\n<p>Com uma variedade de atra\u00e7\u00f5es que incluem praias, lagoas e montanhas, Maric\u00e1 atrai turistas e moradores que buscam relaxar longe do agito das metr\u00f3poles. A cidade proporciona uma experi\u00eancia \u00fanica para quem aprecia a natureza e a simplicidade de uma cidade litor\u00e2nea.<\/p>\n\n\n\n<h2 class=\"wp-block-heading\">O Que Maric\u00e1 Tem a Oferecer?<\/h2>\n\n\n\n<p>Maric\u00e1 tem uma rica oferta de atrativos para seus visitantes, desde suas praias a \u00e1reas de prote\u00e7\u00e3o ambiental. O munic\u00edpio \u00e9 privilegiado com uma extensa faixa litor\u00e2nea que se estende por mais de 40 km, complementada por paisagens montanhosas e lagoas de \u00e1guas calmas.<\/p>\n\n\n\n<p>As praias de Maric\u00e1 s\u00e3o um dos principais motivos para visitar a cidade. Com op\u00e7\u00f5es variadas, cada uma oferece algo \u00fanico, seja para relaxar ou para a pr\u00e1tica de esportes aqu\u00e1ticos. Al\u00e9m disso, o ecoturismo \u00e9 um ponto forte, com trilhas que revelam vistas magn\u00edficas e uma biodiversidade rica.<\/p>\n\n\n\n<figure class=\"wp-block-image size-large\"><img loading=\"lazy\" decoding=\"async\" width=\"1024\" height=\"576\" src=\"https:\/\/www.em.com.br\/emfoco\/wp-content\/uploads\/2025\/01\/Marica_1737490562084-1024x576.jpg\" alt=\"Para\u00edso Escondido que Est\u00e1 Prestes a Explodir no Turismo Brasileiro!\" class=\"wp-image-12468\" srcset=\"https:\/\/www.em.com.br\/emfoco\/wp-content\/uploads\/2025\/01\/Marica_1737490562084-1024x576.jpg 1024w, https:\/\/www.em.com.br\/emfoco\/wp-content\/uploads\/2025\/01\/Marica_1737490562084-300x169.jpg 300w, https:\/\/www.em.com.br\/emfoco\/wp-content\/uploads\/2025\/01\/Marica_1737490562084-768x432.jpg 768w, https:\/\/www.em.com.br\/emfoco\/wp-content\/uploads\/2025\/01\/Marica_1737490562084-750x422.jpg 750w, https:\/\/www.em.com.br\/emfoco\/wp-content\/uploads\/2025\/01\/Marica_1737490562084-1140x641.jpg 1140w, https:\/\/www.em.com.br\/emfoco\/wp-content\/uploads\/2025\/01\/Marica_1737490562084.jpg 1280w\" sizes=\"auto, (max-width: 1024px) 100vw, 1024px\" \/><figcaption class=\"wp-element-caption\">Maric\u00e1 &#8211; Cr\u00e9ditos: depositphotos.com \/ Ranimiro<\/figcaption><\/figure>\n\n\n\n<h2 class=\"wp-block-heading\">Quais s\u00e3o as Principais Atra\u00e7\u00f5es de Maric\u00e1?<\/h2>\n\n\n\n<p>Entre as principais atra\u00e7\u00f5es de Maric\u00e1, destacam-se as praias, as lagoas e as \u00e1reas de preserva\u00e7\u00e3o ambiental. A seguir, algumas das mais conhecidas:<\/p>\n\n\n\n<ul class=\"wp-block-list\">\n<li><strong>Praia de Itaipua\u00e7u<\/strong>: Conhecida por suas vis\u00f5es extraordin\u00e1rias do Morro das Andorinhas e do <strong><a href=\"https:\/\/bondinho.com.br\/\" target=\"_blank\" rel=\"noreferrer noopener\">P\u00e3o de A\u00e7\u00facar<\/a><\/strong>, \u00e9 uma escolha popular entre os visitantes.<\/li>\n\n\n\n<li><strong>Praia de Jacon\u00e9<\/strong>: Preferida pelos surfistas devido \u00e0s suas ondas fortes, proporciona um ambiente r\u00fastico e aut\u00eantico.<\/li>\n\n\n\n<li><strong>Lagoa de Ara\u00e7atiba<\/strong>: Ideal para esportes aqu\u00e1ticos, como caiaque e stand-up paddle, em um ambiente tranquilo e cristalino.<\/li>\n\n\n\n<li><strong>Parque Estadual da Serra da Tiririca<\/strong>: Abriga trilhas memor\u00e1veis como a do Cost\u00e3o de Itaipua\u00e7u, com vistas deslumbrantes para os aventureiros.<\/li>\n<\/ul>\n\n\n\n<h2 class=\"wp-block-heading\">Como Apreciar a Cultura e Gastronomia de Maric\u00e1?<\/h2>\n\n\n\n<p>A cidade de Maric\u00e1 tamb\u00e9m se destaca por sua rica oferta cultural e gastron\u00f4mica. Com uma forte \u00eanfase na preserva\u00e7\u00e3o cultural, a cidade realiza diversas festas e eventos que ajudam a manter vivas as tradi\u00e7\u00f5es locais. A gastronomia, especialmente, \u00e9 um chamariz, com pratos que priorizam frutos-do-mar e ingredientes frescos da regi\u00e3o.<\/p>\n\n\n\n<p>Destacam-se aqui as festividades tradicionais, como a Festa de Nossa Senhora do Amparo, e a culin\u00e1ria local que encanta com del\u00edcias como a moqueca de peixe, servida em muitos dos restaurantes \u00e0 beira-mar.<\/p>\n\n\n\n<h2 class=\"wp-block-heading\">Por Que Maric\u00e1 \u00e9 um Destino Especial?<\/h2>\n\n\n\n<p>Maric\u00e1 se diferencia como um destino tur\u00edstico que oferece algo para todos os gostos. Seja passando um dia relaxando na praia, explorando as trilhas cheias de vistas panor\u00e2micas ou desfrutando de esportes aqu\u00e1ticos nas lagoas, h\u00e1 sempre algo a se descobrir.<\/p>\n\n\n\n<p>Para aqueles que buscam um equil\u00edbrio entre natureza e tranquilidade, Maric\u00e1 \u00e9 uma escolha ideal. Sua proximidade com a capital fluminense ainda facilita a ida e volta, tornando-se uma op\u00e7\u00e3o pr\u00e1tica para um fim de semana relaxante e revigorante. Essa conex\u00e3o com a natureza e o modo de vida sereno \u00e9 o que faz de Maric\u00e1 um local especial, que espera por todos de bra\u00e7os abertos.<\/p>\n","protected":false},"excerpt":{"rendered":"<p>Maric\u00e1, situada no estado do Rio de Janeiro, \u00e9 um destino popular para aqueles que desejam um ref\u00fagio em meio \u00e0 natureza e praias encantadoras. Localizada aproximadamente a 60 km da cidade do Rio de Janeiro, essa cidade combina belezas naturais com um ritmo de vida mais calmo, sendo ideal para passeios tranquilos e escapadas [&hellip;]<\/p>\n","protected":false},"author":5,"featured_media":10851,"comment_status":"open","ping_status":"open","sticky":false,"template":"","format":"standard","meta":{"jnews-multi-image_gallery":[],"jnews_single_post":{"format":"standard"},"jnews_primary_category":[],"jnews_social_meta":[],"jnews_override_counter":[],"footnotes":""},"categories":[26,1],"tags":[158,3920,2965,157],"class_list":["post-12466","post","type-post","status-publish","format-standard","has-post-thumbnail","hentry","category-cidades","category-noticias","tag-brasil","tag-marica","tag-paraiso","tag-turismo"],"yoast_head":"<!-- This site is optimized with the Yoast SEO plugin v23.8 - https:\/\/yoast.com\/wordpress\/plugins\/seo\/ -->\n<title>Para\u00edso Escondido que Est\u00e1 Prestes a Explodir no Turismo Brasileiro! - Estado de Minas - Em foco<\/title>\n<meta name=\"description\" content=\"Maric\u00e1 \u00e9 o lugar ideal para quem busca contato com a natureza e quer fugir do agito da cidade grande. Venha conhecer esse para\u00edso!\" \/>\n<meta name=\"robots\" content=\"index, follow, max-snippet:-1, max-image-preview:large, max-video-preview:-1\" \/>\n<link rel=\"canonical\" href=\"https:\/\/www.em.com.br\/emfoco\/2025\/01\/29\/paraiso-escondido-que-esta-prestes-a-explodir-no-turismo-brasileiro\/\" \/>\n<meta property=\"og:locale\" content=\"pt_BR\" \/>\n<meta property=\"og:type\" content=\"article\" \/>\n<meta property=\"og:title\" content=\"Para\u00edso Escondido que Est\u00e1 Prestes a Explodir no Turismo Brasileiro! - Estado de Minas - Em foco\" \/>\n<meta property=\"og:description\" content=\"Maric\u00e1 \u00e9 o lugar ideal para quem busca contato com a natureza e quer fugir do agito da cidade grande. Venha conhecer esse para\u00edso!\" \/>\n<meta property=\"og:url\" content=\"https:\/\/www.em.com.br\/emfoco\/2025\/01\/29\/paraiso-escondido-que-esta-prestes-a-explodir-no-turismo-brasileiro\/\" \/>\n<meta property=\"og:site_name\" content=\"Estado de Minas - Em foco\" \/>\n<meta property=\"article:published_time\" content=\"2025-01-30T00:20:00+00:00\" \/>\n<meta property=\"article:modified_time\" content=\"2025-01-27T21:39:15+00:00\" \/>\n<meta property=\"og:image\" content=\"https:\/\/www.em.com.br\/emfoco\/wp-content\/uploads\/2025\/01\/Marica_1736944892443.jpg\" \/>\n\t<meta property=\"og:image:width\" content=\"1280\" \/>\n\t<meta property=\"og:image:height\" content=\"720\" \/>\n\t<meta property=\"og:image:type\" content=\"image\/jpeg\" \/>\n<meta name=\"author\" content=\"N\u00fabia Rangel\" \/>\n<meta name=\"twitter:card\" content=\"summary_large_image\" \/>\n<meta name=\"twitter:label1\" content=\"Escrito por\" \/>\n\t<meta name=\"twitter:data1\" content=\"N\u00fabia Rangel\" \/>\n\t<meta name=\"twitter:label2\" content=\"Est. tempo de leitura\" \/>\n\t<meta name=\"twitter:data2\" content=\"4 minutos\" \/>\n<!-- \/ Yoast SEO plugin. -->","yoast_head_json":{"title":"Para\u00edso Escondido que Est\u00e1 Prestes a Explodir no Turismo Brasileiro! - Estado de Minas - Em foco","description":"Maric\u00e1 \u00e9 o lugar ideal para quem busca contato com a natureza e quer fugir do agito da cidade grande. Venha conhecer esse para\u00edso!","robots":{"index":"index","follow":"follow","max-snippet":"max-snippet:-1","max-image-preview":"max-image-preview:large","max-video-preview":"max-video-preview:-1"},"canonical":"https:\/\/www.em.com.br\/emfoco\/2025\/01\/29\/paraiso-escondido-que-esta-prestes-a-explodir-no-turismo-brasileiro\/","og_locale":"pt_BR","og_type":"article","og_title":"Para\u00edso Escondido que Est\u00e1 Prestes a Explodir no Turismo Brasileiro! - Estado de Minas - Em foco","og_description":"Maric\u00e1 \u00e9 o lugar ideal para quem busca contato com a natureza e quer fugir do agito da cidade grande. Venha conhecer esse para\u00edso!","og_url":"https:\/\/www.em.com.br\/emfoco\/2025\/01\/29\/paraiso-escondido-que-esta-prestes-a-explodir-no-turismo-brasileiro\/","og_site_name":"Estado de Minas - Em foco","article_published_time":"2025-01-30T00:20:00+00:00","article_modified_time":"2025-01-27T21:39:15+00:00","og_image":[{"width":1280,"height":720,"url":"https:\/\/www.em.com.br\/emfoco\/wp-content\/uploads\/2025\/01\/Marica_1736944892443.jpg","type":"image\/jpeg"}],"author":"N\u00fabia Rangel","twitter_card":"summary_large_image","twitter_misc":{"Escrito por":"N\u00fabia Rangel","Est. tempo de leitura":"4 minutos"},"schema":{"@context":"https:\/\/schema.org","@graph":[{"@type":"WebPage","@id":"https:\/\/www.em.com.br\/emfoco\/2025\/01\/29\/paraiso-escondido-que-esta-prestes-a-explodir-no-turismo-brasileiro\/","url":"https:\/\/www.em.com.br\/emfoco\/2025\/01\/29\/paraiso-escondido-que-esta-prestes-a-explodir-no-turismo-brasileiro\/","name":"Para\u00edso Escondido que Est\u00e1 Prestes a Explodir no Turismo Brasileiro! - Estado de Minas - Em foco","isPartOf":{"@id":"https:\/\/www.em.com.br\/emfoco\/#website"},"primaryImageOfPage":{"@id":"https:\/\/www.em.com.br\/emfoco\/2025\/01\/29\/paraiso-escondido-que-esta-prestes-a-explodir-no-turismo-brasileiro\/#primaryimage"},"image":{"@id":"https:\/\/www.em.com.br\/emfoco\/2025\/01\/29\/paraiso-escondido-que-esta-prestes-a-explodir-no-turismo-brasileiro\/#primaryimage"},"thumbnailUrl":"https:\/\/www.em.com.br\/emfoco\/wp-content\/uploads\/2025\/01\/Marica_1736944892443.jpg","datePublished":"2025-01-30T00:20:00+00:00","dateModified":"2025-01-27T21:39:15+00:00","author":{"@id":"https:\/\/www.em.com.br\/emfoco\/#\/schema\/person\/524437ef54f8a5d32591b143307f2e20"},"description":"Maric\u00e1 \u00e9 o lugar ideal para quem busca contato com a natureza e quer fugir do agito da cidade grande. Venha conhecer esse para\u00edso!","breadcrumb":{"@id":"https:\/\/www.em.com.br\/emfoco\/2025\/01\/29\/paraiso-escondido-que-esta-prestes-a-explodir-no-turismo-brasileiro\/#breadcrumb"},"inLanguage":"pt-BR","potentialAction":[{"@type":"ReadAction","target":["https:\/\/www.em.com.br\/emfoco\/2025\/01\/29\/paraiso-escondido-que-esta-prestes-a-explodir-no-turismo-brasileiro\/"]}]},{"@type":"ImageObject","inLanguage":"pt-BR","@id":"https:\/\/www.em.com.br\/emfoco\/2025\/01\/29\/paraiso-escondido-que-esta-prestes-a-explodir-no-turismo-brasileiro\/#primaryimage","url":"https:\/\/www.em.com.br\/emfoco\/wp-content\/uploads\/2025\/01\/Marica_1736944892443.jpg","contentUrl":"https:\/\/www.em.com.br\/emfoco\/wp-content\/uploads\/2025\/01\/Marica_1736944892443.jpg","width":1280,"height":720,"caption":"Maric\u00e1, Rio de Janeiro - Cr\u00e9ditos: depositphotos.com \/ Ranimiro"},{"@type":"BreadcrumbList","@id":"https:\/\/www.em.com.br\/emfoco\/2025\/01\/29\/paraiso-escondido-que-esta-prestes-a-explodir-no-turismo-brasileiro\/#breadcrumb","itemListElement":[{"@type":"ListItem","position":1,"name":"In\u00edcio","item":"https:\/\/www.em.com.br\/emfoco\/"},{"@type":"ListItem","position":2,"name":"Para\u00edso Escondido que Est\u00e1 Prestes a Explodir no Turismo Brasileiro!"}]},{"@type":"WebSite","@id":"https:\/\/www.em.com.br\/emfoco\/#website","url":"https:\/\/www.em.com.br\/emfoco\/","name":"Estado de Minas - Em foco","description":"Acompanhe as \u00faltimas not\u00edcias e fique bem informado sobre tudo o que acontece em Minas Gerais, Brasil e no mundo.","potentialAction":[{"@type":"SearchAction","target":{"@type":"EntryPoint","urlTemplate":"https:\/\/www.em.com.br\/emfoco\/?s={search_term_string}"},"query-input":{"@type":"PropertyValueSpecification","valueRequired":true,"valueName":"search_term_string"}}],"inLanguage":"pt-BR"},{"@type":"Person","@id":"https:\/\/www.em.com.br\/emfoco\/#\/schema\/person\/524437ef54f8a5d32591b143307f2e20","name":"N\u00fabia Rangel","image":{"@type":"ImageObject","inLanguage":"pt-BR","@id":"https:\/\/www.em.com.br\/emfoco\/#\/schema\/person\/image\/","url":"https:\/\/secure.gravatar.com\/avatar\/47cff2827a5ba23c37e8068c86817ea4?s=96&d=mm&r=g","contentUrl":"https:\/\/secure.gravatar.com\/avatar\/47cff2827a5ba23c37e8068c86817ea4?s=96&d=mm&r=g","caption":"N\u00fabia Rangel"},"sameAs":["https:\/\/www.em.com.br\/emfoco\/"],"url":"https:\/\/www.em.com.br\/emfoco\/author\/nubiamyth\/"}]}},"_links":{"self":[{"href":"https:\/\/www.em.com.br\/emfoco\/wp-json\/wp\/v2\/posts\/12466","targetHints":{"allow":["GET"]}}],"collection":[{"href":"https:\/\/www.em.com.br\/emfoco\/wp-json\/wp\/v2\/posts"}],"about":[{"href":"https:\/\/www.em.com.br\/emfoco\/wp-json\/wp\/v2\/types\/post"}],"author":[{"embeddable":true,"href":"https:\/\/www.em.com.br\/emfoco\/wp-json\/wp\/v2\/users\/5"}],"replies":[{"embeddable":true,"href":"https:\/\/www.em.com.br\/emfoco\/wp-json\/wp\/v2\/comments?post=12466"}],"version-history":[{"count":2,"href":"https:\/\/www.em.com.br\/emfoco\/wp-json\/wp\/v2\/posts\/12466\/revisions"}],"predecessor-version":[{"id":12469,"href":"https:\/\/www.em.com.br\/emfoco\/wp-json\/wp\/v2\/posts\/12466\/revisions\/12469"}],"wp:featuredmedia":[{"embeddable":true,"href":"https:\/\/www.em.com.br\/emfoco\/wp-json\/wp\/v2\/media\/10851"}],"wp:attachment":[{"href":"https:\/\/www.em.com.br\/emfoco\/wp-json\/wp\/v2\/media?parent=12466"}],"wp:term":[{"taxonomy":"category","embeddable":true,"href":"https:\/\/www.em.com.br\/emfoco\/wp-json\/wp\/v2\/categories?post=12466"},{"taxonomy":"post_tag","embeddable":true,"href":"https:\/\/www.em.com.br\/emfoco\/wp-json\/wp\/v2\/tags?post=12466"}],"curies":[{"name":"wp","href":"https:\/\/api.w.org\/{rel}","templated":true}]}}