{"id":124601,"date":"2025-11-10T18:05:00","date_gmt":"2025-11-10T21:05:00","guid":{"rendered":"https:\/\/www.em.com.br\/emfoco\/?p=124601"},"modified":"2025-11-07T01:04:01","modified_gmt":"2025-11-07T04:04:01","slug":"as-3-praias-brasileiras-mais-procuradas-para-aproveitar-o-reveillon-de-2025","status":"publish","type":"post","link":"https:\/\/www.em.com.br\/emfoco\/2025\/11\/10\/as-3-praias-brasileiras-mais-procuradas-para-aproveitar-o-reveillon-de-2025\/","title":{"rendered":"As 3 praias brasileiras mais procuradas para aproveitar o R\u00e9veillon de 2025"},"content":{"rendered":"\n<p>Os <strong>destinos praianos<\/strong> viraram pauta quente no final de ano e tr\u00eas lugares em espec\u00edfico est\u00e3o dominando a lista de desejos do brasileiro para passar R\u00e9veillon e a primeira semana de janeiro com mar transparente, experi\u00eancias marcantes e est\u00e9tica perfeita para fotos.<\/p>\n\n\n\n<h2 class=\"wp-block-heading\">Quais praias brasileiras est\u00e3o no topo das buscas para o final de ano?<\/h2>\n\n\n\n<p>Essas tr\u00eas cidades do Nordeste combinam visual de cart\u00e3o-postal, estrutura tur\u00edstica e clima de celebra\u00e7\u00e3o, criando o pacote ideal para quem quer virar o ano em cen\u00e1rios tropicais. Confira na lista abaixo quais s\u00e3o esses destinos que explodiram em 2025.<\/p>\n\n\n\n<ul class=\"wp-block-list\">\n<li><strong>Porto de Galinhas<\/strong> (PE) \u2014 \u00e1guas claras e piscinas naturais ic\u00f4nicas<\/li>\n\n\n\n<li><strong>Maragogi<\/strong> (AL) \u2014 Caribe nacional das gal\u00e9s com mar transl\u00facido<\/li>\n\n\n\n<li><strong>Jericoacoara<\/strong> (CE) \u2014 dunas, lagoas e p\u00f4r do sol lend\u00e1rio<\/li>\n<\/ul>\n\n\n\n<h2 class=\"wp-block-heading\">Por que Porto de Galinhas virou parada obrigat\u00f3ria do ver\u00e3o brasileiro?<\/h2>\n\n\n\n<p><a href=\"https:\/\/ipojuca.pe.gov.br\/visite-ipojuca\/porto-de-galinhas\/\" target=\"_blank\" rel=\"noreferrer noopener\"><strong>Porto de Galinhas<\/strong><\/a> oferece mar cristalino, piscinas naturais e uma sensa\u00e7\u00e3o de para\u00edso acess\u00edvel, mantendo o destino em alta todos os anos. A combina\u00e7\u00e3o de acesso f\u00e1cil, estrutura completa e oferta gastron\u00f4mica criou uma for\u00e7a de <strong>turismo de praia<\/strong> que n\u00e3o perde f\u00f4lego.<\/p>\n\n\n\n<p>Aqui o final de ano n\u00e3o depende s\u00f3 de beleza: existem passeios, hotelaria para v\u00e1rios perfis e um fluxo de demanda que aumenta conforme se aproxima o R\u00e9veillon, mostrando que o brasileiro quer praia com conforto, sem abrir m\u00e3o de experi\u00eancia sensorial e mar bel\u00edssimo.<\/p>\n\n\n\n<figure class=\"wp-block-embed is-type-video is-provider-youtube wp-block-embed-youtube wp-embed-aspect-16-9 wp-has-aspect-ratio\"><div class=\"wp-block-embed__wrapper\">\n<div class=\"jeg_video_container jeg_video_content\"><iframe loading=\"lazy\" title=\"\u30104K\u3011Porto de Galinhas from Above - BRAZIL 2020 | Cinematic Wolf Aerial\u2122 Drone Film\" width=\"500\" height=\"281\" src=\"https:\/\/www.youtube.com\/embed\/_u8DPjyW-14?feature=oembed\" frameborder=\"0\" allow=\"accelerometer; autoplay; clipboard-write; encrypted-media; gyroscope; picture-in-picture; web-share\" referrerpolicy=\"strict-origin-when-cross-origin\" allowfullscreen><\/iframe><\/div>\n<\/div><\/figure>\n\n\n\n<p><em>Leia mais: <strong><a href=\"https:\/\/www.em.com.br\/emfoco\/2025\/10\/26\/os-destinos-mais-amados-do-nordeste-para-curtir-o-ano-todo\/\" target=\"_blank\" rel=\"noreferrer noopener\">Os destinos mais amados do Nordeste para curtir o ano todo<\/a><\/strong><\/em><\/p>\n\n\n\n<h2 class=\"wp-block-heading\">Por que Maragogi vira uma obsess\u00e3o sempre que chega dezembro?<\/h2>\n\n\n\n<p>Maragogi se consolidou como o grande \u201cCaribe brasileiro\u201d, com mar transl\u00facido e passeios de catamar\u00e3 at\u00e9 as gal\u00e9s. Essa est\u00e9tica tropical somada ao mar verde cristalino cria fantasia visual de viagem internacional. Veja na lista abaixo o que sustenta esse desejo crescente.<\/p>\n\n\n\n<ul class=\"wp-block-list\">\n<li>Gal\u00e9s com piscinas naturais cinematogr\u00e1ficas<\/li>\n\n\n\n<li>Mar transl\u00facido com sensa\u00e7\u00e3o de \u00e1gua filtrada<\/li>\n\n\n\n<li>Passeios longos de barco com experi\u00eancia sensorial<\/li>\n<\/ul>\n\n\n\n<figure class=\"wp-block-embed is-type-video is-provider-youtube wp-block-embed-youtube wp-embed-aspect-16-9 wp-has-aspect-ratio\"><div class=\"wp-block-embed__wrapper\">\n<div class=\"jeg_video_container jeg_video_content\"><iframe loading=\"lazy\" title=\"\u30104K\u3011Maragogi from Above - BRAZIL 2020 | Cinematic Wolf Aerial\u2122 Drone Film\" width=\"500\" height=\"281\" src=\"https:\/\/www.youtube.com\/embed\/_rE_2U_lwAg?feature=oembed\" frameborder=\"0\" allow=\"accelerometer; autoplay; clipboard-write; encrypted-media; gyroscope; picture-in-picture; web-share\" referrerpolicy=\"strict-origin-when-cross-origin\" allowfullscreen><\/iframe><\/div>\n<\/div><\/figure>\n\n\n\n<h2 class=\"wp-block-heading\">Por que Jericoacoara se tornou o sonho de muita gente para o R\u00e9veillon?<\/h2>\n\n\n\n<p>Jeri domina hoje a imagem de liberdade, festa e natureza est\u00e9tica. A vila tem dunas, lagoas e o p\u00f4r do sol mais ic\u00f4nico do Nordeste, criando a atmosfera de celebra\u00e7\u00e3o e romance para jovens e casais que buscam <strong>experi\u00eancia visual<\/strong> e clima de festa na virada.<\/p>\n\n\n\n<p>A est\u00e9tica \u201cp\u00e9 na areia\u201d em meio \u00e0 vila, o vento constante, os bares animados e a energia de ver\u00e3o sem regras transformaram Jeri em uma lista emocional. Confira abaixo os elementos que selaram esse hype definitivo.<\/p>\n\n\n\n<ul class=\"wp-block-list\">\n<li>P\u00f4r do sol lend\u00e1rio com aplausos coletivos<\/li>\n\n\n\n<li>Passeios de buggy pelas dunas<\/li>\n\n\n\n<li>\u00c9poca de virada com clima de festa permanente<\/li>\n<\/ul>\n\n\n\n<figure class=\"wp-block-embed is-type-video is-provider-youtube wp-block-embed-youtube wp-embed-aspect-16-9 wp-has-aspect-ratio\"><div class=\"wp-block-embed__wrapper\">\n<div class=\"jeg_video_container jeg_video_content\"><iframe loading=\"lazy\" title=\"Jericoacoara - DRONE\" width=\"500\" height=\"281\" src=\"https:\/\/www.youtube.com\/embed\/yIWrgdSPnDw?start=84&#038;feature=oembed\" frameborder=\"0\" allow=\"accelerometer; autoplay; clipboard-write; encrypted-media; gyroscope; picture-in-picture; web-share\" referrerpolicy=\"strict-origin-when-cross-origin\" allowfullscreen><\/iframe><\/div>\n<\/div><\/figure>\n\n\n\n<h2 class=\"wp-block-heading\">Esses destinos mostram qual \u00e9 o novo comportamento do ver\u00e3o brasileiro?<\/h2>\n\n\n\n<p>O final de ano passou de viagem de descanso para viagem-mantra e esses lugares comprovam que a praia virou a maior \u00e2ncora emocional da virada para o Brasil. O que se compra aqui n\u00e3o \u00e9 s\u00f3 mar e sol, \u00e9 <strong>sensa\u00e7\u00e3o<\/strong> de viver o ver\u00e3o perfeito de abertura do novo ciclo.<\/p>\n\n\n\n<p>E o efeito de 2025 deixa claro: o brasileiro quer virar o ano em cen\u00e1rio tropical bonito, com experi\u00eancia marcante e clima de celebra\u00e7\u00e3o visual, e o trio Porto de Galinhas + Maragogi + Jericoacoara \u00e9 a principal s\u00edntese dessa nova busca nacional.<\/p>\n","protected":false},"excerpt":{"rendered":"<p>Os destinos praianos viraram pauta quente no final de ano e tr\u00eas lugares em espec\u00edfico est\u00e3o dominando a lista de desejos do brasileiro para passar R\u00e9veillon e a primeira semana de janeiro com mar transparente, experi\u00eancias marcantes e est\u00e9tica perfeita para fotos. Quais praias brasileiras est\u00e3o no topo das buscas para o final de ano? [&hellip;]<\/p>\n","protected":false},"author":13,"featured_media":124607,"comment_status":"open","ping_status":"open","sticky":false,"template":"","format":"standard","meta":{"jnews-multi-image_gallery":[],"jnews_single_post":{"format":"standard"},"jnews_primary_category":[],"jnews_social_meta":[],"jnews_override_counter":[],"footnotes":""},"categories":[26],"tags":[18566,2896,321],"class_list":["post-124601","post","type-post","status-publish","format-standard","has-post-thumbnail","hentry","category-cidades","tag-cidades-praianas","tag-destinos-turisticos","tag-praias"],"yoast_head":"<!-- This site is optimized with the Yoast SEO plugin v23.8 - https:\/\/yoast.com\/wordpress\/plugins\/seo\/ -->\n<title>As 3 praias brasileiras mais procuradas para aproveitar o R\u00e9veillon de 2025 - Estado de Minas - Em foco<\/title>\n<meta name=\"description\" content=\"Mar cristalino, fotos perfeitas e clima de celebra\u00e7\u00e3o fizeram tr\u00eas praias brasileiras explodirem como sonho de R\u00e9veillon em 2025.\" \/>\n<meta name=\"robots\" content=\"index, follow, max-snippet:-1, max-image-preview:large, max-video-preview:-1\" \/>\n<link rel=\"canonical\" href=\"https:\/\/www.em.com.br\/emfoco\/2025\/11\/10\/as-3-praias-brasileiras-mais-procuradas-para-aproveitar-o-reveillon-de-2025\/\" \/>\n<meta property=\"og:locale\" content=\"pt_BR\" \/>\n<meta property=\"og:type\" content=\"article\" \/>\n<meta property=\"og:title\" content=\"As 3 praias brasileiras mais procuradas para aproveitar o R\u00e9veillon de 2025 - Estado de Minas - Em foco\" \/>\n<meta property=\"og:description\" content=\"Mar cristalino, fotos perfeitas e clima de celebra\u00e7\u00e3o fizeram tr\u00eas praias brasileiras explodirem como sonho de R\u00e9veillon em 2025.\" \/>\n<meta property=\"og:url\" content=\"https:\/\/www.em.com.br\/emfoco\/2025\/11\/10\/as-3-praias-brasileiras-mais-procuradas-para-aproveitar-o-reveillon-de-2025\/\" \/>\n<meta property=\"og:site_name\" content=\"Estado de Minas - Em foco\" \/>\n<meta property=\"article:published_time\" content=\"2025-11-10T21:05:00+00:00\" \/>\n<meta property=\"article:modified_time\" content=\"2025-11-07T04:04:01+00:00\" \/>\n<meta property=\"og:image\" content=\"https:\/\/www.em.com.br\/emfoco\/wp-content\/uploads\/2025\/11\/Fim-de-ano-viagem_1762488177978.jpg\" \/>\n\t<meta property=\"og:image:width\" content=\"1280\" \/>\n\t<meta property=\"og:image:height\" content=\"720\" \/>\n\t<meta property=\"og:image:type\" content=\"image\/jpeg\" \/>\n<meta name=\"author\" content=\"Gabriel Martins\" \/>\n<meta name=\"twitter:card\" content=\"summary_large_image\" \/>\n<meta name=\"twitter:label1\" content=\"Escrito por\" \/>\n\t<meta name=\"twitter:data1\" content=\"Gabriel Martins\" \/>\n\t<meta name=\"twitter:label2\" content=\"Est. tempo de leitura\" \/>\n\t<meta name=\"twitter:data2\" content=\"4 minutos\" \/>\n<!-- \/ Yoast SEO plugin. -->","yoast_head_json":{"title":"As 3 praias brasileiras mais procuradas para aproveitar o R\u00e9veillon de 2025 - Estado de Minas - Em foco","description":"Mar cristalino, fotos perfeitas e clima de celebra\u00e7\u00e3o fizeram tr\u00eas praias brasileiras explodirem como sonho de R\u00e9veillon em 2025.","robots":{"index":"index","follow":"follow","max-snippet":"max-snippet:-1","max-image-preview":"max-image-preview:large","max-video-preview":"max-video-preview:-1"},"canonical":"https:\/\/www.em.com.br\/emfoco\/2025\/11\/10\/as-3-praias-brasileiras-mais-procuradas-para-aproveitar-o-reveillon-de-2025\/","og_locale":"pt_BR","og_type":"article","og_title":"As 3 praias brasileiras mais procuradas para aproveitar o R\u00e9veillon de 2025 - Estado de Minas - Em foco","og_description":"Mar cristalino, fotos perfeitas e clima de celebra\u00e7\u00e3o fizeram tr\u00eas praias brasileiras explodirem como sonho de R\u00e9veillon em 2025.","og_url":"https:\/\/www.em.com.br\/emfoco\/2025\/11\/10\/as-3-praias-brasileiras-mais-procuradas-para-aproveitar-o-reveillon-de-2025\/","og_site_name":"Estado de Minas - Em foco","article_published_time":"2025-11-10T21:05:00+00:00","article_modified_time":"2025-11-07T04:04:01+00:00","og_image":[{"width":1280,"height":720,"url":"https:\/\/www.em.com.br\/emfoco\/wp-content\/uploads\/2025\/11\/Fim-de-ano-viagem_1762488177978.jpg","type":"image\/jpeg"}],"author":"Gabriel Martins","twitter_card":"summary_large_image","twitter_misc":{"Escrito por":"Gabriel Martins","Est. tempo de leitura":"4 minutos"},"schema":{"@context":"https:\/\/schema.org","@graph":[{"@type":"WebPage","@id":"https:\/\/www.em.com.br\/emfoco\/2025\/11\/10\/as-3-praias-brasileiras-mais-procuradas-para-aproveitar-o-reveillon-de-2025\/","url":"https:\/\/www.em.com.br\/emfoco\/2025\/11\/10\/as-3-praias-brasileiras-mais-procuradas-para-aproveitar-o-reveillon-de-2025\/","name":"As 3 praias brasileiras mais procuradas para aproveitar o R\u00e9veillon de 2025 - Estado de Minas - Em foco","isPartOf":{"@id":"https:\/\/www.em.com.br\/emfoco\/#website"},"primaryImageOfPage":{"@id":"https:\/\/www.em.com.br\/emfoco\/2025\/11\/10\/as-3-praias-brasileiras-mais-procuradas-para-aproveitar-o-reveillon-de-2025\/#primaryimage"},"image":{"@id":"https:\/\/www.em.com.br\/emfoco\/2025\/11\/10\/as-3-praias-brasileiras-mais-procuradas-para-aproveitar-o-reveillon-de-2025\/#primaryimage"},"thumbnailUrl":"https:\/\/www.em.com.br\/emfoco\/wp-content\/uploads\/2025\/11\/Fim-de-ano-viagem_1762488177978.jpg","datePublished":"2025-11-10T21:05:00+00:00","dateModified":"2025-11-07T04:04:01+00:00","author":{"@id":"https:\/\/www.em.com.br\/emfoco\/#\/schema\/person\/1c9ddeab18b98abeffef834667bcf08a"},"description":"Mar cristalino, fotos perfeitas e clima de celebra\u00e7\u00e3o fizeram tr\u00eas praias brasileiras explodirem como sonho de R\u00e9veillon em 2025.","breadcrumb":{"@id":"https:\/\/www.em.com.br\/emfoco\/2025\/11\/10\/as-3-praias-brasileiras-mais-procuradas-para-aproveitar-o-reveillon-de-2025\/#breadcrumb"},"inLanguage":"pt-BR","potentialAction":[{"@type":"ReadAction","target":["https:\/\/www.em.com.br\/emfoco\/2025\/11\/10\/as-3-praias-brasileiras-mais-procuradas-para-aproveitar-o-reveillon-de-2025\/"]}]},{"@type":"ImageObject","inLanguage":"pt-BR","@id":"https:\/\/www.em.com.br\/emfoco\/2025\/11\/10\/as-3-praias-brasileiras-mais-procuradas-para-aproveitar-o-reveillon-de-2025\/#primaryimage","url":"https:\/\/www.em.com.br\/emfoco\/wp-content\/uploads\/2025\/11\/Fim-de-ano-viagem_1762488177978.jpg","contentUrl":"https:\/\/www.em.com.br\/emfoco\/wp-content\/uploads\/2025\/11\/Fim-de-ano-viagem_1762488177978.jpg","width":1280,"height":720,"caption":"\u2022 Praias nordestinas dominam o desejo nacional para o R\u00e9veillon perfeito - Cr\u00e9ditos: depositphotos.com \/ haveseen"},{"@type":"BreadcrumbList","@id":"https:\/\/www.em.com.br\/emfoco\/2025\/11\/10\/as-3-praias-brasileiras-mais-procuradas-para-aproveitar-o-reveillon-de-2025\/#breadcrumb","itemListElement":[{"@type":"ListItem","position":1,"name":"In\u00edcio","item":"https:\/\/www.em.com.br\/emfoco\/"},{"@type":"ListItem","position":2,"name":"As 3 praias brasileiras mais procuradas para aproveitar o R\u00e9veillon de 2025"}]},{"@type":"WebSite","@id":"https:\/\/www.em.com.br\/emfoco\/#website","url":"https:\/\/www.em.com.br\/emfoco\/","name":"Estado de Minas - Em foco","description":"Acompanhe as \u00faltimas not\u00edcias e fique bem informado sobre tudo o que acontece em Minas Gerais, Brasil e no mundo.","potentialAction":[{"@type":"SearchAction","target":{"@type":"EntryPoint","urlTemplate":"https:\/\/www.em.com.br\/emfoco\/?s={search_term_string}"},"query-input":{"@type":"PropertyValueSpecification","valueRequired":true,"valueName":"search_term_string"}}],"inLanguage":"pt-BR"},{"@type":"Person","@id":"https:\/\/www.em.com.br\/emfoco\/#\/schema\/person\/1c9ddeab18b98abeffef834667bcf08a","name":"Gabriel Martins","image":{"@type":"ImageObject","inLanguage":"pt-BR","@id":"https:\/\/www.em.com.br\/emfoco\/#\/schema\/person\/image\/","url":"https:\/\/secure.gravatar.com\/avatar\/f0f1e2efdfd88f1ad2cb08c5c2731e50?s=96&d=mm&r=g","contentUrl":"https:\/\/secure.gravatar.com\/avatar\/f0f1e2efdfd88f1ad2cb08c5c2731e50?s=96&d=mm&r=g","caption":"Gabriel Martins"},"sameAs":["https:\/\/www.em.com.br\/emfoco\/"],"url":"https:\/\/www.em.com.br\/emfoco\/author\/gabrielmartinsmyth\/"}]}},"_links":{"self":[{"href":"https:\/\/www.em.com.br\/emfoco\/wp-json\/wp\/v2\/posts\/124601","targetHints":{"allow":["GET"]}}],"collection":[{"href":"https:\/\/www.em.com.br\/emfoco\/wp-json\/wp\/v2\/posts"}],"about":[{"href":"https:\/\/www.em.com.br\/emfoco\/wp-json\/wp\/v2\/types\/post"}],"author":[{"embeddable":true,"href":"https:\/\/www.em.com.br\/emfoco\/wp-json\/wp\/v2\/users\/13"}],"replies":[{"embeddable":true,"href":"https:\/\/www.em.com.br\/emfoco\/wp-json\/wp\/v2\/comments?post=124601"}],"version-history":[{"count":1,"href":"https:\/\/www.em.com.br\/emfoco\/wp-json\/wp\/v2\/posts\/124601\/revisions"}],"predecessor-version":[{"id":124608,"href":"https:\/\/www.em.com.br\/emfoco\/wp-json\/wp\/v2\/posts\/124601\/revisions\/124608"}],"wp:featuredmedia":[{"embeddable":true,"href":"https:\/\/www.em.com.br\/emfoco\/wp-json\/wp\/v2\/media\/124607"}],"wp:attachment":[{"href":"https:\/\/www.em.com.br\/emfoco\/wp-json\/wp\/v2\/media?parent=124601"}],"wp:term":[{"taxonomy":"category","embeddable":true,"href":"https:\/\/www.em.com.br\/emfoco\/wp-json\/wp\/v2\/categories?post=124601"},{"taxonomy":"post_tag","embeddable":true,"href":"https:\/\/www.em.com.br\/emfoco\/wp-json\/wp\/v2\/tags?post=124601"}],"curies":[{"name":"wp","href":"https:\/\/api.w.org\/{rel}","templated":true}]}}