{"id":124533,"date":"2025-11-08T18:30:00","date_gmt":"2025-11-08T21:30:00","guid":{"rendered":"https:\/\/www.em.com.br\/emfoco\/?p=124533"},"modified":"2025-11-08T14:47:02","modified_gmt":"2025-11-08T17:47:02","slug":"choque-geracional-um-aposentado-que-contribuiu-por-45-anos-recebe-apenas-1-600-e-ha-jovens-que-ganham-muito-mais","status":"publish","type":"post","link":"https:\/\/www.em.com.br\/emfoco\/2025\/11\/08\/choque-geracional-um-aposentado-que-contribuiu-por-45-anos-recebe-apenas-1-600-e-ha-jovens-que-ganham-muito-mais\/","title":{"rendered":"Choque geracional, um aposentado que contribuiu por 45 anos recebe apenas 1.600, e h\u00e1 jovens que ganham muito mais"},"content":{"rendered":"\n<p>Em tempos contempor\u00e2neos, o debate sobre as diferen\u00e7as geracionais ganhou relev\u00e2ncia, abordando quest\u00f5es como a disparidade de oportunidades, expectativas e estilos de vida entre diferentes coortes et\u00e1rias, refletindo-se especialmente na compara\u00e7\u00e3o entre boomers e gera\u00e7\u00f5es mais jovens, como millennials e centennials.<\/p>\n\n\n\n<h2 class=\"wp-block-heading\">O que muda entre boomers e jovens nas expectativas sobre trabalho e recompensas?<\/h2>\n\n\n\n<p>Representantes das gera\u00e7\u00f5es mais velhas, como os boomers, frequentemente enfatizam a quantidade de trabalho realizado ao longo de suas vidas e as seguran\u00e7as materiais alcan\u00e7adas. O argumento comum \u00e9 que o esfor\u00e7o cont\u00ednuo lhes permitiu desfrutar de uma aposentadoria segura, refletida em uma pens\u00e3o considerada justa ap\u00f3s anos de contribui\u00e7\u00f5es laborais. Por outro lado, entre os jovens, cresce a percep\u00e7\u00e3o de que o mercado de trabalho mudou drasticamente, tornando oportunidades e estabilidade mais escassas.<\/p>\n\n\n\n<h2 class=\"wp-block-heading\">Os jovens t\u00eam condi\u00e7\u00f5es econ\u00f4micas desfavor\u00e1veis no mercado atual?<\/h2>\n\n\n\n<p>Muitos defendem que as condi\u00e7\u00f5es econ\u00f4micas atuais s\u00e3o menos favor\u00e1veis para os jovens do que no passado. Entre os principais desafios relatados est\u00e3o o aumento do pre\u00e7o da moradia, a eleva\u00e7\u00e3o no custo de vida e empregos tempor\u00e1rios com menor remunera\u00e7\u00e3o.<\/p>\n\n\n\n<p>Para ilustrar essas dificuldades enfrentadas pelos jovens, veja abaixo alguns exemplos recorrentes:<\/p>\n\n\n\n<ul class=\"wp-block-list\">\n<li>Dificuldade em adquirir a casa pr\u00f3pria devido a pre\u00e7os elevados.<\/li>\n\n\n\n<li>Sal\u00e1rios que n\u00e3o acompanham o aumento do custo de vida.<\/li>\n\n\n\n<li>Maior tempo de perman\u00eancia na casa dos pais, adiando a independ\u00eancia financeira.<\/li>\n<\/ul>\n\n\n\n<figure class=\"wp-block-image size-large\"><img loading=\"lazy\" decoding=\"async\" width=\"1024\" height=\"576\" src=\"https:\/\/www.em.com.br\/emfoco\/wp-content\/uploads\/2025\/11\/Gemini_Generated_Image_nsrp5snsrp5snsrp-1-1024x576.png\" alt=\"\" class=\"wp-image-124580\" srcset=\"https:\/\/www.em.com.br\/emfoco\/wp-content\/uploads\/2025\/11\/Gemini_Generated_Image_nsrp5snsrp5snsrp-1-1024x576.png 1024w, https:\/\/www.em.com.br\/emfoco\/wp-content\/uploads\/2025\/11\/Gemini_Generated_Image_nsrp5snsrp5snsrp-1-300x169.png 300w, https:\/\/www.em.com.br\/emfoco\/wp-content\/uploads\/2025\/11\/Gemini_Generated_Image_nsrp5snsrp5snsrp-1-768x432.png 768w, https:\/\/www.em.com.br\/emfoco\/wp-content\/uploads\/2025\/11\/Gemini_Generated_Image_nsrp5snsrp5snsrp-1-750x422.png 750w, https:\/\/www.em.com.br\/emfoco\/wp-content\/uploads\/2025\/11\/Gemini_Generated_Image_nsrp5snsrp5snsrp-1-1140x641.png 1140w, https:\/\/www.em.com.br\/emfoco\/wp-content\/uploads\/2025\/11\/Gemini_Generated_Image_nsrp5snsrp5snsrp-1.png 1280w\" sizes=\"auto, (max-width: 1024px) 100vw, 1024px\" \/><figcaption class=\"wp-element-caption\">Diferen\u00e7as entre gera\u00e7\u00f5es: boomers, millennials e centennials no mercado<\/figcaption><\/figure>\n\n\n\n<h2 class=\"wp-block-heading\">A tecnologia cria oportunidades ou desafios para os jovens?<\/h2>\n\n\n\n<p>A tecnologia tornou-se fator central de transforma\u00e7\u00e3o no mercado de trabalho contempor\u00e2neo. Por um lado, houve a extin\u00e7\u00e3o de empregos tradicionais devido \u00e0 automa\u00e7\u00e3o e novas ferramentas digitais.<\/p>\n\n\n\n<p>No entanto, setores como tecnologia da informa\u00e7\u00e3o, com\u00e9rcio eletr\u00f4nico e servi\u00e7os digitais expandiram-se e geraram novas oportunidades profissionais. Essas \u00e1reas, no entanto, exigem habilidades inovadoras, adaptabilidade e aprendizado cont\u00ednuo, crenado desafios espec\u00edficos para a juventude.<\/p>\n\n\n\n<h2 class=\"wp-block-heading\">A percep\u00e7\u00e3o de esfor\u00e7o dos jovens \u00e9 justa?<\/h2>\n\n\n\n<p>O debate em torno da dedica\u00e7\u00e3o dos jovens \u00e9 pol\u00eamico e envolve diferentes pontos de vista. Sob a \u00f3tica das gera\u00e7\u00f5es mais velhas, normas de trabalho e esfor\u00e7o parecem modificadas, por\u00e9m \u00e9 essencial considerar o cen\u00e1rio atual de maior competitividade e digitaliza\u00e7\u00e3o.<\/p>\n\n\n\n<p>A no\u00e7\u00e3o de esfor\u00e7o mudou de contexto. Os jovens lidam diariamente com instabilidade no emprego e press\u00e3o para atualiza\u00e7\u00e3o constante, exig\u00eancias que diferem das vividas por gera\u00e7\u00f5es anteriores.<\/p>\n\n\n\n<h2 class=\"wp-block-heading\">Como lidar com as lacunas entre as gera\u00e7\u00f5es no contexto econ\u00f4mico?<\/h2>\n\n\n\n<p>Essas lacunas s\u00e3o reflexo das transforma\u00e7\u00f5es econ\u00f4micas e trabalhistas ao longo do tempo. Cada gera\u00e7\u00e3o enfrenta desafios pr\u00f3prios, e compara\u00e7\u00f5es diretas nem sempre captam essas diferen\u00e7as.<\/p>\n\n\n\n<p>A compreens\u00e3o e colabora\u00e7\u00e3o entre as gera\u00e7\u00f5es s\u00e3o fundamentais para superar desafios econ\u00f4micos e sociais de maneira mais coesa e produtiva para todos.<\/p>\n\n\n\n<p><\/p>\n","protected":false},"excerpt":{"rendered":"<p>Em tempos contempor\u00e2neos, o debate sobre as diferen\u00e7as geracionais ganhou relev\u00e2ncia, abordando quest\u00f5es como a disparidade de oportunidades, expectativas e estilos de vida entre diferentes coortes et\u00e1rias, refletindo-se especialmente na compara\u00e7\u00e3o entre boomers e gera\u00e7\u00f5es mais jovens, como millennials e centennials. O que muda entre boomers e jovens nas expectativas sobre trabalho e recompensas? Representantes [&hellip;]<\/p>\n","protected":false},"author":11,"featured_media":124581,"comment_status":"open","ping_status":"open","sticky":false,"template":"","format":"standard","meta":{"jnews-multi-image_gallery":[],"jnews_single_post":{"format":"standard"},"jnews_primary_category":[],"jnews_social_meta":[],"jnews_override_counter":[],"footnotes":""},"categories":[28,1],"tags":[10419,1056,1967,7896],"class_list":["post-124533","post","type-post","status-publish","format-standard","has-post-thumbnail","hentry","category-economia","category-noticias","tag-boomers","tag-jovens","tag-mercado-de-trabalho","tag-millennials"],"yoast_head":"<!-- This site is optimized with the Yoast SEO plugin v23.8 - https:\/\/yoast.com\/wordpress\/plugins\/seo\/ -->\n<title>Choque geracional, um aposentado que contribuiu por 45 anos recebe apenas 1.600, e h\u00e1 jovens que ganham muito mais - Estado de Minas - Em foco<\/title>\n<meta name=\"description\" content=\"Diferen\u00e7as entre boomers e jovens revelam desigualdade no mercado de trabalho e novos desafios econ\u00f4micos e tecnol\u00f3gicos.\" \/>\n<meta name=\"robots\" content=\"index, follow, max-snippet:-1, max-image-preview:large, max-video-preview:-1\" \/>\n<link rel=\"canonical\" href=\"https:\/\/www.em.com.br\/emfoco\/2025\/11\/08\/choque-geracional-um-aposentado-que-contribuiu-por-45-anos-recebe-apenas-1-600-e-ha-jovens-que-ganham-muito-mais\/\" \/>\n<meta property=\"og:locale\" content=\"pt_BR\" \/>\n<meta property=\"og:type\" content=\"article\" \/>\n<meta property=\"og:title\" content=\"Choque geracional, um aposentado que contribuiu por 45 anos recebe apenas 1.600, e h\u00e1 jovens que ganham muito mais - Estado de Minas - Em foco\" \/>\n<meta property=\"og:description\" content=\"Diferen\u00e7as entre boomers e jovens revelam desigualdade no mercado de trabalho e novos desafios econ\u00f4micos e tecnol\u00f3gicos.\" \/>\n<meta property=\"og:url\" content=\"https:\/\/www.em.com.br\/emfoco\/2025\/11\/08\/choque-geracional-um-aposentado-que-contribuiu-por-45-anos-recebe-apenas-1-600-e-ha-jovens-que-ganham-muito-mais\/\" \/>\n<meta property=\"og:site_name\" content=\"Estado de Minas - Em foco\" \/>\n<meta property=\"article:published_time\" content=\"2025-11-08T21:30:00+00:00\" \/>\n<meta property=\"article:modified_time\" content=\"2025-11-08T17:47:02+00:00\" \/>\n<meta property=\"og:image\" content=\"https:\/\/www.em.com.br\/emfoco\/wp-content\/uploads\/2025\/11\/Gemini_Generated_Image_r0v7rrr0v7rrr0v7.png\" \/>\n\t<meta property=\"og:image:width\" content=\"1024\" \/>\n\t<meta property=\"og:image:height\" content=\"577\" \/>\n\t<meta property=\"og:image:type\" content=\"image\/png\" \/>\n<meta name=\"author\" content=\"Andre\u0301 Rangel\u00a0\" \/>\n<meta name=\"twitter:card\" content=\"summary_large_image\" \/>\n<meta name=\"twitter:label1\" content=\"Escrito por\" \/>\n\t<meta name=\"twitter:data1\" content=\"Andre\u0301 Rangel\u00a0\" \/>\n\t<meta name=\"twitter:label2\" content=\"Est. tempo de leitura\" \/>\n\t<meta name=\"twitter:data2\" content=\"3 minutos\" \/>\n<!-- \/ Yoast SEO plugin. -->","yoast_head_json":{"title":"Choque geracional, um aposentado que contribuiu por 45 anos recebe apenas 1.600, e h\u00e1 jovens que ganham muito mais - Estado de Minas - Em foco","description":"Diferen\u00e7as entre boomers e jovens revelam desigualdade no mercado de trabalho e novos desafios econ\u00f4micos e tecnol\u00f3gicos.","robots":{"index":"index","follow":"follow","max-snippet":"max-snippet:-1","max-image-preview":"max-image-preview:large","max-video-preview":"max-video-preview:-1"},"canonical":"https:\/\/www.em.com.br\/emfoco\/2025\/11\/08\/choque-geracional-um-aposentado-que-contribuiu-por-45-anos-recebe-apenas-1-600-e-ha-jovens-que-ganham-muito-mais\/","og_locale":"pt_BR","og_type":"article","og_title":"Choque geracional, um aposentado que contribuiu por 45 anos recebe apenas 1.600, e h\u00e1 jovens que ganham muito mais - Estado de Minas - Em foco","og_description":"Diferen\u00e7as entre boomers e jovens revelam desigualdade no mercado de trabalho e novos desafios econ\u00f4micos e tecnol\u00f3gicos.","og_url":"https:\/\/www.em.com.br\/emfoco\/2025\/11\/08\/choque-geracional-um-aposentado-que-contribuiu-por-45-anos-recebe-apenas-1-600-e-ha-jovens-que-ganham-muito-mais\/","og_site_name":"Estado de Minas - Em foco","article_published_time":"2025-11-08T21:30:00+00:00","article_modified_time":"2025-11-08T17:47:02+00:00","og_image":[{"width":1024,"height":577,"url":"https:\/\/www.em.com.br\/emfoco\/wp-content\/uploads\/2025\/11\/Gemini_Generated_Image_r0v7rrr0v7rrr0v7.png","type":"image\/png"}],"author":"Andre\u0301 Rangel\u00a0","twitter_card":"summary_large_image","twitter_misc":{"Escrito por":"Andre\u0301 Rangel\u00a0","Est. tempo de leitura":"3 minutos"},"schema":{"@context":"https:\/\/schema.org","@graph":[{"@type":"WebPage","@id":"https:\/\/www.em.com.br\/emfoco\/2025\/11\/08\/choque-geracional-um-aposentado-que-contribuiu-por-45-anos-recebe-apenas-1-600-e-ha-jovens-que-ganham-muito-mais\/","url":"https:\/\/www.em.com.br\/emfoco\/2025\/11\/08\/choque-geracional-um-aposentado-que-contribuiu-por-45-anos-recebe-apenas-1-600-e-ha-jovens-que-ganham-muito-mais\/","name":"Choque geracional, um aposentado que contribuiu por 45 anos recebe apenas 1.600, e h\u00e1 jovens que ganham muito mais - Estado de Minas - Em foco","isPartOf":{"@id":"https:\/\/www.em.com.br\/emfoco\/#website"},"primaryImageOfPage":{"@id":"https:\/\/www.em.com.br\/emfoco\/2025\/11\/08\/choque-geracional-um-aposentado-que-contribuiu-por-45-anos-recebe-apenas-1-600-e-ha-jovens-que-ganham-muito-mais\/#primaryimage"},"image":{"@id":"https:\/\/www.em.com.br\/emfoco\/2025\/11\/08\/choque-geracional-um-aposentado-que-contribuiu-por-45-anos-recebe-apenas-1-600-e-ha-jovens-que-ganham-muito-mais\/#primaryimage"},"thumbnailUrl":"https:\/\/www.em.com.br\/emfoco\/wp-content\/uploads\/2025\/11\/Gemini_Generated_Image_r0v7rrr0v7rrr0v7.png","datePublished":"2025-11-08T21:30:00+00:00","dateModified":"2025-11-08T17:47:02+00:00","author":{"@id":"https:\/\/www.em.com.br\/emfoco\/#\/schema\/person\/60eda09c1fedf0d6891f4cef4b60b8b8"},"description":"Diferen\u00e7as entre boomers e jovens revelam desigualdade no mercado de trabalho e novos desafios econ\u00f4micos e tecnol\u00f3gicos.","breadcrumb":{"@id":"https:\/\/www.em.com.br\/emfoco\/2025\/11\/08\/choque-geracional-um-aposentado-que-contribuiu-por-45-anos-recebe-apenas-1-600-e-ha-jovens-que-ganham-muito-mais\/#breadcrumb"},"inLanguage":"pt-BR","potentialAction":[{"@type":"ReadAction","target":["https:\/\/www.em.com.br\/emfoco\/2025\/11\/08\/choque-geracional-um-aposentado-que-contribuiu-por-45-anos-recebe-apenas-1-600-e-ha-jovens-que-ganham-muito-mais\/"]}]},{"@type":"ImageObject","inLanguage":"pt-BR","@id":"https:\/\/www.em.com.br\/emfoco\/2025\/11\/08\/choque-geracional-um-aposentado-que-contribuiu-por-45-anos-recebe-apenas-1-600-e-ha-jovens-que-ganham-muito-mais\/#primaryimage","url":"https:\/\/www.em.com.br\/emfoco\/wp-content\/uploads\/2025\/11\/Gemini_Generated_Image_r0v7rrr0v7rrr0v7.png","contentUrl":"https:\/\/www.em.com.br\/emfoco\/wp-content\/uploads\/2025\/11\/Gemini_Generated_Image_r0v7rrr0v7rrr0v7.png","width":1024,"height":577,"caption":"Mercado de trabalho divide gera\u00e7\u00f5es: veja o que mudou entre jovens e idosos"},{"@type":"BreadcrumbList","@id":"https:\/\/www.em.com.br\/emfoco\/2025\/11\/08\/choque-geracional-um-aposentado-que-contribuiu-por-45-anos-recebe-apenas-1-600-e-ha-jovens-que-ganham-muito-mais\/#breadcrumb","itemListElement":[{"@type":"ListItem","position":1,"name":"In\u00edcio","item":"https:\/\/www.em.com.br\/emfoco\/"},{"@type":"ListItem","position":2,"name":"Choque geracional, um aposentado que contribuiu por 45 anos recebe apenas 1.600, e h\u00e1 jovens que ganham muito mais"}]},{"@type":"WebSite","@id":"https:\/\/www.em.com.br\/emfoco\/#website","url":"https:\/\/www.em.com.br\/emfoco\/","name":"Estado de Minas - Em foco","description":"Acompanhe as \u00faltimas not\u00edcias e fique bem informado sobre tudo o que acontece em Minas Gerais, Brasil e no mundo.","potentialAction":[{"@type":"SearchAction","target":{"@type":"EntryPoint","urlTemplate":"https:\/\/www.em.com.br\/emfoco\/?s={search_term_string}"},"query-input":{"@type":"PropertyValueSpecification","valueRequired":true,"valueName":"search_term_string"}}],"inLanguage":"pt-BR"},{"@type":"Person","@id":"https:\/\/www.em.com.br\/emfoco\/#\/schema\/person\/60eda09c1fedf0d6891f4cef4b60b8b8","name":"Andre\u0301 Rangel\u00a0","image":{"@type":"ImageObject","inLanguage":"pt-BR","@id":"https:\/\/www.em.com.br\/emfoco\/#\/schema\/person\/image\/","url":"https:\/\/secure.gravatar.com\/avatar\/6234dc814c77c8ef6d8bba622c787efc?s=96&d=mm&r=g","contentUrl":"https:\/\/secure.gravatar.com\/avatar\/6234dc814c77c8ef6d8bba622c787efc?s=96&d=mm&r=g","caption":"Andre\u0301 Rangel\u00a0"},"url":"https:\/\/www.em.com.br\/emfoco\/author\/luizmyth\/"}]}},"_links":{"self":[{"href":"https:\/\/www.em.com.br\/emfoco\/wp-json\/wp\/v2\/posts\/124533","targetHints":{"allow":["GET"]}}],"collection":[{"href":"https:\/\/www.em.com.br\/emfoco\/wp-json\/wp\/v2\/posts"}],"about":[{"href":"https:\/\/www.em.com.br\/emfoco\/wp-json\/wp\/v2\/types\/post"}],"author":[{"embeddable":true,"href":"https:\/\/www.em.com.br\/emfoco\/wp-json\/wp\/v2\/users\/11"}],"replies":[{"embeddable":true,"href":"https:\/\/www.em.com.br\/emfoco\/wp-json\/wp\/v2\/comments?post=124533"}],"version-history":[{"count":3,"href":"https:\/\/www.em.com.br\/emfoco\/wp-json\/wp\/v2\/posts\/124533\/revisions"}],"predecessor-version":[{"id":124582,"href":"https:\/\/www.em.com.br\/emfoco\/wp-json\/wp\/v2\/posts\/124533\/revisions\/124582"}],"wp:featuredmedia":[{"embeddable":true,"href":"https:\/\/www.em.com.br\/emfoco\/wp-json\/wp\/v2\/media\/124581"}],"wp:attachment":[{"href":"https:\/\/www.em.com.br\/emfoco\/wp-json\/wp\/v2\/media?parent=124533"}],"wp:term":[{"taxonomy":"category","embeddable":true,"href":"https:\/\/www.em.com.br\/emfoco\/wp-json\/wp\/v2\/categories?post=124533"},{"taxonomy":"post_tag","embeddable":true,"href":"https:\/\/www.em.com.br\/emfoco\/wp-json\/wp\/v2\/tags?post=124533"}],"curies":[{"name":"wp","href":"https:\/\/api.w.org\/{rel}","templated":true}]}}