{"id":124528,"date":"2025-11-08T17:00:00","date_gmt":"2025-11-08T20:00:00","guid":{"rendered":"https:\/\/www.em.com.br\/emfoco\/?p=124528"},"modified":"2025-11-08T14:46:27","modified_gmt":"2025-11-08T17:46:27","slug":"justica-entendeu-como-episodio-de-doenca-comum-sem-relacao-com-o-trabalho-e-manteve-rescisao-contratual-de-trabalhador-que-sofreu-avc","status":"publish","type":"post","link":"https:\/\/www.em.com.br\/emfoco\/2025\/11\/08\/justica-entendeu-como-episodio-de-doenca-comum-sem-relacao-com-o-trabalho-e-manteve-rescisao-contratual-de-trabalhador-que-sofreu-avc\/","title":{"rendered":"Justi\u00e7a\u00a0entendeu como epis\u00f3dio de doen\u00e7a comum, sem rela\u00e7\u00e3o com o trabalho e manteve rescis\u00e3o contratual de trabalhador que sofreu AVC"},"content":{"rendered":"\n<p>O&nbsp;<strong>Tribunal Regional do Trabalho da 18\u00aa Regi\u00e3o (TRT-GO)<\/strong>&nbsp;decidiu manter uma senten\u00e7a que rejeitou a alega\u00e7\u00e3o de despedida discriminat\u00f3ria de um trabalhador ap\u00f3s ele sofrer um acidente vascular cerebral (AVC) meses antes da demiss\u00e3o, afirmando que o AVC era doen\u00e7a comum, sem rela\u00e7\u00e3o com o trabalho e sem estigma social, e portanto n\u00e3o caberia reintegra\u00e7\u00e3o nem indeniza\u00e7\u00e3o.<\/p>\n\n\n\n<h2 class=\"wp-block-heading\">Quais foram os fatos e fundamentos legais usados pelo tribunal?<\/h2>\n\n\n\n<p>A<a href=\"https:\/\/www.trt18.jus.br\/portal\/justica-nao-reconhece-como-discriminatoria-dispensa-de-trabalhador-que-sofreu-avc\/\" target=\"_blank\" rel=\"noreferrer noopener\"> decis\u00e3o do&nbsp;<strong>TRT-GO<\/strong><\/a>&nbsp;levou em conta o estado de sa\u00fade do trabalhador e sua aptid\u00e3o para o servi\u00e7o, ressaltando a import\u00e2ncia das provas apresentadas. Destacou-se que a presun\u00e7\u00e3o de discrimina\u00e7\u00e3o, prevista na S\u00famula 443 do&nbsp;<strong>Tribunal Superior do Trabalho<\/strong>, \u00e9 relativa e pode ser afastada mediante comprova\u00e7\u00e3o em contr\u00e1rio.<\/p>\n\n\n\n<p>Neste caso, um laudo m\u00e9dico apontava para a recupera\u00e7\u00e3o motora do empregado, e o fato de ele ter retornado ao mercado de trabalho contribuiu para afastar ind\u00edcios de discrimina\u00e7\u00e3o por parte da empresa.<\/p>\n\n\n\n<h2 class=\"wp-block-heading\">Como os tribunais analisam a exist\u00eancia de discrimina\u00e7\u00e3o nas demiss\u00f5es?<\/h2>\n\n\n\n<p>Para identificar se houve discrimina\u00e7\u00e3o, o tribunal avalia a liga\u00e7\u00e3o entre a condi\u00e7\u00e3o de sa\u00fade e as atividades do empregado, bem como eventuais limita\u00e7\u00f5es que poderiam resultar em tratamento diferenciado. O laudo m\u00e9dico, neste contexto, foi fundamental para atestar a plena capacidade de trabalho do funcion\u00e1rio.<\/p>\n\n\n\n<figure class=\"wp-block-image\"><img decoding=\"async\" src=\"https:\/\/www.em.com.br\/emfoco\/wp-content\/uploads\/2025\/05\/CLT_1747247840129-1024x576.jpg\" alt=\"\"\/><figcaption class=\"wp-element-caption\">TRT-GO decide que demiss\u00e3o ap\u00f3s AVC n\u00e3o foi discriminat\u00f3ria &#8211; Cr\u00e9ditos: depositphotos.com \/ rafapress<\/figcaption><\/figure>\n\n\n\n<p>A seguir, indicamos os crit\u00e9rios que sustentaram o entendimento do&nbsp;<strong>TRT-GO<\/strong>&nbsp;contra a exist\u00eancia de discrimina\u00e7\u00e3o:<\/p>\n\n\n\n<ul class=\"wp-block-list\">\n<li>Provas de capacidade ap\u00f3s alta m\u00e9dica afastam presun\u00e7\u00e3o de discrimina\u00e7\u00e3o.<\/li>\n\n\n\n<li>Laudos m\u00e9dicos detalhados s\u00e3o essenciais para fundamentar decis\u00f5es.<\/li>\n\n\n\n<li>Reintegra\u00e7\u00e3o ao mercado de trabalho ap\u00f3s a dispensa indica aus\u00eancia de preconceito relacionado \u00e0 doen\u00e7a.<\/li>\n<\/ul>\n\n\n\n<h2 class=\"wp-block-heading\">Qual foi o resultado do processo e como essa decis\u00e3o orienta outros casos?<\/h2>\n\n\n\n<p>Por decis\u00e3o un\u00e2nime, a Segunda Turma manteve a senten\u00e7a, entendendo que n\u00e3o havia provas suficientes para caracterizar demiss\u00e3o motivada pelo AVC. Desta forma, negou-se a indeniza\u00e7\u00e3o por danos morais e o pedido de reintegra\u00e7\u00e3o ao emprego.<\/p>\n\n\n\n<p>O caso serve de exemplo sobre a necessidade de provas concretas em alega\u00e7\u00f5es de dispensa discriminat\u00f3ria e destaca que somente a exist\u00eancia de doen\u00e7a comum n\u00e3o configura discrimina\u00e7\u00e3o no ambiente de trabalho.<\/p>\n\n\n\n<h2 class=\"wp-block-heading\">Quais s\u00e3o as responsabilidades da empresa se o trabalhador passar mal antes de chegar ao trabalho?<\/h2>\n\n\n\n<p>Situa\u00e7\u00f5es envolvendo mal-estar antes de sair de casa, durante o trajeto ou em regime de teletrabalho ainda geram d\u00favidas sobre responsabilidade empresarial. A legisla\u00e7\u00e3o brasileira considerava acidente de trajeto at\u00e9 a Reforma Trabalhista de 2017, com impacto reduzido ap\u00f3s esta data, mantendo-se para fins previdenci\u00e1rios.<\/p>\n\n\n\n<p>Quando o mal-estar ocorre antes de sair de casa, a empresa geralmente n\u00e3o \u00e9 respons\u00e1vel, cabendo ao trabalhador informar e apresentar atestado m\u00e9dico. Se o epis\u00f3dio acontece durante o trajeto, a orienta\u00e7\u00e3o \u00e9 buscar socorro e apresentar documenta\u00e7\u00e3o m\u00e9dica \u00e0 empresa. Em teletrabalho, s\u00f3 h\u00e1 responsabilidade se comprovado nexo entre atividade e agravamento do estado de sa\u00fade.<\/p>\n\n\n\n<p><\/p>\n","protected":false},"excerpt":{"rendered":"<p>O&nbsp;Tribunal Regional do Trabalho da 18\u00aa Regi\u00e3o (TRT-GO)&nbsp;decidiu manter uma senten\u00e7a que rejeitou a alega\u00e7\u00e3o de despedida discriminat\u00f3ria de um trabalhador ap\u00f3s ele sofrer um acidente vascular cerebral (AVC) meses antes da demiss\u00e3o, afirmando que o AVC era doen\u00e7a comum, sem rela\u00e7\u00e3o com o trabalho e sem estigma social, e portanto n\u00e3o caberia reintegra\u00e7\u00e3o nem [&hellip;]<\/p>\n","protected":false},"author":11,"featured_media":124594,"comment_status":"open","ping_status":"open","sticky":false,"template":"","format":"standard","meta":{"jnews-multi-image_gallery":[],"jnews_single_post":{"format":"standard"},"jnews_primary_category":[],"jnews_social_meta":[],"jnews_override_counter":[],"footnotes":""},"categories":[28,1],"tags":[1672,2287,16881,16387,641],"class_list":["post-124528","post","type-post","status-publish","format-standard","has-post-thumbnail","hentry","category-economia","category-noticias","tag-avc","tag-demissao","tag-discriminacao-medica","tag-justica-do-trabalho","tag-trabalhador"],"yoast_head":"<!-- This site is optimized with the Yoast SEO plugin v23.8 - https:\/\/yoast.com\/wordpress\/plugins\/seo\/ -->\n<title>Justi\u00e7a\u00a0entendeu como epis\u00f3dio de doen\u00e7a comum, sem rela\u00e7\u00e3o com o trabalho e manteve rescis\u00e3o contratual de trabalhador que sofreu AVC - Estado de Minas - Em foco<\/title>\n<meta name=\"description\" content=\"TRT-GO manteve decis\u00e3o que negou reintegra\u00e7\u00e3o de trabalhador demitido ap\u00f3s AVC, concluindo que n\u00e3o houve discrimina\u00e7\u00e3o no desligamento.\" \/>\n<meta name=\"robots\" content=\"index, follow, max-snippet:-1, max-image-preview:large, max-video-preview:-1\" \/>\n<link rel=\"canonical\" href=\"https:\/\/www.em.com.br\/emfoco\/2025\/11\/08\/justica-entendeu-como-episodio-de-doenca-comum-sem-relacao-com-o-trabalho-e-manteve-rescisao-contratual-de-trabalhador-que-sofreu-avc\/\" \/>\n<meta property=\"og:locale\" content=\"pt_BR\" \/>\n<meta property=\"og:type\" content=\"article\" \/>\n<meta property=\"og:title\" content=\"Justi\u00e7a\u00a0entendeu como epis\u00f3dio de doen\u00e7a comum, sem rela\u00e7\u00e3o com o trabalho e manteve rescis\u00e3o contratual de trabalhador que sofreu AVC - Estado de Minas - Em foco\" \/>\n<meta property=\"og:description\" content=\"TRT-GO manteve decis\u00e3o que negou reintegra\u00e7\u00e3o de trabalhador demitido ap\u00f3s AVC, concluindo que n\u00e3o houve discrimina\u00e7\u00e3o no desligamento.\" \/>\n<meta property=\"og:url\" content=\"https:\/\/www.em.com.br\/emfoco\/2025\/11\/08\/justica-entendeu-como-episodio-de-doenca-comum-sem-relacao-com-o-trabalho-e-manteve-rescisao-contratual-de-trabalhador-que-sofreu-avc\/\" \/>\n<meta property=\"og:site_name\" content=\"Estado de Minas - Em foco\" \/>\n<meta property=\"article:published_time\" content=\"2025-11-08T20:00:00+00:00\" \/>\n<meta property=\"article:modified_time\" content=\"2025-11-08T17:46:27+00:00\" \/>\n<meta property=\"og:image\" content=\"https:\/\/www.em.com.br\/emfoco\/wp-content\/uploads\/2025\/11\/Gemini_Generated_Image_jkcf8jjkcf8jjkcf-1.png\" \/>\n\t<meta property=\"og:image:width\" content=\"1280\" \/>\n\t<meta property=\"og:image:height\" content=\"720\" \/>\n\t<meta property=\"og:image:type\" content=\"image\/png\" \/>\n<meta name=\"author\" content=\"Andre\u0301 Rangel\u00a0\" \/>\n<meta name=\"twitter:card\" content=\"summary_large_image\" \/>\n<meta name=\"twitter:label1\" content=\"Escrito por\" \/>\n\t<meta name=\"twitter:data1\" content=\"Andre\u0301 Rangel\u00a0\" \/>\n\t<meta name=\"twitter:label2\" content=\"Est. tempo de leitura\" \/>\n\t<meta name=\"twitter:data2\" content=\"3 minutos\" \/>\n<!-- \/ Yoast SEO plugin. -->","yoast_head_json":{"title":"Justi\u00e7a\u00a0entendeu como epis\u00f3dio de doen\u00e7a comum, sem rela\u00e7\u00e3o com o trabalho e manteve rescis\u00e3o contratual de trabalhador que sofreu AVC - Estado de Minas - Em foco","description":"TRT-GO manteve decis\u00e3o que negou reintegra\u00e7\u00e3o de trabalhador demitido ap\u00f3s AVC, concluindo que n\u00e3o houve discrimina\u00e7\u00e3o no desligamento.","robots":{"index":"index","follow":"follow","max-snippet":"max-snippet:-1","max-image-preview":"max-image-preview:large","max-video-preview":"max-video-preview:-1"},"canonical":"https:\/\/www.em.com.br\/emfoco\/2025\/11\/08\/justica-entendeu-como-episodio-de-doenca-comum-sem-relacao-com-o-trabalho-e-manteve-rescisao-contratual-de-trabalhador-que-sofreu-avc\/","og_locale":"pt_BR","og_type":"article","og_title":"Justi\u00e7a\u00a0entendeu como epis\u00f3dio de doen\u00e7a comum, sem rela\u00e7\u00e3o com o trabalho e manteve rescis\u00e3o contratual de trabalhador que sofreu AVC - Estado de Minas - Em foco","og_description":"TRT-GO manteve decis\u00e3o que negou reintegra\u00e7\u00e3o de trabalhador demitido ap\u00f3s AVC, concluindo que n\u00e3o houve discrimina\u00e7\u00e3o no desligamento.","og_url":"https:\/\/www.em.com.br\/emfoco\/2025\/11\/08\/justica-entendeu-como-episodio-de-doenca-comum-sem-relacao-com-o-trabalho-e-manteve-rescisao-contratual-de-trabalhador-que-sofreu-avc\/","og_site_name":"Estado de Minas - Em foco","article_published_time":"2025-11-08T20:00:00+00:00","article_modified_time":"2025-11-08T17:46:27+00:00","og_image":[{"width":1280,"height":720,"url":"https:\/\/www.em.com.br\/emfoco\/wp-content\/uploads\/2025\/11\/Gemini_Generated_Image_jkcf8jjkcf8jjkcf-1.png","type":"image\/png"}],"author":"Andre\u0301 Rangel\u00a0","twitter_card":"summary_large_image","twitter_misc":{"Escrito por":"Andre\u0301 Rangel\u00a0","Est. tempo de leitura":"3 minutos"},"schema":{"@context":"https:\/\/schema.org","@graph":[{"@type":"WebPage","@id":"https:\/\/www.em.com.br\/emfoco\/2025\/11\/08\/justica-entendeu-como-episodio-de-doenca-comum-sem-relacao-com-o-trabalho-e-manteve-rescisao-contratual-de-trabalhador-que-sofreu-avc\/","url":"https:\/\/www.em.com.br\/emfoco\/2025\/11\/08\/justica-entendeu-como-episodio-de-doenca-comum-sem-relacao-com-o-trabalho-e-manteve-rescisao-contratual-de-trabalhador-que-sofreu-avc\/","name":"Justi\u00e7a\u00a0entendeu como epis\u00f3dio de doen\u00e7a comum, sem rela\u00e7\u00e3o com o trabalho e manteve rescis\u00e3o contratual de trabalhador que sofreu AVC - Estado de Minas - Em foco","isPartOf":{"@id":"https:\/\/www.em.com.br\/emfoco\/#website"},"primaryImageOfPage":{"@id":"https:\/\/www.em.com.br\/emfoco\/2025\/11\/08\/justica-entendeu-como-episodio-de-doenca-comum-sem-relacao-com-o-trabalho-e-manteve-rescisao-contratual-de-trabalhador-que-sofreu-avc\/#primaryimage"},"image":{"@id":"https:\/\/www.em.com.br\/emfoco\/2025\/11\/08\/justica-entendeu-como-episodio-de-doenca-comum-sem-relacao-com-o-trabalho-e-manteve-rescisao-contratual-de-trabalhador-que-sofreu-avc\/#primaryimage"},"thumbnailUrl":"https:\/\/www.em.com.br\/emfoco\/wp-content\/uploads\/2025\/11\/Gemini_Generated_Image_jkcf8jjkcf8jjkcf-1.png","datePublished":"2025-11-08T20:00:00+00:00","dateModified":"2025-11-08T17:46:27+00:00","author":{"@id":"https:\/\/www.em.com.br\/emfoco\/#\/schema\/person\/60eda09c1fedf0d6891f4cef4b60b8b8"},"description":"TRT-GO manteve decis\u00e3o que negou reintegra\u00e7\u00e3o de trabalhador demitido ap\u00f3s AVC, concluindo que n\u00e3o houve discrimina\u00e7\u00e3o no desligamento.","breadcrumb":{"@id":"https:\/\/www.em.com.br\/emfoco\/2025\/11\/08\/justica-entendeu-como-episodio-de-doenca-comum-sem-relacao-com-o-trabalho-e-manteve-rescisao-contratual-de-trabalhador-que-sofreu-avc\/#breadcrumb"},"inLanguage":"pt-BR","potentialAction":[{"@type":"ReadAction","target":["https:\/\/www.em.com.br\/emfoco\/2025\/11\/08\/justica-entendeu-como-episodio-de-doenca-comum-sem-relacao-com-o-trabalho-e-manteve-rescisao-contratual-de-trabalhador-que-sofreu-avc\/"]}]},{"@type":"ImageObject","inLanguage":"pt-BR","@id":"https:\/\/www.em.com.br\/emfoco\/2025\/11\/08\/justica-entendeu-como-episodio-de-doenca-comum-sem-relacao-com-o-trabalho-e-manteve-rescisao-contratual-de-trabalhador-que-sofreu-avc\/#primaryimage","url":"https:\/\/www.em.com.br\/emfoco\/wp-content\/uploads\/2025\/11\/Gemini_Generated_Image_jkcf8jjkcf8jjkcf-1.png","contentUrl":"https:\/\/www.em.com.br\/emfoco\/wp-content\/uploads\/2025\/11\/Gemini_Generated_Image_jkcf8jjkcf8jjkcf-1.png","width":1280,"height":720,"caption":"Demiss\u00e3o ap\u00f3s AVC \u00e9 mantida por falta de provas de discrimina\u00e7\u00e3o"},{"@type":"BreadcrumbList","@id":"https:\/\/www.em.com.br\/emfoco\/2025\/11\/08\/justica-entendeu-como-episodio-de-doenca-comum-sem-relacao-com-o-trabalho-e-manteve-rescisao-contratual-de-trabalhador-que-sofreu-avc\/#breadcrumb","itemListElement":[{"@type":"ListItem","position":1,"name":"In\u00edcio","item":"https:\/\/www.em.com.br\/emfoco\/"},{"@type":"ListItem","position":2,"name":"Justi\u00e7a\u00a0entendeu como epis\u00f3dio de doen\u00e7a comum, sem rela\u00e7\u00e3o com o trabalho e manteve rescis\u00e3o contratual de trabalhador que sofreu AVC"}]},{"@type":"WebSite","@id":"https:\/\/www.em.com.br\/emfoco\/#website","url":"https:\/\/www.em.com.br\/emfoco\/","name":"Estado de Minas - Em foco","description":"Acompanhe as \u00faltimas not\u00edcias e fique bem informado sobre tudo o que acontece em Minas Gerais, Brasil e no mundo.","potentialAction":[{"@type":"SearchAction","target":{"@type":"EntryPoint","urlTemplate":"https:\/\/www.em.com.br\/emfoco\/?s={search_term_string}"},"query-input":{"@type":"PropertyValueSpecification","valueRequired":true,"valueName":"search_term_string"}}],"inLanguage":"pt-BR"},{"@type":"Person","@id":"https:\/\/www.em.com.br\/emfoco\/#\/schema\/person\/60eda09c1fedf0d6891f4cef4b60b8b8","name":"Andre\u0301 Rangel\u00a0","image":{"@type":"ImageObject","inLanguage":"pt-BR","@id":"https:\/\/www.em.com.br\/emfoco\/#\/schema\/person\/image\/","url":"https:\/\/secure.gravatar.com\/avatar\/6234dc814c77c8ef6d8bba622c787efc?s=96&d=mm&r=g","contentUrl":"https:\/\/secure.gravatar.com\/avatar\/6234dc814c77c8ef6d8bba622c787efc?s=96&d=mm&r=g","caption":"Andre\u0301 Rangel\u00a0"},"url":"https:\/\/www.em.com.br\/emfoco\/author\/luizmyth\/"}]}},"_links":{"self":[{"href":"https:\/\/www.em.com.br\/emfoco\/wp-json\/wp\/v2\/posts\/124528","targetHints":{"allow":["GET"]}}],"collection":[{"href":"https:\/\/www.em.com.br\/emfoco\/wp-json\/wp\/v2\/posts"}],"about":[{"href":"https:\/\/www.em.com.br\/emfoco\/wp-json\/wp\/v2\/types\/post"}],"author":[{"embeddable":true,"href":"https:\/\/www.em.com.br\/emfoco\/wp-json\/wp\/v2\/users\/11"}],"replies":[{"embeddable":true,"href":"https:\/\/www.em.com.br\/emfoco\/wp-json\/wp\/v2\/comments?post=124528"}],"version-history":[{"count":5,"href":"https:\/\/www.em.com.br\/emfoco\/wp-json\/wp\/v2\/posts\/124528\/revisions"}],"predecessor-version":[{"id":124595,"href":"https:\/\/www.em.com.br\/emfoco\/wp-json\/wp\/v2\/posts\/124528\/revisions\/124595"}],"wp:featuredmedia":[{"embeddable":true,"href":"https:\/\/www.em.com.br\/emfoco\/wp-json\/wp\/v2\/media\/124594"}],"wp:attachment":[{"href":"https:\/\/www.em.com.br\/emfoco\/wp-json\/wp\/v2\/media?parent=124528"}],"wp:term":[{"taxonomy":"category","embeddable":true,"href":"https:\/\/www.em.com.br\/emfoco\/wp-json\/wp\/v2\/categories?post=124528"},{"taxonomy":"post_tag","embeddable":true,"href":"https:\/\/www.em.com.br\/emfoco\/wp-json\/wp\/v2\/tags?post=124528"}],"curies":[{"name":"wp","href":"https:\/\/api.w.org\/{rel}","templated":true}]}}