{"id":124506,"date":"2025-11-08T12:25:00","date_gmt":"2025-11-08T15:25:00","guid":{"rendered":"https:\/\/www.em.com.br\/emfoco\/?p=124506"},"modified":"2025-11-07T19:08:43","modified_gmt":"2025-11-07T22:08:43","slug":"a-regra-de-ouro-para-continuar-recebendo-seus-auxilios","status":"publish","type":"post","link":"https:\/\/www.em.com.br\/emfoco\/2025\/11\/08\/a-regra-de-ouro-para-continuar-recebendo-seus-auxilios\/","title":{"rendered":"A regra de ouro para continuar recebendo seus aux\u00edlios"},"content":{"rendered":"\n<p>Com a recente reformula\u00e7\u00e3o do <strong>Cadastro \u00danico para Programas Sociais<\/strong> (Cad\u00danico), muitos brasileiros que dependem do <strong>Bolsa Fam\u00edlia<\/strong> enfrentam incertezas a respeito do futuro de seus benef\u00edcios diante das novas exig\u00eancias implementadas em 2025.<\/p>\n\n\n\n<h2 class=\"wp-block-heading\">Quais mudan\u00e7as impactam os benefici\u00e1rios?<\/h2>\n\n\n\n<p>As atualiza\u00e7\u00f5es do <strong>Cad\u00danico <\/strong>buscam ampliar a transpar\u00eancia e tornar os programas sociais mais precisos. O sistema passou a integrar suas bases com outros \u00f3rg\u00e3os governamentais para cruzamento de dados, aumentando o rigor sobre quem pode acessar os benef\u00edcios voltados \u00e0 popula\u00e7\u00e3o em situa\u00e7\u00e3o de vulnerabilidade social.<\/p>\n\n\n<div class=\"wp-block-image\">\n<figure class=\"aligncenter size-large\"><img loading=\"lazy\" decoding=\"async\" width=\"1024\" height=\"576\" src=\"https:\/\/www.em.com.br\/emfoco\/wp-content\/uploads\/2025\/10\/notebook_1761125745321-1024x576.jpg\" alt=\"\" class=\"wp-image-121574\" srcset=\"https:\/\/www.em.com.br\/emfoco\/wp-content\/uploads\/2025\/10\/notebook_1761125745321-1024x576.jpg 1024w, https:\/\/www.em.com.br\/emfoco\/wp-content\/uploads\/2025\/10\/notebook_1761125745321-300x169.jpg 300w, https:\/\/www.em.com.br\/emfoco\/wp-content\/uploads\/2025\/10\/notebook_1761125745321-768x432.jpg 768w, https:\/\/www.em.com.br\/emfoco\/wp-content\/uploads\/2025\/10\/notebook_1761125745321-750x422.jpg 750w, https:\/\/www.em.com.br\/emfoco\/wp-content\/uploads\/2025\/10\/notebook_1761125745321-1140x641.jpg 1140w, https:\/\/www.em.com.br\/emfoco\/wp-content\/uploads\/2025\/10\/notebook_1761125745321.jpg 1280w\" sizes=\"auto, (max-width: 1024px) 100vw, 1024px\" \/><figcaption class=\"wp-element-caption\">Manter cadastro atualizado \u00e9 essencial para garantir a continuidade dos aux\u00edlios sociais &#8211; Cr\u00e9ditos: depositphotos.com \/ AndrewLozovyi<\/figcaption><\/figure><\/div>\n\n\n<p>Al\u00e9m disso, a tecnologia foi refor\u00e7ada no processo de cadastro. Plataformas digitais agora permitem que benefici\u00e1rios atualizem informa\u00e7\u00f5es familiares e de renda de forma mais simples, reduzindo a necessidade de ir frequentemente at\u00e9 postos f\u00edsicos para atendimento. O governo tamb\u00e9m anunciou que, a partir de 2025, haver\u00e1 campanhas educativas nas comunidades e mais canais de informa\u00e7\u00e3o para tirar d\u00favidas dos cidad\u00e3os.<\/p>\n\n\n\n<p>Leia mais: <a href=\"https:\/\/www.em.com.br\/emfoco\/2025\/09\/26\/sua-familia-precisa-saber-a-importancia-de-atualizar-o-cadunico\/\" target=\"_blank\" rel=\"noreferrer noopener\">Sua fam\u00edlia precisa saber a import\u00e2ncia de atualizar o Cad\u00danico<\/a><\/p>\n\n\n\n<h2 class=\"wp-block-heading\">Como evitar bloqueio do Bolsa Fam\u00edlia?<\/h2>\n\n\n\n<p>Para n\u00e3o sofrer bloqueio do <strong>Bolsa Fam\u00edlia<\/strong>, o benefici\u00e1rio deve manter as informa\u00e7\u00f5es do <strong>Cad\u00danico <\/strong>sempre atualizadas. \u00c9 obrigat\u00f3ria a atualiza\u00e7\u00e3o peri\u00f3dica de dados como composi\u00e7\u00e3o familiar, endere\u00e7o e renda, pois dados desatualizados podem resultar em suspens\u00e3o do benef\u00edcio.<\/p>\n\n\n\n<p>Outra orienta\u00e7\u00e3o importante \u00e9 aten\u00e7\u00e3o \u00e0s convoca\u00e7\u00f5es do governo para recadastramento ou revis\u00e3o de dados. Para facilitar o acompanhamento, veja alguns pontos essenciais para n\u00e3o perder o benef\u00edcio:<\/p>\n\n\n<div class=\"wp-block-image\">\n<figure class=\"aligncenter size-large\"><img loading=\"lazy\" decoding=\"async\" width=\"1024\" height=\"576\" src=\"https:\/\/www.em.com.br\/emfoco\/wp-content\/uploads\/2025\/06\/bolsa-familia_1748976725057-1024x576.jpg\" alt=\"Bolsa fam\u00edlia come\u00e7a a ser pago na pr\u00f3xima semana para todos os NIS\" class=\"wp-image-54998\" srcset=\"https:\/\/www.em.com.br\/emfoco\/wp-content\/uploads\/2025\/06\/bolsa-familia_1748976725057-1024x576.jpg 1024w, https:\/\/www.em.com.br\/emfoco\/wp-content\/uploads\/2025\/06\/bolsa-familia_1748976725057-300x169.jpg 300w, https:\/\/www.em.com.br\/emfoco\/wp-content\/uploads\/2025\/06\/bolsa-familia_1748976725057-768x432.jpg 768w, https:\/\/www.em.com.br\/emfoco\/wp-content\/uploads\/2025\/06\/bolsa-familia_1748976725057-750x422.jpg 750w, https:\/\/www.em.com.br\/emfoco\/wp-content\/uploads\/2025\/06\/bolsa-familia_1748976725057-1140x641.jpg 1140w, https:\/\/www.em.com.br\/emfoco\/wp-content\/uploads\/2025\/06\/bolsa-familia_1748976725057.jpg 1280w\" sizes=\"auto, (max-width: 1024px) 100vw, 1024px\" \/><figcaption class=\"wp-element-caption\">Manter cadastro atualizado \u00e9 essencial para garantir a continuidade dos aux\u00edlios sociais &#8211; Cr\u00e9ditos: depositphotos.com \/ serezniy<\/figcaption><\/figure><\/div>\n\n\n<ul class=\"wp-block-list\">\n<li>Atualize regularmente todas as informa\u00e7\u00f5es no <strong>Cad\u00danico<\/strong>, especialmente em casos de mudan\u00e7a de endere\u00e7o ou composi\u00e7\u00e3o familiar;<\/li>\n\n\n\n<li>Atenda prontamente \u00e0s convoca\u00e7\u00f5es para recadastramento;<\/li>\n\n\n\n<li>Fique atento a mensagens oficiais do governo sobre o seu benef\u00edcio;<\/li>\n\n\n\n<li>Consulte plataformas como o aplicativo do <strong>Cad\u00danico <\/strong>ou o site do <strong>Minist\u00e9rio do Desenvolvimento Social<\/strong>.<\/li>\n\n\n\n<li>Procure centros de atendimento municipais caso tenha d\u00favidas sobre o processo ou dificuldade no acesso digital.<\/li>\n<\/ul>\n\n\n\n<p>Leia mais: <a href=\"https:\/\/www.em.com.br\/emfoco\/2025\/11\/05\/aprenda-a-atualizar-o-cadunico-no-cras-e-nao-perca-seus-beneficios-sociais\/\" target=\"_blank\" rel=\"noreferrer noopener\">Aprenda a atualizar o Cad\u00danico no CRAS e n\u00e3o perca seus benef\u00edcios sociais<\/a><\/p>\n\n\n\n<h2 class=\"wp-block-heading\">As novas regras trar\u00e3o mais justi\u00e7a?<\/h2>\n\n\n\n<p>A revis\u00e3o do <strong><a href=\"https:\/\/www.gov.br\/pt-br\/servicos\/inscrever-se-no-cadastro-unico-para-programas-sociais-do-governo-federal\" target=\"_blank\" rel=\"noreferrer noopener\">Cad\u00danico <\/a><\/strong>pretende assegurar que os aux\u00edlios cheguem a quem realmente necessita, aprimorando a distribui\u00e7\u00e3o de recursos e combatendo fraudes. Contudo, isso exige maior compromisso das fam\u00edlias em acompanhar suas informa\u00e7\u00f5es e cumprir as regras do programa.<\/p>\n\n\n\n<p>Manter-se informado sobre os comunicados oficiais, fazer atualiza\u00e7\u00f5es em tempo h\u00e1bil e utilizar as novas plataformas digitais s\u00e3o atitudes essenciais para n\u00e3o ter o benef\u00edcio suspenso e garantir o acesso cont\u00ednuo ao <strong>Bolsa Fam\u00edlia<\/strong> durante as altera\u00e7\u00f5es de 2025. Adicionalmente, especialistas apontam que essas medidas podem resultar em inclus\u00e3o de mais fam\u00edlias que antes estavam fora do sistema por falta de atualiza\u00e7\u00e3o cadastral.<\/p>\n","protected":false},"excerpt":{"rendered":"<p>Com a recente reformula\u00e7\u00e3o do Cadastro \u00danico para Programas Sociais (Cad\u00danico), muitos brasileiros que dependem do Bolsa Fam\u00edlia enfrentam incertezas a respeito do futuro de seus benef\u00edcios diante das novas exig\u00eancias implementadas em 2025. Quais mudan\u00e7as impactam os benefici\u00e1rios? As atualiza\u00e7\u00f5es do Cad\u00danico buscam ampliar a transpar\u00eancia e tornar os programas sociais mais precisos. O [&hellip;]<\/p>\n","protected":false},"author":20,"featured_media":90627,"comment_status":"open","ping_status":"open","sticky":false,"template":"","format":"standard","meta":{"jnews-multi-image_gallery":[],"jnews_single_post":{"format":"standard"},"jnews_primary_category":[],"jnews_social_meta":[],"jnews_override_counter":[],"footnotes":""},"categories":[28,1],"tags":[256,209,656],"class_list":["post-124506","post","type-post","status-publish","format-standard","has-post-thumbnail","hentry","category-economia","category-noticias","tag-beneficios","tag-bolsa-familia","tag-cadastro-unico"],"yoast_head":"<!-- This site is optimized with the Yoast SEO plugin v23.8 - https:\/\/yoast.com\/wordpress\/plugins\/seo\/ -->\n<title>A regra de ouro para continuar recebendo seus aux\u00edlios - Estado de Minas - Em foco<\/title>\n<meta name=\"description\" content=\"Conhe\u00e7a a regra de ouro para manter seus aux\u00edlios em dia e o cadastro atualizado e seguir todas as exig\u00eancias dos programas sociais.\" \/>\n<meta name=\"robots\" content=\"index, follow, max-snippet:-1, max-image-preview:large, max-video-preview:-1\" \/>\n<link rel=\"canonical\" href=\"https:\/\/www.em.com.br\/emfoco\/2025\/11\/08\/a-regra-de-ouro-para-continuar-recebendo-seus-auxilios\/\" \/>\n<meta property=\"og:locale\" content=\"pt_BR\" \/>\n<meta property=\"og:type\" content=\"article\" \/>\n<meta property=\"og:title\" content=\"A regra de ouro para continuar recebendo seus aux\u00edlios - Estado de Minas - Em foco\" \/>\n<meta property=\"og:description\" content=\"Conhe\u00e7a a regra de ouro para manter seus aux\u00edlios em dia e o cadastro atualizado e seguir todas as exig\u00eancias dos programas sociais.\" \/>\n<meta property=\"og:url\" content=\"https:\/\/www.em.com.br\/emfoco\/2025\/11\/08\/a-regra-de-ouro-para-continuar-recebendo-seus-auxilios\/\" \/>\n<meta property=\"og:site_name\" content=\"Estado de Minas - Em foco\" \/>\n<meta property=\"article:published_time\" content=\"2025-11-08T15:25:00+00:00\" \/>\n<meta property=\"article:modified_time\" content=\"2025-11-07T22:08:43+00:00\" \/>\n<meta property=\"og:image\" content=\"https:\/\/www.em.com.br\/emfoco\/wp-content\/uploads\/2025\/08\/mosaico_1754978957331.png\" \/>\n\t<meta property=\"og:image:width\" content=\"1280\" \/>\n\t<meta property=\"og:image:height\" content=\"720\" \/>\n\t<meta property=\"og:image:type\" content=\"image\/png\" \/>\n<meta name=\"author\" content=\"Ingrid Diniz\" \/>\n<meta name=\"twitter:card\" content=\"summary_large_image\" \/>\n<meta name=\"twitter:label1\" content=\"Escrito por\" \/>\n\t<meta name=\"twitter:data1\" content=\"Ingrid Diniz\" \/>\n\t<meta name=\"twitter:label2\" content=\"Est. tempo de leitura\" \/>\n\t<meta name=\"twitter:data2\" content=\"4 minutos\" \/>\n<!-- \/ Yoast SEO plugin. -->","yoast_head_json":{"title":"A regra de ouro para continuar recebendo seus aux\u00edlios - Estado de Minas - Em foco","description":"Conhe\u00e7a a regra de ouro para manter seus aux\u00edlios em dia e o cadastro atualizado e seguir todas as exig\u00eancias dos programas sociais.","robots":{"index":"index","follow":"follow","max-snippet":"max-snippet:-1","max-image-preview":"max-image-preview:large","max-video-preview":"max-video-preview:-1"},"canonical":"https:\/\/www.em.com.br\/emfoco\/2025\/11\/08\/a-regra-de-ouro-para-continuar-recebendo-seus-auxilios\/","og_locale":"pt_BR","og_type":"article","og_title":"A regra de ouro para continuar recebendo seus aux\u00edlios - Estado de Minas - Em foco","og_description":"Conhe\u00e7a a regra de ouro para manter seus aux\u00edlios em dia e o cadastro atualizado e seguir todas as exig\u00eancias dos programas sociais.","og_url":"https:\/\/www.em.com.br\/emfoco\/2025\/11\/08\/a-regra-de-ouro-para-continuar-recebendo-seus-auxilios\/","og_site_name":"Estado de Minas - Em foco","article_published_time":"2025-11-08T15:25:00+00:00","article_modified_time":"2025-11-07T22:08:43+00:00","og_image":[{"width":1280,"height":720,"url":"https:\/\/www.em.com.br\/emfoco\/wp-content\/uploads\/2025\/08\/mosaico_1754978957331.png","type":"image\/png"}],"author":"Ingrid Diniz","twitter_card":"summary_large_image","twitter_misc":{"Escrito por":"Ingrid Diniz","Est. tempo de leitura":"4 minutos"},"schema":{"@context":"https:\/\/schema.org","@graph":[{"@type":"WebPage","@id":"https:\/\/www.em.com.br\/emfoco\/2025\/11\/08\/a-regra-de-ouro-para-continuar-recebendo-seus-auxilios\/","url":"https:\/\/www.em.com.br\/emfoco\/2025\/11\/08\/a-regra-de-ouro-para-continuar-recebendo-seus-auxilios\/","name":"A regra de ouro para continuar recebendo seus aux\u00edlios - Estado de Minas - Em foco","isPartOf":{"@id":"https:\/\/www.em.com.br\/emfoco\/#website"},"primaryImageOfPage":{"@id":"https:\/\/www.em.com.br\/emfoco\/2025\/11\/08\/a-regra-de-ouro-para-continuar-recebendo-seus-auxilios\/#primaryimage"},"image":{"@id":"https:\/\/www.em.com.br\/emfoco\/2025\/11\/08\/a-regra-de-ouro-para-continuar-recebendo-seus-auxilios\/#primaryimage"},"thumbnailUrl":"https:\/\/www.em.com.br\/emfoco\/wp-content\/uploads\/2025\/08\/mosaico_1754978957331.png","datePublished":"2025-11-08T15:25:00+00:00","dateModified":"2025-11-07T22:08:43+00:00","author":{"@id":"https:\/\/www.em.com.br\/emfoco\/#\/schema\/person\/649e610b4eb8fff87ff394e54fe17b2b"},"description":"Conhe\u00e7a a regra de ouro para manter seus aux\u00edlios em dia e o cadastro atualizado e seguir todas as exig\u00eancias dos programas sociais.","breadcrumb":{"@id":"https:\/\/www.em.com.br\/emfoco\/2025\/11\/08\/a-regra-de-ouro-para-continuar-recebendo-seus-auxilios\/#breadcrumb"},"inLanguage":"pt-BR","potentialAction":[{"@type":"ReadAction","target":["https:\/\/www.em.com.br\/emfoco\/2025\/11\/08\/a-regra-de-ouro-para-continuar-recebendo-seus-auxilios\/"]}]},{"@type":"ImageObject","inLanguage":"pt-BR","@id":"https:\/\/www.em.com.br\/emfoco\/2025\/11\/08\/a-regra-de-ouro-para-continuar-recebendo-seus-auxilios\/#primaryimage","url":"https:\/\/www.em.com.br\/emfoco\/wp-content\/uploads\/2025\/08\/mosaico_1754978957331.png","contentUrl":"https:\/\/www.em.com.br\/emfoco\/wp-content\/uploads\/2025\/08\/mosaico_1754978957331.png","width":1280,"height":720,"caption":"Reduza o IR com dedu\u00e7\u00f5es permitidas pela lei - Cr\u00e9ditos: depositphotos.com \/ dacasdo e depositphotos.com \/ AndrewLozovyi"},{"@type":"BreadcrumbList","@id":"https:\/\/www.em.com.br\/emfoco\/2025\/11\/08\/a-regra-de-ouro-para-continuar-recebendo-seus-auxilios\/#breadcrumb","itemListElement":[{"@type":"ListItem","position":1,"name":"In\u00edcio","item":"https:\/\/www.em.com.br\/emfoco\/"},{"@type":"ListItem","position":2,"name":"A regra de ouro para continuar recebendo seus aux\u00edlios"}]},{"@type":"WebSite","@id":"https:\/\/www.em.com.br\/emfoco\/#website","url":"https:\/\/www.em.com.br\/emfoco\/","name":"Estado de Minas - Em foco","description":"Acompanhe as \u00faltimas not\u00edcias e fique bem informado sobre tudo o que acontece em Minas Gerais, Brasil e no mundo.","potentialAction":[{"@type":"SearchAction","target":{"@type":"EntryPoint","urlTemplate":"https:\/\/www.em.com.br\/emfoco\/?s={search_term_string}"},"query-input":{"@type":"PropertyValueSpecification","valueRequired":true,"valueName":"search_term_string"}}],"inLanguage":"pt-BR"},{"@type":"Person","@id":"https:\/\/www.em.com.br\/emfoco\/#\/schema\/person\/649e610b4eb8fff87ff394e54fe17b2b","name":"Ingrid Diniz","image":{"@type":"ImageObject","inLanguage":"pt-BR","@id":"https:\/\/www.em.com.br\/emfoco\/#\/schema\/person\/image\/","url":"https:\/\/secure.gravatar.com\/avatar\/a3baa1449ec5c39b4c42babc9d4f3951?s=96&d=mm&r=g","contentUrl":"https:\/\/secure.gravatar.com\/avatar\/a3baa1449ec5c39b4c42babc9d4f3951?s=96&d=mm&r=g","caption":"Ingrid Diniz"},"sameAs":["https:\/\/www.em.com.br\/"],"url":"https:\/\/www.em.com.br\/emfoco\/author\/ingridmyth\/"}]}},"_links":{"self":[{"href":"https:\/\/www.em.com.br\/emfoco\/wp-json\/wp\/v2\/posts\/124506","targetHints":{"allow":["GET"]}}],"collection":[{"href":"https:\/\/www.em.com.br\/emfoco\/wp-json\/wp\/v2\/posts"}],"about":[{"href":"https:\/\/www.em.com.br\/emfoco\/wp-json\/wp\/v2\/types\/post"}],"author":[{"embeddable":true,"href":"https:\/\/www.em.com.br\/emfoco\/wp-json\/wp\/v2\/users\/20"}],"replies":[{"embeddable":true,"href":"https:\/\/www.em.com.br\/emfoco\/wp-json\/wp\/v2\/comments?post=124506"}],"version-history":[{"count":2,"href":"https:\/\/www.em.com.br\/emfoco\/wp-json\/wp\/v2\/posts\/124506\/revisions"}],"predecessor-version":[{"id":125072,"href":"https:\/\/www.em.com.br\/emfoco\/wp-json\/wp\/v2\/posts\/124506\/revisions\/125072"}],"wp:featuredmedia":[{"embeddable":true,"href":"https:\/\/www.em.com.br\/emfoco\/wp-json\/wp\/v2\/media\/90627"}],"wp:attachment":[{"href":"https:\/\/www.em.com.br\/emfoco\/wp-json\/wp\/v2\/media?parent=124506"}],"wp:term":[{"taxonomy":"category","embeddable":true,"href":"https:\/\/www.em.com.br\/emfoco\/wp-json\/wp\/v2\/categories?post=124506"},{"taxonomy":"post_tag","embeddable":true,"href":"https:\/\/www.em.com.br\/emfoco\/wp-json\/wp\/v2\/tags?post=124506"}],"curies":[{"name":"wp","href":"https:\/\/api.w.org\/{rel}","templated":true}]}}