{"id":124503,"date":"2025-11-08T07:15:00","date_gmt":"2025-11-08T10:15:00","guid":{"rendered":"https:\/\/www.em.com.br\/emfoco\/?p=124503"},"modified":"2025-11-06T20:16:02","modified_gmt":"2025-11-06T23:16:02","slug":"quais-sao-os-requisitos-para-solicitar-o-certificado-de-pessoa-com-deficiencia-em-novembro","status":"publish","type":"post","link":"https:\/\/www.em.com.br\/emfoco\/2025\/11\/08\/quais-sao-os-requisitos-para-solicitar-o-certificado-de-pessoa-com-deficiencia-em-novembro\/","title":{"rendered":"Quais s\u00e3o os requisitos para solicitar o Certificado de Pessoa com Defici\u00eancia em novembro?"},"content":{"rendered":"\n<p>O <strong>Certificado de Pessoa com Defici\u00eancia<\/strong> \u00e9 um documento oficial que comprova, de maneira formal, a condi\u00e7\u00e3o de defici\u00eancia de um indiv\u00edduo e garante o acesso a pol\u00edticas p\u00fablicas, benef\u00edcios sociais e isen\u00e7\u00f5es fiscais espec\u00edficas. Com ele, a pessoa pode obter direitos como atendimento priorit\u00e1rio, vagas reservadas em concursos, isen\u00e7\u00e3o de impostos na compra de ve\u00edculos, entre outros.<\/p>\n\n\n\n<h2 class=\"wp-block-heading\">Quais documentos preciso para solicitar?<\/h2>\n\n\n<div class=\"wp-block-image\">\n<figure class=\"aligncenter size-large\"><img loading=\"lazy\" decoding=\"async\" width=\"1024\" height=\"576\" src=\"https:\/\/www.em.com.br\/emfoco\/wp-content\/uploads\/2025\/07\/imposto_1753155502972-1024x576.jpg\" alt=\"O novo trabalho da sua fam\u00edlia est\u00e1 no concurso SEE-MG\" class=\"wp-image-79990\" srcset=\"https:\/\/www.em.com.br\/emfoco\/wp-content\/uploads\/2025\/07\/imposto_1753155502972-1024x576.jpg 1024w, https:\/\/www.em.com.br\/emfoco\/wp-content\/uploads\/2025\/07\/imposto_1753155502972-300x169.jpg 300w, https:\/\/www.em.com.br\/emfoco\/wp-content\/uploads\/2025\/07\/imposto_1753155502972-768x432.jpg 768w, https:\/\/www.em.com.br\/emfoco\/wp-content\/uploads\/2025\/07\/imposto_1753155502972-750x422.jpg 750w, https:\/\/www.em.com.br\/emfoco\/wp-content\/uploads\/2025\/07\/imposto_1753155502972-1140x641.jpg 1140w, https:\/\/www.em.com.br\/emfoco\/wp-content\/uploads\/2025\/07\/imposto_1753155502972.jpg 1280w\" sizes=\"auto, (max-width: 1024px) 100vw, 1024px\" \/><figcaption class=\"wp-element-caption\">Requisitos necess\u00e1rios para solicitar o Certificado de Pessoa com Defici\u00eancia no per\u00edodo indicado &#8211; Cr\u00e9ditos: depositphotos.com \/ AndrewLozovyi<\/figcaption><\/figure><\/div>\n\n\n<p>A solicita\u00e7\u00e3o do certificado exige uma s\u00e9rie de documentos essenciais para comprova\u00e7\u00e3o de identidade e resid\u00eancia. Apresentar a documenta\u00e7\u00e3o correta desde o in\u00edcio facilita e agiliza o processo de an\u00e1lise do pedido.<\/p>\n\n\n\n<p>Dentre os documentos mais comuns solicitados para iniciar o pedido, est\u00e3o:<\/p>\n\n\n\n<ul class=\"wp-block-list\">\n<li>Documento de identifica\u00e7\u00e3o com foto (RG ou CNH)<\/li>\n\n\n\n<li>CPF<\/li>\n\n\n\n<li>Comprovante de resid\u00eancia recente<\/li>\n\n\n\n<li>Laudo m\u00e9dico detalhado, conforme a defici\u00eancia<\/li>\n<\/ul>\n\n\n\n<h2 class=\"wp-block-heading\">Como obter um laudo m\u00e9dico v\u00e1lido?<\/h2>\n\n\n\n<p>O laudo m\u00e9dico \u00e9 fundamental para o processo e deve ser emitido por um profissional especializado. O documento precisa conter detalhes sobre o tipo de defici\u00eancia, sua gravidade e o impacto di\u00e1rio na vida do indiv\u00edduo.<\/p>\n\n\n\n<p>Al\u00e9m disso, \u00e9 recomend\u00e1vel verificar se o laudo segue o modelo exigido pelo \u00f3rg\u00e3o respons\u00e1vel em sua regi\u00e3o, j\u00e1 que formatos e exig\u00eancias podem variar. Em alguns casos, pode ser necess\u00e1rio o laudo do <strong>Sistema \u00danico de Sa\u00fade<\/strong> (SUS) ou laudo m\u00e9dico particular com firma reconhecida.<\/p>\n\n\n\n<p>Leia mais: <a href=\"https:\/\/www.em.com.br\/emfoco\/2025\/11\/05\/aprenda-a-atualizar-o-cadunico-no-cras-e-nao-perca-seus-beneficios-sociais\/\" target=\"_blank\" rel=\"noreferrer noopener\">Aprenda a atualizar o Cad\u00danico no CRAS e n\u00e3o perca seus benef\u00edcios sociais<\/a><\/p>\n\n\n\n<h2 class=\"wp-block-heading\">Onde posso dar entrada no certificado?<\/h2>\n\n\n<div class=\"wp-block-image\">\n<figure class=\"aligncenter size-large\"><img loading=\"lazy\" decoding=\"async\" width=\"1024\" height=\"576\" src=\"https:\/\/www.em.com.br\/emfoco\/wp-content\/uploads\/2025\/10\/notebook_1761125745321-1024x576.jpg\" alt=\"\" class=\"wp-image-121574\" srcset=\"https:\/\/www.em.com.br\/emfoco\/wp-content\/uploads\/2025\/10\/notebook_1761125745321-1024x576.jpg 1024w, https:\/\/www.em.com.br\/emfoco\/wp-content\/uploads\/2025\/10\/notebook_1761125745321-300x169.jpg 300w, https:\/\/www.em.com.br\/emfoco\/wp-content\/uploads\/2025\/10\/notebook_1761125745321-768x432.jpg 768w, https:\/\/www.em.com.br\/emfoco\/wp-content\/uploads\/2025\/10\/notebook_1761125745321-750x422.jpg 750w, https:\/\/www.em.com.br\/emfoco\/wp-content\/uploads\/2025\/10\/notebook_1761125745321-1140x641.jpg 1140w, https:\/\/www.em.com.br\/emfoco\/wp-content\/uploads\/2025\/10\/notebook_1761125745321.jpg 1280w\" sizes=\"auto, (max-width: 1024px) 100vw, 1024px\" \/><figcaption class=\"wp-element-caption\">Requisitos necess\u00e1rios para solicitar o Certificado de Pessoa com Defici\u00eancia no per\u00edodo indicado &#8211; Cr\u00e9ditos: depositphotos.com \/ AndrewLozovyi<\/figcaption><\/figure><\/div>\n\n\n<p>O protocolo pode ser realizado online, atrav\u00e9s de plataformas governamentais, ou presencialmente em postos de atendimento ao cidad\u00e3o, dependendo da cidade. Recomenda-se conferir previamente os canais oficiais para garantir o envio correto dos documentos.<\/p>\n\n\n\n<p>Ao iniciar a solicita\u00e7\u00e3o, fique atento \u00e0s instru\u00e7\u00f5es do \u00f3rg\u00e3o para envio digital ou presencial e \u00e0 necessidade de apresentar c\u00f3pias autenticadas dos documentos, caso solicitado. Algumas cidades j\u00e1 oferecem aplicativos ou portais espec\u00edficos para este tipo de atendimento.<\/p>\n\n\n\n<p>Leia mais: <a href=\"https:\/\/www.em.com.br\/emfoco\/2025\/11\/01\/bpc-garante-salario-minimo-para-quem-nunca-contribuiu-com-o-inss\/\" target=\"_blank\" rel=\"noreferrer noopener\">BPC garante sal\u00e1rio m\u00ednimo para quem nunca contribuiu com o INSS<\/a><\/p>\n\n\n\n<h2 class=\"wp-block-heading\">Como funcionam prazos e etapas de avalia\u00e7\u00e3o?<\/h2>\n\n\n\n<p>Ap\u00f3s o envio da solicita\u00e7\u00e3o, a avalia\u00e7\u00e3o pode durar de alguns dias a algumas semanas. Durante esse per\u00edodo, o \u00f3rg\u00e3o respons\u00e1vel pode solicitar informa\u00e7\u00f5es extras ou agendar uma avalia\u00e7\u00e3o presencial para melhor an\u00e1lise do caso.<\/p>\n\n\n\n<p>Caso queira garantir mais tranquilidade durante todas as etapas, preste aten\u00e7\u00e3o a alguns pontos pr\u00e1ticos e fundamentais para a obten\u00e7\u00e3o e atualiza\u00e7\u00e3o do certificado:<\/p>\n\n\n\n<ul class=\"wp-block-list\">\n<li>Mantenha os dados de contato sempre atualizados para receber notifica\u00e7\u00f5es e evitar atrasos.<\/li>\n\n\n\n<li>Em caso de indeferimento, \u00e9 poss\u00edvel apresentar recurso ou solicitar uma nova avalia\u00e7\u00e3o.<\/li>\n\n\n\n<li>Fique atento aos prazos, pois o atraso na entrega de documentos pode atrasar o processo de emiss\u00e3o.<\/li>\n<\/ul>\n\n\n\n<p>O <strong><a href=\"https:\/\/www.gov.br\/pt-br\/servicos\/emitir-certificado-da-pessoa-com-deficiencia\" target=\"_blank\" rel=\"noreferrer noopener\">Certificado de Pessoa com Defici\u00eancia<\/a><\/strong> desempenha papel essencial na garantia de direitos e na promo\u00e7\u00e3o da inclus\u00e3o social. Acompanhe as orienta\u00e7\u00f5es de sua cidade ou estado, pois as normas e procedimentos podem variar conforme a regi\u00e3o.<\/p>\n","protected":false},"excerpt":{"rendered":"<p>O Certificado de Pessoa com Defici\u00eancia \u00e9 um documento oficial que comprova, de maneira formal, a condi\u00e7\u00e3o de defici\u00eancia de um indiv\u00edduo e garante o acesso a pol\u00edticas p\u00fablicas, benef\u00edcios sociais e isen\u00e7\u00f5es fiscais espec\u00edficas. Com ele, a pessoa pode obter direitos como atendimento priorit\u00e1rio, vagas reservadas em concursos, isen\u00e7\u00e3o de impostos na compra de [&hellip;]<\/p>\n","protected":false},"author":20,"featured_media":113307,"comment_status":"open","ping_status":"open","sticky":false,"template":"","format":"standard","meta":{"jnews-multi-image_gallery":[],"jnews_single_post":{"format":"standard"},"jnews_primary_category":[],"jnews_social_meta":[],"jnews_override_counter":[],"footnotes":""},"categories":[28,1],"tags":[18556,2257],"class_list":["post-124503","post","type-post","status-publish","format-standard","has-post-thumbnail","hentry","category-economia","category-noticias","tag-certificado","tag-pessoa-com-deficiencia"],"yoast_head":"<!-- This site is optimized with the Yoast SEO plugin v23.8 - https:\/\/yoast.com\/wordpress\/plugins\/seo\/ -->\n<title>Quais s\u00e3o os requisitos para solicitar o Certificado de Pessoa com Defici\u00eancia em novembro? - Estado de Minas - Em foco<\/title>\n<meta name=\"description\" content=\"Pessoas com defici\u00eancia podem solicitar certificado no Meu INSS se tiverem avalia\u00e7\u00e3o recente ou receberem BPC. Servi\u00e7o \u00e9 online e gratuito.\" \/>\n<meta name=\"robots\" content=\"index, follow, max-snippet:-1, max-image-preview:large, max-video-preview:-1\" \/>\n<link rel=\"canonical\" href=\"https:\/\/www.em.com.br\/emfoco\/2025\/11\/08\/quais-sao-os-requisitos-para-solicitar-o-certificado-de-pessoa-com-deficiencia-em-novembro\/\" \/>\n<meta property=\"og:locale\" content=\"pt_BR\" \/>\n<meta property=\"og:type\" content=\"article\" \/>\n<meta property=\"og:title\" content=\"Quais s\u00e3o os requisitos para solicitar o Certificado de Pessoa com Defici\u00eancia em novembro? - Estado de Minas - Em foco\" \/>\n<meta property=\"og:description\" content=\"Pessoas com defici\u00eancia podem solicitar certificado no Meu INSS se tiverem avalia\u00e7\u00e3o recente ou receberem BPC. Servi\u00e7o \u00e9 online e gratuito.\" \/>\n<meta property=\"og:url\" content=\"https:\/\/www.em.com.br\/emfoco\/2025\/11\/08\/quais-sao-os-requisitos-para-solicitar-o-certificado-de-pessoa-com-deficiencia-em-novembro\/\" \/>\n<meta property=\"og:site_name\" content=\"Estado de Minas - Em foco\" \/>\n<meta property=\"article:published_time\" content=\"2025-11-08T10:15:00+00:00\" \/>\n<meta property=\"article:modified_time\" content=\"2025-11-06T23:16:02+00:00\" \/>\n<meta property=\"og:image\" content=\"https:\/\/www.em.com.br\/emfoco\/wp-content\/uploads\/2025\/10\/pessoa-com-deficiencia_1757084327614.jpg\" \/>\n\t<meta property=\"og:image:width\" content=\"1280\" \/>\n\t<meta property=\"og:image:height\" content=\"720\" \/>\n\t<meta property=\"og:image:type\" content=\"image\/jpeg\" \/>\n<meta name=\"author\" content=\"Ingrid Diniz\" \/>\n<meta name=\"twitter:card\" content=\"summary_large_image\" \/>\n<meta name=\"twitter:label1\" content=\"Escrito por\" \/>\n\t<meta name=\"twitter:data1\" content=\"Ingrid Diniz\" \/>\n\t<meta name=\"twitter:label2\" content=\"Est. tempo de leitura\" \/>\n\t<meta name=\"twitter:data2\" content=\"4 minutos\" \/>\n<!-- \/ Yoast SEO plugin. -->","yoast_head_json":{"title":"Quais s\u00e3o os requisitos para solicitar o Certificado de Pessoa com Defici\u00eancia em novembro? - Estado de Minas - Em foco","description":"Pessoas com defici\u00eancia podem solicitar certificado no Meu INSS se tiverem avalia\u00e7\u00e3o recente ou receberem BPC. Servi\u00e7o \u00e9 online e gratuito.","robots":{"index":"index","follow":"follow","max-snippet":"max-snippet:-1","max-image-preview":"max-image-preview:large","max-video-preview":"max-video-preview:-1"},"canonical":"https:\/\/www.em.com.br\/emfoco\/2025\/11\/08\/quais-sao-os-requisitos-para-solicitar-o-certificado-de-pessoa-com-deficiencia-em-novembro\/","og_locale":"pt_BR","og_type":"article","og_title":"Quais s\u00e3o os requisitos para solicitar o Certificado de Pessoa com Defici\u00eancia em novembro? - Estado de Minas - Em foco","og_description":"Pessoas com defici\u00eancia podem solicitar certificado no Meu INSS se tiverem avalia\u00e7\u00e3o recente ou receberem BPC. Servi\u00e7o \u00e9 online e gratuito.","og_url":"https:\/\/www.em.com.br\/emfoco\/2025\/11\/08\/quais-sao-os-requisitos-para-solicitar-o-certificado-de-pessoa-com-deficiencia-em-novembro\/","og_site_name":"Estado de Minas - Em foco","article_published_time":"2025-11-08T10:15:00+00:00","article_modified_time":"2025-11-06T23:16:02+00:00","og_image":[{"width":1280,"height":720,"url":"https:\/\/www.em.com.br\/emfoco\/wp-content\/uploads\/2025\/10\/pessoa-com-deficiencia_1757084327614.jpg","type":"image\/jpeg"}],"author":"Ingrid Diniz","twitter_card":"summary_large_image","twitter_misc":{"Escrito por":"Ingrid Diniz","Est. tempo de leitura":"4 minutos"},"schema":{"@context":"https:\/\/schema.org","@graph":[{"@type":"WebPage","@id":"https:\/\/www.em.com.br\/emfoco\/2025\/11\/08\/quais-sao-os-requisitos-para-solicitar-o-certificado-de-pessoa-com-deficiencia-em-novembro\/","url":"https:\/\/www.em.com.br\/emfoco\/2025\/11\/08\/quais-sao-os-requisitos-para-solicitar-o-certificado-de-pessoa-com-deficiencia-em-novembro\/","name":"Quais s\u00e3o os requisitos para solicitar o Certificado de Pessoa com Defici\u00eancia em novembro? - Estado de Minas - Em foco","isPartOf":{"@id":"https:\/\/www.em.com.br\/emfoco\/#website"},"primaryImageOfPage":{"@id":"https:\/\/www.em.com.br\/emfoco\/2025\/11\/08\/quais-sao-os-requisitos-para-solicitar-o-certificado-de-pessoa-com-deficiencia-em-novembro\/#primaryimage"},"image":{"@id":"https:\/\/www.em.com.br\/emfoco\/2025\/11\/08\/quais-sao-os-requisitos-para-solicitar-o-certificado-de-pessoa-com-deficiencia-em-novembro\/#primaryimage"},"thumbnailUrl":"https:\/\/www.em.com.br\/emfoco\/wp-content\/uploads\/2025\/10\/pessoa-com-deficiencia_1757084327614.jpg","datePublished":"2025-11-08T10:15:00+00:00","dateModified":"2025-11-06T23:16:02+00:00","author":{"@id":"https:\/\/www.em.com.br\/emfoco\/#\/schema\/person\/649e610b4eb8fff87ff394e54fe17b2b"},"description":"Pessoas com defici\u00eancia podem solicitar certificado no Meu INSS se tiverem avalia\u00e7\u00e3o recente ou receberem BPC. Servi\u00e7o \u00e9 online e gratuito.","breadcrumb":{"@id":"https:\/\/www.em.com.br\/emfoco\/2025\/11\/08\/quais-sao-os-requisitos-para-solicitar-o-certificado-de-pessoa-com-deficiencia-em-novembro\/#breadcrumb"},"inLanguage":"pt-BR","potentialAction":[{"@type":"ReadAction","target":["https:\/\/www.em.com.br\/emfoco\/2025\/11\/08\/quais-sao-os-requisitos-para-solicitar-o-certificado-de-pessoa-com-deficiencia-em-novembro\/"]}]},{"@type":"ImageObject","inLanguage":"pt-BR","@id":"https:\/\/www.em.com.br\/emfoco\/2025\/11\/08\/quais-sao-os-requisitos-para-solicitar-o-certificado-de-pessoa-com-deficiencia-em-novembro\/#primaryimage","url":"https:\/\/www.em.com.br\/emfoco\/wp-content\/uploads\/2025\/10\/pessoa-com-deficiencia_1757084327614.jpg","contentUrl":"https:\/\/www.em.com.br\/emfoco\/wp-content\/uploads\/2025\/10\/pessoa-com-deficiencia_1757084327614.jpg","width":1280,"height":720,"caption":"Previs\u00e3o do tempo em Minas Gerais nos pr\u00f3ximos dias - Cr\u00e9ditos: depositphotos.com \/ IgorVetushko"},{"@type":"BreadcrumbList","@id":"https:\/\/www.em.com.br\/emfoco\/2025\/11\/08\/quais-sao-os-requisitos-para-solicitar-o-certificado-de-pessoa-com-deficiencia-em-novembro\/#breadcrumb","itemListElement":[{"@type":"ListItem","position":1,"name":"In\u00edcio","item":"https:\/\/www.em.com.br\/emfoco\/"},{"@type":"ListItem","position":2,"name":"Quais s\u00e3o os requisitos para solicitar o Certificado de Pessoa com Defici\u00eancia em novembro?"}]},{"@type":"WebSite","@id":"https:\/\/www.em.com.br\/emfoco\/#website","url":"https:\/\/www.em.com.br\/emfoco\/","name":"Estado de Minas - Em foco","description":"Acompanhe as \u00faltimas not\u00edcias e fique bem informado sobre tudo o que acontece em Minas Gerais, Brasil e no mundo.","potentialAction":[{"@type":"SearchAction","target":{"@type":"EntryPoint","urlTemplate":"https:\/\/www.em.com.br\/emfoco\/?s={search_term_string}"},"query-input":{"@type":"PropertyValueSpecification","valueRequired":true,"valueName":"search_term_string"}}],"inLanguage":"pt-BR"},{"@type":"Person","@id":"https:\/\/www.em.com.br\/emfoco\/#\/schema\/person\/649e610b4eb8fff87ff394e54fe17b2b","name":"Ingrid Diniz","image":{"@type":"ImageObject","inLanguage":"pt-BR","@id":"https:\/\/www.em.com.br\/emfoco\/#\/schema\/person\/image\/","url":"https:\/\/secure.gravatar.com\/avatar\/a3baa1449ec5c39b4c42babc9d4f3951?s=96&d=mm&r=g","contentUrl":"https:\/\/secure.gravatar.com\/avatar\/a3baa1449ec5c39b4c42babc9d4f3951?s=96&d=mm&r=g","caption":"Ingrid Diniz"},"sameAs":["https:\/\/www.em.com.br\/"],"url":"https:\/\/www.em.com.br\/emfoco\/author\/ingridmyth\/"}]}},"_links":{"self":[{"href":"https:\/\/www.em.com.br\/emfoco\/wp-json\/wp\/v2\/posts\/124503","targetHints":{"allow":["GET"]}}],"collection":[{"href":"https:\/\/www.em.com.br\/emfoco\/wp-json\/wp\/v2\/posts"}],"about":[{"href":"https:\/\/www.em.com.br\/emfoco\/wp-json\/wp\/v2\/types\/post"}],"author":[{"embeddable":true,"href":"https:\/\/www.em.com.br\/emfoco\/wp-json\/wp\/v2\/users\/20"}],"replies":[{"embeddable":true,"href":"https:\/\/www.em.com.br\/emfoco\/wp-json\/wp\/v2\/comments?post=124503"}],"version-history":[{"count":1,"href":"https:\/\/www.em.com.br\/emfoco\/wp-json\/wp\/v2\/posts\/124503\/revisions"}],"predecessor-version":[{"id":124526,"href":"https:\/\/www.em.com.br\/emfoco\/wp-json\/wp\/v2\/posts\/124503\/revisions\/124526"}],"wp:featuredmedia":[{"embeddable":true,"href":"https:\/\/www.em.com.br\/emfoco\/wp-json\/wp\/v2\/media\/113307"}],"wp:attachment":[{"href":"https:\/\/www.em.com.br\/emfoco\/wp-json\/wp\/v2\/media?parent=124503"}],"wp:term":[{"taxonomy":"category","embeddable":true,"href":"https:\/\/www.em.com.br\/emfoco\/wp-json\/wp\/v2\/categories?post=124503"},{"taxonomy":"post_tag","embeddable":true,"href":"https:\/\/www.em.com.br\/emfoco\/wp-json\/wp\/v2\/tags?post=124503"}],"curies":[{"name":"wp","href":"https:\/\/api.w.org\/{rel}","templated":true}]}}