{"id":124354,"date":"2025-11-10T13:05:00","date_gmt":"2025-11-10T16:05:00","guid":{"rendered":"https:\/\/www.em.com.br\/emfoco\/?p=124354"},"modified":"2025-11-06T17:54:18","modified_gmt":"2025-11-06T20:54:18","slug":"exercicios-simples-que-turbinaram-meu-folego-e-meu-humor","status":"publish","type":"post","link":"https:\/\/www.em.com.br\/emfoco\/2025\/11\/10\/exercicios-simples-que-turbinaram-meu-folego-e-meu-humor\/","title":{"rendered":"Exerc\u00edcios simples que turbinaram meu f\u00f4lego e meu humor"},"content":{"rendered":"\n<p>Manter o <strong>f\u00f4lego em dia<\/strong> vai muito al\u00e9m da est\u00e9tica: influencia o humor, o sono e a disposi\u00e7\u00e3o. Com o tempo, pr\u00e1ticas regulares ajudam a oxigenar melhor o corpo, fortalecendo o sistema respirat\u00f3rio e trazendo mais leveza \u00e0s atividades di\u00e1rias.<\/p>\n\n\n\n<h2 class=\"wp-block-heading\">Por que a respira\u00e7\u00e3o influencia tanto o bem-estar f\u00edsico e mental?<\/h2>\n\n\n\n<p>Uma <strong>respira\u00e7\u00e3o eficiente<\/strong> melhora a circula\u00e7\u00e3o do oxig\u00eanio e regula o sistema nervoso. Quando o corpo recebe oxig\u00eanio suficiente, h\u00e1 redu\u00e7\u00e3o do estresse, melhora na clareza mental e maior equil\u00edbrio emocional ao longo do dia.<\/p>\n\n\n\n<p>Al\u00e9m disso, uma boa capacidade respirat\u00f3ria reduz o cansa\u00e7o e fortalece o cora\u00e7\u00e3o. Por isso, investir em <strong>exerc\u00edcios aer\u00f3bicos<\/strong> leves \u00e9 essencial para quem deseja mais energia e qualidade de vida, mesmo nas tarefas simples do cotidiano.<\/p>\n\n\n\n<figure class=\"wp-block-image size-large\"><img loading=\"lazy\" decoding=\"async\" width=\"1024\" height=\"576\" src=\"https:\/\/www.em.com.br\/emfoco\/wp-content\/uploads\/2025\/11\/Respiracao-profunda_1762462363263-1024x576.jpg\" alt=\"Exerc\u00edcios simples que turbinaram meu f\u00f4lego e meu humor\" class=\"wp-image-124424\" srcset=\"https:\/\/www.em.com.br\/emfoco\/wp-content\/uploads\/2025\/11\/Respiracao-profunda_1762462363263-1024x576.jpg 1024w, https:\/\/www.em.com.br\/emfoco\/wp-content\/uploads\/2025\/11\/Respiracao-profunda_1762462363263-300x169.jpg 300w, https:\/\/www.em.com.br\/emfoco\/wp-content\/uploads\/2025\/11\/Respiracao-profunda_1762462363263-768x432.jpg 768w, https:\/\/www.em.com.br\/emfoco\/wp-content\/uploads\/2025\/11\/Respiracao-profunda_1762462363263-750x422.jpg 750w, https:\/\/www.em.com.br\/emfoco\/wp-content\/uploads\/2025\/11\/Respiracao-profunda_1762462363263-1140x641.jpg 1140w, https:\/\/www.em.com.br\/emfoco\/wp-content\/uploads\/2025\/11\/Respiracao-profunda_1762462363263.jpg 1280w\" sizes=\"auto, (max-width: 1024px) 100vw, 1024px\" \/><figcaption class=\"wp-element-caption\">Boa respira\u00e7\u00e3o melhora humor, energia e qualidade de vida di\u00e1ria &#8211; Cr\u00e9ditos: depositphotos.com \/ brizmaker<\/figcaption><\/figure>\n\n\n\n<h2 class=\"wp-block-heading\">Quais exerc\u00edcios ajudam a aumentar o f\u00f4lego rapidamente?<\/h2>\n\n\n\n<p>Para melhorar o <strong><a href=\"https:\/\/cdd.org.br\/noticias\/exercicios-respiratorios-para-aumentar-a-capacidade-pulmonar\/\" target=\"_blank\" rel=\"noreferrer noopener\">condicionamento respirat\u00f3rio<\/a><\/strong>, o ideal \u00e9 come\u00e7ar com atividades leves e progressivas. Elas aumentam a capacidade pulmonar e treinam o corpo a usar o oxig\u00eanio de forma mais eficiente. Confira na lista abaixo os melhores exerc\u00edcios para fortalecer o f\u00f4lego:<\/p>\n\n\n\n<ul class=\"wp-block-list\">\n<li><strong>Caminhada moderada<\/strong>: estimula a expans\u00e3o dos pulm\u00f5es e melhora a circula\u00e7\u00e3o sangu\u00ednea.<\/li>\n\n\n\n<li><strong>Polichinelo<\/strong>: ativa o sistema cardiovascular e melhora a resist\u00eancia pulmonar.<\/li>\n\n\n\n<li><strong>Subir escadas<\/strong>: fortalece m\u00fasculos e ensina o corpo a controlar melhor o ritmo respirat\u00f3rio.<\/li>\n<\/ul>\n\n\n\n<p><em>Leia mais: <strong><a href=\"https:\/\/www.em.com.br\/emfoco\/2025\/10\/18\/os-erros-mais-comuns-que-destroem-seus-resultados-na-academia\/\" target=\"_blank\" rel=\"noreferrer noopener\">Os erros mais comuns que destroem seus resultados na academia<\/a><\/strong><\/em><\/p>\n\n\n\n<h2 class=\"wp-block-heading\">Como a pr\u00e1tica regular muda o desempenho do corpo?<\/h2>\n\n\n\n<p>Com o tempo, o corpo se adapta \u00e0 <strong>rotina de exerc\u00edcios<\/strong>, aumentando a efici\u00eancia pulmonar e reduzindo o esfor\u00e7o para realizar tarefas comuns. Esse processo contribui para a melhora da postura e do equil\u00edbrio energ\u00e9tico.<\/p>\n\n\n\n<p>Estudos mostram que praticar <strong>atividades f\u00edsicas<\/strong> leves por 30 minutos di\u00e1rios j\u00e1 \u00e9 suficiente para elevar o n\u00edvel de oxigena\u00e7\u00e3o e melhorar o humor. O segredo \u00e9 manter const\u00e2ncia, respeitar o pr\u00f3prio ritmo e evitar longos per\u00edodos de inatividade.<\/p>\n\n\n\n<figure class=\"wp-block-image size-large\"><img loading=\"lazy\" decoding=\"async\" width=\"1024\" height=\"576\" src=\"https:\/\/www.em.com.br\/emfoco\/wp-content\/uploads\/2025\/11\/Treadmill_1762462454441-1024x576.jpg\" alt=\"Exerc\u00edcios simples que turbinaram meu f\u00f4lego e meu humor\" class=\"wp-image-124426\" srcset=\"https:\/\/www.em.com.br\/emfoco\/wp-content\/uploads\/2025\/11\/Treadmill_1762462454441-1024x576.jpg 1024w, https:\/\/www.em.com.br\/emfoco\/wp-content\/uploads\/2025\/11\/Treadmill_1762462454441-300x169.jpg 300w, https:\/\/www.em.com.br\/emfoco\/wp-content\/uploads\/2025\/11\/Treadmill_1762462454441-768x432.jpg 768w, https:\/\/www.em.com.br\/emfoco\/wp-content\/uploads\/2025\/11\/Treadmill_1762462454441-750x422.jpg 750w, https:\/\/www.em.com.br\/emfoco\/wp-content\/uploads\/2025\/11\/Treadmill_1762462454441-1140x641.jpg 1140w, https:\/\/www.em.com.br\/emfoco\/wp-content\/uploads\/2025\/11\/Treadmill_1762462454441.jpg 1280w\" sizes=\"auto, (max-width: 1024px) 100vw, 1024px\" \/><figcaption class=\"wp-element-caption\">Caminhadas moderadas ampliam capacidade pulmonar com baixo impacto f\u00edsico &#8211; Cr\u00e9ditos: depositphotos.com \/ BrianAJackson<\/figcaption><\/figure>\n\n\n\n<h2 class=\"wp-block-heading\">Como manter o f\u00f4lego em alta com pequenas atitudes di\u00e1rias?<\/h2>\n\n\n\n<p>Al\u00e9m dos treinos, algumas pr\u00e1ticas simples ajudam a preservar a <strong>sa\u00fade respirat\u00f3ria<\/strong> e manter o corpo em harmonia. Elas fortalecem os pulm\u00f5es e melhoram o controle da respira\u00e7\u00e3o em momentos de estresse. Confira na lista abaixo atitudes que fazem diferen\u00e7a:<\/p>\n\n\n\n<ul class=\"wp-block-list\">\n<li><strong>Fa\u00e7a pausas conscientes<\/strong>: respire fundo por alguns minutos durante o dia.<\/li>\n\n\n\n<li><strong>Mantenha a hidrata\u00e7\u00e3o<\/strong>: \u00e1gua ajuda na elasticidade pulmonar e na oxigena\u00e7\u00e3o celular.<\/li>\n\n\n\n<li><strong>Pratique respira\u00e7\u00e3o profunda<\/strong>: inspire pelo nariz e expire pela boca lentamente.<\/li>\n<\/ul>\n","protected":false},"excerpt":{"rendered":"<p>Manter o f\u00f4lego em dia vai muito al\u00e9m da est\u00e9tica: influencia o humor, o sono e a disposi\u00e7\u00e3o. Com o tempo, pr\u00e1ticas regulares ajudam a oxigenar melhor o corpo, fortalecendo o sistema respirat\u00f3rio e trazendo mais leveza \u00e0s atividades di\u00e1rias. Por que a respira\u00e7\u00e3o influencia tanto o bem-estar f\u00edsico e mental? Uma respira\u00e7\u00e3o eficiente melhora [&hellip;]<\/p>\n","protected":false},"author":13,"featured_media":124423,"comment_status":"open","ping_status":"open","sticky":false,"template":"","format":"standard","meta":{"jnews-multi-image_gallery":[],"jnews_single_post":{"format":"standard"},"jnews_primary_category":[],"jnews_social_meta":[],"jnews_override_counter":[],"footnotes":""},"categories":[9053],"tags":[18549,4874,18548,8956],"class_list":["post-124354","post","type-post","status-publish","format-standard","has-post-thumbnail","hentry","category-saude","tag-condicionamento-respiratorio","tag-exercicios-fisicos","tag-folego","tag-humor"],"yoast_head":"<!-- This site is optimized with the Yoast SEO plugin v23.8 - https:\/\/yoast.com\/wordpress\/plugins\/seo\/ -->\n<title>Exerc\u00edcios simples que turbinaram meu f\u00f4lego e meu humor - Estado de Minas - Em foco<\/title>\n<meta name=\"description\" content=\"Esses exerc\u00edcios leves aumentam o f\u00f4lego, melhoram a respira\u00e7\u00e3o e d\u00e3o mais energia para o dia. Comece com 10 minutos e sinta a diferen\u00e7a.\" \/>\n<meta name=\"robots\" content=\"index, follow, max-snippet:-1, max-image-preview:large, max-video-preview:-1\" \/>\n<link rel=\"canonical\" href=\"https:\/\/www.em.com.br\/emfoco\/2025\/11\/10\/exercicios-simples-que-turbinaram-meu-folego-e-meu-humor\/\" \/>\n<meta property=\"og:locale\" content=\"pt_BR\" \/>\n<meta property=\"og:type\" content=\"article\" \/>\n<meta property=\"og:title\" content=\"Exerc\u00edcios simples que turbinaram meu f\u00f4lego e meu humor - Estado de Minas - Em foco\" \/>\n<meta property=\"og:description\" content=\"Esses exerc\u00edcios leves aumentam o f\u00f4lego, melhoram a respira\u00e7\u00e3o e d\u00e3o mais energia para o dia. Comece com 10 minutos e sinta a diferen\u00e7a.\" \/>\n<meta property=\"og:url\" content=\"https:\/\/www.em.com.br\/emfoco\/2025\/11\/10\/exercicios-simples-que-turbinaram-meu-folego-e-meu-humor\/\" \/>\n<meta property=\"og:site_name\" content=\"Estado de Minas - Em foco\" \/>\n<meta property=\"article:published_time\" content=\"2025-11-10T16:05:00+00:00\" \/>\n<meta property=\"article:modified_time\" content=\"2025-11-06T20:54:18+00:00\" \/>\n<meta property=\"og:image\" content=\"https:\/\/www.em.com.br\/emfoco\/wp-content\/uploads\/2025\/11\/jumping-jack_1762462324606.jpg\" \/>\n\t<meta property=\"og:image:width\" content=\"1280\" \/>\n\t<meta property=\"og:image:height\" content=\"720\" \/>\n\t<meta property=\"og:image:type\" content=\"image\/jpeg\" \/>\n<meta name=\"author\" content=\"Gabriel Martins\" \/>\n<meta name=\"twitter:card\" content=\"summary_large_image\" \/>\n<meta name=\"twitter:label1\" content=\"Escrito por\" \/>\n\t<meta name=\"twitter:data1\" content=\"Gabriel Martins\" \/>\n\t<meta name=\"twitter:label2\" content=\"Est. tempo de leitura\" \/>\n\t<meta name=\"twitter:data2\" content=\"3 minutos\" \/>\n<!-- \/ Yoast SEO plugin. -->","yoast_head_json":{"title":"Exerc\u00edcios simples que turbinaram meu f\u00f4lego e meu humor - Estado de Minas - Em foco","description":"Esses exerc\u00edcios leves aumentam o f\u00f4lego, melhoram a respira\u00e7\u00e3o e d\u00e3o mais energia para o dia. Comece com 10 minutos e sinta a diferen\u00e7a.","robots":{"index":"index","follow":"follow","max-snippet":"max-snippet:-1","max-image-preview":"max-image-preview:large","max-video-preview":"max-video-preview:-1"},"canonical":"https:\/\/www.em.com.br\/emfoco\/2025\/11\/10\/exercicios-simples-que-turbinaram-meu-folego-e-meu-humor\/","og_locale":"pt_BR","og_type":"article","og_title":"Exerc\u00edcios simples que turbinaram meu f\u00f4lego e meu humor - Estado de Minas - Em foco","og_description":"Esses exerc\u00edcios leves aumentam o f\u00f4lego, melhoram a respira\u00e7\u00e3o e d\u00e3o mais energia para o dia. Comece com 10 minutos e sinta a diferen\u00e7a.","og_url":"https:\/\/www.em.com.br\/emfoco\/2025\/11\/10\/exercicios-simples-que-turbinaram-meu-folego-e-meu-humor\/","og_site_name":"Estado de Minas - Em foco","article_published_time":"2025-11-10T16:05:00+00:00","article_modified_time":"2025-11-06T20:54:18+00:00","og_image":[{"width":1280,"height":720,"url":"https:\/\/www.em.com.br\/emfoco\/wp-content\/uploads\/2025\/11\/jumping-jack_1762462324606.jpg","type":"image\/jpeg"}],"author":"Gabriel Martins","twitter_card":"summary_large_image","twitter_misc":{"Escrito por":"Gabriel Martins","Est. tempo de leitura":"3 minutos"},"schema":{"@context":"https:\/\/schema.org","@graph":[{"@type":"WebPage","@id":"https:\/\/www.em.com.br\/emfoco\/2025\/11\/10\/exercicios-simples-que-turbinaram-meu-folego-e-meu-humor\/","url":"https:\/\/www.em.com.br\/emfoco\/2025\/11\/10\/exercicios-simples-que-turbinaram-meu-folego-e-meu-humor\/","name":"Exerc\u00edcios simples que turbinaram meu f\u00f4lego e meu humor - Estado de Minas - Em foco","isPartOf":{"@id":"https:\/\/www.em.com.br\/emfoco\/#website"},"primaryImageOfPage":{"@id":"https:\/\/www.em.com.br\/emfoco\/2025\/11\/10\/exercicios-simples-que-turbinaram-meu-folego-e-meu-humor\/#primaryimage"},"image":{"@id":"https:\/\/www.em.com.br\/emfoco\/2025\/11\/10\/exercicios-simples-que-turbinaram-meu-folego-e-meu-humor\/#primaryimage"},"thumbnailUrl":"https:\/\/www.em.com.br\/emfoco\/wp-content\/uploads\/2025\/11\/jumping-jack_1762462324606.jpg","datePublished":"2025-11-10T16:05:00+00:00","dateModified":"2025-11-06T20:54:18+00:00","author":{"@id":"https:\/\/www.em.com.br\/emfoco\/#\/schema\/person\/1c9ddeab18b98abeffef834667bcf08a"},"description":"Esses exerc\u00edcios leves aumentam o f\u00f4lego, melhoram a respira\u00e7\u00e3o e d\u00e3o mais energia para o dia. Comece com 10 minutos e sinta a diferen\u00e7a.","breadcrumb":{"@id":"https:\/\/www.em.com.br\/emfoco\/2025\/11\/10\/exercicios-simples-que-turbinaram-meu-folego-e-meu-humor\/#breadcrumb"},"inLanguage":"pt-BR","potentialAction":[{"@type":"ReadAction","target":["https:\/\/www.em.com.br\/emfoco\/2025\/11\/10\/exercicios-simples-que-turbinaram-meu-folego-e-meu-humor\/"]}]},{"@type":"ImageObject","inLanguage":"pt-BR","@id":"https:\/\/www.em.com.br\/emfoco\/2025\/11\/10\/exercicios-simples-que-turbinaram-meu-folego-e-meu-humor\/#primaryimage","url":"https:\/\/www.em.com.br\/emfoco\/wp-content\/uploads\/2025\/11\/jumping-jack_1762462324606.jpg","contentUrl":"https:\/\/www.em.com.br\/emfoco\/wp-content\/uploads\/2025\/11\/jumping-jack_1762462324606.jpg","width":1280,"height":720,"caption":"Trinta minutos di\u00e1rios j\u00e1 elevam oxigena\u00e7\u00e3o e disposi\u00e7\u00e3o - Cr\u00e9ditos: depositphotos.com \/ DragonImages"},{"@type":"BreadcrumbList","@id":"https:\/\/www.em.com.br\/emfoco\/2025\/11\/10\/exercicios-simples-que-turbinaram-meu-folego-e-meu-humor\/#breadcrumb","itemListElement":[{"@type":"ListItem","position":1,"name":"In\u00edcio","item":"https:\/\/www.em.com.br\/emfoco\/"},{"@type":"ListItem","position":2,"name":"Exerc\u00edcios simples que turbinaram meu f\u00f4lego e meu humor"}]},{"@type":"WebSite","@id":"https:\/\/www.em.com.br\/emfoco\/#website","url":"https:\/\/www.em.com.br\/emfoco\/","name":"Estado de Minas - Em foco","description":"Acompanhe as \u00faltimas not\u00edcias e fique bem informado sobre tudo o que acontece em Minas Gerais, Brasil e no mundo.","potentialAction":[{"@type":"SearchAction","target":{"@type":"EntryPoint","urlTemplate":"https:\/\/www.em.com.br\/emfoco\/?s={search_term_string}"},"query-input":{"@type":"PropertyValueSpecification","valueRequired":true,"valueName":"search_term_string"}}],"inLanguage":"pt-BR"},{"@type":"Person","@id":"https:\/\/www.em.com.br\/emfoco\/#\/schema\/person\/1c9ddeab18b98abeffef834667bcf08a","name":"Gabriel Martins","image":{"@type":"ImageObject","inLanguage":"pt-BR","@id":"https:\/\/www.em.com.br\/emfoco\/#\/schema\/person\/image\/","url":"https:\/\/secure.gravatar.com\/avatar\/f0f1e2efdfd88f1ad2cb08c5c2731e50?s=96&d=mm&r=g","contentUrl":"https:\/\/secure.gravatar.com\/avatar\/f0f1e2efdfd88f1ad2cb08c5c2731e50?s=96&d=mm&r=g","caption":"Gabriel Martins"},"sameAs":["https:\/\/www.em.com.br\/emfoco\/"],"url":"https:\/\/www.em.com.br\/emfoco\/author\/gabrielmartinsmyth\/"}]}},"_links":{"self":[{"href":"https:\/\/www.em.com.br\/emfoco\/wp-json\/wp\/v2\/posts\/124354","targetHints":{"allow":["GET"]}}],"collection":[{"href":"https:\/\/www.em.com.br\/emfoco\/wp-json\/wp\/v2\/posts"}],"about":[{"href":"https:\/\/www.em.com.br\/emfoco\/wp-json\/wp\/v2\/types\/post"}],"author":[{"embeddable":true,"href":"https:\/\/www.em.com.br\/emfoco\/wp-json\/wp\/v2\/users\/13"}],"replies":[{"embeddable":true,"href":"https:\/\/www.em.com.br\/emfoco\/wp-json\/wp\/v2\/comments?post=124354"}],"version-history":[{"count":1,"href":"https:\/\/www.em.com.br\/emfoco\/wp-json\/wp\/v2\/posts\/124354\/revisions"}],"predecessor-version":[{"id":124427,"href":"https:\/\/www.em.com.br\/emfoco\/wp-json\/wp\/v2\/posts\/124354\/revisions\/124427"}],"wp:featuredmedia":[{"embeddable":true,"href":"https:\/\/www.em.com.br\/emfoco\/wp-json\/wp\/v2\/media\/124423"}],"wp:attachment":[{"href":"https:\/\/www.em.com.br\/emfoco\/wp-json\/wp\/v2\/media?parent=124354"}],"wp:term":[{"taxonomy":"category","embeddable":true,"href":"https:\/\/www.em.com.br\/emfoco\/wp-json\/wp\/v2\/categories?post=124354"},{"taxonomy":"post_tag","embeddable":true,"href":"https:\/\/www.em.com.br\/emfoco\/wp-json\/wp\/v2\/tags?post=124354"}],"curies":[{"name":"wp","href":"https:\/\/api.w.org\/{rel}","templated":true}]}}