{"id":124326,"date":"2025-11-07T14:25:24","date_gmt":"2025-11-07T17:25:24","guid":{"rendered":"https:\/\/www.em.com.br\/emfoco\/?p=124326"},"modified":"2025-11-06T19:03:53","modified_gmt":"2025-11-06T22:03:53","slug":"como-montar-looks-leves-e-cheios-de-estilo-sem-gastar-nada-nesta-primavera","status":"publish","type":"post","link":"https:\/\/www.em.com.br\/emfoco\/2025\/11\/07\/como-montar-looks-leves-e-cheios-de-estilo-sem-gastar-nada-nesta-primavera\/","title":{"rendered":"Como montar looks leves e cheios de estilo sem gastar nada nesta primavera"},"content":{"rendered":"\n<p>A <strong>primavera<\/strong> marca o desabrochar das flores e o clima ameno, sendo um momento ideal para reinventar o <strong>guarda-roupa<\/strong> de forma criativa com o que j\u00e1 existe no arm\u00e1rio, sem precisar adquirir novas pe\u00e7as e valorizando a <strong>sustentabilidade<\/strong>.<\/p>\n\n\n\n<h2 class=\"wp-block-heading\">Como montar combina\u00e7\u00f5es de roupas que tragam leveza na primavera<\/h2>\n\n\n\n<p>A escolha de <strong>cores<\/strong> e <strong>estampas<\/strong> \u00e9 fundamental para compor looks que tenham o <strong>frescor<\/strong> caracter\u00edstico da esta\u00e7\u00e3o. Aposte em <strong>tons past\u00e9is<\/strong>, motivos florais e <strong>tecidos leves<\/strong>, trazendo harmonia e suavidade ao visual.<\/p>\n\n\n\n<p>Os <strong>elementos naturais<\/strong> e <strong>cores claras<\/strong> refletem a atmosfera alegre da primavera e podem ser explorados em diversas composi\u00e7\u00f5es, promovendo uma imagem <strong>vibrante<\/strong> e descontra\u00edda no dia a dia.<\/p>\n\n\n<div class=\"wp-block-image\">\n<figure class=\"aligncenter size-large\"><img loading=\"lazy\" decoding=\"async\" width=\"1024\" height=\"576\" src=\"https:\/\/www.em.com.br\/emfoco\/wp-content\/uploads\/2025\/05\/moda-vestido-e-tenis_1746799254588-1024x576.jpg\" alt=\"\" class=\"wp-image-45982\" srcset=\"https:\/\/www.em.com.br\/emfoco\/wp-content\/uploads\/2025\/05\/moda-vestido-e-tenis_1746799254588-1024x576.jpg 1024w, https:\/\/www.em.com.br\/emfoco\/wp-content\/uploads\/2025\/05\/moda-vestido-e-tenis_1746799254588-300x169.jpg 300w, https:\/\/www.em.com.br\/emfoco\/wp-content\/uploads\/2025\/05\/moda-vestido-e-tenis_1746799254588-768x432.jpg 768w, https:\/\/www.em.com.br\/emfoco\/wp-content\/uploads\/2025\/05\/moda-vestido-e-tenis_1746799254588-750x422.jpg 750w, https:\/\/www.em.com.br\/emfoco\/wp-content\/uploads\/2025\/05\/moda-vestido-e-tenis_1746799254588-1140x641.jpg 1140w, https:\/\/www.em.com.br\/emfoco\/wp-content\/uploads\/2025\/05\/moda-vestido-e-tenis_1746799254588.jpg 1280w\" sizes=\"auto, (max-width: 1024px) 100vw, 1024px\" \/><figcaption class=\"wp-element-caption\">Camisetas brancas, cal\u00e7as jeans, blazers e saias neutras s\u00e3o exemplos pr\u00e1ticos para criar diferentes produ\u00e7\u00f5es &#8211; Cr\u00e9ditos: depositphotos.com \/ alonesdj<\/figcaption><\/figure><\/div>\n\n\n<h2 class=\"wp-block-heading\">Conselhos para escolher pe\u00e7as b\u00e1sicas e atemporais<\/h2>\n\n\n\n<p>O ideal \u00e9 come\u00e7ar por <strong>pe\u00e7as vers\u00e1teis<\/strong>, que sirvam de base para v\u00e1rios looks. <strong>Camisetas brancas<\/strong>, <strong>cal\u00e7as jeans<\/strong>, <strong>blazers<\/strong> e <strong>saias neutras<\/strong> s\u00e3o exemplos pr\u00e1ticos para criar diferentes produ\u00e7\u00f5es.<\/p>\n\n\n\n<p>Para otimizar o uso dessas pe\u00e7as, vale investir em <strong>sobreposi\u00e7\u00f5es<\/strong> e na mistura de <strong>texturas<\/strong>, como algod\u00e3o, linho e malha fina, garantindo <strong>conforto<\/strong> e eleg\u00e2ncia em qualquer ocasi\u00e3o.<\/p>\n\n\n\n<p>Leia tamb\u00e9m:&nbsp;<a href=\"https:\/\/www.em.com.br\/emfoco\/2025\/11\/05\/o-body-splash-caseiro-que-virou-tendencia-entre-quem-ama-perfumes-suaves\/\" target=\"_blank\" rel=\"noopener\">O body splash caseiro que virou tend\u00eancia entre quem ama perfumes suaves<\/a><\/p>\n\n\n\n<iframe loading=\"lazy\" src=\"https:\/\/assets.pinterest.com\/ext\/embed.html?id=2885187257273359\" height=\"672\" width=\"345\" frameborder=\"0\" scrolling=\"no\" ><\/iframe>\n\n\n\n<h2 class=\"wp-block-heading\">Quais acess\u00f3rios transformam um look b\u00e1sico em marcante<\/h2>\n\n\n\n<p>Os <strong>acess\u00f3rios<\/strong> t\u00eam o poder de renovar a produ\u00e7\u00e3o e adicionar <strong>personalidade<\/strong> sem exigir grandes investimentos. Itens simples podem fazer toda a diferen\u00e7a na proposta visual.<\/p>\n\n\n\n<p>Veja alguns acess\u00f3rios que s\u00e3o apostas certeiras para looks de primavera:<\/p>\n\n\n\n<ul class=\"wp-block-list\">\n<li><strong>Chap\u00e9us de aba larga<\/strong> e bon\u00e9s<\/li>\n\n\n\n<li><strong>Len\u00e7os estampados<\/strong> e coloridos<\/li>\n\n\n\n<li><strong>Colares<\/strong> e <strong>brincos delicados<\/strong><\/li>\n\n\n\n<li><strong>Bolsas de palha<\/strong> e materiais naturais<\/li>\n\n\n\n<li><strong>Sapatos com estampas florais<\/strong> ou em tons claros<\/li>\n<\/ul>\n\n\n<div class=\"wp-block-image\">\n<figure class=\"aligncenter size-large\"><img loading=\"lazy\" decoding=\"async\" width=\"1024\" height=\"576\" src=\"https:\/\/www.em.com.br\/emfoco\/wp-content\/uploads\/2025\/06\/lenco-no-cabelo_1750731245203-1024x576.jpg\" alt=\"\" class=\"wp-image-65954\" srcset=\"https:\/\/www.em.com.br\/emfoco\/wp-content\/uploads\/2025\/06\/lenco-no-cabelo_1750731245203-1024x576.jpg 1024w, https:\/\/www.em.com.br\/emfoco\/wp-content\/uploads\/2025\/06\/lenco-no-cabelo_1750731245203-300x169.jpg 300w, https:\/\/www.em.com.br\/emfoco\/wp-content\/uploads\/2025\/06\/lenco-no-cabelo_1750731245203-768x432.jpg 768w, https:\/\/www.em.com.br\/emfoco\/wp-content\/uploads\/2025\/06\/lenco-no-cabelo_1750731245203-750x422.jpg 750w, https:\/\/www.em.com.br\/emfoco\/wp-content\/uploads\/2025\/06\/lenco-no-cabelo_1750731245203-1140x641.jpg 1140w, https:\/\/www.em.com.br\/emfoco\/wp-content\/uploads\/2025\/06\/lenco-no-cabelo_1750731245203.jpg 1280w\" sizes=\"auto, (max-width: 1024px) 100vw, 1024px\" \/><figcaption class=\"wp-element-caption\">Dobrar, amarrar e fazer sobreposi\u00e7\u00f5es criativas s\u00e3o estrat\u00e9gias para atualizar o visual &#8211; Cr\u00e9ditos: depositphotos.com \/ IgorVetushko<\/figcaption><\/figure><\/div>\n\n\n<h2 class=\"wp-block-heading\">Como inovar sem comprar roupas novas<\/h2>\n\n\n\n<p>Reinventar o uso de <strong>pe\u00e7as<\/strong> \u00e9 uma t\u00e9cnica eficaz para renovar o guarda-roupa sem custos. Experimente transformar <strong>vestidos<\/strong> em saias com uma <strong>blusa<\/strong> por cima ou usar <strong>camisas como terceira pe\u00e7a<\/strong>. Customizar roupas antigas, acrescentando bordados ou aplica\u00e7\u00f5es, tamb\u00e9m \u00e9 uma excelente ideia para dar um toque especial e exclusivo.<\/p>\n\n\n\n<p>Dobrar, amarrar e fazer <strong>sobreposi\u00e7\u00f5es criativas<\/strong> s\u00e3o estrat\u00e9gias para atualizar o visual e garantir produ\u00e7\u00f5es originais, unindo <strong>moda<\/strong>, praticidade e sustentabilidade.<\/p>\n\n\n\n<iframe loading=\"lazy\" src=\"https:\/\/assets.pinterest.com\/ext\/embed.html?id=18084835998195337\" height=\"714\" width=\"345\" frameborder=\"0\" scrolling=\"no\" ><\/iframe>\n\n\n\n<h2 class=\"wp-block-heading\">Como as cores suaves influenciam nos looks de primavera<\/h2>\n\n\n\n<p>As <strong>cores<\/strong> desempenham papel central na constru\u00e7\u00e3o dos looks para a esta\u00e7\u00e3o. Tons como <strong>azul claro<\/strong>, <strong>rosa<\/strong>, <strong>lavanda<\/strong> e <strong>verde menta<\/strong> transmitem <strong>frescor<\/strong>, <strong>tranquilidade<\/strong> e leveza.<\/p>\n\n\n\n<p>Harmonizar<a href=\"https:\/\/br.pinterest.com\/search\/pins\/?q=tons%20suaves%20moda&amp;rs=typed\" target=\"_blank\" rel=\"noreferrer noopener\"> <strong>tons suaves<\/strong><\/a> ou criar <strong>contrastes sutis<\/strong> com acess\u00f3rios coloridos resulta em um visual equilibrado e sofisticado, acompanhando o clima otimista da primavera.<\/p>\n\n\n\n<p>Por fim, a temporada convida \u00e0 <strong>criatividade<\/strong> e abre espa\u00e7o para a experimenta\u00e7\u00e3o. Aproveitando o que h\u00e1 no arm\u00e1rio e apostando em <strong>novas combina\u00e7\u00f5es<\/strong>, \u00e9 poss\u00edvel manter-se elegante, econ\u00f4mico e sustent\u00e1vel durante toda a esta\u00e7\u00e3o.<\/p>\n\n\n\n<p><\/p>\n","protected":false},"excerpt":{"rendered":"<p>A primavera marca o desabrochar das flores e o clima ameno, sendo um momento ideal para reinventar o guarda-roupa de forma criativa com o que j\u00e1 existe no arm\u00e1rio, sem precisar adquirir novas pe\u00e7as e valorizando a sustentabilidade. Como montar combina\u00e7\u00f5es de roupas que tragam leveza na primavera A escolha de cores e estampas \u00e9 [&hellip;]<\/p>\n","protected":false},"author":9,"featured_media":124338,"comment_status":"open","ping_status":"open","sticky":false,"template":"","format":"standard","meta":{"jnews-multi-image_gallery":[],"jnews_single_post":{"format":"standard"},"jnews_primary_category":[],"jnews_social_meta":[],"jnews_override_counter":[],"footnotes":""},"categories":[8819,1],"tags":[18544,7063,7529],"class_list":["post-124326","post","type-post","status-publish","format-standard","has-post-thumbnail","hentry","category-curiosidades","category-noticias","tag-closet","tag-looks","tag-primavera"],"yoast_head":"<!-- This site is optimized with the Yoast SEO plugin v23.8 - https:\/\/yoast.com\/wordpress\/plugins\/seo\/ -->\n<title>Como montar looks leves e cheios de estilo sem gastar nada nesta primavera - Estado de Minas - Em foco<\/title>\n<meta name=\"description\" content=\"Transforme seu guarda-roupa e monte looks de primavera com leveza e sustentabilidade. Dicas simples que fazem toda diferen\u00e7a.\" \/>\n<meta name=\"robots\" content=\"index, follow, max-snippet:-1, max-image-preview:large, max-video-preview:-1\" \/>\n<link rel=\"canonical\" href=\"https:\/\/www.em.com.br\/emfoco\/2025\/11\/07\/como-montar-looks-leves-e-cheios-de-estilo-sem-gastar-nada-nesta-primavera\/\" \/>\n<meta property=\"og:locale\" content=\"pt_BR\" \/>\n<meta property=\"og:type\" content=\"article\" \/>\n<meta property=\"og:title\" content=\"Como montar looks leves e cheios de estilo sem gastar nada nesta primavera - Estado de Minas - Em foco\" \/>\n<meta property=\"og:description\" content=\"Transforme seu guarda-roupa e monte looks de primavera com leveza e sustentabilidade. Dicas simples que fazem toda diferen\u00e7a.\" \/>\n<meta property=\"og:url\" content=\"https:\/\/www.em.com.br\/emfoco\/2025\/11\/07\/como-montar-looks-leves-e-cheios-de-estilo-sem-gastar-nada-nesta-primavera\/\" \/>\n<meta property=\"og:site_name\" content=\"Estado de Minas - Em foco\" \/>\n<meta property=\"article:published_time\" content=\"2025-11-07T17:25:24+00:00\" \/>\n<meta property=\"article:modified_time\" content=\"2025-11-06T22:03:53+00:00\" \/>\n<meta property=\"og:image\" content=\"https:\/\/www.em.com.br\/emfoco\/wp-content\/uploads\/2025\/11\/roupas-primavera_1762456992721.jpg\" \/>\n\t<meta property=\"og:image:width\" content=\"1280\" \/>\n\t<meta property=\"og:image:height\" content=\"720\" \/>\n\t<meta property=\"og:image:type\" content=\"image\/jpeg\" \/>\n<meta name=\"author\" content=\"Daniely Cardoso\" \/>\n<meta name=\"twitter:card\" content=\"summary_large_image\" \/>\n<meta name=\"twitter:label1\" content=\"Escrito por\" \/>\n\t<meta name=\"twitter:data1\" content=\"Daniely Cardoso\" \/>\n\t<meta name=\"twitter:label2\" content=\"Est. tempo de leitura\" \/>\n\t<meta name=\"twitter:data2\" content=\"4 minutos\" \/>\n<!-- \/ Yoast SEO plugin. -->","yoast_head_json":{"title":"Como montar looks leves e cheios de estilo sem gastar nada nesta primavera - Estado de Minas - Em foco","description":"Transforme seu guarda-roupa e monte looks de primavera com leveza e sustentabilidade. Dicas simples que fazem toda diferen\u00e7a.","robots":{"index":"index","follow":"follow","max-snippet":"max-snippet:-1","max-image-preview":"max-image-preview:large","max-video-preview":"max-video-preview:-1"},"canonical":"https:\/\/www.em.com.br\/emfoco\/2025\/11\/07\/como-montar-looks-leves-e-cheios-de-estilo-sem-gastar-nada-nesta-primavera\/","og_locale":"pt_BR","og_type":"article","og_title":"Como montar looks leves e cheios de estilo sem gastar nada nesta primavera - Estado de Minas - Em foco","og_description":"Transforme seu guarda-roupa e monte looks de primavera com leveza e sustentabilidade. Dicas simples que fazem toda diferen\u00e7a.","og_url":"https:\/\/www.em.com.br\/emfoco\/2025\/11\/07\/como-montar-looks-leves-e-cheios-de-estilo-sem-gastar-nada-nesta-primavera\/","og_site_name":"Estado de Minas - Em foco","article_published_time":"2025-11-07T17:25:24+00:00","article_modified_time":"2025-11-06T22:03:53+00:00","og_image":[{"width":1280,"height":720,"url":"https:\/\/www.em.com.br\/emfoco\/wp-content\/uploads\/2025\/11\/roupas-primavera_1762456992721.jpg","type":"image\/jpeg"}],"author":"Daniely Cardoso","twitter_card":"summary_large_image","twitter_misc":{"Escrito por":"Daniely Cardoso","Est. tempo de leitura":"4 minutos"},"schema":{"@context":"https:\/\/schema.org","@graph":[{"@type":"WebPage","@id":"https:\/\/www.em.com.br\/emfoco\/2025\/11\/07\/como-montar-looks-leves-e-cheios-de-estilo-sem-gastar-nada-nesta-primavera\/","url":"https:\/\/www.em.com.br\/emfoco\/2025\/11\/07\/como-montar-looks-leves-e-cheios-de-estilo-sem-gastar-nada-nesta-primavera\/","name":"Como montar looks leves e cheios de estilo sem gastar nada nesta primavera - Estado de Minas - Em foco","isPartOf":{"@id":"https:\/\/www.em.com.br\/emfoco\/#website"},"primaryImageOfPage":{"@id":"https:\/\/www.em.com.br\/emfoco\/2025\/11\/07\/como-montar-looks-leves-e-cheios-de-estilo-sem-gastar-nada-nesta-primavera\/#primaryimage"},"image":{"@id":"https:\/\/www.em.com.br\/emfoco\/2025\/11\/07\/como-montar-looks-leves-e-cheios-de-estilo-sem-gastar-nada-nesta-primavera\/#primaryimage"},"thumbnailUrl":"https:\/\/www.em.com.br\/emfoco\/wp-content\/uploads\/2025\/11\/roupas-primavera_1762456992721.jpg","datePublished":"2025-11-07T17:25:24+00:00","dateModified":"2025-11-06T22:03:53+00:00","author":{"@id":"https:\/\/www.em.com.br\/emfoco\/#\/schema\/person\/0a8186d72f2c3a5c6276d90b41f271a0"},"description":"Transforme seu guarda-roupa e monte looks de primavera com leveza e sustentabilidade. Dicas simples que fazem toda diferen\u00e7a.","breadcrumb":{"@id":"https:\/\/www.em.com.br\/emfoco\/2025\/11\/07\/como-montar-looks-leves-e-cheios-de-estilo-sem-gastar-nada-nesta-primavera\/#breadcrumb"},"inLanguage":"pt-BR","potentialAction":[{"@type":"ReadAction","target":["https:\/\/www.em.com.br\/emfoco\/2025\/11\/07\/como-montar-looks-leves-e-cheios-de-estilo-sem-gastar-nada-nesta-primavera\/"]}]},{"@type":"ImageObject","inLanguage":"pt-BR","@id":"https:\/\/www.em.com.br\/emfoco\/2025\/11\/07\/como-montar-looks-leves-e-cheios-de-estilo-sem-gastar-nada-nesta-primavera\/#primaryimage","url":"https:\/\/www.em.com.br\/emfoco\/wp-content\/uploads\/2025\/11\/roupas-primavera_1762456992721.jpg","contentUrl":"https:\/\/www.em.com.br\/emfoco\/wp-content\/uploads\/2025\/11\/roupas-primavera_1762456992721.jpg","width":1280,"height":720,"caption":"A escolha de cores e estampas \u00e9 fundamental para compor looks que tenham o frescor caracter\u00edstico da esta\u00e7\u00e3o - Cr\u00e9ditos: depositphotos.com \/ HayDmitriy"},{"@type":"BreadcrumbList","@id":"https:\/\/www.em.com.br\/emfoco\/2025\/11\/07\/como-montar-looks-leves-e-cheios-de-estilo-sem-gastar-nada-nesta-primavera\/#breadcrumb","itemListElement":[{"@type":"ListItem","position":1,"name":"In\u00edcio","item":"https:\/\/www.em.com.br\/emfoco\/"},{"@type":"ListItem","position":2,"name":"Como montar looks leves e cheios de estilo sem gastar nada nesta primavera"}]},{"@type":"WebSite","@id":"https:\/\/www.em.com.br\/emfoco\/#website","url":"https:\/\/www.em.com.br\/emfoco\/","name":"Estado de Minas - Em foco","description":"Acompanhe as \u00faltimas not\u00edcias e fique bem informado sobre tudo o que acontece em Minas Gerais, Brasil e no mundo.","potentialAction":[{"@type":"SearchAction","target":{"@type":"EntryPoint","urlTemplate":"https:\/\/www.em.com.br\/emfoco\/?s={search_term_string}"},"query-input":{"@type":"PropertyValueSpecification","valueRequired":true,"valueName":"search_term_string"}}],"inLanguage":"pt-BR"},{"@type":"Person","@id":"https:\/\/www.em.com.br\/emfoco\/#\/schema\/person\/0a8186d72f2c3a5c6276d90b41f271a0","name":"Daniely Cardoso","image":{"@type":"ImageObject","inLanguage":"pt-BR","@id":"https:\/\/www.em.com.br\/emfoco\/#\/schema\/person\/image\/","url":"https:\/\/secure.gravatar.com\/avatar\/4b80ddbd124d1f071b626d52d62e5dff?s=96&d=mm&r=g","contentUrl":"https:\/\/secure.gravatar.com\/avatar\/4b80ddbd124d1f071b626d52d62e5dff?s=96&d=mm&r=g","caption":"Daniely Cardoso"},"url":"https:\/\/www.em.com.br\/emfoco\/author\/danielymyth\/"}]}},"_links":{"self":[{"href":"https:\/\/www.em.com.br\/emfoco\/wp-json\/wp\/v2\/posts\/124326","targetHints":{"allow":["GET"]}}],"collection":[{"href":"https:\/\/www.em.com.br\/emfoco\/wp-json\/wp\/v2\/posts"}],"about":[{"href":"https:\/\/www.em.com.br\/emfoco\/wp-json\/wp\/v2\/types\/post"}],"author":[{"embeddable":true,"href":"https:\/\/www.em.com.br\/emfoco\/wp-json\/wp\/v2\/users\/9"}],"replies":[{"embeddable":true,"href":"https:\/\/www.em.com.br\/emfoco\/wp-json\/wp\/v2\/comments?post=124326"}],"version-history":[{"count":3,"href":"https:\/\/www.em.com.br\/emfoco\/wp-json\/wp\/v2\/posts\/124326\/revisions"}],"predecessor-version":[{"id":124490,"href":"https:\/\/www.em.com.br\/emfoco\/wp-json\/wp\/v2\/posts\/124326\/revisions\/124490"}],"wp:featuredmedia":[{"embeddable":true,"href":"https:\/\/www.em.com.br\/emfoco\/wp-json\/wp\/v2\/media\/124338"}],"wp:attachment":[{"href":"https:\/\/www.em.com.br\/emfoco\/wp-json\/wp\/v2\/media?parent=124326"}],"wp:term":[{"taxonomy":"category","embeddable":true,"href":"https:\/\/www.em.com.br\/emfoco\/wp-json\/wp\/v2\/categories?post=124326"},{"taxonomy":"post_tag","embeddable":true,"href":"https:\/\/www.em.com.br\/emfoco\/wp-json\/wp\/v2\/tags?post=124326"}],"curies":[{"name":"wp","href":"https:\/\/api.w.org\/{rel}","templated":true}]}}