{"id":124212,"date":"2025-11-07T15:25:35","date_gmt":"2025-11-07T18:25:35","guid":{"rendered":"https:\/\/www.em.com.br\/emfoco\/?p=124212"},"modified":"2025-11-06T15:48:49","modified_gmt":"2025-11-06T18:48:49","slug":"o-desafio-de-ficar-perfumada-no-calor-e-os-truques-que-realmente-funcionam","status":"publish","type":"post","link":"https:\/\/www.em.com.br\/emfoco\/2025\/11\/07\/o-desafio-de-ficar-perfumada-no-calor-e-os-truques-que-realmente-funcionam\/","title":{"rendered":"O desafio de ficar perfumada no calor e os truques que realmente funcionam"},"content":{"rendered":"\n<p>Nos dias de <strong>calor intenso<\/strong>, manter a pele <strong>perfumada<\/strong> pode parecer um desafio devido ao aumento do <strong>suor<\/strong> e dos <strong>odores<\/strong>, mas algumas estrat\u00e9gias simples e escolhas adequadas de <strong>produtos<\/strong> ajudam a enfrentar as altas temperaturas mantendo o <strong>frescor<\/strong> e a confian\u00e7a.<\/p>\n\n\n\n<h2 class=\"wp-block-heading\">Por que iniciar a rotina de cuidados pessoais pela manh\u00e3 faz diferen\u00e7a<\/h2>\n\n\n\n<p>Come\u00e7ar os cuidados logo ao acordar contribui significativamente para manter a pele perfumada. Uma <strong>ducha matinal<\/strong> com <strong>sabonetes l\u00edquidos<\/strong> de fragr\u00e2ncias suaves prepara a pele, criando uma base que potencializa a <strong>fixa\u00e7\u00e3o<\/strong> do aroma dos outros produtos.<\/p>\n\n\n\n<p>Optar por <strong>produtos hidratantes<\/strong> no banho evita o <strong>ressecamento<\/strong>, que pode intensificar odores. Escolhas simples como essas j\u00e1 fazem diferen\u00e7a ao longo do dia.<\/p>\n\n\n<div class=\"wp-block-image\">\n<figure class=\"aligncenter size-large\"><img loading=\"lazy\" decoding=\"async\" width=\"1024\" height=\"576\" src=\"https:\/\/www.em.com.br\/emfoco\/wp-content\/uploads\/2025\/04\/perfume_1744389100364-1024x576.jpg\" alt=\"Dicas para fazer o perfume durar mais na pele mesmo nos dias quentes\" class=\"wp-image-37553\" srcset=\"https:\/\/www.em.com.br\/emfoco\/wp-content\/uploads\/2025\/04\/perfume_1744389100364-1024x576.jpg 1024w, https:\/\/www.em.com.br\/emfoco\/wp-content\/uploads\/2025\/04\/perfume_1744389100364-300x169.jpg 300w, https:\/\/www.em.com.br\/emfoco\/wp-content\/uploads\/2025\/04\/perfume_1744389100364-768x432.jpg 768w, https:\/\/www.em.com.br\/emfoco\/wp-content\/uploads\/2025\/04\/perfume_1744389100364-750x422.jpg 750w, https:\/\/www.em.com.br\/emfoco\/wp-content\/uploads\/2025\/04\/perfume_1744389100364-1140x641.jpg 1140w, https:\/\/www.em.com.br\/emfoco\/wp-content\/uploads\/2025\/04\/perfume_1744389100364.jpg 1280w\" sizes=\"auto, (max-width: 1024px) 100vw, 1024px\" \/><figcaption class=\"wp-element-caption\">A pele hidratada fixa mais o perfume- Cr\u00e9ditos: depositphotos.com \/ IgorVetushko<\/figcaption><\/figure><\/div>\n\n\n<h2 class=\"wp-block-heading\">Como a hidrata\u00e7\u00e3o da pele mant\u00e9m a fragr\u00e2ncia por mais tempo<\/h2>\n\n\n\n<p>O uso de <strong>hidratantes<\/strong> ap\u00f3s o banho \u00e9 fundamental tanto para a sa\u00fade quanto para prolongar o aroma na pele. <strong>Lo\u00e7\u00f5es<\/strong> e <strong>cremes<\/strong> de perfumes delicados fixam melhor quando aplicados com a pele ainda \u00famida.<\/p>\n\n\n\n<p>Essa etapa ajuda a proteger a <strong>barreira cut\u00e2nea<\/strong> contra perda de \u00e1gua e ainda garante que a fragr\u00e2ncia do hidratante permane\u00e7a percept\u00edvel por mais tempo.<\/p>\n\n\n\n<h2 class=\"wp-block-heading\">Quais cuidados escolher na hora de perfumar a pele e evitar alergias<\/h2>\n\n\n\n<p>Em dias quentes, <strong>perfumes<\/strong> e <strong>\u00e1guas de col\u00f4nia<\/strong> devem ser usados com modera\u00e7\u00e3o para n\u00e3o sobrecarregar o olfato e evitar irrita\u00e7\u00f5es. Bastam pequenas quantidades aplicadas em pontos estrat\u00e9gicos do corpo, como <strong>pulsos<\/strong>, <strong>nuca<\/strong> e atr\u00e1s das orelhas.<\/p>\n\n\n\n<p>Para quem tem <strong>pele sens\u00edvel<\/strong>, vale escolher produtos <a href=\"https:\/\/www.dermaclub.com.br\/blog\/rosto\/produtos-hipoalergenicos.html?srsltid=AfmBOoqJMLKHsmr0_E_VcWclUCITpQqDJGCTsh9eOAeEb81EegXTTNMG\" target=\"_blank\" rel=\"noopener\">hipoalerg\u00eanicos <\/a>e sem \u00e1lcool, que minimizam chances de irrita\u00e7\u00e3o e ainda garantem frescor. Al\u00e9m disso, a escolha do perfume influ\u00eancia, vejo abaixo um guia: <\/p>\n\n\n\n<iframe loading=\"lazy\" width=\"560\" height=\"315\" src=\"https:\/\/www.youtube.com\/embed\/qbEY0PWGJwU?si=TlBgVtoiE0vji5Ty\" title=\"YouTube video player\" frameborder=\"0\" allow=\"accelerometer; autoplay; clipboard-write; encrypted-media; gyroscope; picture-in-picture; web-share\" referrerpolicy=\"strict-origin-when-cross-origin\" allowfullscreen><\/iframe>\n\n\n\n<h2 class=\"wp-block-heading\">Como evitar odores e se manter fresca ao longo do dia<\/h2>\n\n\n\n<p>Manter-se perfumada envolve tamb\u00e9m ajustar pequenos h\u00e1bitos di\u00e1rios, como o uso de roupas adequadas e recursos para retoques r\u00e1pidos. Essas pr\u00e1ticas simples s\u00e3o grandes aliadas na luta contra o odor em altas temperaturas.<\/p>\n\n\n\n<p>Leia tamb\u00e9m:&nbsp;<a href=\"https:\/\/www.em.com.br\/emfoco\/2025\/10\/27\/vestidos-ideais-para-trabalhar-no-calor-com-estilo-e-sofisticacao\/\" target=\"_blank\" rel=\"noopener\">Vestidos ideais para trabalhar no calor com estilo e sofistica\u00e7\u00e3o<\/a><\/p>\n\n\n\n<p>Veja algumas <strong>medidas pr\u00e1ticas<\/strong> que ajudam a manter o frescor:<\/p>\n\n\n\n<ul class=\"wp-block-list\">\n<li>Prefira roupas de <strong>tecidos naturais<\/strong>, como algod\u00e3o, que facilitam a <strong>transpira\u00e7\u00e3o<\/strong><\/li>\n\n\n\n<li>Tenha <strong>len\u00e7os umedecidos<\/strong> \u00e0 m\u00e3o para limpar rapidamente a pele em momentos de maior calor<\/li>\n\n\n\n<li>Use <strong>sprays refrescantes<\/strong> ou <strong>body mists<\/strong> para reaplicar fragr\u00e2ncia de forma leve ao longo do dia<\/li>\n<\/ul>\n\n\n\n<p>Com uma <strong>rotina de cuidados<\/strong> bem ajustada e escolhas inteligentes de produtos, \u00e9 poss\u00edvel enfrentar o calor mantendo a <strong>confian\u00e7a<\/strong> e a sensa\u00e7\u00e3o de <strong>bem-estar<\/strong>. Aromas suaves, adequados ao estilo pessoal, s\u00e3o aliados importantes para atravessar as <strong>altas temperaturas<\/strong> de forma agrad\u00e1vel e perfumada.<\/p>\n","protected":false},"excerpt":{"rendered":"<p>Nos dias de calor intenso, manter a pele perfumada pode parecer um desafio devido ao aumento do suor e dos odores, mas algumas estrat\u00e9gias simples e escolhas adequadas de produtos ajudam a enfrentar as altas temperaturas mantendo o frescor e a confian\u00e7a. Por que iniciar a rotina de cuidados pessoais pela manh\u00e3 faz diferen\u00e7a Come\u00e7ar [&hellip;]<\/p>\n","protected":false},"author":9,"featured_media":124274,"comment_status":"open","ping_status":"open","sticky":false,"template":"","format":"standard","meta":{"jnews-multi-image_gallery":[],"jnews_single_post":{"format":"standard"},"jnews_primary_category":[],"jnews_social_meta":[],"jnews_override_counter":[],"footnotes":""},"categories":[8691,8819,1],"tags":[18528,18527,5657],"class_list":["post-124212","post","type-post","status-publish","format-standard","has-post-thumbnail","hentry","category-bem-estar","category-curiosidades","category-noticias","tag-dias-quentes","tag-pele-cheirosa","tag-perfume"],"yoast_head":"<!-- This site is optimized with the Yoast SEO plugin v23.8 - https:\/\/yoast.com\/wordpress\/plugins\/seo\/ -->\n<title>O desafio de ficar perfumada no calor e os truques que realmente funcionam - Estado de Minas - Em foco<\/title>\n<meta name=\"description\" content=\"Manter-se fresca no calor exige estrat\u00e9gia. A hidrata\u00e7\u00e3o e a escolha de produtos leves s\u00e3o essenciais para fixar o aroma sem exageros.\" \/>\n<meta name=\"robots\" content=\"index, follow, max-snippet:-1, max-image-preview:large, max-video-preview:-1\" \/>\n<link rel=\"canonical\" href=\"https:\/\/www.em.com.br\/emfoco\/2025\/11\/07\/o-desafio-de-ficar-perfumada-no-calor-e-os-truques-que-realmente-funcionam\/\" \/>\n<meta property=\"og:locale\" content=\"pt_BR\" \/>\n<meta property=\"og:type\" content=\"article\" \/>\n<meta property=\"og:title\" content=\"O desafio de ficar perfumada no calor e os truques que realmente funcionam - Estado de Minas - Em foco\" \/>\n<meta property=\"og:description\" content=\"Manter-se fresca no calor exige estrat\u00e9gia. A hidrata\u00e7\u00e3o e a escolha de produtos leves s\u00e3o essenciais para fixar o aroma sem exageros.\" \/>\n<meta property=\"og:url\" content=\"https:\/\/www.em.com.br\/emfoco\/2025\/11\/07\/o-desafio-de-ficar-perfumada-no-calor-e-os-truques-que-realmente-funcionam\/\" \/>\n<meta property=\"og:site_name\" content=\"Estado de Minas - Em foco\" \/>\n<meta property=\"article:published_time\" content=\"2025-11-07T18:25:35+00:00\" \/>\n<meta property=\"article:modified_time\" content=\"2025-11-06T18:48:49+00:00\" \/>\n<meta property=\"og:image\" content=\"https:\/\/www.em.com.br\/emfoco\/wp-content\/uploads\/2025\/11\/calor_1762454645036.jpg\" \/>\n\t<meta property=\"og:image:width\" content=\"1280\" \/>\n\t<meta property=\"og:image:height\" content=\"720\" \/>\n\t<meta property=\"og:image:type\" content=\"image\/jpeg\" \/>\n<meta name=\"author\" content=\"Daniely Cardoso\" \/>\n<meta name=\"twitter:card\" content=\"summary_large_image\" \/>\n<meta name=\"twitter:label1\" content=\"Escrito por\" \/>\n\t<meta name=\"twitter:data1\" content=\"Daniely Cardoso\" \/>\n\t<meta name=\"twitter:label2\" content=\"Est. tempo de leitura\" \/>\n\t<meta name=\"twitter:data2\" content=\"3 minutos\" \/>\n<!-- \/ Yoast SEO plugin. -->","yoast_head_json":{"title":"O desafio de ficar perfumada no calor e os truques que realmente funcionam - Estado de Minas - Em foco","description":"Manter-se fresca no calor exige estrat\u00e9gia. A hidrata\u00e7\u00e3o e a escolha de produtos leves s\u00e3o essenciais para fixar o aroma sem exageros.","robots":{"index":"index","follow":"follow","max-snippet":"max-snippet:-1","max-image-preview":"max-image-preview:large","max-video-preview":"max-video-preview:-1"},"canonical":"https:\/\/www.em.com.br\/emfoco\/2025\/11\/07\/o-desafio-de-ficar-perfumada-no-calor-e-os-truques-que-realmente-funcionam\/","og_locale":"pt_BR","og_type":"article","og_title":"O desafio de ficar perfumada no calor e os truques que realmente funcionam - Estado de Minas - Em foco","og_description":"Manter-se fresca no calor exige estrat\u00e9gia. A hidrata\u00e7\u00e3o e a escolha de produtos leves s\u00e3o essenciais para fixar o aroma sem exageros.","og_url":"https:\/\/www.em.com.br\/emfoco\/2025\/11\/07\/o-desafio-de-ficar-perfumada-no-calor-e-os-truques-que-realmente-funcionam\/","og_site_name":"Estado de Minas - Em foco","article_published_time":"2025-11-07T18:25:35+00:00","article_modified_time":"2025-11-06T18:48:49+00:00","og_image":[{"width":1280,"height":720,"url":"https:\/\/www.em.com.br\/emfoco\/wp-content\/uploads\/2025\/11\/calor_1762454645036.jpg","type":"image\/jpeg"}],"author":"Daniely Cardoso","twitter_card":"summary_large_image","twitter_misc":{"Escrito por":"Daniely Cardoso","Est. tempo de leitura":"3 minutos"},"schema":{"@context":"https:\/\/schema.org","@graph":[{"@type":"WebPage","@id":"https:\/\/www.em.com.br\/emfoco\/2025\/11\/07\/o-desafio-de-ficar-perfumada-no-calor-e-os-truques-que-realmente-funcionam\/","url":"https:\/\/www.em.com.br\/emfoco\/2025\/11\/07\/o-desafio-de-ficar-perfumada-no-calor-e-os-truques-que-realmente-funcionam\/","name":"O desafio de ficar perfumada no calor e os truques que realmente funcionam - Estado de Minas - Em foco","isPartOf":{"@id":"https:\/\/www.em.com.br\/emfoco\/#website"},"primaryImageOfPage":{"@id":"https:\/\/www.em.com.br\/emfoco\/2025\/11\/07\/o-desafio-de-ficar-perfumada-no-calor-e-os-truques-que-realmente-funcionam\/#primaryimage"},"image":{"@id":"https:\/\/www.em.com.br\/emfoco\/2025\/11\/07\/o-desafio-de-ficar-perfumada-no-calor-e-os-truques-que-realmente-funcionam\/#primaryimage"},"thumbnailUrl":"https:\/\/www.em.com.br\/emfoco\/wp-content\/uploads\/2025\/11\/calor_1762454645036.jpg","datePublished":"2025-11-07T18:25:35+00:00","dateModified":"2025-11-06T18:48:49+00:00","author":{"@id":"https:\/\/www.em.com.br\/emfoco\/#\/schema\/person\/0a8186d72f2c3a5c6276d90b41f271a0"},"description":"Manter-se fresca no calor exige estrat\u00e9gia. A hidrata\u00e7\u00e3o e a escolha de produtos leves s\u00e3o essenciais para fixar o aroma sem exageros.","breadcrumb":{"@id":"https:\/\/www.em.com.br\/emfoco\/2025\/11\/07\/o-desafio-de-ficar-perfumada-no-calor-e-os-truques-que-realmente-funcionam\/#breadcrumb"},"inLanguage":"pt-BR","potentialAction":[{"@type":"ReadAction","target":["https:\/\/www.em.com.br\/emfoco\/2025\/11\/07\/o-desafio-de-ficar-perfumada-no-calor-e-os-truques-que-realmente-funcionam\/"]}]},{"@type":"ImageObject","inLanguage":"pt-BR","@id":"https:\/\/www.em.com.br\/emfoco\/2025\/11\/07\/o-desafio-de-ficar-perfumada-no-calor-e-os-truques-que-realmente-funcionam\/#primaryimage","url":"https:\/\/www.em.com.br\/emfoco\/wp-content\/uploads\/2025\/11\/calor_1762454645036.jpg","contentUrl":"https:\/\/www.em.com.br\/emfoco\/wp-content\/uploads\/2025\/11\/calor_1762454645036.jpg","width":1280,"height":720,"caption":"No ver\u00e3o as temperaturas sobem - Cr\u00e9ditos: depositphotos.com \/ VitalikRadko"},{"@type":"BreadcrumbList","@id":"https:\/\/www.em.com.br\/emfoco\/2025\/11\/07\/o-desafio-de-ficar-perfumada-no-calor-e-os-truques-que-realmente-funcionam\/#breadcrumb","itemListElement":[{"@type":"ListItem","position":1,"name":"In\u00edcio","item":"https:\/\/www.em.com.br\/emfoco\/"},{"@type":"ListItem","position":2,"name":"O desafio de ficar perfumada no calor e os truques que realmente funcionam"}]},{"@type":"WebSite","@id":"https:\/\/www.em.com.br\/emfoco\/#website","url":"https:\/\/www.em.com.br\/emfoco\/","name":"Estado de Minas - Em foco","description":"Acompanhe as \u00faltimas not\u00edcias e fique bem informado sobre tudo o que acontece em Minas Gerais, Brasil e no mundo.","potentialAction":[{"@type":"SearchAction","target":{"@type":"EntryPoint","urlTemplate":"https:\/\/www.em.com.br\/emfoco\/?s={search_term_string}"},"query-input":{"@type":"PropertyValueSpecification","valueRequired":true,"valueName":"search_term_string"}}],"inLanguage":"pt-BR"},{"@type":"Person","@id":"https:\/\/www.em.com.br\/emfoco\/#\/schema\/person\/0a8186d72f2c3a5c6276d90b41f271a0","name":"Daniely Cardoso","image":{"@type":"ImageObject","inLanguage":"pt-BR","@id":"https:\/\/www.em.com.br\/emfoco\/#\/schema\/person\/image\/","url":"https:\/\/secure.gravatar.com\/avatar\/4b80ddbd124d1f071b626d52d62e5dff?s=96&d=mm&r=g","contentUrl":"https:\/\/secure.gravatar.com\/avatar\/4b80ddbd124d1f071b626d52d62e5dff?s=96&d=mm&r=g","caption":"Daniely Cardoso"},"url":"https:\/\/www.em.com.br\/emfoco\/author\/danielymyth\/"}]}},"_links":{"self":[{"href":"https:\/\/www.em.com.br\/emfoco\/wp-json\/wp\/v2\/posts\/124212","targetHints":{"allow":["GET"]}}],"collection":[{"href":"https:\/\/www.em.com.br\/emfoco\/wp-json\/wp\/v2\/posts"}],"about":[{"href":"https:\/\/www.em.com.br\/emfoco\/wp-json\/wp\/v2\/types\/post"}],"author":[{"embeddable":true,"href":"https:\/\/www.em.com.br\/emfoco\/wp-json\/wp\/v2\/users\/9"}],"replies":[{"embeddable":true,"href":"https:\/\/www.em.com.br\/emfoco\/wp-json\/wp\/v2\/comments?post=124212"}],"version-history":[{"count":2,"href":"https:\/\/www.em.com.br\/emfoco\/wp-json\/wp\/v2\/posts\/124212\/revisions"}],"predecessor-version":[{"id":124275,"href":"https:\/\/www.em.com.br\/emfoco\/wp-json\/wp\/v2\/posts\/124212\/revisions\/124275"}],"wp:featuredmedia":[{"embeddable":true,"href":"https:\/\/www.em.com.br\/emfoco\/wp-json\/wp\/v2\/media\/124274"}],"wp:attachment":[{"href":"https:\/\/www.em.com.br\/emfoco\/wp-json\/wp\/v2\/media?parent=124212"}],"wp:term":[{"taxonomy":"category","embeddable":true,"href":"https:\/\/www.em.com.br\/emfoco\/wp-json\/wp\/v2\/categories?post=124212"},{"taxonomy":"post_tag","embeddable":true,"href":"https:\/\/www.em.com.br\/emfoco\/wp-json\/wp\/v2\/tags?post=124212"}],"curies":[{"name":"wp","href":"https:\/\/api.w.org\/{rel}","templated":true}]}}