{"id":124171,"date":"2025-11-07T20:35:00","date_gmt":"2025-11-07T23:35:00","guid":{"rendered":"https:\/\/www.em.com.br\/emfoco\/?p=124171"},"modified":"2025-11-06T18:53:05","modified_gmt":"2025-11-06T21:53:05","slug":"aprenda-ja-a-como-buscar-ajuda-gratuita-para-recuperar-seu-beneficio-social","status":"publish","type":"post","link":"https:\/\/www.em.com.br\/emfoco\/2025\/11\/07\/aprenda-ja-a-como-buscar-ajuda-gratuita-para-recuperar-seu-beneficio-social\/","title":{"rendered":"Aprenda j\u00e1 a como buscar ajuda gratuita para recuperar seu benef\u00edcio social"},"content":{"rendered":"\n<p>Quando um benef\u00edcio \u00e9 cortado de forma inesperada, a situa\u00e7\u00e3o pode gerar grande apreens\u00e3o e incerteza na vida de uma pessoa. Por\u00e9m, nem sempre essa decis\u00e3o \u00e9 definitiva e, com informa\u00e7\u00f5es e documentos corretos, \u00e9 poss\u00edvel reverter a situa\u00e7\u00e3o. O principal \u00e9 manter a calma, entender os motivos e buscar solu\u00e7\u00f5es adequadas para a interrup\u00e7\u00e3o do benef\u00edcio.<\/p>\n\n\n\n<h2 class=\"wp-block-heading\">Como saber por que o benef\u00edcio caiu?<\/h2>\n\n\n\n<p>A primeira provid\u00eancia \u00e9 verificar qual foi o motivo do corte ou suspens\u00e3o do benef\u00edcio. O \u00f3rg\u00e3o respons\u00e1vel geralmente envia uma notifica\u00e7\u00e3o detalhada explicando o motivo da decis\u00e3o, podendo ser por correio, e-mail ou plataforma digital.<\/p>\n\n\n<div class=\"wp-block-image\">\n<figure class=\"aligncenter size-large\"><img loading=\"lazy\" decoding=\"async\" width=\"1024\" height=\"576\" src=\"https:\/\/www.em.com.br\/emfoco\/wp-content\/uploads\/2025\/10\/notebook_1761126255550-1024x576.jpg\" alt=\"\" class=\"wp-image-121577\" srcset=\"https:\/\/www.em.com.br\/emfoco\/wp-content\/uploads\/2025\/10\/notebook_1761126255550-1024x576.jpg 1024w, https:\/\/www.em.com.br\/emfoco\/wp-content\/uploads\/2025\/10\/notebook_1761126255550-300x169.jpg 300w, https:\/\/www.em.com.br\/emfoco\/wp-content\/uploads\/2025\/10\/notebook_1761126255550-768x432.jpg 768w, https:\/\/www.em.com.br\/emfoco\/wp-content\/uploads\/2025\/10\/notebook_1761126255550-750x422.jpg 750w, https:\/\/www.em.com.br\/emfoco\/wp-content\/uploads\/2025\/10\/notebook_1761126255550-1140x641.jpg 1140w, https:\/\/www.em.com.br\/emfoco\/wp-content\/uploads\/2025\/10\/notebook_1761126255550.jpg 1280w\" sizes=\"auto, (max-width: 1024px) 100vw, 1024px\" \/><figcaption class=\"wp-element-caption\">Orienta\u00e7\u00e3o gratuita para recuperar benef\u00edcio social e manter acesso a direitos &#8211; Cr\u00e9ditos: depositphotos.com \/ IgorVetushko<\/figcaption><\/figure><\/div>\n\n\n<p>Leia com aten\u00e7\u00e3o o comunicado, conferindo se h\u00e1 algum erro cadastral, pend\u00eancia de documenta\u00e7\u00e3o, cumprimento de prazos ou altera\u00e7\u00f5es nas regras do benef\u00edcio. Entender claramente a raz\u00e3o do corte \u00e9 essencial para definir as pr\u00f3ximas etapas. Caso n\u00e3o tenha recebido a notifica\u00e7\u00e3o, \u00e9 poss\u00edvel consultar o motivo diretamente pelo site ou aplicativo do \u00f3rg\u00e3o respons\u00e1vel, como o <strong>Meu INSS<\/strong>, por exemplo.<\/p>\n\n\n\n<h2 class=\"wp-block-heading\">O que fazer se o benef\u00edcio for suspenso?<\/h2>\n\n\n\n<p>Ap\u00f3s identificar o motivo, \u00e9 fundamental reunir toda a documenta\u00e7\u00e3o necess\u00e1ria que comprove seu direito ao benef\u00edcio. Organize todos os documentos exigidos que foram citados no comunicado recebido e que possam servir de comprova\u00e7\u00e3o.<\/p>\n\n\n\n<p>O processo de contesta\u00e7\u00e3o inclui etapas importantes a seguir, como analisar a notifica\u00e7\u00e3o, elaborar o recurso e acompanhar o andamento. Confira abaixo os passos b\u00e1sicos:<\/p>\n\n\n\n<ul class=\"wp-block-list\">\n<li><strong>Analise a notifica\u00e7\u00e3o:<\/strong> Entenda o motivo do corte e como ser\u00e1 poss\u00edvel contestar.<\/li>\n\n\n\n<li><strong>Re\u00fana documentos:<\/strong> Separe toda documenta\u00e7\u00e3o que comprove seu direito ao benef\u00edcio.<\/li>\n\n\n\n<li><strong>Elabore um recurso:<\/strong> Prepare um pedido escrito citando o motivo do corte e anexando provas.<\/li>\n\n\n\n<li><strong>Submeta dentro do prazo:<\/strong> Entregue tudo dentro do per\u00edodo estabelecido na notifica\u00e7\u00e3o.<\/li>\n\n\n\n<li><strong>Acompanhe o processo:<\/strong> Fique atento para responder eventuais solicita\u00e7\u00f5es do \u00f3rg\u00e3o respons\u00e1vel.<\/li>\n<\/ul>\n\n\n\n<p>Leia mais: <a href=\"https:\/\/www.em.com.br\/emfoco\/2025\/10\/31\/aposentado-perde-direito-a-pensao-e-foi-condenado-a-pagar-10-000-indenizacao-por-estar-109-dias-ausente-do-pais\/\" target=\"_blank\" rel=\"noreferrer noopener\">Aposentado perde direito \u00e0 pens\u00e3o e foi condenado a pagar 10.000 de indeniza\u00e7\u00e3o por estar 109 dias ausente do pa\u00eds<\/a><\/p>\n\n\n\n<h2 class=\"wp-block-heading\">Onde buscar ajuda gratuita para recorrer?<\/h2>\n\n\n<div class=\"wp-block-image\">\n<figure class=\"aligncenter size-large\"><img loading=\"lazy\" decoding=\"async\" width=\"1024\" height=\"576\" src=\"https:\/\/www.em.com.br\/emfoco\/wp-content\/uploads\/2025\/11\/advogado-sorrindo_1761298325411-1024x576.jpg\" alt=\"\" class=\"wp-image-124226\" srcset=\"https:\/\/www.em.com.br\/emfoco\/wp-content\/uploads\/2025\/11\/advogado-sorrindo_1761298325411-1024x576.jpg 1024w, https:\/\/www.em.com.br\/emfoco\/wp-content\/uploads\/2025\/11\/advogado-sorrindo_1761298325411-300x169.jpg 300w, https:\/\/www.em.com.br\/emfoco\/wp-content\/uploads\/2025\/11\/advogado-sorrindo_1761298325411-768x432.jpg 768w, https:\/\/www.em.com.br\/emfoco\/wp-content\/uploads\/2025\/11\/advogado-sorrindo_1761298325411-750x422.jpg 750w, https:\/\/www.em.com.br\/emfoco\/wp-content\/uploads\/2025\/11\/advogado-sorrindo_1761298325411-1140x641.jpg 1140w, https:\/\/www.em.com.br\/emfoco\/wp-content\/uploads\/2025\/11\/advogado-sorrindo_1761298325411.jpg 1280w\" sizes=\"auto, (max-width: 1024px) 100vw, 1024px\" \/><figcaption class=\"wp-element-caption\">Orienta\u00e7\u00e3o gratuita para recuperar benef\u00edcio social e manter acesso a direitos &#8211; Cr\u00e9ditos: depositphotos.com \/ VitalikRadko<\/figcaption><\/figure><\/div>\n\n\n<p>Durante a contesta\u00e7\u00e3o, vale buscar aux\u00edlio de profissionais especializados para orientar ou redigir o recurso. As defensorias p\u00fablicas fornecem <a href=\"https:\/\/www.mg.gov.br\/servico\/obter-assistencia-judiciaria-gratuita\" target=\"_blank\" rel=\"noreferrer noopener\">suporte jur\u00eddico sem custos<\/a>, sendo uma das melhores op\u00e7\u00f5es dispon\u00edveis.<\/p>\n\n\n\n<p>Al\u00e9m das defensorias, tamb\u00e9m \u00e9 poss\u00edvel procurar ajuda em sindicatos e organiza\u00e7\u00f5es n\u00e3o governamentais da sua regi\u00e3o, que frequentemente oferecem assist\u00eancia a quem enfrenta o corte indevido de benef\u00edcios. Em algumas cidades, existe tamb\u00e9m o servi\u00e7o de assist\u00eancia jur\u00eddica universit\u00e1ria, oferecido por faculdades de <strong>Direito<\/strong>.<\/p>\n\n\n\n<p>Leia mais: <a href=\"https:\/\/www.em.com.br\/emfoco\/2025\/10\/29\/justica-aprova-justa-causa-de-trabalhadora-que-faltou-ao-trabalho-por-mais-de-30-dias-por-estar-gravida\/\" target=\"_blank\" rel=\"noreferrer noopener\">Justi\u00e7a aprova justa causa de trabalhadora que faltou ao trabalho por mais de 30 dias por estar gr\u00e1vida<\/a><\/p>\n\n\n\n<h2 class=\"wp-block-heading\">Quais s\u00e3o os prazos para recorrer?<\/h2>\n\n\n\n<p>Os prazos para apresenta\u00e7\u00e3o de recursos mudam conforme o tipo de benef\u00edcio, sendo normalmente destacados na notifica\u00e7\u00e3o recebida. \u00c9 essencial n\u00e3o deixar o prazo expirar para garantir o direito \u00e0 contesta\u00e7\u00e3o.<\/p>\n\n\n\n<p>O \u00f3rg\u00e3o respons\u00e1vel analisar\u00e1 o pedido ap\u00f3s a apresenta\u00e7\u00e3o do recurso, e o tempo para resposta pode variar. Por isso, acompanhe o processo de perto e mantenha toda sua documenta\u00e7\u00e3o organizada enquanto aguarda a resposta oficial.<\/p>\n","protected":false},"excerpt":{"rendered":"<p>Quando um benef\u00edcio \u00e9 cortado de forma inesperada, a situa\u00e7\u00e3o pode gerar grande apreens\u00e3o e incerteza na vida de uma pessoa. Por\u00e9m, nem sempre essa decis\u00e3o \u00e9 definitiva e, com informa\u00e7\u00f5es e documentos corretos, \u00e9 poss\u00edvel reverter a situa\u00e7\u00e3o. O principal \u00e9 manter a calma, entender os motivos e buscar solu\u00e7\u00f5es adequadas para a interrup\u00e7\u00e3o [&hellip;]<\/p>\n","protected":false},"author":20,"featured_media":124230,"comment_status":"open","ping_status":"open","sticky":false,"template":"","format":"standard","meta":{"jnews-multi-image_gallery":[],"jnews_single_post":{"format":"standard"},"jnews_primary_category":[],"jnews_social_meta":[],"jnews_override_counter":[],"footnotes":""},"categories":[28,1],"tags":[11621,18530,18537],"class_list":["post-124171","post","type-post","status-publish","format-standard","has-post-thumbnail","hentry","category-economia","category-noticias","tag-assistencia-juridica-gratuita","tag-corte-de-beneficio","tag-direito"],"yoast_head":"<!-- This site is optimized with the Yoast SEO plugin v23.8 - https:\/\/yoast.com\/wordpress\/plugins\/seo\/ -->\n<title>Aprenda j\u00e1 a como buscar ajuda gratuita para recuperar seu benef\u00edcio social - Estado de Minas - Em foco<\/title>\n<meta name=\"description\" content=\"Aprenda agora a buscar ajuda gratuita para recuperar benef\u00edcios sociais e garantir seus direitos sem complica\u00e7\u00f5es ou custos extras.\" \/>\n<meta name=\"robots\" content=\"index, follow, max-snippet:-1, max-image-preview:large, max-video-preview:-1\" \/>\n<link rel=\"canonical\" href=\"https:\/\/www.em.com.br\/emfoco\/2025\/11\/07\/aprenda-ja-a-como-buscar-ajuda-gratuita-para-recuperar-seu-beneficio-social\/\" \/>\n<meta property=\"og:locale\" content=\"pt_BR\" \/>\n<meta property=\"og:type\" content=\"article\" \/>\n<meta property=\"og:title\" content=\"Aprenda j\u00e1 a como buscar ajuda gratuita para recuperar seu benef\u00edcio social - Estado de Minas - Em foco\" \/>\n<meta property=\"og:description\" content=\"Aprenda agora a buscar ajuda gratuita para recuperar benef\u00edcios sociais e garantir seus direitos sem complica\u00e7\u00f5es ou custos extras.\" \/>\n<meta property=\"og:url\" content=\"https:\/\/www.em.com.br\/emfoco\/2025\/11\/07\/aprenda-ja-a-como-buscar-ajuda-gratuita-para-recuperar-seu-beneficio-social\/\" \/>\n<meta property=\"og:site_name\" content=\"Estado de Minas - Em foco\" \/>\n<meta property=\"article:published_time\" content=\"2025-11-07T23:35:00+00:00\" \/>\n<meta property=\"article:modified_time\" content=\"2025-11-06T21:53:05+00:00\" \/>\n<meta property=\"og:image\" content=\"https:\/\/www.em.com.br\/emfoco\/wp-content\/uploads\/2025\/11\/advogado-sorrindo_1761298801132.jpg\" \/>\n\t<meta property=\"og:image:width\" content=\"1280\" \/>\n\t<meta property=\"og:image:height\" content=\"720\" \/>\n\t<meta property=\"og:image:type\" content=\"image\/jpeg\" \/>\n<meta name=\"author\" content=\"Ingrid Diniz\" \/>\n<meta name=\"twitter:card\" content=\"summary_large_image\" \/>\n<meta name=\"twitter:label1\" content=\"Escrito por\" \/>\n\t<meta name=\"twitter:data1\" content=\"Ingrid Diniz\" \/>\n\t<meta name=\"twitter:label2\" content=\"Est. tempo de leitura\" \/>\n\t<meta name=\"twitter:data2\" content=\"4 minutos\" \/>\n<!-- \/ Yoast SEO plugin. -->","yoast_head_json":{"title":"Aprenda j\u00e1 a como buscar ajuda gratuita para recuperar seu benef\u00edcio social - Estado de Minas - Em foco","description":"Aprenda agora a buscar ajuda gratuita para recuperar benef\u00edcios sociais e garantir seus direitos sem complica\u00e7\u00f5es ou custos extras.","robots":{"index":"index","follow":"follow","max-snippet":"max-snippet:-1","max-image-preview":"max-image-preview:large","max-video-preview":"max-video-preview:-1"},"canonical":"https:\/\/www.em.com.br\/emfoco\/2025\/11\/07\/aprenda-ja-a-como-buscar-ajuda-gratuita-para-recuperar-seu-beneficio-social\/","og_locale":"pt_BR","og_type":"article","og_title":"Aprenda j\u00e1 a como buscar ajuda gratuita para recuperar seu benef\u00edcio social - Estado de Minas - Em foco","og_description":"Aprenda agora a buscar ajuda gratuita para recuperar benef\u00edcios sociais e garantir seus direitos sem complica\u00e7\u00f5es ou custos extras.","og_url":"https:\/\/www.em.com.br\/emfoco\/2025\/11\/07\/aprenda-ja-a-como-buscar-ajuda-gratuita-para-recuperar-seu-beneficio-social\/","og_site_name":"Estado de Minas - Em foco","article_published_time":"2025-11-07T23:35:00+00:00","article_modified_time":"2025-11-06T21:53:05+00:00","og_image":[{"width":1280,"height":720,"url":"https:\/\/www.em.com.br\/emfoco\/wp-content\/uploads\/2025\/11\/advogado-sorrindo_1761298801132.jpg","type":"image\/jpeg"}],"author":"Ingrid Diniz","twitter_card":"summary_large_image","twitter_misc":{"Escrito por":"Ingrid Diniz","Est. tempo de leitura":"4 minutos"},"schema":{"@context":"https:\/\/schema.org","@graph":[{"@type":"WebPage","@id":"https:\/\/www.em.com.br\/emfoco\/2025\/11\/07\/aprenda-ja-a-como-buscar-ajuda-gratuita-para-recuperar-seu-beneficio-social\/","url":"https:\/\/www.em.com.br\/emfoco\/2025\/11\/07\/aprenda-ja-a-como-buscar-ajuda-gratuita-para-recuperar-seu-beneficio-social\/","name":"Aprenda j\u00e1 a como buscar ajuda gratuita para recuperar seu benef\u00edcio social - Estado de Minas - Em foco","isPartOf":{"@id":"https:\/\/www.em.com.br\/emfoco\/#website"},"primaryImageOfPage":{"@id":"https:\/\/www.em.com.br\/emfoco\/2025\/11\/07\/aprenda-ja-a-como-buscar-ajuda-gratuita-para-recuperar-seu-beneficio-social\/#primaryimage"},"image":{"@id":"https:\/\/www.em.com.br\/emfoco\/2025\/11\/07\/aprenda-ja-a-como-buscar-ajuda-gratuita-para-recuperar-seu-beneficio-social\/#primaryimage"},"thumbnailUrl":"https:\/\/www.em.com.br\/emfoco\/wp-content\/uploads\/2025\/11\/advogado-sorrindo_1761298801132.jpg","datePublished":"2025-11-07T23:35:00+00:00","dateModified":"2025-11-06T21:53:05+00:00","author":{"@id":"https:\/\/www.em.com.br\/emfoco\/#\/schema\/person\/649e610b4eb8fff87ff394e54fe17b2b"},"description":"Aprenda agora a buscar ajuda gratuita para recuperar benef\u00edcios sociais e garantir seus direitos sem complica\u00e7\u00f5es ou custos extras.","breadcrumb":{"@id":"https:\/\/www.em.com.br\/emfoco\/2025\/11\/07\/aprenda-ja-a-como-buscar-ajuda-gratuita-para-recuperar-seu-beneficio-social\/#breadcrumb"},"inLanguage":"pt-BR","potentialAction":[{"@type":"ReadAction","target":["https:\/\/www.em.com.br\/emfoco\/2025\/11\/07\/aprenda-ja-a-como-buscar-ajuda-gratuita-para-recuperar-seu-beneficio-social\/"]}]},{"@type":"ImageObject","inLanguage":"pt-BR","@id":"https:\/\/www.em.com.br\/emfoco\/2025\/11\/07\/aprenda-ja-a-como-buscar-ajuda-gratuita-para-recuperar-seu-beneficio-social\/#primaryimage","url":"https:\/\/www.em.com.br\/emfoco\/wp-content\/uploads\/2025\/11\/advogado-sorrindo_1761298801132.jpg","contentUrl":"https:\/\/www.em.com.br\/emfoco\/wp-content\/uploads\/2025\/11\/advogado-sorrindo_1761298801132.jpg","width":1280,"height":720,"caption":"Direitos trabalhistas para mulheres acima de 45 anos - Cr\u00e9ditos: depositphotos.com \/ AndrewLozovyi"},{"@type":"BreadcrumbList","@id":"https:\/\/www.em.com.br\/emfoco\/2025\/11\/07\/aprenda-ja-a-como-buscar-ajuda-gratuita-para-recuperar-seu-beneficio-social\/#breadcrumb","itemListElement":[{"@type":"ListItem","position":1,"name":"In\u00edcio","item":"https:\/\/www.em.com.br\/emfoco\/"},{"@type":"ListItem","position":2,"name":"Aprenda j\u00e1 a como buscar ajuda gratuita para recuperar seu benef\u00edcio social"}]},{"@type":"WebSite","@id":"https:\/\/www.em.com.br\/emfoco\/#website","url":"https:\/\/www.em.com.br\/emfoco\/","name":"Estado de Minas - Em foco","description":"Acompanhe as \u00faltimas not\u00edcias e fique bem informado sobre tudo o que acontece em Minas Gerais, Brasil e no mundo.","potentialAction":[{"@type":"SearchAction","target":{"@type":"EntryPoint","urlTemplate":"https:\/\/www.em.com.br\/emfoco\/?s={search_term_string}"},"query-input":{"@type":"PropertyValueSpecification","valueRequired":true,"valueName":"search_term_string"}}],"inLanguage":"pt-BR"},{"@type":"Person","@id":"https:\/\/www.em.com.br\/emfoco\/#\/schema\/person\/649e610b4eb8fff87ff394e54fe17b2b","name":"Ingrid Diniz","image":{"@type":"ImageObject","inLanguage":"pt-BR","@id":"https:\/\/www.em.com.br\/emfoco\/#\/schema\/person\/image\/","url":"https:\/\/secure.gravatar.com\/avatar\/a3baa1449ec5c39b4c42babc9d4f3951?s=96&d=mm&r=g","contentUrl":"https:\/\/secure.gravatar.com\/avatar\/a3baa1449ec5c39b4c42babc9d4f3951?s=96&d=mm&r=g","caption":"Ingrid Diniz"},"sameAs":["https:\/\/www.em.com.br\/"],"url":"https:\/\/www.em.com.br\/emfoco\/author\/ingridmyth\/"}]}},"_links":{"self":[{"href":"https:\/\/www.em.com.br\/emfoco\/wp-json\/wp\/v2\/posts\/124171","targetHints":{"allow":["GET"]}}],"collection":[{"href":"https:\/\/www.em.com.br\/emfoco\/wp-json\/wp\/v2\/posts"}],"about":[{"href":"https:\/\/www.em.com.br\/emfoco\/wp-json\/wp\/v2\/types\/post"}],"author":[{"embeddable":true,"href":"https:\/\/www.em.com.br\/emfoco\/wp-json\/wp\/v2\/users\/20"}],"replies":[{"embeddable":true,"href":"https:\/\/www.em.com.br\/emfoco\/wp-json\/wp\/v2\/comments?post=124171"}],"version-history":[{"count":2,"href":"https:\/\/www.em.com.br\/emfoco\/wp-json\/wp\/v2\/posts\/124171\/revisions"}],"predecessor-version":[{"id":124478,"href":"https:\/\/www.em.com.br\/emfoco\/wp-json\/wp\/v2\/posts\/124171\/revisions\/124478"}],"wp:featuredmedia":[{"embeddable":true,"href":"https:\/\/www.em.com.br\/emfoco\/wp-json\/wp\/v2\/media\/124230"}],"wp:attachment":[{"href":"https:\/\/www.em.com.br\/emfoco\/wp-json\/wp\/v2\/media?parent=124171"}],"wp:term":[{"taxonomy":"category","embeddable":true,"href":"https:\/\/www.em.com.br\/emfoco\/wp-json\/wp\/v2\/categories?post=124171"},{"taxonomy":"post_tag","embeddable":true,"href":"https:\/\/www.em.com.br\/emfoco\/wp-json\/wp\/v2\/tags?post=124171"}],"curies":[{"name":"wp","href":"https:\/\/api.w.org\/{rel}","templated":true}]}}