{"id":124169,"date":"2025-11-07T17:25:00","date_gmt":"2025-11-07T20:25:00","guid":{"rendered":"https:\/\/www.em.com.br\/emfoco\/?p=124169"},"modified":"2025-11-06T18:50:10","modified_gmt":"2025-11-06T21:50:10","slug":"dona-de-casa-diminui-as-tarefas-com-a-tecnologia-das-casas-inteligentes","status":"publish","type":"post","link":"https:\/\/www.em.com.br\/emfoco\/2025\/11\/07\/dona-de-casa-diminui-as-tarefas-com-a-tecnologia-das-casas-inteligentes\/","title":{"rendered":"Dona de casa diminui as tarefas com a tecnologia das casas inteligentes"},"content":{"rendered":"\n<p>No ritmo acelerado da vida moderna, a busca por praticidade em casa continua crescendo rapidamente em 2025, impulsionada pela ado\u00e7\u00e3o de eletr\u00f4nicos que prometem otimizar tarefas dom\u00e9sticas e proporcionar mais conforto, comodidade e qualidade de vida para as fam\u00edlias.<\/p>\n\n\n\n<h2 class=\"wp-block-heading\">Por que rob\u00f4s aspiradores s\u00e3o essenciais?<\/h2>\n\n\n\n<p>Os <strong>aspiradores rob\u00f4<\/strong> avan\u00e7aram muito e s\u00e3o parte indispens\u00e1vel em resid\u00eancias inteligentes em 2025. Com sensores modernos e capacidade de limpeza aut\u00f4noma, esses aparelhos facilitam a rotina ao garantir pisos sempre limpos com o m\u00ednimo de esfor\u00e7o humano.<\/p>\n\n\n<div class=\"wp-block-image\">\n<figure class=\"aligncenter size-large\"><img loading=\"lazy\" decoding=\"async\" width=\"1024\" height=\"576\" src=\"https:\/\/www.em.com.br\/emfoco\/wp-content\/uploads\/2025\/10\/robo-assistente-em-casa_1761061387940-1024x576.jpg\" alt=\"Automa\u00e7\u00e3o dom\u00e9stica facilita a rotina e faz sucesso nas casas brasileiras\" class=\"wp-image-120868\" srcset=\"https:\/\/www.em.com.br\/emfoco\/wp-content\/uploads\/2025\/10\/robo-assistente-em-casa_1761061387940-1024x576.jpg 1024w, https:\/\/www.em.com.br\/emfoco\/wp-content\/uploads\/2025\/10\/robo-assistente-em-casa_1761061387940-300x169.jpg 300w, https:\/\/www.em.com.br\/emfoco\/wp-content\/uploads\/2025\/10\/robo-assistente-em-casa_1761061387940-768x432.jpg 768w, https:\/\/www.em.com.br\/emfoco\/wp-content\/uploads\/2025\/10\/robo-assistente-em-casa_1761061387940-750x422.jpg 750w, https:\/\/www.em.com.br\/emfoco\/wp-content\/uploads\/2025\/10\/robo-assistente-em-casa_1761061387940-1140x641.jpg 1140w, https:\/\/www.em.com.br\/emfoco\/wp-content\/uploads\/2025\/10\/robo-assistente-em-casa_1761061387940.jpg 1280w\" sizes=\"auto, (max-width: 1024px) 100vw, 1024px\" \/><figcaption class=\"wp-element-caption\">Dona de casa utiliza tecnologias de casa inteligente para organizar tarefas do dia a dia &#8211; Cr\u00e9ditos: depositphotos.com \/ veinteauno<\/figcaption><\/figure><\/div>\n\n\n<p>Esses rob\u00f4s podem ser controlados via aplicativos de smartphone e possuem recursos que permitem driblar obst\u00e1culos e alcan\u00e7ar cantos dif\u00edceis. Entre suas fun\u00e7\u00f5es mais apreciadas, destacam-se:<\/p>\n\n\n\n<ul class=\"wp-block-list\">\n<li>Programa\u00e7\u00e3o de hor\u00e1rios pelo celular para limpeza em qualquer momento<\/li>\n\n\n\n<li>Sensores inteligentes que evitam colis\u00f5es e quedas<\/li>\n\n\n\n<li>Escovas laterais para limpeza de rodap\u00e9s e cantos<\/li>\n\n\n\n<li>Retorno autom\u00e1tico \u00e0 base para recarga<\/li>\n<\/ul>\n\n\n\n<h2 class=\"wp-block-heading\">Como as air fryers mudaram a cozinha?<\/h2>\n\n\n\n<p>As <strong>air fryers inteligentes<\/strong> trouxeram mais agilidade e precis\u00e3o \u00e0 culin\u00e1ria caseira. Equipadas com Wi-Fi, permitem monitoramento \u00e0 dist\u00e2ncia e ajustes autom\u00e1ticos de tempo e temperatura diretamente pelo aplicativo, otimizando o preparo de refei\u00e7\u00f5es e tornando a alimenta\u00e7\u00e3o mais saud\u00e1vel.<\/p>\n\n\n\n<p>Al\u00e9m de receitas programadas e fun\u00e7\u00f5es autom\u00e1ticas, esses aparelhos ajudam a simplificar o dia a dia de fam\u00edlias ocupadas e garantem variedade sem abrir m\u00e3o do sabor. Essa versatilidade faz das air fryers itens quase obrigat\u00f3rios nas cozinhas modernas. Modelos avan\u00e7ados agora contam tamb\u00e9m com sensores de cozimento e integra\u00e7\u00e3o direta com assistentes de voz, facilitando ainda mais o uso.<\/p>\n\n\n\n<p>Leia mais: <a href=\"https:\/\/www.em.com.br\/emfoco\/2025\/10\/22\/nova-tecnologia-aquece-agua-sem-gas-nem-eletricidade\/\" target=\"_blank\" rel=\"noreferrer noopener\">Nova tecnologia aquece \u00e1gua sem g\u00e1s nem eletricidade<\/a><\/p>\n\n\n\n<h2 class=\"wp-block-heading\">Quais novidades est\u00e3o nos lares de 2025?<\/h2>\n\n\n<div class=\"wp-block-image\">\n<figure class=\"aligncenter size-large\"><img loading=\"lazy\" decoding=\"async\" width=\"1024\" height=\"576\" src=\"https:\/\/www.em.com.br\/emfoco\/wp-content\/uploads\/2025\/11\/casa-inteligente_1761292988220-1024x576.jpg\" alt=\"\" class=\"wp-image-124192\" srcset=\"https:\/\/www.em.com.br\/emfoco\/wp-content\/uploads\/2025\/11\/casa-inteligente_1761292988220-1024x576.jpg 1024w, https:\/\/www.em.com.br\/emfoco\/wp-content\/uploads\/2025\/11\/casa-inteligente_1761292988220-300x169.jpg 300w, https:\/\/www.em.com.br\/emfoco\/wp-content\/uploads\/2025\/11\/casa-inteligente_1761292988220-768x432.jpg 768w, https:\/\/www.em.com.br\/emfoco\/wp-content\/uploads\/2025\/11\/casa-inteligente_1761292988220-750x422.jpg 750w, https:\/\/www.em.com.br\/emfoco\/wp-content\/uploads\/2025\/11\/casa-inteligente_1761292988220-1140x641.jpg 1140w, https:\/\/www.em.com.br\/emfoco\/wp-content\/uploads\/2025\/11\/casa-inteligente_1761292988220.jpg 1280w\" sizes=\"auto, (max-width: 1024px) 100vw, 1024px\" \/><figcaption class=\"wp-element-caption\">Dona de casa utiliza tecnologias de casa inteligente para organizar tarefas do dia a dia &#8211; Cr\u00e9ditos: depositphotos.com \/ VitalikRadko<\/figcaption><\/figure><\/div>\n\n\n<p>Geladeiras inteligentes, capazes de monitorar alimentos e sugerir receitas, j\u00e1 s\u00e3o tend\u00eancia consolidada. M\u00e1quinas de lavar com intelig\u00eancia artificial tamb\u00e9m avan\u00e7aram, oferecendo ciclos personalizados e <strong>evitando desperd\u00edcios de \u00e1gua e energia<\/strong>.<\/p>\n\n\n\n<p>Entre as principais <a href=\"https:\/\/www.gov.br\/int\/pt-br\/nucleo-de-inovacao-tecnologica\" target=\"_blank\" rel=\"noreferrer noopener\">inova\u00e7\u00f5es tecnol\u00f3gicas<\/a> que v\u00eam ganhando espa\u00e7o nos lares, podemos destacar:<\/p>\n\n\n\n<ul class=\"wp-block-list\">\n<li>Geladeiras que organizam o estoque e previnem desperd\u00edcio<\/li>\n\n\n\n<li>M\u00e1quinas de lavar com reconhecimento de tecidos e ajuste autom\u00e1tico de ciclos<\/li>\n\n\n\n<li>Dispositivos vest\u00edveis que controlam eletrodom\u00e9sticos e sistemas de seguran\u00e7a da casa<\/li>\n\n\n\n<li>Assistentes virtuais integrados, conectando todos os aparelhos dom\u00e9sticos<\/li>\n<\/ul>\n\n\n\n<p>Al\u00e9m disso, outras novidades como purificadores de ar inteligentes e cortinas automatizadas surgem como tend\u00eancias para agregar ainda mais conforto e praticidade ao cotidiano familiar.<\/p>\n\n\n\n<p>Leia mais: <a href=\"https:\/\/www.em.com.br\/emfoco\/2025\/10\/21\/a-tecnologia-mais-falada-do-momento-promete-uma-pele-perfeita-sem-exageros\/\" target=\"_blank\" rel=\"noreferrer noopener\">A tecnologia mais falada do momento promete uma pele perfeita sem exageros<\/a><\/p>\n\n\n\n<h2 class=\"wp-block-heading\">A automa\u00e7\u00e3o dom\u00e9stica ser\u00e1 acess\u00edvel?<\/h2>\n\n\n\n<p>Em 2025, a <strong>automa\u00e7\u00e3o<\/strong> de tarefas rotineiras vai al\u00e9m de uma tend\u00eancia: proporciona liberdade para aproveitar o tempo em atividades mais importantes e lazer. Com a populariza\u00e7\u00e3o da tecnologia, a conectividade e integra\u00e7\u00e3o entre dispositivos trouxe ainda mais efici\u00eancia \u00e0 vida dom\u00e9stica.<\/p>\n\n\n\n<p>A expectativa \u00e9 que cada vez mais fam\u00edlias tenham acesso a essas solu\u00e7\u00f5es, transformando as casas em ambientes inteligentes e conectados, onde praticidade e bem-estar caminham juntos. Planos de assinatura acess\u00edveis, kits de automa\u00e7\u00e3o customiz\u00e1veis e plataformas abertas tamb\u00e9m tornam o acesso \u00e0 automa\u00e7\u00e3o mais democr\u00e1tico, beneficiando lares de todos os perfis.<\/p>\n","protected":false},"excerpt":{"rendered":"<p>No ritmo acelerado da vida moderna, a busca por praticidade em casa continua crescendo rapidamente em 2025, impulsionada pela ado\u00e7\u00e3o de eletr\u00f4nicos que prometem otimizar tarefas dom\u00e9sticas e proporcionar mais conforto, comodidade e qualidade de vida para as fam\u00edlias. Por que rob\u00f4s aspiradores s\u00e3o essenciais? Os aspiradores rob\u00f4 avan\u00e7aram muito e s\u00e3o parte indispens\u00e1vel em [&hellip;]<\/p>\n","protected":false},"author":20,"featured_media":124193,"comment_status":"open","ping_status":"open","sticky":false,"template":"","format":"standard","meta":{"jnews-multi-image_gallery":[],"jnews_single_post":{"format":"standard"},"jnews_primary_category":[],"jnews_social_meta":[],"jnews_override_counter":[],"footnotes":""},"categories":[28,1],"tags":[11085,2624,161],"class_list":["post-124169","post","type-post","status-publish","format-standard","has-post-thumbnail","hentry","category-economia","category-noticias","tag-dia-a-dia","tag-eletronicos","tag-tecnologia"],"yoast_head":"<!-- This site is optimized with the Yoast SEO plugin v23.8 - https:\/\/yoast.com\/wordpress\/plugins\/seo\/ -->\n<title>Dona de casa diminui as tarefas com a tecnologia das casas inteligentes - Estado de Minas - Em foco<\/title>\n<meta name=\"description\" content=\"Dona de casa agiliza tarefas e ganha mais tempo usando tecnologia de casas inteligentes, controlando equipamentos e rotinas com praticidade.\" \/>\n<meta name=\"robots\" content=\"index, follow, max-snippet:-1, max-image-preview:large, max-video-preview:-1\" \/>\n<link rel=\"canonical\" href=\"https:\/\/www.em.com.br\/emfoco\/2025\/11\/07\/dona-de-casa-diminui-as-tarefas-com-a-tecnologia-das-casas-inteligentes\/\" \/>\n<meta property=\"og:locale\" content=\"pt_BR\" \/>\n<meta property=\"og:type\" content=\"article\" \/>\n<meta property=\"og:title\" content=\"Dona de casa diminui as tarefas com a tecnologia das casas inteligentes - Estado de Minas - Em foco\" \/>\n<meta property=\"og:description\" content=\"Dona de casa agiliza tarefas e ganha mais tempo usando tecnologia de casas inteligentes, controlando equipamentos e rotinas com praticidade.\" \/>\n<meta property=\"og:url\" content=\"https:\/\/www.em.com.br\/emfoco\/2025\/11\/07\/dona-de-casa-diminui-as-tarefas-com-a-tecnologia-das-casas-inteligentes\/\" \/>\n<meta property=\"og:site_name\" content=\"Estado de Minas - Em foco\" \/>\n<meta property=\"article:published_time\" content=\"2025-11-07T20:25:00+00:00\" \/>\n<meta property=\"article:modified_time\" content=\"2025-11-06T21:50:10+00:00\" \/>\n<meta property=\"og:image\" content=\"https:\/\/www.em.com.br\/emfoco\/wp-content\/uploads\/2025\/11\/casa-inteligente_1761293129851.jpg\" \/>\n\t<meta property=\"og:image:width\" content=\"1280\" \/>\n\t<meta property=\"og:image:height\" content=\"720\" \/>\n\t<meta property=\"og:image:type\" content=\"image\/jpeg\" \/>\n<meta name=\"author\" content=\"Ingrid Diniz\" \/>\n<meta name=\"twitter:card\" content=\"summary_large_image\" \/>\n<meta name=\"twitter:label1\" content=\"Escrito por\" \/>\n\t<meta name=\"twitter:data1\" content=\"Ingrid Diniz\" \/>\n\t<meta name=\"twitter:label2\" content=\"Est. tempo de leitura\" \/>\n\t<meta name=\"twitter:data2\" content=\"4 minutos\" \/>\n<!-- \/ Yoast SEO plugin. -->","yoast_head_json":{"title":"Dona de casa diminui as tarefas com a tecnologia das casas inteligentes - Estado de Minas - Em foco","description":"Dona de casa agiliza tarefas e ganha mais tempo usando tecnologia de casas inteligentes, controlando equipamentos e rotinas com praticidade.","robots":{"index":"index","follow":"follow","max-snippet":"max-snippet:-1","max-image-preview":"max-image-preview:large","max-video-preview":"max-video-preview:-1"},"canonical":"https:\/\/www.em.com.br\/emfoco\/2025\/11\/07\/dona-de-casa-diminui-as-tarefas-com-a-tecnologia-das-casas-inteligentes\/","og_locale":"pt_BR","og_type":"article","og_title":"Dona de casa diminui as tarefas com a tecnologia das casas inteligentes - Estado de Minas - Em foco","og_description":"Dona de casa agiliza tarefas e ganha mais tempo usando tecnologia de casas inteligentes, controlando equipamentos e rotinas com praticidade.","og_url":"https:\/\/www.em.com.br\/emfoco\/2025\/11\/07\/dona-de-casa-diminui-as-tarefas-com-a-tecnologia-das-casas-inteligentes\/","og_site_name":"Estado de Minas - Em foco","article_published_time":"2025-11-07T20:25:00+00:00","article_modified_time":"2025-11-06T21:50:10+00:00","og_image":[{"width":1280,"height":720,"url":"https:\/\/www.em.com.br\/emfoco\/wp-content\/uploads\/2025\/11\/casa-inteligente_1761293129851.jpg","type":"image\/jpeg"}],"author":"Ingrid Diniz","twitter_card":"summary_large_image","twitter_misc":{"Escrito por":"Ingrid Diniz","Est. tempo de leitura":"4 minutos"},"schema":{"@context":"https:\/\/schema.org","@graph":[{"@type":"WebPage","@id":"https:\/\/www.em.com.br\/emfoco\/2025\/11\/07\/dona-de-casa-diminui-as-tarefas-com-a-tecnologia-das-casas-inteligentes\/","url":"https:\/\/www.em.com.br\/emfoco\/2025\/11\/07\/dona-de-casa-diminui-as-tarefas-com-a-tecnologia-das-casas-inteligentes\/","name":"Dona de casa diminui as tarefas com a tecnologia das casas inteligentes - Estado de Minas - Em foco","isPartOf":{"@id":"https:\/\/www.em.com.br\/emfoco\/#website"},"primaryImageOfPage":{"@id":"https:\/\/www.em.com.br\/emfoco\/2025\/11\/07\/dona-de-casa-diminui-as-tarefas-com-a-tecnologia-das-casas-inteligentes\/#primaryimage"},"image":{"@id":"https:\/\/www.em.com.br\/emfoco\/2025\/11\/07\/dona-de-casa-diminui-as-tarefas-com-a-tecnologia-das-casas-inteligentes\/#primaryimage"},"thumbnailUrl":"https:\/\/www.em.com.br\/emfoco\/wp-content\/uploads\/2025\/11\/casa-inteligente_1761293129851.jpg","datePublished":"2025-11-07T20:25:00+00:00","dateModified":"2025-11-06T21:50:10+00:00","author":{"@id":"https:\/\/www.em.com.br\/emfoco\/#\/schema\/person\/649e610b4eb8fff87ff394e54fe17b2b"},"description":"Dona de casa agiliza tarefas e ganha mais tempo usando tecnologia de casas inteligentes, controlando equipamentos e rotinas com praticidade.","breadcrumb":{"@id":"https:\/\/www.em.com.br\/emfoco\/2025\/11\/07\/dona-de-casa-diminui-as-tarefas-com-a-tecnologia-das-casas-inteligentes\/#breadcrumb"},"inLanguage":"pt-BR","potentialAction":[{"@type":"ReadAction","target":["https:\/\/www.em.com.br\/emfoco\/2025\/11\/07\/dona-de-casa-diminui-as-tarefas-com-a-tecnologia-das-casas-inteligentes\/"]}]},{"@type":"ImageObject","inLanguage":"pt-BR","@id":"https:\/\/www.em.com.br\/emfoco\/2025\/11\/07\/dona-de-casa-diminui-as-tarefas-com-a-tecnologia-das-casas-inteligentes\/#primaryimage","url":"https:\/\/www.em.com.br\/emfoco\/wp-content\/uploads\/2025\/11\/casa-inteligente_1761293129851.jpg","contentUrl":"https:\/\/www.em.com.br\/emfoco\/wp-content\/uploads\/2025\/11\/casa-inteligente_1761293129851.jpg","width":1280,"height":720,"caption":"Evite gastos altos com ar-condicionado no hor\u00e1rio de pico - Cr\u00e9ditos: depositphotos.com \/ REDPIXEL"},{"@type":"BreadcrumbList","@id":"https:\/\/www.em.com.br\/emfoco\/2025\/11\/07\/dona-de-casa-diminui-as-tarefas-com-a-tecnologia-das-casas-inteligentes\/#breadcrumb","itemListElement":[{"@type":"ListItem","position":1,"name":"In\u00edcio","item":"https:\/\/www.em.com.br\/emfoco\/"},{"@type":"ListItem","position":2,"name":"Dona de casa diminui as tarefas com a tecnologia das casas inteligentes"}]},{"@type":"WebSite","@id":"https:\/\/www.em.com.br\/emfoco\/#website","url":"https:\/\/www.em.com.br\/emfoco\/","name":"Estado de Minas - Em foco","description":"Acompanhe as \u00faltimas not\u00edcias e fique bem informado sobre tudo o que acontece em Minas Gerais, Brasil e no mundo.","potentialAction":[{"@type":"SearchAction","target":{"@type":"EntryPoint","urlTemplate":"https:\/\/www.em.com.br\/emfoco\/?s={search_term_string}"},"query-input":{"@type":"PropertyValueSpecification","valueRequired":true,"valueName":"search_term_string"}}],"inLanguage":"pt-BR"},{"@type":"Person","@id":"https:\/\/www.em.com.br\/emfoco\/#\/schema\/person\/649e610b4eb8fff87ff394e54fe17b2b","name":"Ingrid Diniz","image":{"@type":"ImageObject","inLanguage":"pt-BR","@id":"https:\/\/www.em.com.br\/emfoco\/#\/schema\/person\/image\/","url":"https:\/\/secure.gravatar.com\/avatar\/a3baa1449ec5c39b4c42babc9d4f3951?s=96&d=mm&r=g","contentUrl":"https:\/\/secure.gravatar.com\/avatar\/a3baa1449ec5c39b4c42babc9d4f3951?s=96&d=mm&r=g","caption":"Ingrid Diniz"},"sameAs":["https:\/\/www.em.com.br\/"],"url":"https:\/\/www.em.com.br\/emfoco\/author\/ingridmyth\/"}]}},"_links":{"self":[{"href":"https:\/\/www.em.com.br\/emfoco\/wp-json\/wp\/v2\/posts\/124169","targetHints":{"allow":["GET"]}}],"collection":[{"href":"https:\/\/www.em.com.br\/emfoco\/wp-json\/wp\/v2\/posts"}],"about":[{"href":"https:\/\/www.em.com.br\/emfoco\/wp-json\/wp\/v2\/types\/post"}],"author":[{"embeddable":true,"href":"https:\/\/www.em.com.br\/emfoco\/wp-json\/wp\/v2\/users\/20"}],"replies":[{"embeddable":true,"href":"https:\/\/www.em.com.br\/emfoco\/wp-json\/wp\/v2\/comments?post=124169"}],"version-history":[{"count":2,"href":"https:\/\/www.em.com.br\/emfoco\/wp-json\/wp\/v2\/posts\/124169\/revisions"}],"predecessor-version":[{"id":124475,"href":"https:\/\/www.em.com.br\/emfoco\/wp-json\/wp\/v2\/posts\/124169\/revisions\/124475"}],"wp:featuredmedia":[{"embeddable":true,"href":"https:\/\/www.em.com.br\/emfoco\/wp-json\/wp\/v2\/media\/124193"}],"wp:attachment":[{"href":"https:\/\/www.em.com.br\/emfoco\/wp-json\/wp\/v2\/media?parent=124169"}],"wp:term":[{"taxonomy":"category","embeddable":true,"href":"https:\/\/www.em.com.br\/emfoco\/wp-json\/wp\/v2\/categories?post=124169"},{"taxonomy":"post_tag","embeddable":true,"href":"https:\/\/www.em.com.br\/emfoco\/wp-json\/wp\/v2\/tags?post=124169"}],"curies":[{"name":"wp","href":"https:\/\/api.w.org\/{rel}","templated":true}]}}