{"id":12414,"date":"2025-01-27T11:20:00","date_gmt":"2025-01-27T14:20:00","guid":{"rendered":"https:\/\/www.em.com.br\/emfoco\/?p=12414"},"modified":"2025-01-25T09:10:12","modified_gmt":"2025-01-25T12:10:12","slug":"carnaval-2025-e-feriado-ou-ponto-facultativo-entenda-tudo-sobre-os-dias-de-folia","status":"publish","type":"post","link":"https:\/\/www.em.com.br\/emfoco\/2025\/01\/27\/carnaval-2025-e-feriado-ou-ponto-facultativo-entenda-tudo-sobre-os-dias-de-folia\/","title":{"rendered":"Carnaval 2025: \u00c9 Feriado ou Ponto Facultativo? Entenda Tudo Sobre os Dias de Folia!"},"content":{"rendered":"\n<p>O <strong><a href=\"https:\/\/www.em.com.br\/emfoco\/2025\/01\/08\/melhores-destinos-para-um-carnaval-perfeito-em-2025\/\" target=\"_blank\" rel=\"noreferrer noopener\">Carnaval<\/a><\/strong> \u00e9 uma das manifesta\u00e7\u00f5es culturais mais marcantes do Brasil, atraindo turistas de todo o mundo para a folia dos desfiles e festas de rua. Em 2025, esta celebra\u00e7\u00e3o come\u00e7ar\u00e1 no in\u00edcio de mar\u00e7o, e a expectativa entre os foli\u00f5es n\u00e3o poderia ser maior. Termos como &#8220;feriado&#8221; e &#8220;ponto facultativo&#8221; frequentemente aparecem nos debates sobre o Carnaval, gerando confus\u00e3o sobre o que realmente significa esta data diversa.<\/p>\n\n\n\n<p>Embora muitos considerem o Carnaval um feriado, na verdade, ele \u00e9 considerado ponto facultativo no pa\u00eds, o que significa que cabe a cada estado ou munic\u00edpio decidir se ser\u00e1 ou n\u00e3o um dia dispensado de trabalho. Em cidades como o Rio de Janeiro, a ter\u00e7a-feira de Carnaval \u00e9 oficialmente feriado, por\u00e9m, em outras localidades, a decis\u00e3o final cabe \u00e0 administra\u00e7\u00e3o das empresas, que podem optar pelo recesso ou pela continuidade das atividades.<\/p>\n\n\n\n<h2 class=\"wp-block-heading\">Qual \u00e9 a Data do Carnaval de 2025?<\/h2>\n\n\n\n<p>O Carnaval de 2025 ocorrer\u00e1 na primeira semana de mar\u00e7o, uma vez que \u00e9 uma data m\u00f3vel definida com base na P\u00e1scoa. Os dias de festa ser\u00e3o os seguintes:<\/p>\n\n\n\n<ul class=\"wp-block-list\">\n<li>Sexta-feira de Carnaval: 28 de fevereiro de 2025<\/li>\n\n\n\n<li>S\u00e1bado de Carnaval: 1\u00ba de mar\u00e7o de 2025<\/li>\n\n\n\n<li>Domingo de Carnaval: 2 de mar\u00e7o de 2025<\/li>\n\n\n\n<li>Segunda-feira de Carnaval: 3 de mar\u00e7o de 2025<\/li>\n\n\n\n<li>Ter\u00e7a-feira de Carnaval: 4 de mar\u00e7o de 2025<\/li>\n<\/ul>\n\n\n\n<h2 class=\"wp-block-heading\">Como Ser\u00e1 o Desfile das Escolas de Samba do Grupo Especial no Rio de Janeiro?<\/h2>\n\n\n\n<p>O \u00e1pice da festividade, especialmente no <strong><a href=\"https:\/\/www.riocarnaval.org\/pt\" target=\"_blank\" rel=\"noreferrer noopener\">Rio de Janeiro<\/a><\/strong>, \u00e9 marcado pelos desfiles das escolas de samba do Grupo Especial. Em 2025, pela primeira vez, os desfiles ocupar\u00e3o tr\u00eas noites consecutivas na famosa Passarela do Samba, a Marqu\u00eas de Sapuca\u00ed.<\/p>\n\n\n\n<ol class=\"wp-block-list\">\n<li><strong>Domingo (2 de mar\u00e7o de 2025)<\/strong>\n<ul class=\"wp-block-list\">\n<li>Unidos de Padre Miguel<\/li>\n\n\n\n<li>Imperatriz Leopoldinense<\/li>\n\n\n\n<li>Viradouro<\/li>\n\n\n\n<li>Mangueira<\/li>\n<\/ul>\n<\/li>\n\n\n\n<li><strong>Segunda-feira (3 de mar\u00e7o de 2025)<\/strong>\n<ul class=\"wp-block-list\">\n<li>Unidos da Tijuca<\/li>\n\n\n\n<li>Beija-Flor<\/li>\n\n\n\n<li>Salgueiro<\/li>\n\n\n\n<li>Vila Isabel<\/li>\n<\/ul>\n<\/li>\n\n\n\n<li><strong>Ter\u00e7a-feira (4 de mar\u00e7o de 2025)<\/strong>\n<ul class=\"wp-block-list\">\n<li>Mocidade Independente<\/li>\n\n\n\n<li>Para\u00edso do Tuiuti<\/li>\n\n\n\n<li>Grande Rio<\/li>\n\n\n\n<li>Portela<\/li>\n<\/ul>\n<\/li>\n<\/ol>\n\n\n<div class=\"wp-block-image\">\n<figure class=\"aligncenter\"><img decoding=\"async\" src=\"https:\/\/www.em.com.br\/emfoco\/wp-content\/uploads\/2024\/12\/carnaval_1733833579897-1024x576.jpg\" alt=\"\"\/><figcaption class=\"wp-element-caption\">Carnaval &#8211; Cr\u00e9ditos: depositphotos.com \/ diogoppr<\/figcaption><\/figure><\/div>\n\n\n<p>Para aqueles que buscam testemunhar esse espet\u00e1culo, os ingressos para o Samb\u00f3dromo devem ser adquiridos por meio de canais oficiais e ag\u00eancias conveniadas com anteced\u00eancia, dado o grande interesse que esses eventos suscitam anualmente.<\/p>\n\n\n\n<h2 class=\"wp-block-heading\">E os Desfiles do Grupo Especial em S\u00e3o Paulo?<\/h2>\n\n\n\n<p><strong><a href=\"https:\/\/www.clubedoingresso.com\/evento\/carnavalsp-2025-0103\" target=\"_blank\" rel=\"noreferrer noopener\">S\u00e3o Paulo <\/a><\/strong>tamb\u00e9m oferece um cen\u00e1rio vibrante para o Carnaval, com desfiles que n\u00e3o deixam nada a desejar em termos de cores e anima\u00e7\u00e3o. No Samb\u00f3dromo do Anhembi, os desfiles acontecer\u00e3o nas noites de sexta-feira e s\u00e1bado, conforme a programa\u00e7\u00e3o abaixo:<\/p>\n\n\n\n<ol class=\"wp-block-list\">\n<li><strong>Sexta-feira (28 de fevereiro de 2025)<\/strong>\n<ul class=\"wp-block-list\">\n<li>Colorado do Br\u00e1s<\/li>\n\n\n\n<li>Barroca Zona Sul<\/li>\n\n\n\n<li>Drag\u00f5es da Real<\/li>\n\n\n\n<li>Mancha Verde<\/li>\n\n\n\n<li>Acad\u00eamicos do Tatuap\u00e9<\/li>\n\n\n\n<li>Rosas de Ouro<\/li>\n\n\n\n<li>Camisa Verde e Branco<\/li>\n<\/ul>\n<\/li>\n\n\n\n<li><strong>S\u00e1bado (1\u00ba de mar\u00e7o de 2025)<\/strong>\n<ul class=\"wp-block-list\">\n<li>\u00c1guias de Ouro<\/li>\n\n\n\n<li>Imp\u00e9rio de Casa Verde<\/li>\n\n\n\n<li>Mocidade Alegre<\/li>\n\n\n\n<li>Gavi\u00f5es da Fiel<\/li>\n\n\n\n<li>Acad\u00eamicos do Tucuruvi<\/li>\n\n\n\n<li>Estrela do Terceiro Mil\u00eanio<\/li>\n\n\n\n<li>Vai-Vai<\/li>\n<\/ul>\n<\/li>\n<\/ol>\n\n\n\n<p>O Carnaval de S\u00e3o Paulo, assim como o do Rio de Janeiro, promete ser um evento arrebatador, repleto de m\u00fasica, dan\u00e7a e incont\u00e1veis atra\u00e7\u00f5es. Participar desses desfiles \u00e9 uma experi\u00eancia \u00fanica que celebra a cultura e a diversidade brasileiras em pleno esplendor.<\/p>\n","protected":false},"excerpt":{"rendered":"<p>O Carnaval \u00e9 uma das manifesta\u00e7\u00f5es culturais mais marcantes do Brasil, atraindo turistas de todo o mundo para a folia dos desfiles e festas de rua. Em 2025, esta celebra\u00e7\u00e3o come\u00e7ar\u00e1 no in\u00edcio de mar\u00e7o, e a expectativa entre os foli\u00f5es n\u00e3o poderia ser maior. Termos como &#8220;feriado&#8221; e &#8220;ponto facultativo&#8221; frequentemente aparecem nos debates [&hellip;]<\/p>\n","protected":false},"author":5,"featured_media":8868,"comment_status":"open","ping_status":"open","sticky":false,"template":"","format":"standard","meta":{"jnews-multi-image_gallery":[],"jnews_single_post":{"format":"standard"},"jnews_primary_category":[],"jnews_social_meta":[],"jnews_override_counter":[],"footnotes":""},"categories":[28,29,1],"tags":[1500,2838,856],"class_list":["post-12414","post","type-post","status-publish","format-standard","has-post-thumbnail","hentry","category-economia","category-entretenimento","category-noticias","tag-carnaval","tag-carnaval-2025","tag-feriado-brasileiro"],"yoast_head":"<!-- This site is optimized with the Yoast SEO plugin v23.8 - https:\/\/yoast.com\/wordpress\/plugins\/seo\/ -->\n<title>Carnaval 2025: \u00c9 Feriado ou Ponto Facultativo? Entenda Tudo Sobre os Dias de Folia! - Estado de Minas - Em foco<\/title>\n<meta name=\"description\" content=\"Tire suas d\u00favidas sobre o Carnaval 2025! Descubra se \u00e9 feriado ou ponto facultativo e quais as datas dos principais eventos.\" \/>\n<meta name=\"robots\" content=\"index, follow, max-snippet:-1, max-image-preview:large, max-video-preview:-1\" \/>\n<link rel=\"canonical\" href=\"https:\/\/www.em.com.br\/emfoco\/2025\/01\/27\/carnaval-2025-e-feriado-ou-ponto-facultativo-entenda-tudo-sobre-os-dias-de-folia\/\" \/>\n<meta property=\"og:locale\" content=\"pt_BR\" \/>\n<meta property=\"og:type\" content=\"article\" \/>\n<meta property=\"og:title\" content=\"Carnaval 2025: \u00c9 Feriado ou Ponto Facultativo? Entenda Tudo Sobre os Dias de Folia! - Estado de Minas - Em foco\" \/>\n<meta property=\"og:description\" content=\"Tire suas d\u00favidas sobre o Carnaval 2025! Descubra se \u00e9 feriado ou ponto facultativo e quais as datas dos principais eventos.\" \/>\n<meta property=\"og:url\" content=\"https:\/\/www.em.com.br\/emfoco\/2025\/01\/27\/carnaval-2025-e-feriado-ou-ponto-facultativo-entenda-tudo-sobre-os-dias-de-folia\/\" \/>\n<meta property=\"og:site_name\" content=\"Estado de Minas - Em foco\" \/>\n<meta property=\"article:published_time\" content=\"2025-01-27T14:20:00+00:00\" \/>\n<meta property=\"article:modified_time\" content=\"2025-01-25T12:10:12+00:00\" \/>\n<meta property=\"og:image\" content=\"https:\/\/www.em.com.br\/emfoco\/wp-content\/uploads\/2025\/01\/Carnaval-de-Sao-Paulo_1736202925860.jpg\" \/>\n\t<meta property=\"og:image:width\" content=\"1279\" \/>\n\t<meta property=\"og:image:height\" content=\"720\" \/>\n\t<meta property=\"og:image:type\" content=\"image\/jpeg\" \/>\n<meta name=\"author\" content=\"N\u00fabia Rangel\" \/>\n<meta name=\"twitter:card\" content=\"summary_large_image\" \/>\n<meta name=\"twitter:label1\" content=\"Escrito por\" \/>\n\t<meta name=\"twitter:data1\" content=\"N\u00fabia Rangel\" \/>\n\t<meta name=\"twitter:label2\" content=\"Est. tempo de leitura\" \/>\n\t<meta name=\"twitter:data2\" content=\"4 minutos\" \/>\n<!-- \/ Yoast SEO plugin. -->","yoast_head_json":{"title":"Carnaval 2025: \u00c9 Feriado ou Ponto Facultativo? Entenda Tudo Sobre os Dias de Folia! - Estado de Minas - Em foco","description":"Tire suas d\u00favidas sobre o Carnaval 2025! Descubra se \u00e9 feriado ou ponto facultativo e quais as datas dos principais eventos.","robots":{"index":"index","follow":"follow","max-snippet":"max-snippet:-1","max-image-preview":"max-image-preview:large","max-video-preview":"max-video-preview:-1"},"canonical":"https:\/\/www.em.com.br\/emfoco\/2025\/01\/27\/carnaval-2025-e-feriado-ou-ponto-facultativo-entenda-tudo-sobre-os-dias-de-folia\/","og_locale":"pt_BR","og_type":"article","og_title":"Carnaval 2025: \u00c9 Feriado ou Ponto Facultativo? Entenda Tudo Sobre os Dias de Folia! - Estado de Minas - Em foco","og_description":"Tire suas d\u00favidas sobre o Carnaval 2025! Descubra se \u00e9 feriado ou ponto facultativo e quais as datas dos principais eventos.","og_url":"https:\/\/www.em.com.br\/emfoco\/2025\/01\/27\/carnaval-2025-e-feriado-ou-ponto-facultativo-entenda-tudo-sobre-os-dias-de-folia\/","og_site_name":"Estado de Minas - Em foco","article_published_time":"2025-01-27T14:20:00+00:00","article_modified_time":"2025-01-25T12:10:12+00:00","og_image":[{"width":1279,"height":720,"url":"https:\/\/www.em.com.br\/emfoco\/wp-content\/uploads\/2025\/01\/Carnaval-de-Sao-Paulo_1736202925860.jpg","type":"image\/jpeg"}],"author":"N\u00fabia Rangel","twitter_card":"summary_large_image","twitter_misc":{"Escrito por":"N\u00fabia Rangel","Est. tempo de leitura":"4 minutos"},"schema":{"@context":"https:\/\/schema.org","@graph":[{"@type":"WebPage","@id":"https:\/\/www.em.com.br\/emfoco\/2025\/01\/27\/carnaval-2025-e-feriado-ou-ponto-facultativo-entenda-tudo-sobre-os-dias-de-folia\/","url":"https:\/\/www.em.com.br\/emfoco\/2025\/01\/27\/carnaval-2025-e-feriado-ou-ponto-facultativo-entenda-tudo-sobre-os-dias-de-folia\/","name":"Carnaval 2025: \u00c9 Feriado ou Ponto Facultativo? Entenda Tudo Sobre os Dias de Folia! - Estado de Minas - Em foco","isPartOf":{"@id":"https:\/\/www.em.com.br\/emfoco\/#website"},"primaryImageOfPage":{"@id":"https:\/\/www.em.com.br\/emfoco\/2025\/01\/27\/carnaval-2025-e-feriado-ou-ponto-facultativo-entenda-tudo-sobre-os-dias-de-folia\/#primaryimage"},"image":{"@id":"https:\/\/www.em.com.br\/emfoco\/2025\/01\/27\/carnaval-2025-e-feriado-ou-ponto-facultativo-entenda-tudo-sobre-os-dias-de-folia\/#primaryimage"},"thumbnailUrl":"https:\/\/www.em.com.br\/emfoco\/wp-content\/uploads\/2025\/01\/Carnaval-de-Sao-Paulo_1736202925860.jpg","datePublished":"2025-01-27T14:20:00+00:00","dateModified":"2025-01-25T12:10:12+00:00","author":{"@id":"https:\/\/www.em.com.br\/emfoco\/#\/schema\/person\/524437ef54f8a5d32591b143307f2e20"},"description":"Tire suas d\u00favidas sobre o Carnaval 2025! Descubra se \u00e9 feriado ou ponto facultativo e quais as datas dos principais eventos.","breadcrumb":{"@id":"https:\/\/www.em.com.br\/emfoco\/2025\/01\/27\/carnaval-2025-e-feriado-ou-ponto-facultativo-entenda-tudo-sobre-os-dias-de-folia\/#breadcrumb"},"inLanguage":"pt-BR","potentialAction":[{"@type":"ReadAction","target":["https:\/\/www.em.com.br\/emfoco\/2025\/01\/27\/carnaval-2025-e-feriado-ou-ponto-facultativo-entenda-tudo-sobre-os-dias-de-folia\/"]}]},{"@type":"ImageObject","inLanguage":"pt-BR","@id":"https:\/\/www.em.com.br\/emfoco\/2025\/01\/27\/carnaval-2025-e-feriado-ou-ponto-facultativo-entenda-tudo-sobre-os-dias-de-folia\/#primaryimage","url":"https:\/\/www.em.com.br\/emfoco\/wp-content\/uploads\/2025\/01\/Carnaval-de-Sao-Paulo_1736202925860.jpg","contentUrl":"https:\/\/www.em.com.br\/emfoco\/wp-content\/uploads\/2025\/01\/Carnaval-de-Sao-Paulo_1736202925860.jpg","width":1279,"height":720,"caption":"Carnaval em S\u00e3o Paulo - Cr\u00e9ditos: depositphotos.com \/ thenews2.com"},{"@type":"BreadcrumbList","@id":"https:\/\/www.em.com.br\/emfoco\/2025\/01\/27\/carnaval-2025-e-feriado-ou-ponto-facultativo-entenda-tudo-sobre-os-dias-de-folia\/#breadcrumb","itemListElement":[{"@type":"ListItem","position":1,"name":"In\u00edcio","item":"https:\/\/www.em.com.br\/emfoco\/"},{"@type":"ListItem","position":2,"name":"Carnaval 2025: \u00c9 Feriado ou Ponto Facultativo? Entenda Tudo Sobre os Dias de Folia!"}]},{"@type":"WebSite","@id":"https:\/\/www.em.com.br\/emfoco\/#website","url":"https:\/\/www.em.com.br\/emfoco\/","name":"Estado de Minas - Em foco","description":"Acompanhe as \u00faltimas not\u00edcias e fique bem informado sobre tudo o que acontece em Minas Gerais, Brasil e no mundo.","potentialAction":[{"@type":"SearchAction","target":{"@type":"EntryPoint","urlTemplate":"https:\/\/www.em.com.br\/emfoco\/?s={search_term_string}"},"query-input":{"@type":"PropertyValueSpecification","valueRequired":true,"valueName":"search_term_string"}}],"inLanguage":"pt-BR"},{"@type":"Person","@id":"https:\/\/www.em.com.br\/emfoco\/#\/schema\/person\/524437ef54f8a5d32591b143307f2e20","name":"N\u00fabia Rangel","image":{"@type":"ImageObject","inLanguage":"pt-BR","@id":"https:\/\/www.em.com.br\/emfoco\/#\/schema\/person\/image\/","url":"https:\/\/secure.gravatar.com\/avatar\/47cff2827a5ba23c37e8068c86817ea4?s=96&d=mm&r=g","contentUrl":"https:\/\/secure.gravatar.com\/avatar\/47cff2827a5ba23c37e8068c86817ea4?s=96&d=mm&r=g","caption":"N\u00fabia Rangel"},"sameAs":["https:\/\/www.em.com.br\/emfoco\/"],"url":"https:\/\/www.em.com.br\/emfoco\/author\/nubiamyth\/"}]}},"_links":{"self":[{"href":"https:\/\/www.em.com.br\/emfoco\/wp-json\/wp\/v2\/posts\/12414","targetHints":{"allow":["GET"]}}],"collection":[{"href":"https:\/\/www.em.com.br\/emfoco\/wp-json\/wp\/v2\/posts"}],"about":[{"href":"https:\/\/www.em.com.br\/emfoco\/wp-json\/wp\/v2\/types\/post"}],"author":[{"embeddable":true,"href":"https:\/\/www.em.com.br\/emfoco\/wp-json\/wp\/v2\/users\/5"}],"replies":[{"embeddable":true,"href":"https:\/\/www.em.com.br\/emfoco\/wp-json\/wp\/v2\/comments?post=12414"}],"version-history":[{"count":4,"href":"https:\/\/www.em.com.br\/emfoco\/wp-json\/wp\/v2\/posts\/12414\/revisions"}],"predecessor-version":[{"id":12436,"href":"https:\/\/www.em.com.br\/emfoco\/wp-json\/wp\/v2\/posts\/12414\/revisions\/12436"}],"wp:featuredmedia":[{"embeddable":true,"href":"https:\/\/www.em.com.br\/emfoco\/wp-json\/wp\/v2\/media\/8868"}],"wp:attachment":[{"href":"https:\/\/www.em.com.br\/emfoco\/wp-json\/wp\/v2\/media?parent=12414"}],"wp:term":[{"taxonomy":"category","embeddable":true,"href":"https:\/\/www.em.com.br\/emfoco\/wp-json\/wp\/v2\/categories?post=12414"},{"taxonomy":"post_tag","embeddable":true,"href":"https:\/\/www.em.com.br\/emfoco\/wp-json\/wp\/v2\/tags?post=12414"}],"curies":[{"name":"wp","href":"https:\/\/api.w.org\/{rel}","templated":true}]}}