{"id":124112,"date":"2025-11-07T13:45:00","date_gmt":"2025-11-07T16:45:00","guid":{"rendered":"https:\/\/www.em.com.br\/emfoco\/?p=124112"},"modified":"2025-11-06T17:00:13","modified_gmt":"2025-11-06T20:00:13","slug":"anvisa-proibe-distribuicao-e-comercializacao-de-produtos-a-base-de-melatonina","status":"publish","type":"post","link":"https:\/\/www.em.com.br\/emfoco\/2025\/11\/07\/anvisa-proibe-distribuicao-e-comercializacao-de-produtos-a-base-de-melatonina\/","title":{"rendered":"Anvisa\u00a0pro\u00edbe\u00a0distribui\u00e7\u00e3o e comercializa\u00e7\u00e3o de produtos \u00e0 base de melatonina"},"content":{"rendered":"\n<p>A&nbsp;<strong>Anvisa<\/strong>&nbsp;proibiu a venda de suplementos alimentares irregulares, incluindo produtos \u00e0 base de melatonina, afetando diretamente o setor de nutri\u00e7\u00e3o e sa\u00fade ao refor\u00e7ar a necessidade de seguir normas rigorosas para comercializa\u00e7\u00e3o desses itens.<\/p>\n\n\n\n<h2 class=\"wp-block-heading\">Quais suplementos de melatonina est\u00e3o proibidos para crian\u00e7as pela Anvisa<\/h2>\n\n\n\n<p>Entre os <a href=\"https:\/\/health.ucdavis.edu\/blog\/cultivating-health\/melatonin-and-your-sleep-is-it-safe-what-are-the-side-effects-and-how-does-it-work\/2025\/02#:~:text=Para%20algumas%20pessoas%2C%20os%20suplementos,outras%20condi%C3%A7%C3%B5es%20relacionadas%20ao%20sono.\" target=\"_blank\" rel=\"noreferrer noopener\">suplementos de melatonina<\/a> proibidos est\u00e3o o\u00a0<strong>Sleep 3\/Natures Bounty<\/strong>, <strong>Natrol Kids Sleep Calm<\/strong>,<strong> Zarbees Naturals Children&#8217;s <\/strong>e <strong>Now (1 mg)<\/strong>. Esses produtos apresentavam doses acima do recomendado e rotulagem para uso infantil, algo que n\u00e3o \u00e9 permitido no <strong>Brasil<\/strong>.<\/p>\n\n\n\n<p>A&nbsp;<strong>Anvisa<\/strong>&nbsp;alerta tamb\u00e9m sobre a compra desses produtos fora de canais autorizados e refor\u00e7a que produtos n\u00e3o registrados podem oferecer riscos \u00e0 sa\u00fade das crian\u00e7as.<\/p>\n\n\n\n<h2 class=\"wp-block-heading\">Por que suplementos da Natulha foram suspensos pela Anvisa<\/h2>\n\n\n\n<p>A venda de suplementos da&nbsp;<strong>Natulha<\/strong>, como <strong>Artroflex Duo<\/strong> e <strong>Artroflex<\/strong>, foi suspensa devido \u00e0 presen\u00e7a de alega\u00e7\u00f5es terap\u00eauticas inadequadas. Essas alega\u00e7\u00f5es sugeriam efeitos para a sa\u00fade que n\u00e3o est\u00e3o comprovados cientificamente.<\/p>\n\n\n\n<p><a href=\"https:\/\/site.cff.org.br\/noticia\/Noticias-gerais\/07\/08\/2023\/anvisa-alerta-sobre-propagandas-enganosas-de-medicamentos-e-produtos-milagrosos-#top\" target=\"_blank\" rel=\"noreferrer noopener\">Segundo a Anvisa, suplementos alimentares n\u00e3o devem prometer tratamentos ou curas, evitando induzir o consumidor ao erro sobre os reais benef\u00edcios do produto.<\/a><\/p>\n\n\n\n<ul class=\"wp-block-list\">\n<li>Evite suplementos que prometem efeitos milagrosos.<\/li>\n\n\n\n<li>Desconfie de propaganda que relacione o suplemento ao tratamento de doen\u00e7as.<\/li>\n\n\n\n<li>Priorize produtos com informa\u00e7\u00f5es claras e honestas no r\u00f3tulo.<\/li>\n<\/ul>\n\n\n\n<figure class=\"wp-block-image size-large\"><img loading=\"lazy\" decoding=\"async\" width=\"1024\" height=\"576\" src=\"https:\/\/www.em.com.br\/emfoco\/wp-content\/uploads\/2025\/11\/suplemento-melatonina_1762461149095-1024x576.jpg\" alt=\"\" class=\"wp-image-124361\" srcset=\"https:\/\/www.em.com.br\/emfoco\/wp-content\/uploads\/2025\/11\/suplemento-melatonina_1762461149095-1024x576.jpg 1024w, https:\/\/www.em.com.br\/emfoco\/wp-content\/uploads\/2025\/11\/suplemento-melatonina_1762461149095-300x169.jpg 300w, https:\/\/www.em.com.br\/emfoco\/wp-content\/uploads\/2025\/11\/suplemento-melatonina_1762461149095-768x432.jpg 768w, https:\/\/www.em.com.br\/emfoco\/wp-content\/uploads\/2025\/11\/suplemento-melatonina_1762461149095-750x422.jpg 750w, https:\/\/www.em.com.br\/emfoco\/wp-content\/uploads\/2025\/11\/suplemento-melatonina_1762461149095-1140x641.jpg 1140w, https:\/\/www.em.com.br\/emfoco\/wp-content\/uploads\/2025\/11\/suplemento-melatonina_1762461149095.jpg 1280w\" sizes=\"auto, (max-width: 1024px) 100vw, 1024px\" \/><figcaption class=\"wp-element-caption\">O alerta da Anvisa que mudou o mercado de suplementos no Brasil &#8211; Cr\u00e9ditos: depositphotos.com \/ lanamars<\/figcaption><\/figure>\n\n\n\n<h2 class=\"wp-block-heading\">Qual \u00e9 o impacto da decis\u00e3o da Anvisa sobre o com\u00e9rcio e consumo<\/h2>\n\n\n\n<p>O impacto imediato \u00e9 a retirada dos produtos irregulares das prateleiras e o aumento da fiscaliza\u00e7\u00e3o no setor. Fabricantes, importadores e lojistas que n\u00e3o seguirem as determina\u00e7\u00f5es podem sofrer penalidades rigorosas.<\/p>\n\n\n\n<p>Para garantir a seguran\u00e7a ao consumir suplementos, \u00e9 fundamental que o consumidor adote alguns cuidados b\u00e1sicos no momento da compra e do uso.<\/p>\n\n\n\n<h2 class=\"wp-block-heading\">O que considerar para consumir suplementos de forma segura<\/h2>\n\n\n\n<p>A&nbsp;<strong>Anvisa<\/strong>&nbsp;recomenda aten\u00e7\u00e3o especial \u00e0 origem e \u00e0 rotulagem dos suplementos. Produtos com registros regulares e informa\u00e7\u00f5es claras s\u00e3o mais seguros para o uso di\u00e1rio e contribuem para evitar problemas com a fiscaliza\u00e7\u00e3o.<\/p>\n\n\n\n<p>Al\u00e9m disso, seguir sempre orienta\u00e7\u00f5es de profissionais de sa\u00fade \u00e9 fundamental para que a suplementa\u00e7\u00e3o ocorra de maneira eficaz e dentro das normas vigentes.<\/p>\n\n\n\n<h2 class=\"wp-block-heading\">O que refor\u00e7a a proibi\u00e7\u00e3o dos suplementos pela Anvisa<\/h2>\n\n\n\n<p>A a\u00e7\u00e3o da&nbsp;<strong>Anvisa<\/strong>&nbsp;evidencia a necessidade do setor de suplementos atender \u00e0s exig\u00eancias de fabrica\u00e7\u00e3o, publicidade e comercializa\u00e7\u00e3o. Estar atento \u00e0s atualiza\u00e7\u00f5es legais \u00e9 indispens\u00e1vel tanto para consumidores quanto para comerciantes.<\/p>\n\n\n\n<p>Em caso de d\u00favidas, consulte \u00f3rg\u00e3os oficiais e mantenha-se informado para evitar contratempos legais e proteger a sa\u00fade.<\/p>\n\n\n\n<p>Leia tamb\u00e9m:\u00a0<em><a href=\"https:\/\/www.em.com.br\/emfoco\/2025\/11\/04\/anvisa-proibe-glitter-em-alimentos-e-surpreende-setor\/\" target=\"_blank\" rel=\"noreferrer noopener\">Anvisa pro\u00edbe glitter em alimentos e surpreende setor<\/a><\/em><\/p>\n\n\n\n<h2 class=\"wp-block-heading\">Quais s\u00e3o as principais li\u00e7\u00f5es da decis\u00e3o da Anvisa sobre suplementos?<\/h2>\n\n\n\n<p>Com a proibi\u00e7\u00e3o dos suplementos irregulares, fica claro que a seguran\u00e7a alimentar e a legalidade s\u00e3o prioridades para o consumidor. O cumprimento das normas evita riscos e penalidades para todos os envolvidos.<\/p>\n\n\n\n<ul class=\"wp-block-list\">\n<li>A seguran\u00e7a dos suplementos depende da conformidade com as normas regulat\u00f3rias.<\/li>\n\n\n\n<li>Alega\u00e7\u00f5es de sa\u00fade n\u00e3o comprovadas resultam em consequ\u00eancias s\u00e9rias.<\/li>\n\n\n\n<li>Verificar a rotulagem e o registro \u00e9 uma atitude indispens\u00e1vel do consumidor.<\/li>\n<\/ul>\n","protected":false},"excerpt":{"rendered":"<p>A&nbsp;Anvisa&nbsp;proibiu a venda de suplementos alimentares irregulares, incluindo produtos \u00e0 base de melatonina, afetando diretamente o setor de nutri\u00e7\u00e3o e sa\u00fade ao refor\u00e7ar a necessidade de seguir normas rigorosas para comercializa\u00e7\u00e3o desses itens. Quais suplementos de melatonina est\u00e3o proibidos para crian\u00e7as pela Anvisa Entre os suplementos de melatonina proibidos est\u00e3o o\u00a0Sleep 3\/Natures Bounty, Natrol Kids [&hellip;]<\/p>\n","protected":false},"author":11,"featured_media":124370,"comment_status":"open","ping_status":"open","sticky":false,"template":"","format":"standard","meta":{"jnews-multi-image_gallery":[],"jnews_single_post":{"format":"standard"},"jnews_primary_category":[],"jnews_social_meta":[],"jnews_override_counter":[],"footnotes":""},"categories":[1,9053],"tags":[9609,7696,12756],"class_list":["post-124112","post","type-post","status-publish","format-standard","has-post-thumbnail","hentry","category-noticias","category-saude","tag-anvisa","tag-melatonina","tag-saude-2"],"yoast_head":"<!-- This site is optimized with the Yoast SEO plugin v23.8 - https:\/\/yoast.com\/wordpress\/plugins\/seo\/ -->\n<title>Anvisa\u00a0pro\u00edbe\u00a0distribui\u00e7\u00e3o e comercializa\u00e7\u00e3o de produtos \u00e0 base de melatonina - Estado de Minas - Em foco<\/title>\n<meta name=\"description\" content=\"Anvisa suspende suplementos com melatonina irregulares e refor\u00e7a regras de seguran\u00e7a. Veja quais marcas foram proibidas.\" \/>\n<meta name=\"robots\" content=\"index, follow, max-snippet:-1, max-image-preview:large, max-video-preview:-1\" \/>\n<link rel=\"canonical\" href=\"https:\/\/www.em.com.br\/emfoco\/2025\/11\/07\/anvisa-proibe-distribuicao-e-comercializacao-de-produtos-a-base-de-melatonina\/\" \/>\n<meta property=\"og:locale\" content=\"pt_BR\" \/>\n<meta property=\"og:type\" content=\"article\" \/>\n<meta property=\"og:title\" content=\"Anvisa\u00a0pro\u00edbe\u00a0distribui\u00e7\u00e3o e comercializa\u00e7\u00e3o de produtos \u00e0 base de melatonina - Estado de Minas - Em foco\" \/>\n<meta property=\"og:description\" content=\"Anvisa suspende suplementos com melatonina irregulares e refor\u00e7a regras de seguran\u00e7a. Veja quais marcas foram proibidas.\" \/>\n<meta property=\"og:url\" content=\"https:\/\/www.em.com.br\/emfoco\/2025\/11\/07\/anvisa-proibe-distribuicao-e-comercializacao-de-produtos-a-base-de-melatonina\/\" \/>\n<meta property=\"og:site_name\" content=\"Estado de Minas - Em foco\" \/>\n<meta property=\"article:published_time\" content=\"2025-11-07T16:45:00+00:00\" \/>\n<meta property=\"article:modified_time\" content=\"2025-11-06T20:00:13+00:00\" \/>\n<meta property=\"og:image\" content=\"https:\/\/www.em.com.br\/emfoco\/wp-content\/uploads\/2025\/11\/Gemini_Generated_Image_15a18d15a18d15a1-1.png\" \/>\n\t<meta property=\"og:image:width\" content=\"1280\" \/>\n\t<meta property=\"og:image:height\" content=\"720\" \/>\n\t<meta property=\"og:image:type\" content=\"image\/png\" \/>\n<meta name=\"author\" content=\"Andre\u0301 Rangel\u00a0\" \/>\n<meta name=\"twitter:card\" content=\"summary_large_image\" \/>\n<meta name=\"twitter:label1\" content=\"Escrito por\" \/>\n\t<meta name=\"twitter:data1\" content=\"Andre\u0301 Rangel\u00a0\" \/>\n\t<meta name=\"twitter:label2\" content=\"Est. tempo de leitura\" \/>\n\t<meta name=\"twitter:data2\" content=\"4 minutos\" \/>\n<!-- \/ Yoast SEO plugin. -->","yoast_head_json":{"title":"Anvisa\u00a0pro\u00edbe\u00a0distribui\u00e7\u00e3o e comercializa\u00e7\u00e3o de produtos \u00e0 base de melatonina - Estado de Minas - Em foco","description":"Anvisa suspende suplementos com melatonina irregulares e refor\u00e7a regras de seguran\u00e7a. Veja quais marcas foram proibidas.","robots":{"index":"index","follow":"follow","max-snippet":"max-snippet:-1","max-image-preview":"max-image-preview:large","max-video-preview":"max-video-preview:-1"},"canonical":"https:\/\/www.em.com.br\/emfoco\/2025\/11\/07\/anvisa-proibe-distribuicao-e-comercializacao-de-produtos-a-base-de-melatonina\/","og_locale":"pt_BR","og_type":"article","og_title":"Anvisa\u00a0pro\u00edbe\u00a0distribui\u00e7\u00e3o e comercializa\u00e7\u00e3o de produtos \u00e0 base de melatonina - Estado de Minas - Em foco","og_description":"Anvisa suspende suplementos com melatonina irregulares e refor\u00e7a regras de seguran\u00e7a. Veja quais marcas foram proibidas.","og_url":"https:\/\/www.em.com.br\/emfoco\/2025\/11\/07\/anvisa-proibe-distribuicao-e-comercializacao-de-produtos-a-base-de-melatonina\/","og_site_name":"Estado de Minas - Em foco","article_published_time":"2025-11-07T16:45:00+00:00","article_modified_time":"2025-11-06T20:00:13+00:00","og_image":[{"width":1280,"height":720,"url":"https:\/\/www.em.com.br\/emfoco\/wp-content\/uploads\/2025\/11\/Gemini_Generated_Image_15a18d15a18d15a1-1.png","type":"image\/png"}],"author":"Andre\u0301 Rangel\u00a0","twitter_card":"summary_large_image","twitter_misc":{"Escrito por":"Andre\u0301 Rangel\u00a0","Est. tempo de leitura":"4 minutos"},"schema":{"@context":"https:\/\/schema.org","@graph":[{"@type":"WebPage","@id":"https:\/\/www.em.com.br\/emfoco\/2025\/11\/07\/anvisa-proibe-distribuicao-e-comercializacao-de-produtos-a-base-de-melatonina\/","url":"https:\/\/www.em.com.br\/emfoco\/2025\/11\/07\/anvisa-proibe-distribuicao-e-comercializacao-de-produtos-a-base-de-melatonina\/","name":"Anvisa\u00a0pro\u00edbe\u00a0distribui\u00e7\u00e3o e comercializa\u00e7\u00e3o de produtos \u00e0 base de melatonina - Estado de Minas - Em foco","isPartOf":{"@id":"https:\/\/www.em.com.br\/emfoco\/#website"},"primaryImageOfPage":{"@id":"https:\/\/www.em.com.br\/emfoco\/2025\/11\/07\/anvisa-proibe-distribuicao-e-comercializacao-de-produtos-a-base-de-melatonina\/#primaryimage"},"image":{"@id":"https:\/\/www.em.com.br\/emfoco\/2025\/11\/07\/anvisa-proibe-distribuicao-e-comercializacao-de-produtos-a-base-de-melatonina\/#primaryimage"},"thumbnailUrl":"https:\/\/www.em.com.br\/emfoco\/wp-content\/uploads\/2025\/11\/Gemini_Generated_Image_15a18d15a18d15a1-1.png","datePublished":"2025-11-07T16:45:00+00:00","dateModified":"2025-11-06T20:00:13+00:00","author":{"@id":"https:\/\/www.em.com.br\/emfoco\/#\/schema\/person\/60eda09c1fedf0d6891f4cef4b60b8b8"},"description":"Anvisa suspende suplementos com melatonina irregulares e refor\u00e7a regras de seguran\u00e7a. Veja quais marcas foram proibidas.","breadcrumb":{"@id":"https:\/\/www.em.com.br\/emfoco\/2025\/11\/07\/anvisa-proibe-distribuicao-e-comercializacao-de-produtos-a-base-de-melatonina\/#breadcrumb"},"inLanguage":"pt-BR","potentialAction":[{"@type":"ReadAction","target":["https:\/\/www.em.com.br\/emfoco\/2025\/11\/07\/anvisa-proibe-distribuicao-e-comercializacao-de-produtos-a-base-de-melatonina\/"]}]},{"@type":"ImageObject","inLanguage":"pt-BR","@id":"https:\/\/www.em.com.br\/emfoco\/2025\/11\/07\/anvisa-proibe-distribuicao-e-comercializacao-de-produtos-a-base-de-melatonina\/#primaryimage","url":"https:\/\/www.em.com.br\/emfoco\/wp-content\/uploads\/2025\/11\/Gemini_Generated_Image_15a18d15a18d15a1-1.png","contentUrl":"https:\/\/www.em.com.br\/emfoco\/wp-content\/uploads\/2025\/11\/Gemini_Generated_Image_15a18d15a18d15a1-1.png","width":1280,"height":720,"caption":"A medida mais rigorosa da Anvisa contra suplementos"},{"@type":"BreadcrumbList","@id":"https:\/\/www.em.com.br\/emfoco\/2025\/11\/07\/anvisa-proibe-distribuicao-e-comercializacao-de-produtos-a-base-de-melatonina\/#breadcrumb","itemListElement":[{"@type":"ListItem","position":1,"name":"In\u00edcio","item":"https:\/\/www.em.com.br\/emfoco\/"},{"@type":"ListItem","position":2,"name":"Anvisa\u00a0pro\u00edbe\u00a0distribui\u00e7\u00e3o e comercializa\u00e7\u00e3o de produtos \u00e0 base de melatonina"}]},{"@type":"WebSite","@id":"https:\/\/www.em.com.br\/emfoco\/#website","url":"https:\/\/www.em.com.br\/emfoco\/","name":"Estado de Minas - Em foco","description":"Acompanhe as \u00faltimas not\u00edcias e fique bem informado sobre tudo o que acontece em Minas Gerais, Brasil e no mundo.","potentialAction":[{"@type":"SearchAction","target":{"@type":"EntryPoint","urlTemplate":"https:\/\/www.em.com.br\/emfoco\/?s={search_term_string}"},"query-input":{"@type":"PropertyValueSpecification","valueRequired":true,"valueName":"search_term_string"}}],"inLanguage":"pt-BR"},{"@type":"Person","@id":"https:\/\/www.em.com.br\/emfoco\/#\/schema\/person\/60eda09c1fedf0d6891f4cef4b60b8b8","name":"Andre\u0301 Rangel\u00a0","image":{"@type":"ImageObject","inLanguage":"pt-BR","@id":"https:\/\/www.em.com.br\/emfoco\/#\/schema\/person\/image\/","url":"https:\/\/secure.gravatar.com\/avatar\/6234dc814c77c8ef6d8bba622c787efc?s=96&d=mm&r=g","contentUrl":"https:\/\/secure.gravatar.com\/avatar\/6234dc814c77c8ef6d8bba622c787efc?s=96&d=mm&r=g","caption":"Andre\u0301 Rangel\u00a0"},"url":"https:\/\/www.em.com.br\/emfoco\/author\/luizmyth\/"}]}},"_links":{"self":[{"href":"https:\/\/www.em.com.br\/emfoco\/wp-json\/wp\/v2\/posts\/124112","targetHints":{"allow":["GET"]}}],"collection":[{"href":"https:\/\/www.em.com.br\/emfoco\/wp-json\/wp\/v2\/posts"}],"about":[{"href":"https:\/\/www.em.com.br\/emfoco\/wp-json\/wp\/v2\/types\/post"}],"author":[{"embeddable":true,"href":"https:\/\/www.em.com.br\/emfoco\/wp-json\/wp\/v2\/users\/11"}],"replies":[{"embeddable":true,"href":"https:\/\/www.em.com.br\/emfoco\/wp-json\/wp\/v2\/comments?post=124112"}],"version-history":[{"count":3,"href":"https:\/\/www.em.com.br\/emfoco\/wp-json\/wp\/v2\/posts\/124112\/revisions"}],"predecessor-version":[{"id":124396,"href":"https:\/\/www.em.com.br\/emfoco\/wp-json\/wp\/v2\/posts\/124112\/revisions\/124396"}],"wp:featuredmedia":[{"embeddable":true,"href":"https:\/\/www.em.com.br\/emfoco\/wp-json\/wp\/v2\/media\/124370"}],"wp:attachment":[{"href":"https:\/\/www.em.com.br\/emfoco\/wp-json\/wp\/v2\/media?parent=124112"}],"wp:term":[{"taxonomy":"category","embeddable":true,"href":"https:\/\/www.em.com.br\/emfoco\/wp-json\/wp\/v2\/categories?post=124112"},{"taxonomy":"post_tag","embeddable":true,"href":"https:\/\/www.em.com.br\/emfoco\/wp-json\/wp\/v2\/tags?post=124112"}],"curies":[{"name":"wp","href":"https:\/\/api.w.org\/{rel}","templated":true}]}}