{"id":124104,"date":"2025-11-09T21:45:00","date_gmt":"2025-11-10T00:45:00","guid":{"rendered":"https:\/\/www.em.com.br\/emfoco\/?p=124104"},"modified":"2025-11-06T10:09:26","modified_gmt":"2025-11-06T13:09:26","slug":"esse-e-o-eletrodomestico-responsavel-pela-sua-conta-de-energia-estar-tao-cara","status":"publish","type":"post","link":"https:\/\/www.em.com.br\/emfoco\/2025\/11\/09\/esse-e-o-eletrodomestico-responsavel-pela-sua-conta-de-energia-estar-tao-cara\/","title":{"rendered":"Esse \u00e9 o eletrodom\u00e9stico respons\u00e1vel pela sua conta de energia estar t\u00e3o cara"},"content":{"rendered":"\n<p>A <strong>secadora de roupas<\/strong> \u00e9 um aparelho considerado pr\u00e1tico, mas pesquisas mostram que esse eletrodom\u00e9stico pode disparar o consumo el\u00e9trico dom\u00e9stico e custar mais do que imagine, pressionando a conta de luz e at\u00e9 impactando redes energ\u00e9ticas inteiras.<\/p>\n\n\n\n<h2 class=\"wp-block-heading\">Por que esse aparelho consome tanta energia?<\/h2>\n\n\n\n<p>A geladeira usa energia de forma constante, enquanto a <strong>secagem<\/strong> dispara picos intensos de pot\u00eancia em poucos minutos, e esse comportamento energ\u00e9tico eleva muito o custo final por ciclo e por semana de uso.<\/p>\n\n\n\n<p>Segundo o <strong>Departamento de Energia dos EUA<\/strong>, a secadora pode representar at\u00e9 6% do consumo total de uma casa, e esse percentual aumenta conforme a frequ\u00eancia de uso e o modelo escolhido, especialmente nos hor\u00e1rios de pico.<\/p>\n\n\n\n<figure class=\"wp-block-image size-large\"><img loading=\"lazy\" decoding=\"async\" width=\"1024\" height=\"576\" src=\"https:\/\/www.em.com.br\/emfoco\/wp-content\/uploads\/2025\/11\/Secadora-de-roupas_1762434490455-1024x576.jpg\" alt=\"Esse \u00e9 o eletrodom\u00e9stico respons\u00e1vel pela sua conta de energia estar t\u00e3o cara\" class=\"wp-image-124132\" srcset=\"https:\/\/www.em.com.br\/emfoco\/wp-content\/uploads\/2025\/11\/Secadora-de-roupas_1762434490455-1024x576.jpg 1024w, https:\/\/www.em.com.br\/emfoco\/wp-content\/uploads\/2025\/11\/Secadora-de-roupas_1762434490455-300x169.jpg 300w, https:\/\/www.em.com.br\/emfoco\/wp-content\/uploads\/2025\/11\/Secadora-de-roupas_1762434490455-768x432.jpg 768w, https:\/\/www.em.com.br\/emfoco\/wp-content\/uploads\/2025\/11\/Secadora-de-roupas_1762434490455-750x422.jpg 750w, https:\/\/www.em.com.br\/emfoco\/wp-content\/uploads\/2025\/11\/Secadora-de-roupas_1762434490455-1140x641.jpg 1140w, https:\/\/www.em.com.br\/emfoco\/wp-content\/uploads\/2025\/11\/Secadora-de-roupas_1762434490455.jpg 1280w\" sizes=\"auto, (max-width: 1024px) 100vw, 1024px\" \/><figcaption class=\"wp-element-caption\">Uso simult\u00e2neo em massa for\u00e7a acionamento de usinas mais poluentes &#8211; Cr\u00e9ditos: depositphotos.com \/ HayDmitriy<\/figcaption><\/figure>\n\n\n\n<p><em>Leia mais: <strong><a href=\"https:\/\/www.em.com.br\/emfoco\/2025\/10\/27\/habitos-que-voce-faz-todo-dia-que-estao-elevando-sua-conta-de-energia\/\" target=\"_blank\" rel=\"noreferrer noopener\">H\u00e1bitos que voc\u00ea faz todo dia que est\u00e3o elevando sua conta de energia<\/a><\/strong><\/em><\/p>\n\n\n\n<h2 class=\"wp-block-heading\">O impacto coletivo realmente afeta a rede el\u00e9trica?<\/h2>\n\n\n\n<p>Energia por aparelhos tem comportamento estat\u00edstico coletivo e, quando milh\u00f5es de lares usam a secadora no mesmo per\u00edodo, formam-se picos de carga que exigem que as distribuidoras acionem <strong>usinas<\/strong> extras e mais poluentes.<\/p>\n\n\n\n<ul class=\"wp-block-list\">\n<li>A ativa\u00e7\u00e3o de caldeiras a g\u00e1s natural costuma ser mais cara e aumenta as emiss\u00f5es.<\/li>\n\n\n\n<li>A soma de picos di\u00e1rios de milh\u00f5es de casas \u00e9 capaz de desestabilizar regi\u00f5es inteiras.<\/li>\n\n\n\n<li>O h\u00e1bito de secar roupa no varal reduz press\u00e3o na malha el\u00e9trica e nas tarifas dom\u00e9sticas.<\/li>\n<\/ul>\n\n\n\n<h2 class=\"wp-block-heading\">E o consumo fantasma dos aparelhos que ficam no modo espera?<\/h2>\n\n\n\n<p>Pesquisas da <strong><a href=\"https:\/\/www.unt.edu\/index.html\" target=\"_blank\" rel=\"noreferrer noopener\">Universidade do Norte do Texas<\/a><\/strong> mostram que o consumo em espera pode representar at\u00e9 26% do gasto anual de uma resid\u00eancia, equivalente a manter uma geladeira extra ligada 24 horas por dia sem que ningu\u00e9m perceba.<\/p>\n\n\n\n<p>Esse estudo, baseado em dados do <strong>Laborat\u00f3rio Nacional Lawrence Berkeley<\/strong>, constatou que sistemas de telefonia fixa chegam a consumir <strong>24,5 watts<\/strong> continuamente, o mesmo que manter uma l\u00e2mpada de <strong>60W<\/strong> acesa o tempo todo, sem uso real.<\/p>\n\n\n\n<figure class=\"wp-block-image size-large\"><img loading=\"lazy\" decoding=\"async\" width=\"1024\" height=\"576\" src=\"https:\/\/www.em.com.br\/emfoco\/wp-content\/uploads\/2025\/11\/Conta-de-energia_1762434521503-1024x576.jpg\" alt=\"Esse \u00e9 o eletrodom\u00e9stico respons\u00e1vel pela sua conta de energia estar t\u00e3o cara\" class=\"wp-image-124133\" srcset=\"https:\/\/www.em.com.br\/emfoco\/wp-content\/uploads\/2025\/11\/Conta-de-energia_1762434521503-1024x576.jpg 1024w, https:\/\/www.em.com.br\/emfoco\/wp-content\/uploads\/2025\/11\/Conta-de-energia_1762434521503-300x169.jpg 300w, https:\/\/www.em.com.br\/emfoco\/wp-content\/uploads\/2025\/11\/Conta-de-energia_1762434521503-768x432.jpg 768w, https:\/\/www.em.com.br\/emfoco\/wp-content\/uploads\/2025\/11\/Conta-de-energia_1762434521503-750x422.jpg 750w, https:\/\/www.em.com.br\/emfoco\/wp-content\/uploads\/2025\/11\/Conta-de-energia_1762434521503-1140x641.jpg 1140w, https:\/\/www.em.com.br\/emfoco\/wp-content\/uploads\/2025\/11\/Conta-de-energia_1762434521503.jpg 1280w\" sizes=\"auto, (max-width: 1024px) 100vw, 1024px\" \/><figcaption class=\"wp-element-caption\">Modo espera pode representar enorme gasto energ\u00e9tico anual oculto &#8211; Cr\u00e9ditos: depositphotos.com \/ volgariver<\/figcaption><\/figure>\n\n\n\n<h2 class=\"wp-block-heading\">O que pode ser feito na pr\u00e1tica para reduzir esse desperd\u00edcio?<\/h2>\n\n\n\n<p>Especialistas em efici\u00eancia sugerem que pequenas adapta\u00e7\u00f5es j\u00e1 produzem diferen\u00e7a significativa no longo prazo, tanto no custo da energia quanto na redu\u00e7\u00e3o de <strong>emiss\u00f5es<\/strong>, e isso sem abrir m\u00e3o do conforto e sem alterar a rotina dom\u00e9stica.<\/p>\n\n\n\n<ul class=\"wp-block-list\">\n<li>Secadores com bomba de calor podem gastar at\u00e9 60% menos energia que os tradicionais.<\/li>\n\n\n\n<li>Usar v\u00e1rios ciclos consecutivos aproveita o calor acumulado dentro do tambor.<\/li>\n\n\n\n<li>Pendurar roupa quando o clima permite reduz a necessidade de ligar grandes motores.<\/li>\n<\/ul>\n","protected":false},"excerpt":{"rendered":"<p>A secadora de roupas \u00e9 um aparelho considerado pr\u00e1tico, mas pesquisas mostram que esse eletrodom\u00e9stico pode disparar o consumo el\u00e9trico dom\u00e9stico e custar mais do que imagine, pressionando a conta de luz e at\u00e9 impactando redes energ\u00e9ticas inteiras. Por que esse aparelho consome tanta energia? A geladeira usa energia de forma constante, enquanto a secagem [&hellip;]<\/p>\n","protected":false},"author":13,"featured_media":124131,"comment_status":"open","ping_status":"open","sticky":false,"template":"","format":"standard","meta":{"jnews-multi-image_gallery":[],"jnews_single_post":{"format":"standard"},"jnews_primary_category":[],"jnews_social_meta":[],"jnews_override_counter":[],"footnotes":""},"categories":[8819],"tags":[1018,5675,18516,5797],"class_list":["post-124104","post","type-post","status-publish","format-standard","has-post-thumbnail","hentry","category-curiosidades","tag-conta-de-luz","tag-eletrodomesticos","tag-gastar-energia","tag-secadora-de-roupas"],"yoast_head":"<!-- This site is optimized with the Yoast SEO plugin v23.8 - https:\/\/yoast.com\/wordpress\/plugins\/seo\/ -->\n<title>Esse \u00e9 o eletrodom\u00e9stico respons\u00e1vel pela sua conta de energia estar t\u00e3o cara - Estado de Minas - Em foco<\/title>\n<meta name=\"description\" content=\"Esse eletrodom\u00e9stico pode representar at\u00e9 6% do consumo da casa. Veja por que ela pesa tanto na conta e como reduzir esse impacto.\" \/>\n<meta name=\"robots\" content=\"index, follow, max-snippet:-1, max-image-preview:large, max-video-preview:-1\" \/>\n<link rel=\"canonical\" href=\"https:\/\/www.em.com.br\/emfoco\/2025\/11\/09\/esse-e-o-eletrodomestico-responsavel-pela-sua-conta-de-energia-estar-tao-cara\/\" \/>\n<meta property=\"og:locale\" content=\"pt_BR\" \/>\n<meta property=\"og:type\" content=\"article\" \/>\n<meta property=\"og:title\" content=\"Esse \u00e9 o eletrodom\u00e9stico respons\u00e1vel pela sua conta de energia estar t\u00e3o cara - Estado de Minas - Em foco\" \/>\n<meta property=\"og:description\" content=\"Esse eletrodom\u00e9stico pode representar at\u00e9 6% do consumo da casa. Veja por que ela pesa tanto na conta e como reduzir esse impacto.\" \/>\n<meta property=\"og:url\" content=\"https:\/\/www.em.com.br\/emfoco\/2025\/11\/09\/esse-e-o-eletrodomestico-responsavel-pela-sua-conta-de-energia-estar-tao-cara\/\" \/>\n<meta property=\"og:site_name\" content=\"Estado de Minas - Em foco\" \/>\n<meta property=\"article:published_time\" content=\"2025-11-10T00:45:00+00:00\" \/>\n<meta property=\"article:modified_time\" content=\"2025-11-06T13:09:26+00:00\" \/>\n<meta property=\"og:image\" content=\"https:\/\/www.em.com.br\/emfoco\/wp-content\/uploads\/2025\/11\/Conta-de-luz-alta_1762434448344.jpg\" \/>\n\t<meta property=\"og:image:width\" content=\"1280\" \/>\n\t<meta property=\"og:image:height\" content=\"720\" \/>\n\t<meta property=\"og:image:type\" content=\"image\/jpeg\" \/>\n<meta name=\"author\" content=\"Gabriel Martins\" \/>\n<meta name=\"twitter:card\" content=\"summary_large_image\" \/>\n<meta name=\"twitter:label1\" content=\"Escrito por\" \/>\n\t<meta name=\"twitter:data1\" content=\"Gabriel Martins\" \/>\n\t<meta name=\"twitter:label2\" content=\"Est. tempo de leitura\" \/>\n\t<meta name=\"twitter:data2\" content=\"3 minutos\" \/>\n<!-- \/ Yoast SEO plugin. -->","yoast_head_json":{"title":"Esse \u00e9 o eletrodom\u00e9stico respons\u00e1vel pela sua conta de energia estar t\u00e3o cara - Estado de Minas - Em foco","description":"Esse eletrodom\u00e9stico pode representar at\u00e9 6% do consumo da casa. Veja por que ela pesa tanto na conta e como reduzir esse impacto.","robots":{"index":"index","follow":"follow","max-snippet":"max-snippet:-1","max-image-preview":"max-image-preview:large","max-video-preview":"max-video-preview:-1"},"canonical":"https:\/\/www.em.com.br\/emfoco\/2025\/11\/09\/esse-e-o-eletrodomestico-responsavel-pela-sua-conta-de-energia-estar-tao-cara\/","og_locale":"pt_BR","og_type":"article","og_title":"Esse \u00e9 o eletrodom\u00e9stico respons\u00e1vel pela sua conta de energia estar t\u00e3o cara - Estado de Minas - Em foco","og_description":"Esse eletrodom\u00e9stico pode representar at\u00e9 6% do consumo da casa. Veja por que ela pesa tanto na conta e como reduzir esse impacto.","og_url":"https:\/\/www.em.com.br\/emfoco\/2025\/11\/09\/esse-e-o-eletrodomestico-responsavel-pela-sua-conta-de-energia-estar-tao-cara\/","og_site_name":"Estado de Minas - Em foco","article_published_time":"2025-11-10T00:45:00+00:00","article_modified_time":"2025-11-06T13:09:26+00:00","og_image":[{"width":1280,"height":720,"url":"https:\/\/www.em.com.br\/emfoco\/wp-content\/uploads\/2025\/11\/Conta-de-luz-alta_1762434448344.jpg","type":"image\/jpeg"}],"author":"Gabriel Martins","twitter_card":"summary_large_image","twitter_misc":{"Escrito por":"Gabriel Martins","Est. tempo de leitura":"3 minutos"},"schema":{"@context":"https:\/\/schema.org","@graph":[{"@type":"WebPage","@id":"https:\/\/www.em.com.br\/emfoco\/2025\/11\/09\/esse-e-o-eletrodomestico-responsavel-pela-sua-conta-de-energia-estar-tao-cara\/","url":"https:\/\/www.em.com.br\/emfoco\/2025\/11\/09\/esse-e-o-eletrodomestico-responsavel-pela-sua-conta-de-energia-estar-tao-cara\/","name":"Esse \u00e9 o eletrodom\u00e9stico respons\u00e1vel pela sua conta de energia estar t\u00e3o cara - Estado de Minas - Em foco","isPartOf":{"@id":"https:\/\/www.em.com.br\/emfoco\/#website"},"primaryImageOfPage":{"@id":"https:\/\/www.em.com.br\/emfoco\/2025\/11\/09\/esse-e-o-eletrodomestico-responsavel-pela-sua-conta-de-energia-estar-tao-cara\/#primaryimage"},"image":{"@id":"https:\/\/www.em.com.br\/emfoco\/2025\/11\/09\/esse-e-o-eletrodomestico-responsavel-pela-sua-conta-de-energia-estar-tao-cara\/#primaryimage"},"thumbnailUrl":"https:\/\/www.em.com.br\/emfoco\/wp-content\/uploads\/2025\/11\/Conta-de-luz-alta_1762434448344.jpg","datePublished":"2025-11-10T00:45:00+00:00","dateModified":"2025-11-06T13:09:26+00:00","author":{"@id":"https:\/\/www.em.com.br\/emfoco\/#\/schema\/person\/1c9ddeab18b98abeffef834667bcf08a"},"description":"Esse eletrodom\u00e9stico pode representar at\u00e9 6% do consumo da casa. Veja por que ela pesa tanto na conta e como reduzir esse impacto.","breadcrumb":{"@id":"https:\/\/www.em.com.br\/emfoco\/2025\/11\/09\/esse-e-o-eletrodomestico-responsavel-pela-sua-conta-de-energia-estar-tao-cara\/#breadcrumb"},"inLanguage":"pt-BR","potentialAction":[{"@type":"ReadAction","target":["https:\/\/www.em.com.br\/emfoco\/2025\/11\/09\/esse-e-o-eletrodomestico-responsavel-pela-sua-conta-de-energia-estar-tao-cara\/"]}]},{"@type":"ImageObject","inLanguage":"pt-BR","@id":"https:\/\/www.em.com.br\/emfoco\/2025\/11\/09\/esse-e-o-eletrodomestico-responsavel-pela-sua-conta-de-energia-estar-tao-cara\/#primaryimage","url":"https:\/\/www.em.com.br\/emfoco\/wp-content\/uploads\/2025\/11\/Conta-de-luz-alta_1762434448344.jpg","contentUrl":"https:\/\/www.em.com.br\/emfoco\/wp-content\/uploads\/2025\/11\/Conta-de-luz-alta_1762434448344.jpg","width":1280,"height":720,"caption":"A secadora dispara picos el\u00e9tricos que encarecem a conta dom\u00e9stica - Cr\u00e9ditos: depositphotos.com \/ tonodiaz"},{"@type":"BreadcrumbList","@id":"https:\/\/www.em.com.br\/emfoco\/2025\/11\/09\/esse-e-o-eletrodomestico-responsavel-pela-sua-conta-de-energia-estar-tao-cara\/#breadcrumb","itemListElement":[{"@type":"ListItem","position":1,"name":"In\u00edcio","item":"https:\/\/www.em.com.br\/emfoco\/"},{"@type":"ListItem","position":2,"name":"Esse \u00e9 o eletrodom\u00e9stico respons\u00e1vel pela sua conta de energia estar t\u00e3o cara"}]},{"@type":"WebSite","@id":"https:\/\/www.em.com.br\/emfoco\/#website","url":"https:\/\/www.em.com.br\/emfoco\/","name":"Estado de Minas - Em foco","description":"Acompanhe as \u00faltimas not\u00edcias e fique bem informado sobre tudo o que acontece em Minas Gerais, Brasil e no mundo.","potentialAction":[{"@type":"SearchAction","target":{"@type":"EntryPoint","urlTemplate":"https:\/\/www.em.com.br\/emfoco\/?s={search_term_string}"},"query-input":{"@type":"PropertyValueSpecification","valueRequired":true,"valueName":"search_term_string"}}],"inLanguage":"pt-BR"},{"@type":"Person","@id":"https:\/\/www.em.com.br\/emfoco\/#\/schema\/person\/1c9ddeab18b98abeffef834667bcf08a","name":"Gabriel Martins","image":{"@type":"ImageObject","inLanguage":"pt-BR","@id":"https:\/\/www.em.com.br\/emfoco\/#\/schema\/person\/image\/","url":"https:\/\/secure.gravatar.com\/avatar\/f0f1e2efdfd88f1ad2cb08c5c2731e50?s=96&d=mm&r=g","contentUrl":"https:\/\/secure.gravatar.com\/avatar\/f0f1e2efdfd88f1ad2cb08c5c2731e50?s=96&d=mm&r=g","caption":"Gabriel Martins"},"sameAs":["https:\/\/www.em.com.br\/emfoco\/"],"url":"https:\/\/www.em.com.br\/emfoco\/author\/gabrielmartinsmyth\/"}]}},"_links":{"self":[{"href":"https:\/\/www.em.com.br\/emfoco\/wp-json\/wp\/v2\/posts\/124104","targetHints":{"allow":["GET"]}}],"collection":[{"href":"https:\/\/www.em.com.br\/emfoco\/wp-json\/wp\/v2\/posts"}],"about":[{"href":"https:\/\/www.em.com.br\/emfoco\/wp-json\/wp\/v2\/types\/post"}],"author":[{"embeddable":true,"href":"https:\/\/www.em.com.br\/emfoco\/wp-json\/wp\/v2\/users\/13"}],"replies":[{"embeddable":true,"href":"https:\/\/www.em.com.br\/emfoco\/wp-json\/wp\/v2\/comments?post=124104"}],"version-history":[{"count":1,"href":"https:\/\/www.em.com.br\/emfoco\/wp-json\/wp\/v2\/posts\/124104\/revisions"}],"predecessor-version":[{"id":124135,"href":"https:\/\/www.em.com.br\/emfoco\/wp-json\/wp\/v2\/posts\/124104\/revisions\/124135"}],"wp:featuredmedia":[{"embeddable":true,"href":"https:\/\/www.em.com.br\/emfoco\/wp-json\/wp\/v2\/media\/124131"}],"wp:attachment":[{"href":"https:\/\/www.em.com.br\/emfoco\/wp-json\/wp\/v2\/media?parent=124104"}],"wp:term":[{"taxonomy":"category","embeddable":true,"href":"https:\/\/www.em.com.br\/emfoco\/wp-json\/wp\/v2\/categories?post=124104"},{"taxonomy":"post_tag","embeddable":true,"href":"https:\/\/www.em.com.br\/emfoco\/wp-json\/wp\/v2\/tags?post=124104"}],"curies":[{"name":"wp","href":"https:\/\/api.w.org\/{rel}","templated":true}]}}