{"id":124099,"date":"2025-11-07T12:25:00","date_gmt":"2025-11-07T15:25:00","guid":{"rendered":"https:\/\/www.em.com.br\/emfoco\/?p=124099"},"modified":"2025-11-06T18:45:47","modified_gmt":"2025-11-06T21:45:47","slug":"garanta-desconto-de-65-na-conta-de-luz-com-esse-programa-do-governo","status":"publish","type":"post","link":"https:\/\/www.em.com.br\/emfoco\/2025\/11\/07\/garanta-desconto-de-65-na-conta-de-luz-com-esse-programa-do-governo\/","title":{"rendered":"Garanta desconto de 65% na conta de luz com esse programa do governo"},"content":{"rendered":"\n<p>Economizar energia e reduzir despesas \u00e9 fundamental para muitas fam\u00edlias brasileiras, mas a participa\u00e7\u00e3o em programas governamentais de apoio, como <strong>Vale-G\u00e1s e Tarifa Social<\/strong>, pode ser um diferencial significativo no or\u00e7amento do m\u00eas, aliviando o peso dos custos com energia e g\u00e1s.<\/p>\n\n\n\n<h2 class=\"wp-block-heading\">Quem tem direito \u00e0 Tarifa Social?<\/h2>\n\n\n\n<p>A <strong>Tarifa Social de Energia El\u00e9trica<\/strong> beneficia fam\u00edlias de baixa renda com descontos importantes na conta de luz, variando conforme o consumo e a categoria dos inscritos. O abatimento pode chegar a at\u00e9 65% na fatura mensal, facilitando o acesso \u00e0 eletricidade para quem mais precisa.<\/p>\n\n\n<div class=\"wp-block-image\">\n<figure class=\"aligncenter size-large\"><img loading=\"lazy\" decoding=\"async\" width=\"1024\" height=\"576\" src=\"https:\/\/www.em.com.br\/emfoco\/wp-content\/uploads\/2025\/06\/familia_1748976621996-1024x576.jpg\" alt=\"Afeto vale como lei e muda o registro de filhos e pais na fam\u00edlia\" class=\"wp-image-55006\" srcset=\"https:\/\/www.em.com.br\/emfoco\/wp-content\/uploads\/2025\/06\/familia_1748976621996-1024x576.jpg 1024w, https:\/\/www.em.com.br\/emfoco\/wp-content\/uploads\/2025\/06\/familia_1748976621996-300x169.jpg 300w, https:\/\/www.em.com.br\/emfoco\/wp-content\/uploads\/2025\/06\/familia_1748976621996-768x432.jpg 768w, https:\/\/www.em.com.br\/emfoco\/wp-content\/uploads\/2025\/06\/familia_1748976621996-750x422.jpg 750w, https:\/\/www.em.com.br\/emfoco\/wp-content\/uploads\/2025\/06\/familia_1748976621996-1140x641.jpg 1140w, https:\/\/www.em.com.br\/emfoco\/wp-content\/uploads\/2025\/06\/familia_1748976621996.jpg 1280w\" sizes=\"auto, (max-width: 1024px) 100vw, 1024px\" \/><figcaption class=\"wp-element-caption\">Programa do governo oferece desconto de at\u00e9 65% na conta de luz para fam\u00edlias de baixa renda &#8211; Cr\u00e9ditos: depositphotos.com \/ asife<\/figcaption><\/figure><\/div>\n\n\n<p>Para ser contemplado, \u00e9 necess\u00e1rio estar inscrito no <strong>Cadastro \u00danico para Programas Sociais<\/strong> (<a href=\"https:\/\/www.gov.br\/pt-br\/servicos\/consultar-dados-do-cadastro-unico-cadunico\" target=\"_blank\" rel=\"noreferrer noopener\">Cad\u00danico<\/a>) do Governo Federal, e o desconto \u00e9 proporcional ao perfil das fam\u00edlias, incluindo ind\u00edgenas e quilombolas. Em algumas regi\u00f5es, fam\u00edlias com portadores de doen\u00e7as que exigem uso cont\u00ednuo de aparelhos el\u00e9tricos tamb\u00e9m podem ter prioridade no benef\u00edcio.<\/p>\n\n\n\n<h2 class=\"wp-block-heading\">Como funciona o Vale-G\u00e1s para fam\u00edlias?<\/h2>\n\n\n\n<p>O <strong>Vale-G\u00e1s<\/strong> \u00e9 destinado a auxiliar aqueles que enfrentam dificuldades para pagar o valor do g\u00e1s de cozinha, garantindo que fam\u00edlias eleg\u00edveis tenham acesso a esse item essencial. A entrega do benef\u00edcio ocorre de forma peri\u00f3dica, geralmente a cada dois meses.<\/p>\n\n\n\n<p>Com o objetivo de selecionar os benefici\u00e1rios de maneira justa, o programa considera fatores como renda per capita e n\u00famero de dependentes no n\u00facleo familiar. As regras podem variar em algumas regi\u00f5es, de acordo com parcerias locais e municipais. Algumas localidades disponibilizam um aplicativo para consulta do benef\u00edcio, facilitando o acompanhamento pelos benefici\u00e1rios.<\/p>\n\n\n\n<p>Leia mais: <a href=\"https:\/\/www.em.com.br\/emfoco\/2025\/11\/05\/tarifa-social-da-desconto-de-ate-65-na-conta-de-luz\/\" target=\"_blank\" rel=\"noreferrer noopener\">Tarifa Social d\u00e1 desconto de at\u00e9 65% na conta de luz<\/a><\/p>\n\n\n\n<h2 class=\"wp-block-heading\">Como se inscrever nos aux\u00edlios?<\/h2>\n\n\n\n<p>O primeiro passo para obter esses benef\u00edcios \u00e9 realizar o cadastro atualizado no <strong>Cad\u00danico<\/strong>, pois ele centraliza informa\u00e7\u00f5es necess\u00e1rias para an\u00e1lise social. \u00c9 obrigat\u00f3rio comparecer ao <strong>CRAS <\/strong>(Centro de Refer\u00eancia de Assist\u00eancia Social) mais pr\u00f3ximo, levando documenta\u00e7\u00e3o de todos da fam\u00edlia.<\/p>\n\n\n<div class=\"wp-block-image\">\n<figure class=\"aligncenter size-large\"><img loading=\"lazy\" decoding=\"async\" width=\"1024\" height=\"576\" src=\"https:\/\/www.em.com.br\/emfoco\/wp-content\/uploads\/2025\/06\/b_1749545941768-1024x576.jpg\" alt=\"Mais de 800 mil n\u00e3o solicitaram seus valores perdidos do INSS!\" class=\"wp-image-58539\" srcset=\"https:\/\/www.em.com.br\/emfoco\/wp-content\/uploads\/2025\/06\/b_1749545941768-1024x576.jpg 1024w, https:\/\/www.em.com.br\/emfoco\/wp-content\/uploads\/2025\/06\/b_1749545941768-300x169.jpg 300w, https:\/\/www.em.com.br\/emfoco\/wp-content\/uploads\/2025\/06\/b_1749545941768-768x432.jpg 768w, https:\/\/www.em.com.br\/emfoco\/wp-content\/uploads\/2025\/06\/b_1749545941768-750x422.jpg 750w, https:\/\/www.em.com.br\/emfoco\/wp-content\/uploads\/2025\/06\/b_1749545941768-1140x641.jpg 1140w, https:\/\/www.em.com.br\/emfoco\/wp-content\/uploads\/2025\/06\/b_1749545941768.jpg 1280w\" sizes=\"auto, (max-width: 1024px) 100vw, 1024px\" \/><figcaption class=\"wp-element-caption\">Programa do governo oferece desconto de at\u00e9 65% na conta de luz para fam\u00edlias de baixa renda &#8211; Cr\u00e9ditos: depositphotos.com \/ VitalikRadko<\/figcaption><\/figure><\/div>\n\n\n<p>Ap\u00f3s o cadastro, a assist\u00eancia social far\u00e1 a avalia\u00e7\u00e3o da situa\u00e7\u00e3o familiar e informar\u00e1 sobre a concess\u00e3o dos aux\u00edlios. Veja a seguir os documentos normalmente exigidos nesse processo:<\/p>\n\n\n\n<ul class=\"wp-block-list\">\n<li>Documento de identidade (RG) de todos os membros da fam\u00edlia<\/li>\n\n\n\n<li>CPF dos familiares<\/li>\n\n\n\n<li>Comprovante de resid\u00eancia atualizado<\/li>\n\n\n\n<li>Certid\u00e3o de nascimento ou casamento<\/li>\n\n\n\n<li>Comprovante de renda, quando houver<\/li>\n<\/ul>\n\n\n\n<p>Em alguns lugares, o acompanhamento pode ser feito pelo app <strong>Meu Cad\u00danico<\/strong> e, para tirar d\u00favidas, o telefone 121 do <strong>Minist\u00e9rio da Cidadania<\/strong> est\u00e1 dispon\u00edvel.<\/p>\n\n\n\n<p>Leia mais: <a href=\"https:\/\/www.em.com.br\/emfoco\/2025\/11\/05\/aprenda-a-atualizar-o-cadunico-no-cras-e-nao-perca-seus-beneficios-sociais\/\" target=\"_blank\" rel=\"noreferrer noopener\">Aprenda a atualizar o Cad\u00danico no CRAS e n\u00e3o perca seus benef\u00edcios sociais<\/a><\/p>\n\n\n\n<h2 class=\"wp-block-heading\">Quais os benef\u00edcios desses programas?<\/h2>\n\n\n\n<p>Esses programas v\u00e3o al\u00e9m do apoio financeiro, trazendo seguran\u00e7a e dignidade para milh\u00f5es de brasileiros vulner\u00e1veis. O acesso ao g\u00e1s de cozinha e \u00e0 energia el\u00e9trica fortalece a alimenta\u00e7\u00e3o e o bem-estar familiar, promovendo estabilidade em meio \u00e0 volatilidade econ\u00f4mica.<\/p>\n\n\n\n<p>Al\u00e9m disso, \u00e9 importante o uso consciente desses recursos: atitudes de economia potencializam o efeito dos descontos, colaborando para um consumo ainda mais respons\u00e1vel e sustent\u00e1vel no dia a dia do lar. Participar desses programas tamb\u00e9m pode facilitar o acesso a outros benef\u00edcios sociais ligados ao <strong>Cad\u00danico<\/strong>.<\/p>\n","protected":false},"excerpt":{"rendered":"<p>Economizar energia e reduzir despesas \u00e9 fundamental para muitas fam\u00edlias brasileiras, mas a participa\u00e7\u00e3o em programas governamentais de apoio, como Vale-G\u00e1s e Tarifa Social, pode ser um diferencial significativo no or\u00e7amento do m\u00eas, aliviando o peso dos custos com energia e g\u00e1s. Quem tem direito \u00e0 Tarifa Social? A Tarifa Social de Energia El\u00e9trica beneficia [&hellip;]<\/p>\n","protected":false},"author":20,"featured_media":115195,"comment_status":"open","ping_status":"open","sticky":false,"template":"","format":"standard","meta":{"jnews-multi-image_gallery":[],"jnews_single_post":{"format":"standard"},"jnews_primary_category":[],"jnews_social_meta":[],"jnews_override_counter":[],"footnotes":""},"categories":[28,1],"tags":[1018,1016,4709],"class_list":["post-124099","post","type-post","status-publish","format-standard","has-post-thumbnail","hentry","category-economia","category-noticias","tag-conta-de-luz","tag-tarifa-social","tag-vale-gas"],"yoast_head":"<!-- This site is optimized with the Yoast SEO plugin v23.8 - https:\/\/yoast.com\/wordpress\/plugins\/seo\/ -->\n<title>Garanta desconto de 65% na conta de luz com esse programa do governo - Estado de Minas - Em foco<\/title>\n<meta name=\"description\" content=\"Fam\u00edlias inscritas no Cad\u00danico podem ter desconto de at\u00e9 65% na conta de luz e aux\u00edlio para o g\u00e1s. Confira as regras e prazos.\" \/>\n<meta name=\"robots\" content=\"index, follow, max-snippet:-1, max-image-preview:large, max-video-preview:-1\" \/>\n<link rel=\"canonical\" href=\"https:\/\/www.em.com.br\/emfoco\/2025\/11\/07\/garanta-desconto-de-65-na-conta-de-luz-com-esse-programa-do-governo\/\" \/>\n<meta property=\"og:locale\" content=\"pt_BR\" \/>\n<meta property=\"og:type\" content=\"article\" \/>\n<meta property=\"og:title\" content=\"Garanta desconto de 65% na conta de luz com esse programa do governo - Estado de Minas - Em foco\" \/>\n<meta property=\"og:description\" content=\"Fam\u00edlias inscritas no Cad\u00danico podem ter desconto de at\u00e9 65% na conta de luz e aux\u00edlio para o g\u00e1s. Confira as regras e prazos.\" \/>\n<meta property=\"og:url\" content=\"https:\/\/www.em.com.br\/emfoco\/2025\/11\/07\/garanta-desconto-de-65-na-conta-de-luz-com-esse-programa-do-governo\/\" \/>\n<meta property=\"og:site_name\" content=\"Estado de Minas - Em foco\" \/>\n<meta property=\"article:published_time\" content=\"2025-11-07T15:25:00+00:00\" \/>\n<meta property=\"article:modified_time\" content=\"2025-11-06T21:45:47+00:00\" \/>\n<meta property=\"og:image\" content=\"https:\/\/www.em.com.br\/emfoco\/wp-content\/uploads\/2025\/10\/falta-de-energia_1757187724600.jpg\" \/>\n\t<meta property=\"og:image:width\" content=\"1280\" \/>\n\t<meta property=\"og:image:height\" content=\"720\" \/>\n\t<meta property=\"og:image:type\" content=\"image\/jpeg\" \/>\n<meta name=\"author\" content=\"Ingrid Diniz\" \/>\n<meta name=\"twitter:card\" content=\"summary_large_image\" \/>\n<meta name=\"twitter:label1\" content=\"Escrito por\" \/>\n\t<meta name=\"twitter:data1\" content=\"Ingrid Diniz\" \/>\n\t<meta name=\"twitter:label2\" content=\"Est. tempo de leitura\" \/>\n\t<meta name=\"twitter:data2\" content=\"4 minutos\" \/>\n<!-- \/ Yoast SEO plugin. -->","yoast_head_json":{"title":"Garanta desconto de 65% na conta de luz com esse programa do governo - Estado de Minas - Em foco","description":"Fam\u00edlias inscritas no Cad\u00danico podem ter desconto de at\u00e9 65% na conta de luz e aux\u00edlio para o g\u00e1s. Confira as regras e prazos.","robots":{"index":"index","follow":"follow","max-snippet":"max-snippet:-1","max-image-preview":"max-image-preview:large","max-video-preview":"max-video-preview:-1"},"canonical":"https:\/\/www.em.com.br\/emfoco\/2025\/11\/07\/garanta-desconto-de-65-na-conta-de-luz-com-esse-programa-do-governo\/","og_locale":"pt_BR","og_type":"article","og_title":"Garanta desconto de 65% na conta de luz com esse programa do governo - Estado de Minas - Em foco","og_description":"Fam\u00edlias inscritas no Cad\u00danico podem ter desconto de at\u00e9 65% na conta de luz e aux\u00edlio para o g\u00e1s. Confira as regras e prazos.","og_url":"https:\/\/www.em.com.br\/emfoco\/2025\/11\/07\/garanta-desconto-de-65-na-conta-de-luz-com-esse-programa-do-governo\/","og_site_name":"Estado de Minas - Em foco","article_published_time":"2025-11-07T15:25:00+00:00","article_modified_time":"2025-11-06T21:45:47+00:00","og_image":[{"width":1280,"height":720,"url":"https:\/\/www.em.com.br\/emfoco\/wp-content\/uploads\/2025\/10\/falta-de-energia_1757187724600.jpg","type":"image\/jpeg"}],"author":"Ingrid Diniz","twitter_card":"summary_large_image","twitter_misc":{"Escrito por":"Ingrid Diniz","Est. tempo de leitura":"4 minutos"},"schema":{"@context":"https:\/\/schema.org","@graph":[{"@type":"WebPage","@id":"https:\/\/www.em.com.br\/emfoco\/2025\/11\/07\/garanta-desconto-de-65-na-conta-de-luz-com-esse-programa-do-governo\/","url":"https:\/\/www.em.com.br\/emfoco\/2025\/11\/07\/garanta-desconto-de-65-na-conta-de-luz-com-esse-programa-do-governo\/","name":"Garanta desconto de 65% na conta de luz com esse programa do governo - Estado de Minas - Em foco","isPartOf":{"@id":"https:\/\/www.em.com.br\/emfoco\/#website"},"primaryImageOfPage":{"@id":"https:\/\/www.em.com.br\/emfoco\/2025\/11\/07\/garanta-desconto-de-65-na-conta-de-luz-com-esse-programa-do-governo\/#primaryimage"},"image":{"@id":"https:\/\/www.em.com.br\/emfoco\/2025\/11\/07\/garanta-desconto-de-65-na-conta-de-luz-com-esse-programa-do-governo\/#primaryimage"},"thumbnailUrl":"https:\/\/www.em.com.br\/emfoco\/wp-content\/uploads\/2025\/10\/falta-de-energia_1757187724600.jpg","datePublished":"2025-11-07T15:25:00+00:00","dateModified":"2025-11-06T21:45:47+00:00","author":{"@id":"https:\/\/www.em.com.br\/emfoco\/#\/schema\/person\/649e610b4eb8fff87ff394e54fe17b2b"},"description":"Fam\u00edlias inscritas no Cad\u00danico podem ter desconto de at\u00e9 65% na conta de luz e aux\u00edlio para o g\u00e1s. Confira as regras e prazos.","breadcrumb":{"@id":"https:\/\/www.em.com.br\/emfoco\/2025\/11\/07\/garanta-desconto-de-65-na-conta-de-luz-com-esse-programa-do-governo\/#breadcrumb"},"inLanguage":"pt-BR","potentialAction":[{"@type":"ReadAction","target":["https:\/\/www.em.com.br\/emfoco\/2025\/11\/07\/garanta-desconto-de-65-na-conta-de-luz-com-esse-programa-do-governo\/"]}]},{"@type":"ImageObject","inLanguage":"pt-BR","@id":"https:\/\/www.em.com.br\/emfoco\/2025\/11\/07\/garanta-desconto-de-65-na-conta-de-luz-com-esse-programa-do-governo\/#primaryimage","url":"https:\/\/www.em.com.br\/emfoco\/wp-content\/uploads\/2025\/10\/falta-de-energia_1757187724600.jpg","contentUrl":"https:\/\/www.em.com.br\/emfoco\/wp-content\/uploads\/2025\/10\/falta-de-energia_1757187724600.jpg","width":1280,"height":720,"caption":"Economize energia durante bandeira alta de forma simples - Cr\u00e9ditos: depositphotos.com \/ yanishevska.photo"},{"@type":"BreadcrumbList","@id":"https:\/\/www.em.com.br\/emfoco\/2025\/11\/07\/garanta-desconto-de-65-na-conta-de-luz-com-esse-programa-do-governo\/#breadcrumb","itemListElement":[{"@type":"ListItem","position":1,"name":"In\u00edcio","item":"https:\/\/www.em.com.br\/emfoco\/"},{"@type":"ListItem","position":2,"name":"Garanta desconto de 65% na conta de luz com esse programa do governo"}]},{"@type":"WebSite","@id":"https:\/\/www.em.com.br\/emfoco\/#website","url":"https:\/\/www.em.com.br\/emfoco\/","name":"Estado de Minas - Em foco","description":"Acompanhe as \u00faltimas not\u00edcias e fique bem informado sobre tudo o que acontece em Minas Gerais, Brasil e no mundo.","potentialAction":[{"@type":"SearchAction","target":{"@type":"EntryPoint","urlTemplate":"https:\/\/www.em.com.br\/emfoco\/?s={search_term_string}"},"query-input":{"@type":"PropertyValueSpecification","valueRequired":true,"valueName":"search_term_string"}}],"inLanguage":"pt-BR"},{"@type":"Person","@id":"https:\/\/www.em.com.br\/emfoco\/#\/schema\/person\/649e610b4eb8fff87ff394e54fe17b2b","name":"Ingrid Diniz","image":{"@type":"ImageObject","inLanguage":"pt-BR","@id":"https:\/\/www.em.com.br\/emfoco\/#\/schema\/person\/image\/","url":"https:\/\/secure.gravatar.com\/avatar\/a3baa1449ec5c39b4c42babc9d4f3951?s=96&d=mm&r=g","contentUrl":"https:\/\/secure.gravatar.com\/avatar\/a3baa1449ec5c39b4c42babc9d4f3951?s=96&d=mm&r=g","caption":"Ingrid Diniz"},"sameAs":["https:\/\/www.em.com.br\/"],"url":"https:\/\/www.em.com.br\/emfoco\/author\/ingridmyth\/"}]}},"_links":{"self":[{"href":"https:\/\/www.em.com.br\/emfoco\/wp-json\/wp\/v2\/posts\/124099","targetHints":{"allow":["GET"]}}],"collection":[{"href":"https:\/\/www.em.com.br\/emfoco\/wp-json\/wp\/v2\/posts"}],"about":[{"href":"https:\/\/www.em.com.br\/emfoco\/wp-json\/wp\/v2\/types\/post"}],"author":[{"embeddable":true,"href":"https:\/\/www.em.com.br\/emfoco\/wp-json\/wp\/v2\/users\/20"}],"replies":[{"embeddable":true,"href":"https:\/\/www.em.com.br\/emfoco\/wp-json\/wp\/v2\/comments?post=124099"}],"version-history":[{"count":2,"href":"https:\/\/www.em.com.br\/emfoco\/wp-json\/wp\/v2\/posts\/124099\/revisions"}],"predecessor-version":[{"id":124472,"href":"https:\/\/www.em.com.br\/emfoco\/wp-json\/wp\/v2\/posts\/124099\/revisions\/124472"}],"wp:featuredmedia":[{"embeddable":true,"href":"https:\/\/www.em.com.br\/emfoco\/wp-json\/wp\/v2\/media\/115195"}],"wp:attachment":[{"href":"https:\/\/www.em.com.br\/emfoco\/wp-json\/wp\/v2\/media?parent=124099"}],"wp:term":[{"taxonomy":"category","embeddable":true,"href":"https:\/\/www.em.com.br\/emfoco\/wp-json\/wp\/v2\/categories?post=124099"},{"taxonomy":"post_tag","embeddable":true,"href":"https:\/\/www.em.com.br\/emfoco\/wp-json\/wp\/v2\/tags?post=124099"}],"curies":[{"name":"wp","href":"https:\/\/api.w.org\/{rel}","templated":true}]}}