{"id":124097,"date":"2025-11-07T11:45:00","date_gmt":"2025-11-07T14:45:00","guid":{"rendered":"https:\/\/www.em.com.br\/emfoco\/?p=124097"},"modified":"2025-11-06T23:32:12","modified_gmt":"2025-11-07T02:32:12","slug":"moradora-evita-incendio-em-casa-com-essa-acao-simples-e-rapida","status":"publish","type":"post","link":"https:\/\/www.em.com.br\/emfoco\/2025\/11\/07\/moradora-evita-incendio-em-casa-com-essa-acao-simples-e-rapida\/","title":{"rendered":"Moradora evita inc\u00eandio em casa com essa a\u00e7\u00e3o simples e r\u00e1pida"},"content":{"rendered":"\n<p>Deixar carregadores de celular conectados \u00e0 tomada pode parecer pr\u00e1tico, mas essa atitude traz riscos consider\u00e1veis, como aumento do consumo de energia, danos aos dispositivos e at\u00e9 inc\u00eandios. Esses problemas surgem porque, mesmo desligado, o carregador segue puxando eletricidade e acumula calor, o que pode provocar falhas e acidentes dom\u00e9sticos.<\/p>\n\n\n\n<h2 class=\"wp-block-heading\">Quais riscos ao deixar carregador na tomada?<\/h2>\n\n\n\n<p>Apesar de ser um h\u00e1bito comum, manter o carregador constantemente plugado pode causar danos ao aparelho e trazer riscos \u00e0 seguran\u00e7a da casa. Problemas como desgaste dos componentes, consumo energ\u00e9tico desnecess\u00e1rio e superaquecimento s\u00e3o consequ\u00eancias importantes desse costume.<\/p>\n\n\n\n<h2 class=\"wp-block-heading\">O consumo aumenta se o carregador fica plugado?<\/h2>\n\n\n\n<p>Sim, ao permanecer conectado sem uso, o carregador ainda consome <a href=\"https:\/\/www.gov.br\/aneel\/pt-br\" target=\"_blank\" rel=\"noreferrer noopener\">energia el\u00e9trica<\/a> de forma cont\u00ednua. Embora cada unidade consuma pouca eletricidade isoladamente, a soma desse consumo pode elevar significativamente a conta no fim do m\u00eas, principalmente em casas com v\u00e1rios dispositivos.<\/p>\n\n\n\n<p>Al\u00e9m disso, a energia desperdi\u00e7ada contribui para o impacto ambiental, j\u00e1 que a gera\u00e7\u00e3o de energia el\u00e9trica envolve recursos naturais. Para evitar desperd\u00edcios, \u00e9 recomendado desconectar os carregadores sempre que poss\u00edvel. Veja algumas dicas para diminuir o gasto de energia em casa:<\/p>\n\n\n<div class=\"wp-block-image\">\n<figure class=\"aligncenter size-large\"><img loading=\"lazy\" decoding=\"async\" width=\"1024\" height=\"576\" src=\"https:\/\/www.em.com.br\/emfoco\/wp-content\/uploads\/2025\/10\/carregador-na-tomada_1757083127890-1024x576.jpg\" alt=\"\" class=\"wp-image-113283\" srcset=\"https:\/\/www.em.com.br\/emfoco\/wp-content\/uploads\/2025\/10\/carregador-na-tomada_1757083127890-1024x576.jpg 1024w, https:\/\/www.em.com.br\/emfoco\/wp-content\/uploads\/2025\/10\/carregador-na-tomada_1757083127890-300x169.jpg 300w, https:\/\/www.em.com.br\/emfoco\/wp-content\/uploads\/2025\/10\/carregador-na-tomada_1757083127890-768x432.jpg 768w, https:\/\/www.em.com.br\/emfoco\/wp-content\/uploads\/2025\/10\/carregador-na-tomada_1757083127890-750x422.jpg 750w, https:\/\/www.em.com.br\/emfoco\/wp-content\/uploads\/2025\/10\/carregador-na-tomada_1757083127890-1140x641.jpg 1140w, https:\/\/www.em.com.br\/emfoco\/wp-content\/uploads\/2025\/10\/carregador-na-tomada_1757083127890.jpg 1280w\" sizes=\"auto, (max-width: 1024px) 100vw, 1024px\" \/><figcaption class=\"wp-element-caption\">Moradora adota medida simples para prevenir inc\u00eandio dom\u00e9stico &#8211; Cr\u00e9ditos: depositphotos.com \/ natali.maliarchuk<\/figcaption><\/figure><\/div>\n\n\n<ul class=\"wp-block-list\">\n<li>Retire o carregador da tomada ap\u00f3s o uso<\/li>\n\n\n\n<li>Use tomadas inteligentes para gerenciar eletr\u00f4nicos<\/li>\n\n\n\n<li>Invista em aparelhos homologados e certificados<\/li>\n<\/ul>\n\n\n\n<h2 class=\"wp-block-heading\">Como o carregador pode ser danificado?<\/h2>\n\n\n\n<p>O aquecimento cont\u00ednuo prejudica os componentes internos do carregador, acelerando seu desgaste e diminuindo a vida \u00fatil do acess\u00f3rio. Um carregador danificado pode perder efici\u00eancia, parar de funcionar ou at\u00e9 representar riscos de curto-circuito e choques el\u00e9tricos. Al\u00e9m disso, carregadores falsificados tendem a ser ainda mais vulner\u00e1veis a esses problemas.<\/p>\n\n\n\n<p>Leia mais: <a href=\"https:\/\/www.em.com.br\/emfoco\/2025\/11\/04\/o-eletrodomestico-muito-utilizado-no-dia-a-dia-e-mais-perigoso-do-que-parece-ele-nao-deve-ficar-na-tomada-apos-o-uso-pois-pode-causar-um-incendio\/\" target=\"_blank\" rel=\"noreferrer noopener\">O eletrodom\u00e9stico muito utilizado no dia a dia \u00e9 mais perigoso do que parece, ele n\u00e3o deve ficar na tomada ap\u00f3s o uso, pois pode causar um inc\u00eandio<\/a><\/p>\n\n\n\n<h2 class=\"wp-block-heading\">Carregador plugado pode causar inc\u00eandio?<\/h2>\n\n\n\n<p>Em situa\u00e7\u00f5es extremas, principalmente em ambientes com m\u00e1 ventila\u00e7\u00e3o ou instala\u00e7\u00f5es el\u00e9tricas antigas, o carregador pode superaquecer e causar fa\u00edscas, levando a inc\u00eandios dom\u00e9sticos. A preven\u00e7\u00e3o \u00e9 fundamental para evitar acidentes e garantir a seguran\u00e7a dos moradores.<\/p>\n\n\n\n<p>Leia mais: <a href=\"https:\/\/www.em.com.br\/emfoco\/2025\/10\/30\/a-maioria-dos-incendios-domesticos-comeca-assim-e-voce-talvez-esteja-fazendo-igual\/\" target=\"_blank\" rel=\"noreferrer noopener\">A maioria dos inc\u00eandios dom\u00e9sticos come\u00e7a assim e voc\u00ea talvez esteja fazendo igual<\/a><\/p>\n\n\n\n<h2 class=\"wp-block-heading\">Quais pr\u00e1ticas garantem uso seguro?<\/h2>\n\n\n\n<p>Para evitar os riscos listados, adote algumas pr\u00e1ticas de seguran\u00e7a no dia a dia. Al\u00e9m de desconectar o carregador ap\u00f3s o uso, priorize sempre carregadores originais ou certificados, e utilize-os em locais ventilados para evitar o ac\u00famulo de calor. Tamb\u00e9m \u00e9 aconselh\u00e1vel evitar carregar aparelhos durante a noite ou apoiar dispositivos sobre superf\u00edcies inflam\u00e1veis.<\/p>\n\n\n\n<p>Outra orienta\u00e7\u00e3o importante \u00e9 n\u00e3o utilizar carregadores com fios descascados ou danificados e n\u00e3o sobrecarregar extens\u00f5es el\u00e9tricas. Seguindo esses cuidados, \u00e9 poss\u00edvel economizar energia, preservar o carregador e aumentar a seguran\u00e7a da resid\u00eancia. A conscientiza\u00e7\u00e3o e pequenas mudan\u00e7as de h\u00e1bito fazem toda a diferen\u00e7a na preven\u00e7\u00e3o de acidentes e no uso eficiente de eletr\u00f4nicos.<\/p>\n\n\n\n<p><\/p>\n","protected":false},"excerpt":{"rendered":"<p>Deixar carregadores de celular conectados \u00e0 tomada pode parecer pr\u00e1tico, mas essa atitude traz riscos consider\u00e1veis, como aumento do consumo de energia, danos aos dispositivos e at\u00e9 inc\u00eandios. Esses problemas surgem porque, mesmo desligado, o carregador segue puxando eletricidade e acumula calor, o que pode provocar falhas e acidentes dom\u00e9sticos. Quais riscos ao deixar carregador [&hellip;]<\/p>\n","protected":false},"author":20,"featured_media":123797,"comment_status":"open","ping_status":"open","sticky":false,"template":"","format":"standard","meta":{"jnews-multi-image_gallery":[],"jnews_single_post":{"format":"standard"},"jnews_primary_category":[],"jnews_social_meta":[],"jnews_override_counter":[],"footnotes":""},"categories":[1,4204],"tags":[7287,8392,16087],"class_list":["post-124097","post","type-post","status-publish","format-standard","has-post-thumbnail","hentry","category-noticias","category-tecnologia","tag-carregador","tag-perigo","tag-tomada"],"yoast_head":"<!-- This site is optimized with the Yoast SEO plugin v23.8 - https:\/\/yoast.com\/wordpress\/plugins\/seo\/ -->\n<title>Moradora evita inc\u00eandio em casa com essa a\u00e7\u00e3o simples e r\u00e1pida - Estado de Minas - Em foco<\/title>\n<meta name=\"description\" content=\"Deixar o carregador na tomada parece inofensivo, mas pode causar inc\u00eandios, aumentar gastos e danificar seus aparelhos.\" \/>\n<meta name=\"robots\" content=\"index, follow, max-snippet:-1, max-image-preview:large, max-video-preview:-1\" \/>\n<link rel=\"canonical\" href=\"https:\/\/www.em.com.br\/emfoco\/2025\/11\/07\/moradora-evita-incendio-em-casa-com-essa-acao-simples-e-rapida\/\" \/>\n<meta property=\"og:locale\" content=\"pt_BR\" \/>\n<meta property=\"og:type\" content=\"article\" \/>\n<meta property=\"og:title\" content=\"Moradora evita inc\u00eandio em casa com essa a\u00e7\u00e3o simples e r\u00e1pida - Estado de Minas - Em foco\" \/>\n<meta property=\"og:description\" content=\"Deixar o carregador na tomada parece inofensivo, mas pode causar inc\u00eandios, aumentar gastos e danificar seus aparelhos.\" \/>\n<meta property=\"og:url\" content=\"https:\/\/www.em.com.br\/emfoco\/2025\/11\/07\/moradora-evita-incendio-em-casa-com-essa-acao-simples-e-rapida\/\" \/>\n<meta property=\"og:site_name\" content=\"Estado de Minas - Em foco\" \/>\n<meta property=\"article:published_time\" content=\"2025-11-07T14:45:00+00:00\" \/>\n<meta property=\"article:modified_time\" content=\"2025-11-07T02:32:12+00:00\" \/>\n<meta property=\"og:image\" content=\"https:\/\/www.em.com.br\/emfoco\/wp-content\/uploads\/2025\/11\/extintor-em-casa_1761270247166.jpg\" \/>\n\t<meta property=\"og:image:width\" content=\"1280\" \/>\n\t<meta property=\"og:image:height\" content=\"720\" \/>\n\t<meta property=\"og:image:type\" content=\"image\/jpeg\" \/>\n<meta name=\"author\" content=\"Ingrid Diniz\" \/>\n<meta name=\"twitter:card\" content=\"summary_large_image\" \/>\n<meta name=\"twitter:label1\" content=\"Escrito por\" \/>\n\t<meta name=\"twitter:data1\" content=\"Ingrid Diniz\" \/>\n\t<meta name=\"twitter:label2\" content=\"Est. tempo de leitura\" \/>\n\t<meta name=\"twitter:data2\" content=\"4 minutos\" \/>\n<!-- \/ Yoast SEO plugin. -->","yoast_head_json":{"title":"Moradora evita inc\u00eandio em casa com essa a\u00e7\u00e3o simples e r\u00e1pida - Estado de Minas - Em foco","description":"Deixar o carregador na tomada parece inofensivo, mas pode causar inc\u00eandios, aumentar gastos e danificar seus aparelhos.","robots":{"index":"index","follow":"follow","max-snippet":"max-snippet:-1","max-image-preview":"max-image-preview:large","max-video-preview":"max-video-preview:-1"},"canonical":"https:\/\/www.em.com.br\/emfoco\/2025\/11\/07\/moradora-evita-incendio-em-casa-com-essa-acao-simples-e-rapida\/","og_locale":"pt_BR","og_type":"article","og_title":"Moradora evita inc\u00eandio em casa com essa a\u00e7\u00e3o simples e r\u00e1pida - Estado de Minas - Em foco","og_description":"Deixar o carregador na tomada parece inofensivo, mas pode causar inc\u00eandios, aumentar gastos e danificar seus aparelhos.","og_url":"https:\/\/www.em.com.br\/emfoco\/2025\/11\/07\/moradora-evita-incendio-em-casa-com-essa-acao-simples-e-rapida\/","og_site_name":"Estado de Minas - Em foco","article_published_time":"2025-11-07T14:45:00+00:00","article_modified_time":"2025-11-07T02:32:12+00:00","og_image":[{"width":1280,"height":720,"url":"https:\/\/www.em.com.br\/emfoco\/wp-content\/uploads\/2025\/11\/extintor-em-casa_1761270247166.jpg","type":"image\/jpeg"}],"author":"Ingrid Diniz","twitter_card":"summary_large_image","twitter_misc":{"Escrito por":"Ingrid Diniz","Est. tempo de leitura":"4 minutos"},"schema":{"@context":"https:\/\/schema.org","@graph":[{"@type":"WebPage","@id":"https:\/\/www.em.com.br\/emfoco\/2025\/11\/07\/moradora-evita-incendio-em-casa-com-essa-acao-simples-e-rapida\/","url":"https:\/\/www.em.com.br\/emfoco\/2025\/11\/07\/moradora-evita-incendio-em-casa-com-essa-acao-simples-e-rapida\/","name":"Moradora evita inc\u00eandio em casa com essa a\u00e7\u00e3o simples e r\u00e1pida - Estado de Minas - Em foco","isPartOf":{"@id":"https:\/\/www.em.com.br\/emfoco\/#website"},"primaryImageOfPage":{"@id":"https:\/\/www.em.com.br\/emfoco\/2025\/11\/07\/moradora-evita-incendio-em-casa-com-essa-acao-simples-e-rapida\/#primaryimage"},"image":{"@id":"https:\/\/www.em.com.br\/emfoco\/2025\/11\/07\/moradora-evita-incendio-em-casa-com-essa-acao-simples-e-rapida\/#primaryimage"},"thumbnailUrl":"https:\/\/www.em.com.br\/emfoco\/wp-content\/uploads\/2025\/11\/extintor-em-casa_1761270247166.jpg","datePublished":"2025-11-07T14:45:00+00:00","dateModified":"2025-11-07T02:32:12+00:00","author":{"@id":"https:\/\/www.em.com.br\/emfoco\/#\/schema\/person\/649e610b4eb8fff87ff394e54fe17b2b"},"description":"Deixar o carregador na tomada parece inofensivo, mas pode causar inc\u00eandios, aumentar gastos e danificar seus aparelhos.","breadcrumb":{"@id":"https:\/\/www.em.com.br\/emfoco\/2025\/11\/07\/moradora-evita-incendio-em-casa-com-essa-acao-simples-e-rapida\/#breadcrumb"},"inLanguage":"pt-BR","potentialAction":[{"@type":"ReadAction","target":["https:\/\/www.em.com.br\/emfoco\/2025\/11\/07\/moradora-evita-incendio-em-casa-com-essa-acao-simples-e-rapida\/"]}]},{"@type":"ImageObject","inLanguage":"pt-BR","@id":"https:\/\/www.em.com.br\/emfoco\/2025\/11\/07\/moradora-evita-incendio-em-casa-com-essa-acao-simples-e-rapida\/#primaryimage","url":"https:\/\/www.em.com.br\/emfoco\/wp-content\/uploads\/2025\/11\/extintor-em-casa_1761270247166.jpg","contentUrl":"https:\/\/www.em.com.br\/emfoco\/wp-content\/uploads\/2025\/11\/extintor-em-casa_1761270247166.jpg","width":1280,"height":720,"caption":"Eletrodom\u00e9sticos que exigem cuidado redobrado para evitar riscos de inc\u00eandio dom\u00e9stico - Cr\u00e9ditos: depositphotos.com \/ ronstik"},{"@type":"BreadcrumbList","@id":"https:\/\/www.em.com.br\/emfoco\/2025\/11\/07\/moradora-evita-incendio-em-casa-com-essa-acao-simples-e-rapida\/#breadcrumb","itemListElement":[{"@type":"ListItem","position":1,"name":"In\u00edcio","item":"https:\/\/www.em.com.br\/emfoco\/"},{"@type":"ListItem","position":2,"name":"Moradora evita inc\u00eandio em casa com essa a\u00e7\u00e3o simples e r\u00e1pida"}]},{"@type":"WebSite","@id":"https:\/\/www.em.com.br\/emfoco\/#website","url":"https:\/\/www.em.com.br\/emfoco\/","name":"Estado de Minas - Em foco","description":"Acompanhe as \u00faltimas not\u00edcias e fique bem informado sobre tudo o que acontece em Minas Gerais, Brasil e no mundo.","potentialAction":[{"@type":"SearchAction","target":{"@type":"EntryPoint","urlTemplate":"https:\/\/www.em.com.br\/emfoco\/?s={search_term_string}"},"query-input":{"@type":"PropertyValueSpecification","valueRequired":true,"valueName":"search_term_string"}}],"inLanguage":"pt-BR"},{"@type":"Person","@id":"https:\/\/www.em.com.br\/emfoco\/#\/schema\/person\/649e610b4eb8fff87ff394e54fe17b2b","name":"Ingrid Diniz","image":{"@type":"ImageObject","inLanguage":"pt-BR","@id":"https:\/\/www.em.com.br\/emfoco\/#\/schema\/person\/image\/","url":"https:\/\/secure.gravatar.com\/avatar\/a3baa1449ec5c39b4c42babc9d4f3951?s=96&d=mm&r=g","contentUrl":"https:\/\/secure.gravatar.com\/avatar\/a3baa1449ec5c39b4c42babc9d4f3951?s=96&d=mm&r=g","caption":"Ingrid Diniz"},"sameAs":["https:\/\/www.em.com.br\/"],"url":"https:\/\/www.em.com.br\/emfoco\/author\/ingridmyth\/"}]}},"_links":{"self":[{"href":"https:\/\/www.em.com.br\/emfoco\/wp-json\/wp\/v2\/posts\/124097","targetHints":{"allow":["GET"]}}],"collection":[{"href":"https:\/\/www.em.com.br\/emfoco\/wp-json\/wp\/v2\/posts"}],"about":[{"href":"https:\/\/www.em.com.br\/emfoco\/wp-json\/wp\/v2\/types\/post"}],"author":[{"embeddable":true,"href":"https:\/\/www.em.com.br\/emfoco\/wp-json\/wp\/v2\/users\/20"}],"replies":[{"embeddable":true,"href":"https:\/\/www.em.com.br\/emfoco\/wp-json\/wp\/v2\/comments?post=124097"}],"version-history":[{"count":3,"href":"https:\/\/www.em.com.br\/emfoco\/wp-json\/wp\/v2\/posts\/124097\/revisions"}],"predecessor-version":[{"id":124471,"href":"https:\/\/www.em.com.br\/emfoco\/wp-json\/wp\/v2\/posts\/124097\/revisions\/124471"}],"wp:featuredmedia":[{"embeddable":true,"href":"https:\/\/www.em.com.br\/emfoco\/wp-json\/wp\/v2\/media\/123797"}],"wp:attachment":[{"href":"https:\/\/www.em.com.br\/emfoco\/wp-json\/wp\/v2\/media?parent=124097"}],"wp:term":[{"taxonomy":"category","embeddable":true,"href":"https:\/\/www.em.com.br\/emfoco\/wp-json\/wp\/v2\/categories?post=124097"},{"taxonomy":"post_tag","embeddable":true,"href":"https:\/\/www.em.com.br\/emfoco\/wp-json\/wp\/v2\/tags?post=124097"}],"curies":[{"name":"wp","href":"https:\/\/api.w.org\/{rel}","templated":true}]}}