{"id":124067,"date":"2025-11-09T18:45:00","date_gmt":"2025-11-09T21:45:00","guid":{"rendered":"https:\/\/www.em.com.br\/emfoco\/?p=124067"},"modified":"2025-11-06T09:49:10","modified_gmt":"2025-11-06T12:49:10","slug":"como-lavar-tenis-na-maquina-da-forma-correta-sem-danificar-nem-fazer-barulho","status":"publish","type":"post","link":"https:\/\/www.em.com.br\/emfoco\/2025\/11\/09\/como-lavar-tenis-na-maquina-da-forma-correta-sem-danificar-nem-fazer-barulho\/","title":{"rendered":"Como lavar t\u00eanis na m\u00e1quina da forma correta sem danificar nem fazer barulho"},"content":{"rendered":"\n<p>Lavar <strong>t\u00eanis na m\u00e1quina<\/strong> pode ser pr\u00e1tico, mas exige cuidados para n\u00e3o estragar o cal\u00e7ado nem o eletrodom\u00e9stico. Veja as melhores estrat\u00e9gias para garantir uma limpeza eficiente sem preju\u00edzos.<\/p>\n\n\n\n<h2 class=\"wp-block-heading\">\u00c9 seguro colocar t\u00eanis na m\u00e1quina de lavar?<\/h2>\n\n\n\n<p>Colocar <strong>t\u00eanis na m\u00e1quina de lavar<\/strong> pode parecer arriscado, mas \u00e9 poss\u00edvel se feito com cuidado. O ideal \u00e9 evitar modelos delicados ou com detalhes colados, pois o atrito e a \u00e1gua quente podem comprometer a estrutura do cal\u00e7ado.<\/p>\n\n\n\n<p>Al\u00e9m disso, \u00e9 importante lembrar que o excesso de peso e o barulho durante a lavagem podem afetar a <strong>m\u00e1quina de lavar<\/strong>. Por isso, o uso de um ciclo curto e temperatura fria ajuda a preservar tanto os sapatos quanto o equipamento.<\/p>\n\n\n\n<figure class=\"wp-block-image size-large\"><img loading=\"lazy\" decoding=\"async\" width=\"1024\" height=\"576\" src=\"https:\/\/www.em.com.br\/emfoco\/wp-content\/uploads\/2025\/11\/Washing-machine-sneaker_1762433312624-1024x576.jpg\" alt=\"Como lavar t\u00eanis na m\u00e1quina da forma correta sem danificar nem fazer barulho\" class=\"wp-image-124096\" srcset=\"https:\/\/www.em.com.br\/emfoco\/wp-content\/uploads\/2025\/11\/Washing-machine-sneaker_1762433312624-1024x576.jpg 1024w, https:\/\/www.em.com.br\/emfoco\/wp-content\/uploads\/2025\/11\/Washing-machine-sneaker_1762433312624-300x169.jpg 300w, https:\/\/www.em.com.br\/emfoco\/wp-content\/uploads\/2025\/11\/Washing-machine-sneaker_1762433312624-768x432.jpg 768w, https:\/\/www.em.com.br\/emfoco\/wp-content\/uploads\/2025\/11\/Washing-machine-sneaker_1762433312624-750x422.jpg 750w, https:\/\/www.em.com.br\/emfoco\/wp-content\/uploads\/2025\/11\/Washing-machine-sneaker_1762433312624-1140x641.jpg 1140w, https:\/\/www.em.com.br\/emfoco\/wp-content\/uploads\/2025\/11\/Washing-machine-sneaker_1762433312624.jpg 1280w\" sizes=\"auto, (max-width: 1024px) 100vw, 1024px\" \/><figcaption class=\"wp-element-caption\">Modelos delicados podem descolar e deformar com \u00e1gua quente &#8211; Cr\u00e9ditos: depositphotos.com \/ ronstik<\/figcaption><\/figure>\n\n\n\n<h2 class=\"wp-block-heading\">Quais cuidados tomar antes de iniciar a lavagem?<\/h2>\n\n\n\n<p>Antes de lavar, \u00e9 essencial preparar os cal\u00e7ados para reduzir o impacto do processo e garantir uma <strong><a href=\"https:\/\/uauingleza.com.br\/blog\/7-maneiras-de-lavar-tenis-sem-causar-danos\/\" target=\"_blank\" rel=\"noreferrer noopener\">limpeza mais completa<\/a><\/strong>. Alguns passos simples fazem toda a diferen\u00e7a na durabilidade do <strong>t\u00eanis<\/strong>.<\/p>\n\n\n\n<ul class=\"wp-block-list\">\n<li>Remova cadar\u00e7os e palmilhas antes de colocar o cal\u00e7ado na m\u00e1quina.<\/li>\n\n\n\n<li>Esfregue as partes mais sujas com uma escova de cerdas macias e sab\u00e3o neutro.<\/li>\n\n\n\n<li>Coloque os t\u00eanis em um <strong>saco protetor<\/strong> pr\u00f3prio para lavagem, evitando batidas diretas.<\/li>\n<\/ul>\n\n\n\n<p><em>Leia mais: <strong><a href=\"https:\/\/www.em.com.br\/emfoco\/2025\/11\/04\/aprenda-a-fazer-seu-proprio-sabao-liquido-para-lavar-roupa\/\" target=\"_blank\" rel=\"noreferrer noopener\">Aprenda a fazer seu pr\u00f3prio sab\u00e3o l\u00edquido para lavar roupa<\/a><\/strong><\/em><\/p>\n\n\n\n<h2 class=\"wp-block-heading\">Qual o ciclo e a temperatura ideais para lavar t\u00eanis?<\/h2>\n\n\n\n<p>O ciclo de lavagem deve ser o mais curto poss\u00edvel, sem centrifuga\u00e7\u00e3o, para reduzir o desgaste. A <strong>\u00e1gua fria<\/strong> \u00e9 a melhor op\u00e7\u00e3o, pois evita que o calor danifique o material e preserve a cor e a forma do t\u00eanis.<\/p>\n\n\n\n<p>Para uma limpeza mais eficiente, adicione um pouco de <strong>tira-manchas<\/strong> ou <strong>desinfetante <\/strong>junto ao sab\u00e3o. Isso ajuda a eliminar odores e microrganismos, mantendo o cal\u00e7ado limpo por mais tempo sem prejudicar as fibras.<\/p>\n\n\n\n<figure class=\"wp-block-image size-large\"><img loading=\"lazy\" decoding=\"async\" width=\"1024\" height=\"576\" src=\"https:\/\/www.em.com.br\/emfoco\/wp-content\/uploads\/2025\/11\/Washing-machine-sneaker_1762433335460-1024x576.jpg\" alt=\"Como lavar t\u00eanis na m\u00e1quina da forma correta sem danificar nem fazer barulho\" class=\"wp-image-124098\" srcset=\"https:\/\/www.em.com.br\/emfoco\/wp-content\/uploads\/2025\/11\/Washing-machine-sneaker_1762433335460-1024x576.jpg 1024w, https:\/\/www.em.com.br\/emfoco\/wp-content\/uploads\/2025\/11\/Washing-machine-sneaker_1762433335460-300x169.jpg 300w, https:\/\/www.em.com.br\/emfoco\/wp-content\/uploads\/2025\/11\/Washing-machine-sneaker_1762433335460-768x432.jpg 768w, https:\/\/www.em.com.br\/emfoco\/wp-content\/uploads\/2025\/11\/Washing-machine-sneaker_1762433335460-750x422.jpg 750w, https:\/\/www.em.com.br\/emfoco\/wp-content\/uploads\/2025\/11\/Washing-machine-sneaker_1762433335460-1140x641.jpg 1140w, https:\/\/www.em.com.br\/emfoco\/wp-content\/uploads\/2025\/11\/Washing-machine-sneaker_1762433335460.jpg 1280w\" sizes=\"auto, (max-width: 1024px) 100vw, 1024px\" \/><figcaption class=\"wp-element-caption\">Secagem ao ar livre evita deforma\u00e7\u00f5es causadas por calor direto &#8211; Cr\u00e9ditos: depositphotos.com \/ FussSergei<\/figcaption><\/figure>\n\n\n\n<h2 class=\"wp-block-heading\">Como secar e finalizar o processo corretamente?<\/h2>\n\n\n\n<p>Depois da lavagem, o ideal \u00e9 deixar o cal\u00e7ado secar naturalmente, evitando o uso de secadoras ou exposi\u00e7\u00e3o direta a fontes de calor. A <strong>secagem ao ar livre<\/strong>, preferencialmente \u00e0 sombra, mant\u00e9m o formato e a integridade dos materiais.<\/p>\n\n\n\n<ul class=\"wp-block-list\">\n<li>Lave os cadar\u00e7os e palmilhas separadamente para evitar deforma\u00e7\u00f5es.<\/li>\n\n\n\n<li>Use papel toalha dentro do t\u00eanis para absorver a umidade mais r\u00e1pido.<\/li>\n\n\n\n<li>Finalize com um <strong>spray desinfetante<\/strong> para eliminar poss\u00edveis bact\u00e9rias e manter o frescor.<\/li>\n<\/ul>\n","protected":false},"excerpt":{"rendered":"<p>Lavar t\u00eanis na m\u00e1quina pode ser pr\u00e1tico, mas exige cuidados para n\u00e3o estragar o cal\u00e7ado nem o eletrodom\u00e9stico. Veja as melhores estrat\u00e9gias para garantir uma limpeza eficiente sem preju\u00edzos. \u00c9 seguro colocar t\u00eanis na m\u00e1quina de lavar? Colocar t\u00eanis na m\u00e1quina de lavar pode parecer arriscado, mas \u00e9 poss\u00edvel se feito com cuidado. O ideal [&hellip;]<\/p>\n","protected":false},"author":13,"featured_media":124092,"comment_status":"open","ping_status":"open","sticky":false,"template":"","format":"standard","meta":{"jnews-multi-image_gallery":[],"jnews_single_post":{"format":"standard"},"jnews_primary_category":[],"jnews_social_meta":[],"jnews_override_counter":[],"footnotes":""},"categories":[8819],"tags":[2037,18510,18511,2412],"class_list":["post-124067","post","type-post","status-publish","format-standard","has-post-thumbnail","hentry","category-curiosidades","tag-dicas-caseiras","tag-lavar-tenis","tag-maquina-de-lavar-roupa","tag-tenis"],"yoast_head":"<!-- This site is optimized with the Yoast SEO plugin v23.8 - https:\/\/yoast.com\/wordpress\/plugins\/seo\/ -->\n<title>Como lavar t\u00eanis na m\u00e1quina da forma correta sem danificar nem fazer barulho - Estado de Minas - Em foco<\/title>\n<meta name=\"description\" content=\"Colocar t\u00eanis na m\u00e1quina pode ser seguro se voc\u00ea seguir esses cuidados. Veja como lavar sem danificar o cal\u00e7ado nem o eletrodom\u00e9stico.\" \/>\n<meta name=\"robots\" content=\"index, follow, max-snippet:-1, max-image-preview:large, max-video-preview:-1\" \/>\n<link rel=\"canonical\" href=\"https:\/\/www.em.com.br\/emfoco\/2025\/11\/09\/como-lavar-tenis-na-maquina-da-forma-correta-sem-danificar-nem-fazer-barulho\/\" \/>\n<meta property=\"og:locale\" content=\"pt_BR\" \/>\n<meta property=\"og:type\" content=\"article\" \/>\n<meta property=\"og:title\" content=\"Como lavar t\u00eanis na m\u00e1quina da forma correta sem danificar nem fazer barulho - Estado de Minas - Em foco\" \/>\n<meta property=\"og:description\" content=\"Colocar t\u00eanis na m\u00e1quina pode ser seguro se voc\u00ea seguir esses cuidados. Veja como lavar sem danificar o cal\u00e7ado nem o eletrodom\u00e9stico.\" \/>\n<meta property=\"og:url\" content=\"https:\/\/www.em.com.br\/emfoco\/2025\/11\/09\/como-lavar-tenis-na-maquina-da-forma-correta-sem-danificar-nem-fazer-barulho\/\" \/>\n<meta property=\"og:site_name\" content=\"Estado de Minas - Em foco\" \/>\n<meta property=\"article:published_time\" content=\"2025-11-09T21:45:00+00:00\" \/>\n<meta property=\"article:modified_time\" content=\"2025-11-06T12:49:10+00:00\" \/>\n<meta property=\"og:image\" content=\"https:\/\/www.em.com.br\/emfoco\/wp-content\/uploads\/2025\/11\/sapato-na-maquina_1762433270607.jpg\" \/>\n\t<meta property=\"og:image:width\" content=\"1280\" \/>\n\t<meta property=\"og:image:height\" content=\"720\" \/>\n\t<meta property=\"og:image:type\" content=\"image\/jpeg\" \/>\n<meta name=\"author\" content=\"Gabriel Martins\" \/>\n<meta name=\"twitter:card\" content=\"summary_large_image\" \/>\n<meta name=\"twitter:label1\" content=\"Escrito por\" \/>\n\t<meta name=\"twitter:data1\" content=\"Gabriel Martins\" \/>\n\t<meta name=\"twitter:label2\" content=\"Est. tempo de leitura\" \/>\n\t<meta name=\"twitter:data2\" content=\"3 minutos\" \/>\n<!-- \/ Yoast SEO plugin. -->","yoast_head_json":{"title":"Como lavar t\u00eanis na m\u00e1quina da forma correta sem danificar nem fazer barulho - Estado de Minas - Em foco","description":"Colocar t\u00eanis na m\u00e1quina pode ser seguro se voc\u00ea seguir esses cuidados. Veja como lavar sem danificar o cal\u00e7ado nem o eletrodom\u00e9stico.","robots":{"index":"index","follow":"follow","max-snippet":"max-snippet:-1","max-image-preview":"max-image-preview:large","max-video-preview":"max-video-preview:-1"},"canonical":"https:\/\/www.em.com.br\/emfoco\/2025\/11\/09\/como-lavar-tenis-na-maquina-da-forma-correta-sem-danificar-nem-fazer-barulho\/","og_locale":"pt_BR","og_type":"article","og_title":"Como lavar t\u00eanis na m\u00e1quina da forma correta sem danificar nem fazer barulho - Estado de Minas - Em foco","og_description":"Colocar t\u00eanis na m\u00e1quina pode ser seguro se voc\u00ea seguir esses cuidados. Veja como lavar sem danificar o cal\u00e7ado nem o eletrodom\u00e9stico.","og_url":"https:\/\/www.em.com.br\/emfoco\/2025\/11\/09\/como-lavar-tenis-na-maquina-da-forma-correta-sem-danificar-nem-fazer-barulho\/","og_site_name":"Estado de Minas - Em foco","article_published_time":"2025-11-09T21:45:00+00:00","article_modified_time":"2025-11-06T12:49:10+00:00","og_image":[{"width":1280,"height":720,"url":"https:\/\/www.em.com.br\/emfoco\/wp-content\/uploads\/2025\/11\/sapato-na-maquina_1762433270607.jpg","type":"image\/jpeg"}],"author":"Gabriel Martins","twitter_card":"summary_large_image","twitter_misc":{"Escrito por":"Gabriel Martins","Est. tempo de leitura":"3 minutos"},"schema":{"@context":"https:\/\/schema.org","@graph":[{"@type":"WebPage","@id":"https:\/\/www.em.com.br\/emfoco\/2025\/11\/09\/como-lavar-tenis-na-maquina-da-forma-correta-sem-danificar-nem-fazer-barulho\/","url":"https:\/\/www.em.com.br\/emfoco\/2025\/11\/09\/como-lavar-tenis-na-maquina-da-forma-correta-sem-danificar-nem-fazer-barulho\/","name":"Como lavar t\u00eanis na m\u00e1quina da forma correta sem danificar nem fazer barulho - Estado de Minas - Em foco","isPartOf":{"@id":"https:\/\/www.em.com.br\/emfoco\/#website"},"primaryImageOfPage":{"@id":"https:\/\/www.em.com.br\/emfoco\/2025\/11\/09\/como-lavar-tenis-na-maquina-da-forma-correta-sem-danificar-nem-fazer-barulho\/#primaryimage"},"image":{"@id":"https:\/\/www.em.com.br\/emfoco\/2025\/11\/09\/como-lavar-tenis-na-maquina-da-forma-correta-sem-danificar-nem-fazer-barulho\/#primaryimage"},"thumbnailUrl":"https:\/\/www.em.com.br\/emfoco\/wp-content\/uploads\/2025\/11\/sapato-na-maquina_1762433270607.jpg","datePublished":"2025-11-09T21:45:00+00:00","dateModified":"2025-11-06T12:49:10+00:00","author":{"@id":"https:\/\/www.em.com.br\/emfoco\/#\/schema\/person\/1c9ddeab18b98abeffef834667bcf08a"},"description":"Colocar t\u00eanis na m\u00e1quina pode ser seguro se voc\u00ea seguir esses cuidados. Veja como lavar sem danificar o cal\u00e7ado nem o eletrodom\u00e9stico.","breadcrumb":{"@id":"https:\/\/www.em.com.br\/emfoco\/2025\/11\/09\/como-lavar-tenis-na-maquina-da-forma-correta-sem-danificar-nem-fazer-barulho\/#breadcrumb"},"inLanguage":"pt-BR","potentialAction":[{"@type":"ReadAction","target":["https:\/\/www.em.com.br\/emfoco\/2025\/11\/09\/como-lavar-tenis-na-maquina-da-forma-correta-sem-danificar-nem-fazer-barulho\/"]}]},{"@type":"ImageObject","inLanguage":"pt-BR","@id":"https:\/\/www.em.com.br\/emfoco\/2025\/11\/09\/como-lavar-tenis-na-maquina-da-forma-correta-sem-danificar-nem-fazer-barulho\/#primaryimage","url":"https:\/\/www.em.com.br\/emfoco\/wp-content\/uploads\/2025\/11\/sapato-na-maquina_1762433270607.jpg","contentUrl":"https:\/\/www.em.com.br\/emfoco\/wp-content\/uploads\/2025\/11\/sapato-na-maquina_1762433270607.jpg","width":1280,"height":720,"caption":"\u00c9 poss\u00edvel lavar t\u00eanis na m\u00e1quina com cuidados adequados - Cr\u00e9ditos: depositphotos.com \/ dexteris"},{"@type":"BreadcrumbList","@id":"https:\/\/www.em.com.br\/emfoco\/2025\/11\/09\/como-lavar-tenis-na-maquina-da-forma-correta-sem-danificar-nem-fazer-barulho\/#breadcrumb","itemListElement":[{"@type":"ListItem","position":1,"name":"In\u00edcio","item":"https:\/\/www.em.com.br\/emfoco\/"},{"@type":"ListItem","position":2,"name":"Como lavar t\u00eanis na m\u00e1quina da forma correta sem danificar nem fazer barulho"}]},{"@type":"WebSite","@id":"https:\/\/www.em.com.br\/emfoco\/#website","url":"https:\/\/www.em.com.br\/emfoco\/","name":"Estado de Minas - Em foco","description":"Acompanhe as \u00faltimas not\u00edcias e fique bem informado sobre tudo o que acontece em Minas Gerais, Brasil e no mundo.","potentialAction":[{"@type":"SearchAction","target":{"@type":"EntryPoint","urlTemplate":"https:\/\/www.em.com.br\/emfoco\/?s={search_term_string}"},"query-input":{"@type":"PropertyValueSpecification","valueRequired":true,"valueName":"search_term_string"}}],"inLanguage":"pt-BR"},{"@type":"Person","@id":"https:\/\/www.em.com.br\/emfoco\/#\/schema\/person\/1c9ddeab18b98abeffef834667bcf08a","name":"Gabriel Martins","image":{"@type":"ImageObject","inLanguage":"pt-BR","@id":"https:\/\/www.em.com.br\/emfoco\/#\/schema\/person\/image\/","url":"https:\/\/secure.gravatar.com\/avatar\/f0f1e2efdfd88f1ad2cb08c5c2731e50?s=96&d=mm&r=g","contentUrl":"https:\/\/secure.gravatar.com\/avatar\/f0f1e2efdfd88f1ad2cb08c5c2731e50?s=96&d=mm&r=g","caption":"Gabriel Martins"},"sameAs":["https:\/\/www.em.com.br\/emfoco\/"],"url":"https:\/\/www.em.com.br\/emfoco\/author\/gabrielmartinsmyth\/"}]}},"_links":{"self":[{"href":"https:\/\/www.em.com.br\/emfoco\/wp-json\/wp\/v2\/posts\/124067","targetHints":{"allow":["GET"]}}],"collection":[{"href":"https:\/\/www.em.com.br\/emfoco\/wp-json\/wp\/v2\/posts"}],"about":[{"href":"https:\/\/www.em.com.br\/emfoco\/wp-json\/wp\/v2\/types\/post"}],"author":[{"embeddable":true,"href":"https:\/\/www.em.com.br\/emfoco\/wp-json\/wp\/v2\/users\/13"}],"replies":[{"embeddable":true,"href":"https:\/\/www.em.com.br\/emfoco\/wp-json\/wp\/v2\/comments?post=124067"}],"version-history":[{"count":1,"href":"https:\/\/www.em.com.br\/emfoco\/wp-json\/wp\/v2\/posts\/124067\/revisions"}],"predecessor-version":[{"id":124101,"href":"https:\/\/www.em.com.br\/emfoco\/wp-json\/wp\/v2\/posts\/124067\/revisions\/124101"}],"wp:featuredmedia":[{"embeddable":true,"href":"https:\/\/www.em.com.br\/emfoco\/wp-json\/wp\/v2\/media\/124092"}],"wp:attachment":[{"href":"https:\/\/www.em.com.br\/emfoco\/wp-json\/wp\/v2\/media?parent=124067"}],"wp:term":[{"taxonomy":"category","embeddable":true,"href":"https:\/\/www.em.com.br\/emfoco\/wp-json\/wp\/v2\/categories?post=124067"},{"taxonomy":"post_tag","embeddable":true,"href":"https:\/\/www.em.com.br\/emfoco\/wp-json\/wp\/v2\/tags?post=124067"}],"curies":[{"name":"wp","href":"https:\/\/api.w.org\/{rel}","templated":true}]}}