{"id":124004,"date":"2025-11-07T19:25:00","date_gmt":"2025-11-07T22:25:00","guid":{"rendered":"https:\/\/www.em.com.br\/emfoco\/?p=124004"},"modified":"2025-11-06T18:27:48","modified_gmt":"2025-11-06T21:27:48","slug":"supremo-tribunal-federal-confirmou-a-decisao-do-pai-de-expulsar-o-filho-para-proteger-a-mae-que-se-encontra-em-situacao-de-dependencia","status":"publish","type":"post","link":"https:\/\/www.em.com.br\/emfoco\/2025\/11\/07\/supremo-tribunal-federal-confirmou-a-decisao-do-pai-de-expulsar-o-filho-para-proteger-a-mae-que-se-encontra-em-situacao-de-dependencia\/","title":{"rendered":"Supremo Tribunal Federal confirmou a decis\u00e3o do pai de expulsar o filho para proteger a m\u00e3e, que se encontra em situa\u00e7\u00e3o de depend\u00eancia"},"content":{"rendered":"\n<p>O\u00a0<strong>Tribunal Supremo<\/strong> espanhol,\u00a0recentemente julgou um caso que envolve a disputa pela posse de um im\u00f3vel residencial, determinando que um pai de 93 anos pode retomar a moradia que compartilhava com sua esposa, copropriet\u00e1ria do im\u00f3vel e atualmente sob curatela em raz\u00e3o de grave deteriora\u00e7\u00e3o cognitiva. O caso destaca quest\u00f5es patrimoniais e familiares, especialmente quando h\u00e1 conflitos de conviv\u00eancia e direitos de retomar o lar conjugal.<\/p>\n\n\n\n<h2 class=\"wp-block-heading\">A situa\u00e7\u00e3o legal do esposo ao reivindicar a posse do im\u00f3vel \u00e9 leg\u00edtima?<\/h2>\n\n\n\n<p>O\u00a0<strong>Tribunal Supremo<\/strong>\u00a0afirmou que, como a curatela n\u00e3o recai sobre o outro c\u00f4njuge, mas sim sobre uma entidade p\u00fablica, n\u00e3o se aplica a regra de administra\u00e7\u00e3o conjunta dos bens comuns. Isso significa que o c\u00f4njuge permanece individualmente legitimado para defender seus interesses sobre tais bens, conforme prev\u00ea o <a href=\"https:\/\/noticias.juridicas.com\/base_datos\/Privado\/cc.l4t3.html#a1385\" target=\"_blank\" rel=\"noreferrer noopener\">artigo 1385. II do C\u00f3digo Civil<\/a>.<\/p>\n\n\n\n<p>A <a href=\"https:\/\/diariolaley.laleynext.es\/Content\/Documento.aspx?params=H4sIAAAAAAAEAMtMSbH1CjUwMAQCCwMLS7Wy1KLizPw827LM9NS8klQQPzOt0iU_OaSyINU2LTGnOFUtMak4P6e0JLW0KNO2pKg0FQA4RYFZRQAAAA==WKE\" target=\"_blank\" rel=\"noreferrer noopener\">decis\u00e3o <\/a>refor\u00e7a que, \u00e0 luz da legisla\u00e7\u00e3o vigente, o esposo pode agir sozinho em defesa dos bens comuns, mesmo diante da incapacidade da esposa, priorizando o direito fundamental \u00e0 moradia e \u00e0 conviv\u00eancia conjugal.<\/p>\n\n\n\n<h2 class=\"wp-block-heading\">Motivos pelos quais o filho n\u00e3o tem legitimidade para permanecer no im\u00f3vel<\/h2>\n\n\n\n<p>No julgamento, ficou claro que o filho n\u00e3o apresentava justificativa legal para a ocupa\u00e7\u00e3o do im\u00f3vel familiar e foi caracterizado como precarista pela decis\u00e3o judicial. O pai j\u00e1 havia manifestado claramente sua oposi\u00e7\u00e3o \u00e0 perman\u00eancia do filho na resid\u00eancia.<\/p>\n\n\n\n<figure class=\"wp-block-image size-large\"><img loading=\"lazy\" decoding=\"async\" width=\"1024\" height=\"576\" src=\"https:\/\/www.em.com.br\/emfoco\/wp-content\/uploads\/2025\/11\/Gemini_Generated_Image_wkud2ewkud2ewkud-1-1024x576.png\" alt=\"\" class=\"wp-image-124452\" srcset=\"https:\/\/www.em.com.br\/emfoco\/wp-content\/uploads\/2025\/11\/Gemini_Generated_Image_wkud2ewkud2ewkud-1-1024x576.png 1024w, https:\/\/www.em.com.br\/emfoco\/wp-content\/uploads\/2025\/11\/Gemini_Generated_Image_wkud2ewkud2ewkud-1-300x169.png 300w, https:\/\/www.em.com.br\/emfoco\/wp-content\/uploads\/2025\/11\/Gemini_Generated_Image_wkud2ewkud2ewkud-1-768x432.png 768w, https:\/\/www.em.com.br\/emfoco\/wp-content\/uploads\/2025\/11\/Gemini_Generated_Image_wkud2ewkud2ewkud-1-750x422.png 750w, https:\/\/www.em.com.br\/emfoco\/wp-content\/uploads\/2025\/11\/Gemini_Generated_Image_wkud2ewkud2ewkud-1-1140x641.png 1140w, https:\/\/www.em.com.br\/emfoco\/wp-content\/uploads\/2025\/11\/Gemini_Generated_Image_wkud2ewkud2ewkud-1.png 1280w\" sizes=\"auto, (max-width: 1024px) 100vw, 1024px\" \/><figcaption class=\"wp-element-caption\">Justi\u00e7a decide que pai pode retomar im\u00f3vel ocupado pelo filho<\/figcaption><\/figure>\n\n\n\n<p>A senten\u00e7a detalhou que a ocupa\u00e7\u00e3o do im\u00f3vel pelo filho n\u00e3o era sustentada nem pela vontade da m\u00e3e \u2014 atualmente incapaz \u2014 e nem pelo contexto do patrim\u00f4nio da fam\u00edlia, o que fundamentou a seguinte lista de pontos:<\/p>\n\n\n\n<ul class=\"wp-block-list\">\n<li>O filho n\u00e3o tinha autoriza\u00e7\u00e3o para residir no im\u00f3vel dos pais.<\/li>\n\n\n\n<li>N\u00e3o havia respaldo jur\u00eddico para sua ocupa\u00e7\u00e3o.<\/li>\n\n\n\n<li>A resist\u00eancia do pai em permitir a perman\u00eancia foi reiterada judicialmente.<\/li>\n<\/ul>\n\n\n\n<h2 class=\"wp-block-heading\">Entenda o impacto do contexto pessoal e familiar no processo<\/h2>\n\n\n\n<p>O processo envolveu o&nbsp;<strong>domic\u00edlio conjugal<\/strong>, do qual o esposo foi retirado ap\u00f3s problemas familiares, incluindo conflitos e situa\u00e7\u00f5es de abuso cometidos pelo filho. Esse contexto foi confirmado durante o processo judicial pelas partes e por documentos apresentados.<\/p>\n\n\n\n<p>A an\u00e1lise desse contexto visa garantir a restaura\u00e7\u00e3o da conviv\u00eancia do idoso com sua esposa, sem preju\u00edzo \u00e0 integridade e \u00e0 harmonia do ambiente familiar.<\/p>\n\n\n\n<h2 class=\"wp-block-heading\">Consentimento da entidade curadora n\u00e3o \u00e9 exigido para o pedido de despejo<\/h2>\n\n\n\n<p>A senten\u00e7a foi clara ao afirmar que o consentimento da entidade curadora n\u00e3o \u00e9 necess\u00e1rio quando a a\u00e7\u00e3o tem como finalidade o benef\u00edcio do c\u00f4njuge capaz, especialmente na defesa de sua resid\u00eancia e da conviv\u00eancia conjugal.<\/p>\n\n\n\n<p>Esse entendimento simplifica o procedimento judicial e resguarda o direito de o c\u00f4njuge restabelecer seu lar, mesmo diante da intermedia\u00e7\u00e3o de uma entidade curadora vinculada ao outro c\u00f4njuge.<\/p>\n\n\n\n<h2 class=\"wp-block-heading\">Essa decis\u00e3o incentiva a defesa dos bens comuns em casos semelhantes<\/h2>\n\n\n\n<p>O precedente firmado pelo&nbsp;<strong>Tribunal Supremo<\/strong>&nbsp;refor\u00e7a a possibilidade de um c\u00f4njuge agir em defesa dos bens comuns mesmo sem o consentimento da entidade curadora, trazendo maior garantia e prote\u00e7\u00e3o \u00e0 posse do lar conjugal.<\/p>\n\n\n\n<p>Essa diretriz orienta as fam\u00edlias quanto ao equil\u00edbrio necess\u00e1rio entre o patrim\u00f4nio, o direito de moradia e a dignidade da conviv\u00eancia conjugal diante de situa\u00e7\u00f5es de incapacidade.<\/p>\n\n\n\n<p>Leia tamb\u00e9m: <a href=\"https:\/\/www.em.com.br\/emfoco\/2025\/11\/06\/filho-consegue-pensao-do-pai-falecido-apos-comprovar-dependencia-economica\/\" target=\"_blank\" rel=\"noreferrer noopener\">Filho consegue pens\u00e3o do pai falecido ap\u00f3s comprovar depend\u00eancia\u00a0econ\u00f4mica<\/a><\/p>\n\n\n\n<h2 class=\"wp-block-heading\">Conclus\u00f5es finalizam o entendimento do Tribunal Supremo sobre o tema<\/h2>\n\n\n\n<p>O julgado enfatizou a legitimidade da defesa patrimonial, o respeito ao direto do c\u00f4njuge \u00e0 moradia e a n\u00e3o exig\u00eancia do consentimento da entidade curadora. Destacam-se os pontos essenciais para casos semelhantes:<\/p>\n\n\n\n<ul class=\"wp-block-list\">\n<li>A a\u00e7\u00e3o de despejo por precariedade \u00e9 leg\u00edtima para defender o patrim\u00f4nio.<\/li>\n\n\n\n<li>O consentimento da entidade curadora da copropriet\u00e1ria incapaz n\u00e3o \u00e9 obrigat\u00f3rio.<\/li>\n\n\n\n<li>A decis\u00e3o busca restabelecer a conviv\u00eancia conjugal, protegendo a dignidade e o bem-estar do casal.<\/li>\n<\/ul>\n","protected":false},"excerpt":{"rendered":"<p>O\u00a0Tribunal Supremo espanhol,\u00a0recentemente julgou um caso que envolve a disputa pela posse de um im\u00f3vel residencial, determinando que um pai de 93 anos pode retomar a moradia que compartilhava com sua esposa, copropriet\u00e1ria do im\u00f3vel e atualmente sob curatela em raz\u00e3o de grave deteriora\u00e7\u00e3o cognitiva. O caso destaca quest\u00f5es patrimoniais e familiares, especialmente quando h\u00e1 [&hellip;]<\/p>\n","protected":false},"author":11,"featured_media":124453,"comment_status":"open","ping_status":"open","sticky":false,"template":"","format":"standard","meta":{"jnews-multi-image_gallery":[],"jnews_single_post":{"format":"standard"},"jnews_primary_category":[],"jnews_social_meta":[],"jnews_override_counter":[],"footnotes":""},"categories":[28,1],"tags":[2239,12376,1334],"class_list":["post-124004","post","type-post","status-publish","format-standard","has-post-thumbnail","hentry","category-economia","category-noticias","tag-espanha","tag-imovel","tag-justica"],"yoast_head":"<!-- This site is optimized with the Yoast SEO plugin v23.8 - https:\/\/yoast.com\/wordpress\/plugins\/seo\/ -->\n<title>Supremo Tribunal Federal confirmou a decis\u00e3o do pai de expulsar o filho para proteger a m\u00e3e, que se encontra em situa\u00e7\u00e3o de depend\u00eancia - Estado de Minas - Em foco<\/title>\n<meta name=\"description\" content=\"Tribunal Supremo garante a um pai de 93 anos o direito de voltar ao lar conjugal ap\u00f3s disputa familiar por posse de im\u00f3vel.\" \/>\n<meta name=\"robots\" content=\"index, follow, max-snippet:-1, max-image-preview:large, max-video-preview:-1\" \/>\n<link rel=\"canonical\" href=\"https:\/\/www.em.com.br\/emfoco\/2025\/11\/07\/supremo-tribunal-federal-confirmou-a-decisao-do-pai-de-expulsar-o-filho-para-proteger-a-mae-que-se-encontra-em-situacao-de-dependencia\/\" \/>\n<meta property=\"og:locale\" content=\"pt_BR\" \/>\n<meta property=\"og:type\" content=\"article\" \/>\n<meta property=\"og:title\" content=\"Supremo Tribunal Federal confirmou a decis\u00e3o do pai de expulsar o filho para proteger a m\u00e3e, que se encontra em situa\u00e7\u00e3o de depend\u00eancia - Estado de Minas - Em foco\" \/>\n<meta property=\"og:description\" content=\"Tribunal Supremo garante a um pai de 93 anos o direito de voltar ao lar conjugal ap\u00f3s disputa familiar por posse de im\u00f3vel.\" \/>\n<meta property=\"og:url\" content=\"https:\/\/www.em.com.br\/emfoco\/2025\/11\/07\/supremo-tribunal-federal-confirmou-a-decisao-do-pai-de-expulsar-o-filho-para-proteger-a-mae-que-se-encontra-em-situacao-de-dependencia\/\" \/>\n<meta property=\"og:site_name\" content=\"Estado de Minas - Em foco\" \/>\n<meta property=\"article:published_time\" content=\"2025-11-07T22:25:00+00:00\" \/>\n<meta property=\"article:modified_time\" content=\"2025-11-06T21:27:48+00:00\" \/>\n<meta property=\"og:image\" content=\"https:\/\/www.em.com.br\/emfoco\/wp-content\/uploads\/2025\/11\/Gemini_Generated_Image_xb3govxb3govxb3g-1.png\" \/>\n\t<meta property=\"og:image:width\" content=\"1280\" \/>\n\t<meta property=\"og:image:height\" content=\"720\" \/>\n\t<meta property=\"og:image:type\" content=\"image\/png\" \/>\n<meta name=\"author\" content=\"Andre\u0301 Rangel\u00a0\" \/>\n<meta name=\"twitter:card\" content=\"summary_large_image\" \/>\n<meta name=\"twitter:label1\" content=\"Escrito por\" \/>\n\t<meta name=\"twitter:data1\" content=\"Andre\u0301 Rangel\u00a0\" \/>\n\t<meta name=\"twitter:label2\" content=\"Est. tempo de leitura\" \/>\n\t<meta name=\"twitter:data2\" content=\"4 minutos\" \/>\n<!-- \/ Yoast SEO plugin. -->","yoast_head_json":{"title":"Supremo Tribunal Federal confirmou a decis\u00e3o do pai de expulsar o filho para proteger a m\u00e3e, que se encontra em situa\u00e7\u00e3o de depend\u00eancia - Estado de Minas - Em foco","description":"Tribunal Supremo garante a um pai de 93 anos o direito de voltar ao lar conjugal ap\u00f3s disputa familiar por posse de im\u00f3vel.","robots":{"index":"index","follow":"follow","max-snippet":"max-snippet:-1","max-image-preview":"max-image-preview:large","max-video-preview":"max-video-preview:-1"},"canonical":"https:\/\/www.em.com.br\/emfoco\/2025\/11\/07\/supremo-tribunal-federal-confirmou-a-decisao-do-pai-de-expulsar-o-filho-para-proteger-a-mae-que-se-encontra-em-situacao-de-dependencia\/","og_locale":"pt_BR","og_type":"article","og_title":"Supremo Tribunal Federal confirmou a decis\u00e3o do pai de expulsar o filho para proteger a m\u00e3e, que se encontra em situa\u00e7\u00e3o de depend\u00eancia - Estado de Minas - Em foco","og_description":"Tribunal Supremo garante a um pai de 93 anos o direito de voltar ao lar conjugal ap\u00f3s disputa familiar por posse de im\u00f3vel.","og_url":"https:\/\/www.em.com.br\/emfoco\/2025\/11\/07\/supremo-tribunal-federal-confirmou-a-decisao-do-pai-de-expulsar-o-filho-para-proteger-a-mae-que-se-encontra-em-situacao-de-dependencia\/","og_site_name":"Estado de Minas - Em foco","article_published_time":"2025-11-07T22:25:00+00:00","article_modified_time":"2025-11-06T21:27:48+00:00","og_image":[{"width":1280,"height":720,"url":"https:\/\/www.em.com.br\/emfoco\/wp-content\/uploads\/2025\/11\/Gemini_Generated_Image_xb3govxb3govxb3g-1.png","type":"image\/png"}],"author":"Andre\u0301 Rangel\u00a0","twitter_card":"summary_large_image","twitter_misc":{"Escrito por":"Andre\u0301 Rangel\u00a0","Est. tempo de leitura":"4 minutos"},"schema":{"@context":"https:\/\/schema.org","@graph":[{"@type":"WebPage","@id":"https:\/\/www.em.com.br\/emfoco\/2025\/11\/07\/supremo-tribunal-federal-confirmou-a-decisao-do-pai-de-expulsar-o-filho-para-proteger-a-mae-que-se-encontra-em-situacao-de-dependencia\/","url":"https:\/\/www.em.com.br\/emfoco\/2025\/11\/07\/supremo-tribunal-federal-confirmou-a-decisao-do-pai-de-expulsar-o-filho-para-proteger-a-mae-que-se-encontra-em-situacao-de-dependencia\/","name":"Supremo Tribunal Federal confirmou a decis\u00e3o do pai de expulsar o filho para proteger a m\u00e3e, que se encontra em situa\u00e7\u00e3o de depend\u00eancia - Estado de Minas - Em foco","isPartOf":{"@id":"https:\/\/www.em.com.br\/emfoco\/#website"},"primaryImageOfPage":{"@id":"https:\/\/www.em.com.br\/emfoco\/2025\/11\/07\/supremo-tribunal-federal-confirmou-a-decisao-do-pai-de-expulsar-o-filho-para-proteger-a-mae-que-se-encontra-em-situacao-de-dependencia\/#primaryimage"},"image":{"@id":"https:\/\/www.em.com.br\/emfoco\/2025\/11\/07\/supremo-tribunal-federal-confirmou-a-decisao-do-pai-de-expulsar-o-filho-para-proteger-a-mae-que-se-encontra-em-situacao-de-dependencia\/#primaryimage"},"thumbnailUrl":"https:\/\/www.em.com.br\/emfoco\/wp-content\/uploads\/2025\/11\/Gemini_Generated_Image_xb3govxb3govxb3g-1.png","datePublished":"2025-11-07T22:25:00+00:00","dateModified":"2025-11-06T21:27:48+00:00","author":{"@id":"https:\/\/www.em.com.br\/emfoco\/#\/schema\/person\/60eda09c1fedf0d6891f4cef4b60b8b8"},"description":"Tribunal Supremo garante a um pai de 93 anos o direito de voltar ao lar conjugal ap\u00f3s disputa familiar por posse de im\u00f3vel.","breadcrumb":{"@id":"https:\/\/www.em.com.br\/emfoco\/2025\/11\/07\/supremo-tribunal-federal-confirmou-a-decisao-do-pai-de-expulsar-o-filho-para-proteger-a-mae-que-se-encontra-em-situacao-de-dependencia\/#breadcrumb"},"inLanguage":"pt-BR","potentialAction":[{"@type":"ReadAction","target":["https:\/\/www.em.com.br\/emfoco\/2025\/11\/07\/supremo-tribunal-federal-confirmou-a-decisao-do-pai-de-expulsar-o-filho-para-proteger-a-mae-que-se-encontra-em-situacao-de-dependencia\/"]}]},{"@type":"ImageObject","inLanguage":"pt-BR","@id":"https:\/\/www.em.com.br\/emfoco\/2025\/11\/07\/supremo-tribunal-federal-confirmou-a-decisao-do-pai-de-expulsar-o-filho-para-proteger-a-mae-que-se-encontra-em-situacao-de-dependencia\/#primaryimage","url":"https:\/\/www.em.com.br\/emfoco\/wp-content\/uploads\/2025\/11\/Gemini_Generated_Image_xb3govxb3govxb3g-1.png","contentUrl":"https:\/\/www.em.com.br\/emfoco\/wp-content\/uploads\/2025\/11\/Gemini_Generated_Image_xb3govxb3govxb3g-1.png","width":1280,"height":720,"caption":"Tribunal reafirma direito de moradia e conviv\u00eancia conjugal"},{"@type":"BreadcrumbList","@id":"https:\/\/www.em.com.br\/emfoco\/2025\/11\/07\/supremo-tribunal-federal-confirmou-a-decisao-do-pai-de-expulsar-o-filho-para-proteger-a-mae-que-se-encontra-em-situacao-de-dependencia\/#breadcrumb","itemListElement":[{"@type":"ListItem","position":1,"name":"In\u00edcio","item":"https:\/\/www.em.com.br\/emfoco\/"},{"@type":"ListItem","position":2,"name":"Supremo Tribunal Federal confirmou a decis\u00e3o do pai de expulsar o filho para proteger a m\u00e3e, que se encontra em situa\u00e7\u00e3o de depend\u00eancia"}]},{"@type":"WebSite","@id":"https:\/\/www.em.com.br\/emfoco\/#website","url":"https:\/\/www.em.com.br\/emfoco\/","name":"Estado de Minas - Em foco","description":"Acompanhe as \u00faltimas not\u00edcias e fique bem informado sobre tudo o que acontece em Minas Gerais, Brasil e no mundo.","potentialAction":[{"@type":"SearchAction","target":{"@type":"EntryPoint","urlTemplate":"https:\/\/www.em.com.br\/emfoco\/?s={search_term_string}"},"query-input":{"@type":"PropertyValueSpecification","valueRequired":true,"valueName":"search_term_string"}}],"inLanguage":"pt-BR"},{"@type":"Person","@id":"https:\/\/www.em.com.br\/emfoco\/#\/schema\/person\/60eda09c1fedf0d6891f4cef4b60b8b8","name":"Andre\u0301 Rangel\u00a0","image":{"@type":"ImageObject","inLanguage":"pt-BR","@id":"https:\/\/www.em.com.br\/emfoco\/#\/schema\/person\/image\/","url":"https:\/\/secure.gravatar.com\/avatar\/6234dc814c77c8ef6d8bba622c787efc?s=96&d=mm&r=g","contentUrl":"https:\/\/secure.gravatar.com\/avatar\/6234dc814c77c8ef6d8bba622c787efc?s=96&d=mm&r=g","caption":"Andre\u0301 Rangel\u00a0"},"url":"https:\/\/www.em.com.br\/emfoco\/author\/luizmyth\/"}]}},"_links":{"self":[{"href":"https:\/\/www.em.com.br\/emfoco\/wp-json\/wp\/v2\/posts\/124004","targetHints":{"allow":["GET"]}}],"collection":[{"href":"https:\/\/www.em.com.br\/emfoco\/wp-json\/wp\/v2\/posts"}],"about":[{"href":"https:\/\/www.em.com.br\/emfoco\/wp-json\/wp\/v2\/types\/post"}],"author":[{"embeddable":true,"href":"https:\/\/www.em.com.br\/emfoco\/wp-json\/wp\/v2\/users\/11"}],"replies":[{"embeddable":true,"href":"https:\/\/www.em.com.br\/emfoco\/wp-json\/wp\/v2\/comments?post=124004"}],"version-history":[{"count":3,"href":"https:\/\/www.em.com.br\/emfoco\/wp-json\/wp\/v2\/posts\/124004\/revisions"}],"predecessor-version":[{"id":124455,"href":"https:\/\/www.em.com.br\/emfoco\/wp-json\/wp\/v2\/posts\/124004\/revisions\/124455"}],"wp:featuredmedia":[{"embeddable":true,"href":"https:\/\/www.em.com.br\/emfoco\/wp-json\/wp\/v2\/media\/124453"}],"wp:attachment":[{"href":"https:\/\/www.em.com.br\/emfoco\/wp-json\/wp\/v2\/media?parent=124004"}],"wp:term":[{"taxonomy":"category","embeddable":true,"href":"https:\/\/www.em.com.br\/emfoco\/wp-json\/wp\/v2\/categories?post=124004"},{"taxonomy":"post_tag","embeddable":true,"href":"https:\/\/www.em.com.br\/emfoco\/wp-json\/wp\/v2\/tags?post=124004"}],"curies":[{"name":"wp","href":"https:\/\/api.w.org\/{rel}","templated":true}]}}