{"id":124001,"date":"2025-11-07T16:45:00","date_gmt":"2025-11-07T19:45:00","guid":{"rendered":"https:\/\/www.em.com.br\/emfoco\/?p=124001"},"modified":"2025-11-06T17:00:49","modified_gmt":"2025-11-06T20:00:49","slug":"em-meio-a-crise-uma-vinicola-busca-aprovacao-dos-acionistas-para-entrar-com-pedido-de-falencia","status":"publish","type":"post","link":"https:\/\/www.em.com.br\/emfoco\/2025\/11\/07\/em-meio-a-crise-uma-vinicola-busca-aprovacao-dos-acionistas-para-entrar-com-pedido-de-falencia\/","title":{"rendered":"Em meio \u00e0 crise, uma vin\u00edcola busca aprova\u00e7\u00e3o dos acionistas para entrar com pedido de fal\u00eancia"},"content":{"rendered":"\n<p>A&nbsp;<strong>Bodega Norton<\/strong>, uma das principais vin\u00edcolas de&nbsp;<strong>Cuyo<\/strong>, enfrenta uma crise financeira significativa, com passivo superior a US$ 30 milh\u00f5es, e busca o concurso preventivo de credores para evitar a interven\u00e7\u00e3o judicial e proteger suas opera\u00e7\u00f5es e empregos.<\/p>\n\n\n\n<h2 class=\"wp-block-heading\">Quais s\u00e3o os principais motivos para a crise na Bodega Norton?<\/h2>\n\n\n\n<p>Entre os principais fatores que contribu\u00edram para a crise da vin\u00edcola est\u00e3o a queda nas vendas e o ac\u00famulo de cheques rejeitados, totalizando 108 no&nbsp;<strong>Banco Central<\/strong>. Dissens\u00f5es familiares tamb\u00e9m intensificaram a instabilidade, culminando na sa\u00edda de&nbsp;<strong>Michael Halstrick<\/strong>&nbsp;e na chegada de&nbsp;<strong>Joaqu\u00edn Fern\u00e1ndez de C\u00f3rdova Hohenlohe Langes-Swarovski<\/strong>&nbsp;\u00e0 lideran\u00e7a.<\/p>\n\n\n\n<p>Esses fatores geraram urg\u00eancia na ado\u00e7\u00e3o de medidas estrat\u00e9gicas para reduzir preju\u00edzos e garantir a continuidade da empresa.<\/p>\n\n\n\n<h2 class=\"wp-block-heading\">Como funciona o concurso preventivo e qual \u00e9 o objetivo para a empresa?<\/h2>\n\n\n\n<p>O concurso preventivo \u00e9 um mecanismo jur\u00eddico que permite que empresas em dificuldades reorganizem suas d\u00edvidas e evitem a fal\u00eancia. Segundo comunicado do novo CEO,&nbsp;<strong>Tom\u00e1s Lange<\/strong>, essa medida tem como objetivo assegurar a continuidade operacional e preservar os empregos da equipe.<\/p>\n\n\n\n<p>Veja os principais objetivos dessa estrat\u00e9gia:<\/p>\n\n\n\n<ul class=\"wp-block-list\">\n<li>Evitar a interven\u00e7\u00e3o judicial e proteger o patrim\u00f4nio da empresa<\/li>\n\n\n\n<li>Proteger os postos de trabalho<\/li>\n\n\n\n<li>Negociar com credores para o pagamento das d\u00edvidas<\/li>\n<\/ul>\n\n\n\n<figure class=\"wp-block-image\"><img decoding=\"async\" src=\"https:\/\/www.em.com.br\/emfoco\/wp-content\/uploads\/2025\/04\/bebendo-vinho_1745691015988-1024x576.jpg\" alt=\"\"\/><figcaption class=\"wp-element-caption\">Crise na Bodega Norton assusta o setor de vinhos na Argentina &#8211; Cr\u00e9ditos: depositphotos.com \/ TarasMalyarevich<\/figcaption><\/figure>\n\n\n\n<h2 class=\"wp-block-heading\">A crise da Bodega Norton afeta o setor vitivin\u00edcola argentino?<\/h2>\n\n\n\n<p>A situa\u00e7\u00e3o da\u00a0<strong><a href=\"https:\/\/www.norton.com.ar\/\" target=\"_blank\" rel=\"noreferrer noopener\">Bodega Norton<\/a><\/strong>\u00a0reflete um cen\u00e1rio mais amplo de dificuldades no setor vitivin\u00edcola argentino, marcado por queda no consumo de vinho em todo o pa\u00eds. Ainda que a vin\u00edcola mantenha a qualidade de seus produtos, enfrenta desafios semelhantes aos de outras empresas do ramo.<\/p>\n\n\n\n<p>Uma decis\u00e3o relevante foi o pagamento \u00e0 vista a determinados fornecedores, adotada como resposta \u00e0 instabilidade financeira e \u00e0s incertezas do mercado, algo que tamb\u00e9m tem sido adotado por outras empresas do setor na tentativa de manter o fornecimento e diminuir os riscos de rupturas na cadeia produtiva.<\/p>\n\n\n\n<h2 class=\"wp-block-heading\">Por que a assembleia de acionistas \u00e9 essencial para o futuro da empresa?<\/h2>\n\n\n\n<p>A&nbsp;<strong>Assembleia Geral Extraordin\u00e1ria<\/strong>&nbsp;marcada para 19 de novembro ser\u00e1 determinante para aprovar o in\u00edcio oficial do concurso preventivo e sancionar mudan\u00e7as no diret\u00f3rio, conforme a lei 24.522 de&nbsp;<strong>Recupera\u00e7\u00e3o Judicial e Fal\u00eancias da Argentina<\/strong>. Essas decis\u00f5es s\u00e3o fundamentais para garantir a sobreviv\u00eancia e a regulariza\u00e7\u00e3o da empresa.<\/p>\n\n\n\n<p>Com a aprova\u00e7\u00e3o das medidas, espera-se uma maior estabilidade e confian\u00e7a para funcion\u00e1rios, fornecedores e parceiros, viabilizando a recupera\u00e7\u00e3o futura da Bodega Norton.<\/p>\n\n\n\n<p>Leia tamb\u00e9m: <a href=\"https:\/\/www.em.com.br\/emfoco\/2025\/11\/06\/mais-uma-marca-de-azeite-e-proibida-de-comercializar-seu-produto-devido-a-uma-grave-violacao-do-codigo-alimentar\/\" target=\"_blank\" rel=\"noreferrer noopener\">Mais uma marca de azeite \u00e9 proibida de comercializar seu produto devido a uma\u00a0grave viola\u00e7\u00e3o do c\u00f3digo alimentar<\/a><\/p>\n\n\n\n<h2 class=\"wp-block-heading\">Quais s\u00e3o os principais aprendizados e insights sobre o caso?<\/h2>\n\n\n\n<p>A hist\u00f3ria recente da&nbsp;<strong>Bodega Norton<\/strong>&nbsp;mostra como problemas financeiros internos e externos podem impactar at\u00e9 mesmo as empresas mais tradicionais do setor. Mudan\u00e7as de lideran\u00e7a e estrat\u00e9gias adaptativas s\u00e3o essenciais para a supera\u00e7\u00e3o dessas situa\u00e7\u00f5es.<\/p>\n\n\n\n<ul class=\"wp-block-list\">\n<li>A utiliza\u00e7\u00e3o do concurso preventivo \u00e9 vital para administrar o passivo e evitar a fal\u00eancia<\/li>\n\n\n\n<li>Mudan\u00e7as na administra\u00e7\u00e3o podem facilitar uma recupera\u00e7\u00e3o eficiente<\/li>\n\n\n\n<li>O setor vitivin\u00edcola requer constante adapta\u00e7\u00e3o diante da queda no consumo<\/li>\n<\/ul>\n\n\n\n<p>Adicionalmente, especialistas destacam que a transpar\u00eancia e o di\u00e1logo aberto com credores e colaboradores s\u00e3o essenciais para atravessar momentos de crise e encontrar novas oportunidades de crescimento.<\/p>\n","protected":false},"excerpt":{"rendered":"<p>A&nbsp;Bodega Norton, uma das principais vin\u00edcolas de&nbsp;Cuyo, enfrenta uma crise financeira significativa, com passivo superior a US$ 30 milh\u00f5es, e busca o concurso preventivo de credores para evitar a interven\u00e7\u00e3o judicial e proteger suas opera\u00e7\u00f5es e empregos. Quais s\u00e3o os principais motivos para a crise na Bodega Norton? Entre os principais fatores que contribu\u00edram para [&hellip;]<\/p>\n","protected":false},"author":11,"featured_media":55363,"comment_status":"open","ping_status":"open","sticky":false,"template":"","format":"standard","meta":{"jnews-multi-image_gallery":[],"jnews_single_post":{"format":"standard"},"jnews_primary_category":[],"jnews_social_meta":[],"jnews_override_counter":[],"footnotes":""},"categories":[28,1],"tags":[4996,2100,2748],"class_list":["post-124001","post","type-post","status-publish","format-standard","has-post-thumbnail","hentry","category-economia","category-noticias","tag-crise","tag-divida","tag-vinho"],"yoast_head":"<!-- This site is optimized with the Yoast SEO plugin v23.8 - https:\/\/yoast.com\/wordpress\/plugins\/seo\/ -->\n<title>Em meio \u00e0 crise, uma vin\u00edcola busca aprova\u00e7\u00e3o dos acionistas para entrar com pedido de fal\u00eancia - Estado de Minas - Em foco<\/title>\n<meta name=\"description\" content=\"D\u00edvidas, disputas e queda nas vendas levaram a tradicional vin\u00edcola argentina a buscar prote\u00e7\u00e3o judicial.\" \/>\n<meta name=\"robots\" content=\"index, follow, max-snippet:-1, max-image-preview:large, max-video-preview:-1\" \/>\n<link rel=\"canonical\" href=\"https:\/\/www.em.com.br\/emfoco\/2025\/11\/07\/em-meio-a-crise-uma-vinicola-busca-aprovacao-dos-acionistas-para-entrar-com-pedido-de-falencia\/\" \/>\n<meta property=\"og:locale\" content=\"pt_BR\" \/>\n<meta property=\"og:type\" content=\"article\" \/>\n<meta property=\"og:title\" content=\"Em meio \u00e0 crise, uma vin\u00edcola busca aprova\u00e7\u00e3o dos acionistas para entrar com pedido de fal\u00eancia - Estado de Minas - Em foco\" \/>\n<meta property=\"og:description\" content=\"D\u00edvidas, disputas e queda nas vendas levaram a tradicional vin\u00edcola argentina a buscar prote\u00e7\u00e3o judicial.\" \/>\n<meta property=\"og:url\" content=\"https:\/\/www.em.com.br\/emfoco\/2025\/11\/07\/em-meio-a-crise-uma-vinicola-busca-aprovacao-dos-acionistas-para-entrar-com-pedido-de-falencia\/\" \/>\n<meta property=\"og:site_name\" content=\"Estado de Minas - Em foco\" \/>\n<meta property=\"article:published_time\" content=\"2025-11-07T19:45:00+00:00\" \/>\n<meta property=\"article:modified_time\" content=\"2025-11-06T20:00:49+00:00\" \/>\n<meta property=\"og:image\" content=\"https:\/\/www.em.com.br\/emfoco\/wp-content\/uploads\/2025\/06\/fundo-das-garrafas-de-vinho_1749045029033.jpg\" \/>\n\t<meta property=\"og:image:width\" content=\"1280\" \/>\n\t<meta property=\"og:image:height\" content=\"720\" \/>\n\t<meta property=\"og:image:type\" content=\"image\/jpeg\" \/>\n<meta name=\"author\" content=\"Andre\u0301 Rangel\u00a0\" \/>\n<meta name=\"twitter:card\" content=\"summary_large_image\" \/>\n<meta name=\"twitter:label1\" content=\"Escrito por\" \/>\n\t<meta name=\"twitter:data1\" content=\"Andre\u0301 Rangel\u00a0\" \/>\n\t<meta name=\"twitter:label2\" content=\"Est. tempo de leitura\" \/>\n\t<meta name=\"twitter:data2\" content=\"4 minutos\" \/>\n<!-- \/ Yoast SEO plugin. -->","yoast_head_json":{"title":"Em meio \u00e0 crise, uma vin\u00edcola busca aprova\u00e7\u00e3o dos acionistas para entrar com pedido de fal\u00eancia - Estado de Minas - Em foco","description":"D\u00edvidas, disputas e queda nas vendas levaram a tradicional vin\u00edcola argentina a buscar prote\u00e7\u00e3o judicial.","robots":{"index":"index","follow":"follow","max-snippet":"max-snippet:-1","max-image-preview":"max-image-preview:large","max-video-preview":"max-video-preview:-1"},"canonical":"https:\/\/www.em.com.br\/emfoco\/2025\/11\/07\/em-meio-a-crise-uma-vinicola-busca-aprovacao-dos-acionistas-para-entrar-com-pedido-de-falencia\/","og_locale":"pt_BR","og_type":"article","og_title":"Em meio \u00e0 crise, uma vin\u00edcola busca aprova\u00e7\u00e3o dos acionistas para entrar com pedido de fal\u00eancia - Estado de Minas - Em foco","og_description":"D\u00edvidas, disputas e queda nas vendas levaram a tradicional vin\u00edcola argentina a buscar prote\u00e7\u00e3o judicial.","og_url":"https:\/\/www.em.com.br\/emfoco\/2025\/11\/07\/em-meio-a-crise-uma-vinicola-busca-aprovacao-dos-acionistas-para-entrar-com-pedido-de-falencia\/","og_site_name":"Estado de Minas - Em foco","article_published_time":"2025-11-07T19:45:00+00:00","article_modified_time":"2025-11-06T20:00:49+00:00","og_image":[{"width":1280,"height":720,"url":"https:\/\/www.em.com.br\/emfoco\/wp-content\/uploads\/2025\/06\/fundo-das-garrafas-de-vinho_1749045029033.jpg","type":"image\/jpeg"}],"author":"Andre\u0301 Rangel\u00a0","twitter_card":"summary_large_image","twitter_misc":{"Escrito por":"Andre\u0301 Rangel\u00a0","Est. tempo de leitura":"4 minutos"},"schema":{"@context":"https:\/\/schema.org","@graph":[{"@type":"WebPage","@id":"https:\/\/www.em.com.br\/emfoco\/2025\/11\/07\/em-meio-a-crise-uma-vinicola-busca-aprovacao-dos-acionistas-para-entrar-com-pedido-de-falencia\/","url":"https:\/\/www.em.com.br\/emfoco\/2025\/11\/07\/em-meio-a-crise-uma-vinicola-busca-aprovacao-dos-acionistas-para-entrar-com-pedido-de-falencia\/","name":"Em meio \u00e0 crise, uma vin\u00edcola busca aprova\u00e7\u00e3o dos acionistas para entrar com pedido de fal\u00eancia - Estado de Minas - Em foco","isPartOf":{"@id":"https:\/\/www.em.com.br\/emfoco\/#website"},"primaryImageOfPage":{"@id":"https:\/\/www.em.com.br\/emfoco\/2025\/11\/07\/em-meio-a-crise-uma-vinicola-busca-aprovacao-dos-acionistas-para-entrar-com-pedido-de-falencia\/#primaryimage"},"image":{"@id":"https:\/\/www.em.com.br\/emfoco\/2025\/11\/07\/em-meio-a-crise-uma-vinicola-busca-aprovacao-dos-acionistas-para-entrar-com-pedido-de-falencia\/#primaryimage"},"thumbnailUrl":"https:\/\/www.em.com.br\/emfoco\/wp-content\/uploads\/2025\/06\/fundo-das-garrafas-de-vinho_1749045029033.jpg","datePublished":"2025-11-07T19:45:00+00:00","dateModified":"2025-11-06T20:00:49+00:00","author":{"@id":"https:\/\/www.em.com.br\/emfoco\/#\/schema\/person\/60eda09c1fedf0d6891f4cef4b60b8b8"},"description":"D\u00edvidas, disputas e queda nas vendas levaram a tradicional vin\u00edcola argentina a buscar prote\u00e7\u00e3o judicial.","breadcrumb":{"@id":"https:\/\/www.em.com.br\/emfoco\/2025\/11\/07\/em-meio-a-crise-uma-vinicola-busca-aprovacao-dos-acionistas-para-entrar-com-pedido-de-falencia\/#breadcrumb"},"inLanguage":"pt-BR","potentialAction":[{"@type":"ReadAction","target":["https:\/\/www.em.com.br\/emfoco\/2025\/11\/07\/em-meio-a-crise-uma-vinicola-busca-aprovacao-dos-acionistas-para-entrar-com-pedido-de-falencia\/"]}]},{"@type":"ImageObject","inLanguage":"pt-BR","@id":"https:\/\/www.em.com.br\/emfoco\/2025\/11\/07\/em-meio-a-crise-uma-vinicola-busca-aprovacao-dos-acionistas-para-entrar-com-pedido-de-falencia\/#primaryimage","url":"https:\/\/www.em.com.br\/emfoco\/wp-content\/uploads\/2025\/06\/fundo-das-garrafas-de-vinho_1749045029033.jpg","contentUrl":"https:\/\/www.em.com.br\/emfoco\/wp-content\/uploads\/2025\/06\/fundo-das-garrafas-de-vinho_1749045029033.jpg","width":1280,"height":720,"caption":"Setor de vinhos sente o impacto da crise da Bodega Norton - Cr\u00e9ditos: depositphotos.com \/ plepraisaeng"},{"@type":"BreadcrumbList","@id":"https:\/\/www.em.com.br\/emfoco\/2025\/11\/07\/em-meio-a-crise-uma-vinicola-busca-aprovacao-dos-acionistas-para-entrar-com-pedido-de-falencia\/#breadcrumb","itemListElement":[{"@type":"ListItem","position":1,"name":"In\u00edcio","item":"https:\/\/www.em.com.br\/emfoco\/"},{"@type":"ListItem","position":2,"name":"Em meio \u00e0 crise, uma vin\u00edcola busca aprova\u00e7\u00e3o dos acionistas para entrar com pedido de fal\u00eancia"}]},{"@type":"WebSite","@id":"https:\/\/www.em.com.br\/emfoco\/#website","url":"https:\/\/www.em.com.br\/emfoco\/","name":"Estado de Minas - Em foco","description":"Acompanhe as \u00faltimas not\u00edcias e fique bem informado sobre tudo o que acontece em Minas Gerais, Brasil e no mundo.","potentialAction":[{"@type":"SearchAction","target":{"@type":"EntryPoint","urlTemplate":"https:\/\/www.em.com.br\/emfoco\/?s={search_term_string}"},"query-input":{"@type":"PropertyValueSpecification","valueRequired":true,"valueName":"search_term_string"}}],"inLanguage":"pt-BR"},{"@type":"Person","@id":"https:\/\/www.em.com.br\/emfoco\/#\/schema\/person\/60eda09c1fedf0d6891f4cef4b60b8b8","name":"Andre\u0301 Rangel\u00a0","image":{"@type":"ImageObject","inLanguage":"pt-BR","@id":"https:\/\/www.em.com.br\/emfoco\/#\/schema\/person\/image\/","url":"https:\/\/secure.gravatar.com\/avatar\/6234dc814c77c8ef6d8bba622c787efc?s=96&d=mm&r=g","contentUrl":"https:\/\/secure.gravatar.com\/avatar\/6234dc814c77c8ef6d8bba622c787efc?s=96&d=mm&r=g","caption":"Andre\u0301 Rangel\u00a0"},"url":"https:\/\/www.em.com.br\/emfoco\/author\/luizmyth\/"}]}},"_links":{"self":[{"href":"https:\/\/www.em.com.br\/emfoco\/wp-json\/wp\/v2\/posts\/124001","targetHints":{"allow":["GET"]}}],"collection":[{"href":"https:\/\/www.em.com.br\/emfoco\/wp-json\/wp\/v2\/posts"}],"about":[{"href":"https:\/\/www.em.com.br\/emfoco\/wp-json\/wp\/v2\/types\/post"}],"author":[{"embeddable":true,"href":"https:\/\/www.em.com.br\/emfoco\/wp-json\/wp\/v2\/users\/11"}],"replies":[{"embeddable":true,"href":"https:\/\/www.em.com.br\/emfoco\/wp-json\/wp\/v2\/comments?post=124001"}],"version-history":[{"count":4,"href":"https:\/\/www.em.com.br\/emfoco\/wp-json\/wp\/v2\/posts\/124001\/revisions"}],"predecessor-version":[{"id":124368,"href":"https:\/\/www.em.com.br\/emfoco\/wp-json\/wp\/v2\/posts\/124001\/revisions\/124368"}],"wp:featuredmedia":[{"embeddable":true,"href":"https:\/\/www.em.com.br\/emfoco\/wp-json\/wp\/v2\/media\/55363"}],"wp:attachment":[{"href":"https:\/\/www.em.com.br\/emfoco\/wp-json\/wp\/v2\/media?parent=124001"}],"wp:term":[{"taxonomy":"category","embeddable":true,"href":"https:\/\/www.em.com.br\/emfoco\/wp-json\/wp\/v2\/categories?post=124001"},{"taxonomy":"post_tag","embeddable":true,"href":"https:\/\/www.em.com.br\/emfoco\/wp-json\/wp\/v2\/tags?post=124001"}],"curies":[{"name":"wp","href":"https:\/\/api.w.org\/{rel}","templated":true}]}}