{"id":123964,"date":"2025-11-08T21:05:00","date_gmt":"2025-11-09T00:05:00","guid":{"rendered":"https:\/\/www.em.com.br\/emfoco\/?p=123964"},"modified":"2025-11-05T19:37:11","modified_gmt":"2025-11-05T22:37:11","slug":"essa-cidade-catarinense-esta-conquistando-o-brasil-com-seu-estilo-de-vida","status":"publish","type":"post","link":"https:\/\/www.em.com.br\/emfoco\/2025\/11\/08\/essa-cidade-catarinense-esta-conquistando-o-brasil-com-seu-estilo-de-vida\/","title":{"rendered":"Essa cidade catarinense est\u00e1 conquistando o Brasil com seu estilo de vida"},"content":{"rendered":"\n<p>No extremo sul de <strong>Santa Catarina<\/strong>, <strong>Crici\u00fama<\/strong> se destaca como uma cidade acolhedora, moderna e repleta de oportunidades. Conhecida historicamente como a \u201c<strong>Capital Brasileira do Carv\u00e3o<\/strong>\u201d, hoje o munic\u00edpio se reinventa como polo educacional, industrial e tecnol\u00f3gico. Pr\u00f3xima de cidades como <strong>Tubar\u00e3o<\/strong> e <strong>Ararangu\u00e1<\/strong>, ela combina o charme do interior catarinense com a praticidade urbana.<\/p>\n\n\n\n<p>Com clima ameno, ruas limpas e vida cultural ativa, <strong>Crici\u00fama<\/strong> encanta quem busca qualidade de vida sem abrir m\u00e3o de boas op\u00e7\u00f5es de lazer, educa\u00e7\u00e3o e trabalho. Sua economia diversificada e sua localiza\u00e7\u00e3o estrat\u00e9gica, entre a serra e o mar, tornam o destino ainda mais atraente para novos moradores e visitantes.<\/p>\n\n\n\n<ul class=\"wp-block-list\">\n<li>Cidade em transforma\u00e7\u00e3o, com foco em inova\u00e7\u00e3o e sustentabilidade<\/li>\n\n\n\n<li>Cultura \u00edtalo-brasileira preservada nas festas e gastronomia<\/li>\n\n\n\n<li>Clima agrad\u00e1vel e natureza exuberante<\/li>\n<\/ul>\n\n\n\n<h2 class=\"wp-block-heading\">Vale a pena morar em Crici\u00fama?<\/h2>\n\n\n\n<p>Sim, e por muitos motivos. Segundo dados da <strong><a href=\"http:\/\/www.criciuma.sc.gov.br\/\" target=\"_blank\" rel=\"noreferrer noopener\">Prefeitura de Crici\u00fama<\/a> (2025)<\/strong> e do <strong>IBGE<\/strong>, a cidade \u00e9 uma das mais equilibradas do sul do pa\u00eds em termos de custo de vida, educa\u00e7\u00e3o e mobilidade. As \u00e1reas de tecnologia, ensino superior e sa\u00fade t\u00eam impulsionado a economia local, tornando <strong>Crici\u00fama<\/strong> uma excelente escolha para fam\u00edlias e profissionais.<\/p>\n\n\n\n<p>A cidade \u00e9 sede da <strong>Universidade do Extremo Sul Catarinense (UNESC)<\/strong>, uma das institui\u00e7\u00f5es mais respeitadas do estado. Al\u00e9m disso, possui escolas p\u00fablicas e privadas de qualidade, parques urbanos e boas op\u00e7\u00f5es de transporte. O clima de cidade m\u00e9dia, unido ao senso de comunidade, contribui para o sentimento de pertencimento que define o estilo de vida local.<\/p>\n\n\n\n<ul class=\"wp-block-list\">\n<li>Educa\u00e7\u00e3o superior e t\u00e9cnica de refer\u00eancia<\/li>\n\n\n\n<li>Mercado de trabalho em crescimento, com destaque para a ind\u00fastria e o setor de servi\u00e7os<\/li>\n\n\n\n<li>Custo de vida competitivo e boa infraestrutura urbana<\/li>\n<\/ul>\n\n\n\n<figure class=\"wp-block-embed is-type-video is-provider-youtube wp-block-embed-youtube wp-embed-aspect-16-9 wp-has-aspect-ratio\"><div class=\"wp-block-embed__wrapper\">\n<div class=\"jeg_video_container jeg_video_content\"><iframe loading=\"lazy\" title=\"CRICI\u00daMA (Santa Catarina) - Uma joia no sul catarinense.\" width=\"500\" height=\"281\" src=\"https:\/\/www.youtube.com\/embed\/wQff4paHmK0?feature=oembed\" frameborder=\"0\" allow=\"accelerometer; autoplay; clipboard-write; encrypted-media; gyroscope; picture-in-picture; web-share\" referrerpolicy=\"strict-origin-when-cross-origin\" allowfullscreen><\/iframe><\/div>\n<\/div><\/figure>\n\n\n\n<h2 class=\"wp-block-heading\">Vale a pena visitar Crici\u00fama?<\/h2>\n\n\n\n<p>Sem d\u00favida. O turismo em <strong>Crici\u00fama<\/strong> \u00e9 uma mistura de hist\u00f3ria, cultura e natureza. A cidade oferece desde experi\u00eancias urbanas at\u00e9 passeios ecol\u00f3gicos e gastron\u00f4micos. O visitante pode conhecer antigas minas de carv\u00e3o, parques arborizados e museus que contam a trajet\u00f3ria da regi\u00e3o.<\/p>\n\n\n\n<p><strong>Principais pontos tur\u00edsticos de Crici\u00fama:<\/strong><\/p>\n\n\n\n<ul class=\"wp-block-list\">\n<li><strong>Mina de Visita\u00e7\u00e3o Oct\u00e1vio Fontana<\/strong>, onde \u00e9 poss\u00edvel conhecer o interior de uma mina desativada<\/li>\n\n\n\n<li><strong>Parque das Na\u00e7\u00f5es Cincinato Naspolini<\/strong>, um dos maiores espa\u00e7os de lazer da cidade<\/li>\n\n\n\n<li><strong>Museu Augusto Casagrande<\/strong>, com exposi\u00e7\u00f5es sobre a coloniza\u00e7\u00e3o italiana<\/li>\n\n\n\n<li><strong>Morro Cechinel<\/strong>, mirante natural com vista panor\u00e2mica da cidade<\/li>\n\n\n\n<li><strong>Pra\u00e7a Nereu Ramos<\/strong>, centro da vida social criciumense<\/li>\n<\/ul>\n\n\n\n<h2 class=\"wp-block-heading\">O clima de Crici\u00fama<\/h2>\n\n\n\n<p>De acordo com o <strong>Climatempo (2025)<\/strong>, o clima de <strong>Crici\u00fama<\/strong> \u00e9 subtropical \u00famido, com ver\u00f5es quentes e invernos frios. As temperaturas m\u00e9dias variam entre <strong>14\u00b0C e 28\u00b0C<\/strong>, e as chuvas s\u00e3o bem distribu\u00eddas ao longo do ano.<\/p>\n\n\n\n<figure class=\"wp-block-table\"><table class=\"has-fixed-layout\"><thead><tr><th>Esta\u00e7\u00e3o<\/th><th>Temperatura M\u00e9dia<\/th><th>M\u00ednima<\/th><th>M\u00e1xima<\/th><th>Caracter\u00edsticas<\/th><\/tr><\/thead><tbody><tr><td>Ver\u00e3o (dez\u2013mar)<\/td><td>25\u00b0C<\/td><td>19\u00b0C<\/td><td>32\u00b0C<\/td><td>Calor intenso e pancadas de chuva<\/td><\/tr><tr><td>Outono (abr\u2013jun)<\/td><td>20\u00b0C<\/td><td>14\u00b0C<\/td><td>27\u00b0C<\/td><td>Clima ameno e transi\u00e7\u00e3o de esta\u00e7\u00e3o<\/td><\/tr><tr><td>Inverno (jun\u2013ago)<\/td><td>16\u00b0C<\/td><td>9\u00b0C<\/td><td>23\u00b0C<\/td><td>Dias frios e noites geladas<\/td><\/tr><tr><td>Primavera (set\u2013nov)<\/td><td>21\u00b0C<\/td><td>15\u00b0C<\/td><td>27\u00b0C<\/td><td>Esta\u00e7\u00e3o florida e clima agrad\u00e1vel<\/td><\/tr><\/tbody><\/table><\/figure>\n\n\n\n<h2 class=\"wp-block-heading\">Qual \u00e9 a melhor \u00e9poca para visitar Crici\u00fama?<\/h2>\n\n\n\n<p>A cidade pode ser visitada o ano todo, mas o per\u00edodo de <strong>abril a setembro<\/strong> \u00e9 o mais indicado para quem prefere temperaturas mais amenas e eventos culturais. J\u00e1 o ver\u00e3o \u00e9 ideal para combinar a visita com o litoral sul catarinense.<\/p>\n\n\n\n<figure class=\"wp-block-table\"><table class=\"has-fixed-layout\"><thead><tr><th>Per\u00edodo<\/th><th>Clima predominante<\/th><th>Melhor atividade<\/th><\/tr><\/thead><tbody><tr><td>Abril a Setembro<\/td><td>Frio e seco<\/td><td>Passeios culturais e gastron\u00f4micos<\/td><\/tr><tr><td>Outubro a Dezembro<\/td><td>Primaveril e ensolarado<\/td><td>Trilhas e eventos ao ar livre<\/td><\/tr><tr><td>Janeiro a Mar\u00e7o<\/td><td>Quente e \u00famido<\/td><td>Visitas \u00e0 serra e praias pr\u00f3ximas<\/td><\/tr><\/tbody><\/table><\/figure>\n\n\n\n<blockquote class=\"tiktok-embed\" cite=\"https:\/\/www.tiktok.com\/@prefeituracriciuma\/video\/7433603723064003845\" data-video-id=\"7433603723064003845\" style=\"max-width: 605px;min-width: 325px;\" > <section> <a target=\"_blank\" title=\"@prefeituracriciuma\" href=\"https:\/\/www.tiktok.com\/@prefeituracriciuma?refer=embed\">@prefeituracriciuma<\/a> <p>Voc\u00ea conhece Crici\u00fama? Conhece mesmo? Hoje iniciamos a celebra\u00e7\u00e3o dos 99 anos de hist\u00f3ria e desenvolvimento da nossa cidade. Ao longo desta semana, vamos relembrar nossa trajet\u00f3ria e apresentar as conquistas que preparam Crici\u00fama para o futuro. Vamos explorar o que faz de Crici\u00fama uma refer\u00eancia em inova\u00e7\u00e3o, cultura e sustentabilidade! #Crici\u00fama99Anos #Hist\u00f3riaeInova\u00e7\u00e3o #CidadeDoFuturo #ProgressoSustent\u00e1vel #OrgulhoDeCrici\u00fama  #Acessibilidade Imagens a\u00e9reas mostram a cidade sob a luz suave do entardecer, com a pergunta \u201cVoc\u00ea conhece Crici\u00fama?\u201d, destacada. A c\u00e2mera passeia por locais urbanos, \u00e1reas verdes e momentos cotidianos dos moradores, transmitindo a vida e a energia da cidade. O v\u00eddeo sugere um compromisso com a transpar\u00eancia e a inova\u00e7\u00e3o, em dire\u00e7\u00e3o ao horizonte e com a Prefeitura de Crici\u00fama ao fundo, simbolizando o desenvolvimento e as novas jornadas que Crici\u00fama tem pela frente.<\/p> <a target=\"_blank\" title=\"\u266c som original - Prefeitura de Crici\u00fama - Oi, \u00e9 a Prefa!\" href=\"https:\/\/www.tiktok.com\/music\/som-original-Prefeitura-de-Crici\u00fama-7433603789297732358?refer=embed\">\u266c som original &#8211; Prefeitura de Crici\u00fama &#8211; Oi, \u00e9 a Prefa!<\/a> <\/section> <\/blockquote> <script async src=\"https:\/\/www.tiktok.com\/embed.js\"><\/script>\n\n\n\n<p>Leia tamb\u00e9m: <strong><a href=\"https:\/\/www.em.com.br\/emfoco\/2025\/10\/26\/essas-cidades-sao-um-verdeiro-pedaco-da-europa-no-brasil\/\" target=\"_blank\" rel=\"noreferrer noopener\">Essas cidades s\u00e3o um verdeiro peda\u00e7o da Europa no Brasil<\/a><\/strong><\/p>\n\n\n\n<h2 class=\"wp-block-heading\">Segredos e curiosidades de Crici\u00fama<\/h2>\n\n\n\n<ul class=\"wp-block-list\">\n<li>Fundada por imigrantes italianos em 1880, <strong>Crici\u00fama<\/strong> mant\u00e9m tradi\u00e7\u00f5es fortes na culin\u00e1ria e nas festas regionais.<\/li>\n\n\n\n<li>\u00c9 sede da <strong>Festa das Etnias<\/strong>, evento que celebra as diferentes culturas formadoras da cidade.<\/li>\n\n\n\n<li>Possui o <strong>Parque Natural Municipal Morro do C\u00e9u<\/strong>, \u00e1rea de preserva\u00e7\u00e3o com trilhas e mirantes.<\/li>\n\n\n\n<li>A cidade abriga um dos maiores polos cer\u00e2micos do Brasil, exportando para v\u00e1rios pa\u00edses.<\/li>\n\n\n\n<li>O <strong>Museu Augusto Casagrande<\/strong> foi tombado como patrim\u00f4nio cultural pelo <strong>IPHAN (Instituto do Patrim\u00f4nio Hist\u00f3rico e Art\u00edstico Nacional)<\/strong>.<\/li>\n<\/ul>\n\n\n\n<h2 class=\"wp-block-heading\">Onde se hospedar em Crici\u00fama?<\/h2>\n\n\n\n<p>A rede hoteleira de <strong>Crici\u00fama<\/strong> \u00e9 diversificada e acolhedora. Entre as op\u00e7\u00f5es mais bem avaliadas pelo <strong>TripAdvisor (2025)<\/strong> est\u00e3o o <strong>Delupo Apart Hotel<\/strong>, o <strong>Interclass Hotel<\/strong>, o <strong>Colle Tourist Hotel<\/strong> e o <strong>Tri Hotel Smart<\/strong>. Para quem busca uma experi\u00eancia mais tranquila, h\u00e1 pousadas rurais nas \u00e1reas pr\u00f3ximas ao <strong>Morro Cechinel<\/strong> e ao <strong>Balne\u00e1rio Rinc\u00e3o<\/strong>.<\/p>\n\n\n\n<h2 class=\"wp-block-heading\">O que torna Crici\u00fama especial<\/h2>\n\n\n\n<p><strong>Crici\u00fama<\/strong> \u00e9 um exemplo de cidade que soube se reinventar, preservando suas origens e abra\u00e7ando o futuro. Com cultura vibrante, clima agrad\u00e1vel e um povo acolhedor, ela representa o equil\u00edbrio perfeito entre tradi\u00e7\u00e3o e modernidade.<\/p>\n\n\n\n<ul class=\"wp-block-list\">\n<li>Cidade acolhedora e com forte identidade cultural<\/li>\n\n\n\n<li>Clima agrad\u00e1vel o ano todo<\/li>\n\n\n\n<li>Desenvolvimento urbano aliado \u00e0 sustentabilidade<\/li>\n<\/ul>\n\n\n\n<p><strong>Explore tudo o que faz de Crici\u00fama em Santa Catarina um destino imperd\u00edvel e apaixonante.<\/strong><\/p>\n","protected":false},"excerpt":{"rendered":"<p>No extremo sul de Santa Catarina, Crici\u00fama se destaca como uma cidade acolhedora, moderna e repleta de oportunidades. Conhecida historicamente como a \u201cCapital Brasileira do Carv\u00e3o\u201d, hoje o munic\u00edpio se reinventa como polo educacional, industrial e tecnol\u00f3gico. Pr\u00f3xima de cidades como Tubar\u00e3o e Ararangu\u00e1, ela combina o charme do interior catarinense com a praticidade urbana. [&hellip;]<\/p>\n","protected":false},"author":13,"featured_media":123973,"comment_status":"open","ping_status":"open","sticky":false,"template":"","format":"standard","meta":{"jnews-multi-image_gallery":[],"jnews_single_post":{"format":"standard"},"jnews_primary_category":[],"jnews_social_meta":[],"jnews_override_counter":[],"footnotes":""},"categories":[26],"tags":[12309,327,734,1181],"class_list":["post-123964","post","type-post","status-publish","format-standard","has-post-thumbnail","hentry","category-cidades","tag-criciuma","tag-qualidade-de-vida","tag-santa-catarina","tag-sul-do-brasil"],"yoast_head":"<!-- This site is optimized with the Yoast SEO plugin v23.8 - https:\/\/yoast.com\/wordpress\/plugins\/seo\/ -->\n<title>Essa cidade catarinense est\u00e1 conquistando o Brasil com seu estilo de vida - Estado de Minas - Em foco<\/title>\n<meta name=\"description\" content=\"Tem cidade no sul do Brasil que virou s\u00edmbolo de reinven\u00e7\u00e3o com qualidade de vida, tradi\u00e7\u00e3o e tecnologia lado a lado.\" \/>\n<meta name=\"robots\" content=\"index, follow, max-snippet:-1, max-image-preview:large, max-video-preview:-1\" \/>\n<link rel=\"canonical\" href=\"https:\/\/www.em.com.br\/emfoco\/2025\/11\/08\/essa-cidade-catarinense-esta-conquistando-o-brasil-com-seu-estilo-de-vida\/\" \/>\n<meta property=\"og:locale\" content=\"pt_BR\" \/>\n<meta property=\"og:type\" content=\"article\" \/>\n<meta property=\"og:title\" content=\"Essa cidade catarinense est\u00e1 conquistando o Brasil com seu estilo de vida - Estado de Minas - Em foco\" \/>\n<meta property=\"og:description\" content=\"Tem cidade no sul do Brasil que virou s\u00edmbolo de reinven\u00e7\u00e3o com qualidade de vida, tradi\u00e7\u00e3o e tecnologia lado a lado.\" \/>\n<meta property=\"og:url\" content=\"https:\/\/www.em.com.br\/emfoco\/2025\/11\/08\/essa-cidade-catarinense-esta-conquistando-o-brasil-com-seu-estilo-de-vida\/\" \/>\n<meta property=\"og:site_name\" content=\"Estado de Minas - Em foco\" \/>\n<meta property=\"article:published_time\" content=\"2025-11-09T00:05:00+00:00\" \/>\n<meta property=\"article:modified_time\" content=\"2025-11-05T22:37:11+00:00\" \/>\n<meta property=\"og:image\" content=\"https:\/\/www.em.com.br\/emfoco\/wp-content\/uploads\/2025\/11\/ad-2-1.jpg\" \/>\n\t<meta property=\"og:image:width\" content=\"1280\" \/>\n\t<meta property=\"og:image:height\" content=\"720\" \/>\n\t<meta property=\"og:image:type\" content=\"image\/jpeg\" \/>\n<meta name=\"author\" content=\"Gabriel Martins\" \/>\n<meta name=\"twitter:card\" content=\"summary_large_image\" \/>\n<meta name=\"twitter:label1\" content=\"Escrito por\" \/>\n\t<meta name=\"twitter:data1\" content=\"Gabriel Martins\" \/>\n\t<meta name=\"twitter:label2\" content=\"Est. tempo de leitura\" \/>\n\t<meta name=\"twitter:data2\" content=\"5 minutos\" \/>\n<!-- \/ Yoast SEO plugin. -->","yoast_head_json":{"title":"Essa cidade catarinense est\u00e1 conquistando o Brasil com seu estilo de vida - Estado de Minas - Em foco","description":"Tem cidade no sul do Brasil que virou s\u00edmbolo de reinven\u00e7\u00e3o com qualidade de vida, tradi\u00e7\u00e3o e tecnologia lado a lado.","robots":{"index":"index","follow":"follow","max-snippet":"max-snippet:-1","max-image-preview":"max-image-preview:large","max-video-preview":"max-video-preview:-1"},"canonical":"https:\/\/www.em.com.br\/emfoco\/2025\/11\/08\/essa-cidade-catarinense-esta-conquistando-o-brasil-com-seu-estilo-de-vida\/","og_locale":"pt_BR","og_type":"article","og_title":"Essa cidade catarinense est\u00e1 conquistando o Brasil com seu estilo de vida - Estado de Minas - Em foco","og_description":"Tem cidade no sul do Brasil que virou s\u00edmbolo de reinven\u00e7\u00e3o com qualidade de vida, tradi\u00e7\u00e3o e tecnologia lado a lado.","og_url":"https:\/\/www.em.com.br\/emfoco\/2025\/11\/08\/essa-cidade-catarinense-esta-conquistando-o-brasil-com-seu-estilo-de-vida\/","og_site_name":"Estado de Minas - Em foco","article_published_time":"2025-11-09T00:05:00+00:00","article_modified_time":"2025-11-05T22:37:11+00:00","og_image":[{"width":1280,"height":720,"url":"https:\/\/www.em.com.br\/emfoco\/wp-content\/uploads\/2025\/11\/ad-2-1.jpg","type":"image\/jpeg"}],"author":"Gabriel Martins","twitter_card":"summary_large_image","twitter_misc":{"Escrito por":"Gabriel Martins","Est. tempo de leitura":"5 minutos"},"schema":{"@context":"https:\/\/schema.org","@graph":[{"@type":"WebPage","@id":"https:\/\/www.em.com.br\/emfoco\/2025\/11\/08\/essa-cidade-catarinense-esta-conquistando-o-brasil-com-seu-estilo-de-vida\/","url":"https:\/\/www.em.com.br\/emfoco\/2025\/11\/08\/essa-cidade-catarinense-esta-conquistando-o-brasil-com-seu-estilo-de-vida\/","name":"Essa cidade catarinense est\u00e1 conquistando o Brasil com seu estilo de vida - Estado de Minas - Em foco","isPartOf":{"@id":"https:\/\/www.em.com.br\/emfoco\/#website"},"primaryImageOfPage":{"@id":"https:\/\/www.em.com.br\/emfoco\/2025\/11\/08\/essa-cidade-catarinense-esta-conquistando-o-brasil-com-seu-estilo-de-vida\/#primaryimage"},"image":{"@id":"https:\/\/www.em.com.br\/emfoco\/2025\/11\/08\/essa-cidade-catarinense-esta-conquistando-o-brasil-com-seu-estilo-de-vida\/#primaryimage"},"thumbnailUrl":"https:\/\/www.em.com.br\/emfoco\/wp-content\/uploads\/2025\/11\/ad-2-1.jpg","datePublished":"2025-11-09T00:05:00+00:00","dateModified":"2025-11-05T22:37:11+00:00","author":{"@id":"https:\/\/www.em.com.br\/emfoco\/#\/schema\/person\/1c9ddeab18b98abeffef834667bcf08a"},"description":"Tem cidade no sul do Brasil que virou s\u00edmbolo de reinven\u00e7\u00e3o com qualidade de vida, tradi\u00e7\u00e3o e tecnologia lado a lado.","breadcrumb":{"@id":"https:\/\/www.em.com.br\/emfoco\/2025\/11\/08\/essa-cidade-catarinense-esta-conquistando-o-brasil-com-seu-estilo-de-vida\/#breadcrumb"},"inLanguage":"pt-BR","potentialAction":[{"@type":"ReadAction","target":["https:\/\/www.em.com.br\/emfoco\/2025\/11\/08\/essa-cidade-catarinense-esta-conquistando-o-brasil-com-seu-estilo-de-vida\/"]}]},{"@type":"ImageObject","inLanguage":"pt-BR","@id":"https:\/\/www.em.com.br\/emfoco\/2025\/11\/08\/essa-cidade-catarinense-esta-conquistando-o-brasil-com-seu-estilo-de-vida\/#primaryimage","url":"https:\/\/www.em.com.br\/emfoco\/wp-content\/uploads\/2025\/11\/ad-2-1.jpg","contentUrl":"https:\/\/www.em.com.br\/emfoco\/wp-content\/uploads\/2025\/11\/ad-2-1.jpg","width":1280,"height":720,"caption":"Cidade de Crici\u00fama, Santa Catarina - Cr\u00e9ditos: Wikimedia Commons"},{"@type":"BreadcrumbList","@id":"https:\/\/www.em.com.br\/emfoco\/2025\/11\/08\/essa-cidade-catarinense-esta-conquistando-o-brasil-com-seu-estilo-de-vida\/#breadcrumb","itemListElement":[{"@type":"ListItem","position":1,"name":"In\u00edcio","item":"https:\/\/www.em.com.br\/emfoco\/"},{"@type":"ListItem","position":2,"name":"Essa cidade catarinense est\u00e1 conquistando o Brasil com seu estilo de vida"}]},{"@type":"WebSite","@id":"https:\/\/www.em.com.br\/emfoco\/#website","url":"https:\/\/www.em.com.br\/emfoco\/","name":"Estado de Minas - Em foco","description":"Acompanhe as \u00faltimas not\u00edcias e fique bem informado sobre tudo o que acontece em Minas Gerais, Brasil e no mundo.","potentialAction":[{"@type":"SearchAction","target":{"@type":"EntryPoint","urlTemplate":"https:\/\/www.em.com.br\/emfoco\/?s={search_term_string}"},"query-input":{"@type":"PropertyValueSpecification","valueRequired":true,"valueName":"search_term_string"}}],"inLanguage":"pt-BR"},{"@type":"Person","@id":"https:\/\/www.em.com.br\/emfoco\/#\/schema\/person\/1c9ddeab18b98abeffef834667bcf08a","name":"Gabriel Martins","image":{"@type":"ImageObject","inLanguage":"pt-BR","@id":"https:\/\/www.em.com.br\/emfoco\/#\/schema\/person\/image\/","url":"https:\/\/secure.gravatar.com\/avatar\/f0f1e2efdfd88f1ad2cb08c5c2731e50?s=96&d=mm&r=g","contentUrl":"https:\/\/secure.gravatar.com\/avatar\/f0f1e2efdfd88f1ad2cb08c5c2731e50?s=96&d=mm&r=g","caption":"Gabriel Martins"},"sameAs":["https:\/\/www.em.com.br\/emfoco\/"],"url":"https:\/\/www.em.com.br\/emfoco\/author\/gabrielmartinsmyth\/"}]}},"_links":{"self":[{"href":"https:\/\/www.em.com.br\/emfoco\/wp-json\/wp\/v2\/posts\/123964","targetHints":{"allow":["GET"]}}],"collection":[{"href":"https:\/\/www.em.com.br\/emfoco\/wp-json\/wp\/v2\/posts"}],"about":[{"href":"https:\/\/www.em.com.br\/emfoco\/wp-json\/wp\/v2\/types\/post"}],"author":[{"embeddable":true,"href":"https:\/\/www.em.com.br\/emfoco\/wp-json\/wp\/v2\/users\/13"}],"replies":[{"embeddable":true,"href":"https:\/\/www.em.com.br\/emfoco\/wp-json\/wp\/v2\/comments?post=123964"}],"version-history":[{"count":1,"href":"https:\/\/www.em.com.br\/emfoco\/wp-json\/wp\/v2\/posts\/123964\/revisions"}],"predecessor-version":[{"id":123976,"href":"https:\/\/www.em.com.br\/emfoco\/wp-json\/wp\/v2\/posts\/123964\/revisions\/123976"}],"wp:featuredmedia":[{"embeddable":true,"href":"https:\/\/www.em.com.br\/emfoco\/wp-json\/wp\/v2\/media\/123973"}],"wp:attachment":[{"href":"https:\/\/www.em.com.br\/emfoco\/wp-json\/wp\/v2\/media?parent=123964"}],"wp:term":[{"taxonomy":"category","embeddable":true,"href":"https:\/\/www.em.com.br\/emfoco\/wp-json\/wp\/v2\/categories?post=123964"},{"taxonomy":"post_tag","embeddable":true,"href":"https:\/\/www.em.com.br\/emfoco\/wp-json\/wp\/v2\/tags?post=123964"}],"curies":[{"name":"wp","href":"https:\/\/api.w.org\/{rel}","templated":true}]}}