{"id":123905,"date":"2025-11-08T21:15:00","date_gmt":"2025-11-09T00:15:00","guid":{"rendered":"https:\/\/www.em.com.br\/emfoco\/?p=123905"},"modified":"2025-11-05T18:54:17","modified_gmt":"2025-11-05T21:54:17","slug":"pilates-e-o-unico-treino-que-cuida-da-sua-coluna-e-da-sua-cabeca-ao-mesmo-tempo","status":"publish","type":"post","link":"https:\/\/www.em.com.br\/emfoco\/2025\/11\/08\/pilates-e-o-unico-treino-que-cuida-da-sua-coluna-e-da-sua-cabeca-ao-mesmo-tempo\/","title":{"rendered":"Pilates \u00e9 o \u00fanico treino que cuida da sua coluna e da sua cabe\u00e7a ao mesmo tempo"},"content":{"rendered":"\n<p><strong>Pilates<\/strong> oferece condicionamento f\u00edsico, melhora postura e trabalha o centro de for\u00e7a, elevando a consci\u00eancia corporal de forma integrada. Al\u00e9m disso, a pr\u00e1tica favorece equil\u00edbrio emocional e reduz tens\u00f5es que se acumulam no ritmo acelerado da vida moderna.<\/p>\n\n\n\n<h2 class=\"wp-block-heading\">O pilates fortalece mesmo m\u00fasculos profundos?<\/h2>\n\n\n\n<p>Ao ativar o <strong>core<\/strong>, o m\u00e9todo desenvolve estabilidade e sustenta\u00e7\u00e3o, melhorando o posicionamento da coluna em repouso e movimento. Essa ativa\u00e7\u00e3o reduz dores recorrentes decorrentes de vida sedent\u00e1ria, principalmente em quem passa horas sentado em cadeira sem apoio adequado.<\/p>\n\n\n\n<p>O trabalho \u00e9 inteligente, com foco em <strong>qualidade de movimento<\/strong> e n\u00e3o apenas repeti\u00e7\u00e3o mec\u00e2nica. A respira\u00e7\u00e3o coordenada com os exerc\u00edcios estimula foco e conex\u00e3o com o corpo, um dos grandes diferenciais que tornam o m\u00e9todo mais eficiente que treinos com pressa.<\/p>\n\n\n\n<figure class=\"wp-block-image size-large\"><img loading=\"lazy\" decoding=\"async\" width=\"1024\" height=\"576\" src=\"https:\/\/www.em.com.br\/emfoco\/wp-content\/uploads\/2025\/11\/pilates_1762379624621-1024x576.jpg\" alt=\"Pilates \u00e9 o \u00fanico treino que cuida da sua coluna e da sua cabe\u00e7a ao mesmo tempo\" class=\"wp-image-123927\" srcset=\"https:\/\/www.em.com.br\/emfoco\/wp-content\/uploads\/2025\/11\/pilates_1762379624621-1024x576.jpg 1024w, https:\/\/www.em.com.br\/emfoco\/wp-content\/uploads\/2025\/11\/pilates_1762379624621-300x169.jpg 300w, https:\/\/www.em.com.br\/emfoco\/wp-content\/uploads\/2025\/11\/pilates_1762379624621-768x432.jpg 768w, https:\/\/www.em.com.br\/emfoco\/wp-content\/uploads\/2025\/11\/pilates_1762379624621-750x422.jpg 750w, https:\/\/www.em.com.br\/emfoco\/wp-content\/uploads\/2025\/11\/pilates_1762379624621-1140x641.jpg 1140w, https:\/\/www.em.com.br\/emfoco\/wp-content\/uploads\/2025\/11\/pilates_1762379624621.jpg 1280w\" sizes=\"auto, (max-width: 1024px) 100vw, 1024px\" \/><figcaption class=\"wp-element-caption\">Respira\u00e7\u00e3o coordenada aumenta foco e potencializa qualidade de movimento &#8211; Cr\u00e9ditos: depositphotos.com \/ AllaSerebrina<\/figcaption><\/figure>\n\n\n\n<p><em>Leia mais: <strong><a href=\"https:\/\/www.em.com.br\/emfoco\/2025\/09\/12\/o-energetico-natural-mais-poderoso-para-foco-e-produtividade\/\" target=\"_blank\" rel=\"noreferrer noopener\">O energ\u00e9tico natural mais poderoso para foco e produtividade<\/a><\/strong><\/em><\/p>\n\n\n\n<h2 class=\"wp-block-heading\">Quais resultados o pilates entrega na rotina?<\/h2>\n\n\n\n<p>Os resultados ficam evidentes em poucas semanas porque o m\u00e9todo trabalha <strong>for\u00e7a funcional<\/strong> e mobilidade ao mesmo tempo. Isso impacta na <strong><a href=\"https:\/\/www.psicologossaopaulo.com.br\/blog\/desenvolver-mais-autonomia-dia-a-dia\/\" target=\"_blank\" rel=\"noreferrer noopener\">autonomia di\u00e1ria<\/a><\/strong>, melhora o caminhar, alivia tens\u00f5es no pesco\u00e7o e aumenta disposi\u00e7\u00e3o para tarefas comuns.<\/p>\n\n\n\n<ul class=\"wp-block-list\">\n<li><strong>Flexibilidade <\/strong>\u2014 aumenta a amplitude de movimento com seguran\u00e7a articular<\/li>\n\n\n\n<li><strong>Postura alinhada<\/strong> \u2014 reduz sobrecarga lombar e cervical ao longo do dia<\/li>\n\n\n\n<li><strong>Concentra\u00e7\u00e3o mental<\/strong> \u2014 melhora foco e reduz ansiedade durante os treinos<\/li>\n<\/ul>\n\n\n\n<h2 class=\"wp-block-heading\">Quem pode praticar pilates com seguran\u00e7a?<\/h2>\n\n\n\n<p>O m\u00e9todo \u00e9 extremamente vers\u00e1til e pode ser ajustado conforme idade, limita\u00e7\u00f5es e objetivos, tornando o <strong>treino personalizado<\/strong> poss\u00edvel mesmo em pessoas com dor cr\u00f4nica. Idosos, iniciantes e atletas encontram protocolos espec\u00edficos para sua realidade e limita\u00e7\u00e3o.<\/p>\n\n\n\n<p>A orienta\u00e7\u00e3o profissional garante mapeamento de restri\u00e7\u00f5es, permitindo avan\u00e7ar em <strong>progress\u00e3o gradual<\/strong> sem comprometer articula\u00e7\u00f5es. A adapta\u00e7\u00e3o de carga \u00e9 progressiva, o que reduz riscos e torna a evolu\u00e7\u00e3o mais consciente, com aten\u00e7\u00e3o direta ao corpo real do aluno.<\/p>\n\n\n\n<figure class=\"wp-block-image size-large\"><img loading=\"lazy\" decoding=\"async\" width=\"1024\" height=\"576\" src=\"https:\/\/www.em.com.br\/emfoco\/wp-content\/uploads\/2025\/11\/pilates_1762379647863-1024x576.jpg\" alt=\"Pilates \u00e9 o \u00fanico treino que cuida da sua coluna e da sua cabe\u00e7a ao mesmo tempo\" class=\"wp-image-123928\" srcset=\"https:\/\/www.em.com.br\/emfoco\/wp-content\/uploads\/2025\/11\/pilates_1762379647863-1024x576.jpg 1024w, https:\/\/www.em.com.br\/emfoco\/wp-content\/uploads\/2025\/11\/pilates_1762379647863-300x169.jpg 300w, https:\/\/www.em.com.br\/emfoco\/wp-content\/uploads\/2025\/11\/pilates_1762379647863-768x432.jpg 768w, https:\/\/www.em.com.br\/emfoco\/wp-content\/uploads\/2025\/11\/pilates_1762379647863-750x422.jpg 750w, https:\/\/www.em.com.br\/emfoco\/wp-content\/uploads\/2025\/11\/pilates_1762379647863-1140x641.jpg 1140w, https:\/\/www.em.com.br\/emfoco\/wp-content\/uploads\/2025\/11\/pilates_1762379647863.jpg 1280w\" sizes=\"auto, (max-width: 1024px) 100vw, 1024px\" \/><figcaption class=\"wp-element-caption\">Adapta\u00e7\u00e3o de carga torna treino seguro at\u00e9 para pessoas com dor cr\u00f4nica &#8211; Cr\u00e9ditos: depositphotos.com \/ pressmaster<\/figcaption><\/figure>\n\n\n\n<h2 class=\"wp-block-heading\">Quais cuidados ajudam a potencializar o efeito do pilates?<\/h2>\n\n\n\n<p>Pequenos ajustes antes e depois da aula ampliam efeitos da pr\u00e1tica e ajudam o corpo a responder melhor. \u00c9 uma forma de criar rotina cont\u00ednua de autocuidado que fortalece h\u00e1bitos mais saud\u00e1veis ao longo do tempo e refor\u00e7a a conex\u00e3o f\u00edsico-emocional.<\/p>\n\n\n\n<ul class=\"wp-block-list\">\n<li><strong>Hidrate antes e ap\u00f3s<\/strong> \u2014 a \u00e1gua facilita performance muscular sem fadiga r\u00e1pida<\/li>\n\n\n\n<li><strong>Durma bem<\/strong> \u2014 a recupera\u00e7\u00e3o otimiza <strong>mem\u00f3ria motora<\/strong> das sequ\u00eancias treinadas<\/li>\n\n\n\n<li><strong>Alimente-se leve<\/strong> \u2014 refei\u00e7\u00f5es pesadas dificultam mobilidade e respira\u00e7\u00e3o correta<\/li>\n<\/ul>\n","protected":false},"excerpt":{"rendered":"<p>Pilates oferece condicionamento f\u00edsico, melhora postura e trabalha o centro de for\u00e7a, elevando a consci\u00eancia corporal de forma integrada. Al\u00e9m disso, a pr\u00e1tica favorece equil\u00edbrio emocional e reduz tens\u00f5es que se acumulam no ritmo acelerado da vida moderna. O pilates fortalece mesmo m\u00fasculos profundos? Ao ativar o core, o m\u00e9todo desenvolve estabilidade e sustenta\u00e7\u00e3o, melhorando [&hellip;]<\/p>\n","protected":false},"author":13,"featured_media":123926,"comment_status":"open","ping_status":"open","sticky":false,"template":"","format":"standard","meta":{"jnews-multi-image_gallery":[],"jnews_single_post":{"format":"standard"},"jnews_primary_category":[],"jnews_social_meta":[],"jnews_override_counter":[],"footnotes":""},"categories":[9053],"tags":[18494,18493,10147],"class_list":["post-123905","post","type-post","status-publish","format-standard","has-post-thumbnail","hentry","category-saude","tag-flebixilidade","tag-foca-funcional","tag-pilates"],"yoast_head":"<!-- This site is optimized with the Yoast SEO plugin v23.8 - https:\/\/yoast.com\/wordpress\/plugins\/seo\/ -->\n<title>Pilates \u00e9 o \u00fanico treino que cuida da sua coluna e da sua cabe\u00e7a ao mesmo tempo - Estado de Minas - Em foco<\/title>\n<meta name=\"description\" content=\"Dor nas costas, cansa\u00e7o e ansiedade? O pilates entrega al\u00edvio f\u00edsico e mental com resultados que aparecem r\u00e1pido e de forma leve.\" \/>\n<meta name=\"robots\" content=\"index, follow, max-snippet:-1, max-image-preview:large, max-video-preview:-1\" \/>\n<link rel=\"canonical\" href=\"https:\/\/www.em.com.br\/emfoco\/2025\/11\/08\/pilates-e-o-unico-treino-que-cuida-da-sua-coluna-e-da-sua-cabeca-ao-mesmo-tempo\/\" \/>\n<meta property=\"og:locale\" content=\"pt_BR\" \/>\n<meta property=\"og:type\" content=\"article\" \/>\n<meta property=\"og:title\" content=\"Pilates \u00e9 o \u00fanico treino que cuida da sua coluna e da sua cabe\u00e7a ao mesmo tempo - Estado de Minas - Em foco\" \/>\n<meta property=\"og:description\" content=\"Dor nas costas, cansa\u00e7o e ansiedade? O pilates entrega al\u00edvio f\u00edsico e mental com resultados que aparecem r\u00e1pido e de forma leve.\" \/>\n<meta property=\"og:url\" content=\"https:\/\/www.em.com.br\/emfoco\/2025\/11\/08\/pilates-e-o-unico-treino-que-cuida-da-sua-coluna-e-da-sua-cabeca-ao-mesmo-tempo\/\" \/>\n<meta property=\"og:site_name\" content=\"Estado de Minas - Em foco\" \/>\n<meta property=\"article:published_time\" content=\"2025-11-09T00:15:00+00:00\" \/>\n<meta property=\"article:modified_time\" content=\"2025-11-05T21:54:17+00:00\" \/>\n<meta property=\"og:image\" content=\"https:\/\/www.em.com.br\/emfoco\/wp-content\/uploads\/2025\/11\/pilates_1762379588141.jpg\" \/>\n\t<meta property=\"og:image:width\" content=\"1280\" \/>\n\t<meta property=\"og:image:height\" content=\"720\" \/>\n\t<meta property=\"og:image:type\" content=\"image\/jpeg\" \/>\n<meta name=\"author\" content=\"Gabriel Martins\" \/>\n<meta name=\"twitter:card\" content=\"summary_large_image\" \/>\n<meta name=\"twitter:label1\" content=\"Escrito por\" \/>\n\t<meta name=\"twitter:data1\" content=\"Gabriel Martins\" \/>\n\t<meta name=\"twitter:label2\" content=\"Est. tempo de leitura\" \/>\n\t<meta name=\"twitter:data2\" content=\"3 minutos\" \/>\n<!-- \/ Yoast SEO plugin. -->","yoast_head_json":{"title":"Pilates \u00e9 o \u00fanico treino que cuida da sua coluna e da sua cabe\u00e7a ao mesmo tempo - Estado de Minas - Em foco","description":"Dor nas costas, cansa\u00e7o e ansiedade? O pilates entrega al\u00edvio f\u00edsico e mental com resultados que aparecem r\u00e1pido e de forma leve.","robots":{"index":"index","follow":"follow","max-snippet":"max-snippet:-1","max-image-preview":"max-image-preview:large","max-video-preview":"max-video-preview:-1"},"canonical":"https:\/\/www.em.com.br\/emfoco\/2025\/11\/08\/pilates-e-o-unico-treino-que-cuida-da-sua-coluna-e-da-sua-cabeca-ao-mesmo-tempo\/","og_locale":"pt_BR","og_type":"article","og_title":"Pilates \u00e9 o \u00fanico treino que cuida da sua coluna e da sua cabe\u00e7a ao mesmo tempo - Estado de Minas - Em foco","og_description":"Dor nas costas, cansa\u00e7o e ansiedade? O pilates entrega al\u00edvio f\u00edsico e mental com resultados que aparecem r\u00e1pido e de forma leve.","og_url":"https:\/\/www.em.com.br\/emfoco\/2025\/11\/08\/pilates-e-o-unico-treino-que-cuida-da-sua-coluna-e-da-sua-cabeca-ao-mesmo-tempo\/","og_site_name":"Estado de Minas - Em foco","article_published_time":"2025-11-09T00:15:00+00:00","article_modified_time":"2025-11-05T21:54:17+00:00","og_image":[{"width":1280,"height":720,"url":"https:\/\/www.em.com.br\/emfoco\/wp-content\/uploads\/2025\/11\/pilates_1762379588141.jpg","type":"image\/jpeg"}],"author":"Gabriel Martins","twitter_card":"summary_large_image","twitter_misc":{"Escrito por":"Gabriel Martins","Est. tempo de leitura":"3 minutos"},"schema":{"@context":"https:\/\/schema.org","@graph":[{"@type":"WebPage","@id":"https:\/\/www.em.com.br\/emfoco\/2025\/11\/08\/pilates-e-o-unico-treino-que-cuida-da-sua-coluna-e-da-sua-cabeca-ao-mesmo-tempo\/","url":"https:\/\/www.em.com.br\/emfoco\/2025\/11\/08\/pilates-e-o-unico-treino-que-cuida-da-sua-coluna-e-da-sua-cabeca-ao-mesmo-tempo\/","name":"Pilates \u00e9 o \u00fanico treino que cuida da sua coluna e da sua cabe\u00e7a ao mesmo tempo - Estado de Minas - Em foco","isPartOf":{"@id":"https:\/\/www.em.com.br\/emfoco\/#website"},"primaryImageOfPage":{"@id":"https:\/\/www.em.com.br\/emfoco\/2025\/11\/08\/pilates-e-o-unico-treino-que-cuida-da-sua-coluna-e-da-sua-cabeca-ao-mesmo-tempo\/#primaryimage"},"image":{"@id":"https:\/\/www.em.com.br\/emfoco\/2025\/11\/08\/pilates-e-o-unico-treino-que-cuida-da-sua-coluna-e-da-sua-cabeca-ao-mesmo-tempo\/#primaryimage"},"thumbnailUrl":"https:\/\/www.em.com.br\/emfoco\/wp-content\/uploads\/2025\/11\/pilates_1762379588141.jpg","datePublished":"2025-11-09T00:15:00+00:00","dateModified":"2025-11-05T21:54:17+00:00","author":{"@id":"https:\/\/www.em.com.br\/emfoco\/#\/schema\/person\/1c9ddeab18b98abeffef834667bcf08a"},"description":"Dor nas costas, cansa\u00e7o e ansiedade? O pilates entrega al\u00edvio f\u00edsico e mental com resultados que aparecem r\u00e1pido e de forma leve.","breadcrumb":{"@id":"https:\/\/www.em.com.br\/emfoco\/2025\/11\/08\/pilates-e-o-unico-treino-que-cuida-da-sua-coluna-e-da-sua-cabeca-ao-mesmo-tempo\/#breadcrumb"},"inLanguage":"pt-BR","potentialAction":[{"@type":"ReadAction","target":["https:\/\/www.em.com.br\/emfoco\/2025\/11\/08\/pilates-e-o-unico-treino-que-cuida-da-sua-coluna-e-da-sua-cabeca-ao-mesmo-tempo\/"]}]},{"@type":"ImageObject","inLanguage":"pt-BR","@id":"https:\/\/www.em.com.br\/emfoco\/2025\/11\/08\/pilates-e-o-unico-treino-que-cuida-da-sua-coluna-e-da-sua-cabeca-ao-mesmo-tempo\/#primaryimage","url":"https:\/\/www.em.com.br\/emfoco\/wp-content\/uploads\/2025\/11\/pilates_1762379588141.jpg","contentUrl":"https:\/\/www.em.com.br\/emfoco\/wp-content\/uploads\/2025\/11\/pilates_1762379588141.jpg","width":1280,"height":720,"caption":"Pilates ativa m\u00fasculos profundos e melhora sustenta\u00e7\u00e3o natural da coluna - Cr\u00e9ditos: depositphotos.com \/ AllaSerebrina"},{"@type":"BreadcrumbList","@id":"https:\/\/www.em.com.br\/emfoco\/2025\/11\/08\/pilates-e-o-unico-treino-que-cuida-da-sua-coluna-e-da-sua-cabeca-ao-mesmo-tempo\/#breadcrumb","itemListElement":[{"@type":"ListItem","position":1,"name":"In\u00edcio","item":"https:\/\/www.em.com.br\/emfoco\/"},{"@type":"ListItem","position":2,"name":"Pilates \u00e9 o \u00fanico treino que cuida da sua coluna e da sua cabe\u00e7a ao mesmo tempo"}]},{"@type":"WebSite","@id":"https:\/\/www.em.com.br\/emfoco\/#website","url":"https:\/\/www.em.com.br\/emfoco\/","name":"Estado de Minas - Em foco","description":"Acompanhe as \u00faltimas not\u00edcias e fique bem informado sobre tudo o que acontece em Minas Gerais, Brasil e no mundo.","potentialAction":[{"@type":"SearchAction","target":{"@type":"EntryPoint","urlTemplate":"https:\/\/www.em.com.br\/emfoco\/?s={search_term_string}"},"query-input":{"@type":"PropertyValueSpecification","valueRequired":true,"valueName":"search_term_string"}}],"inLanguage":"pt-BR"},{"@type":"Person","@id":"https:\/\/www.em.com.br\/emfoco\/#\/schema\/person\/1c9ddeab18b98abeffef834667bcf08a","name":"Gabriel Martins","image":{"@type":"ImageObject","inLanguage":"pt-BR","@id":"https:\/\/www.em.com.br\/emfoco\/#\/schema\/person\/image\/","url":"https:\/\/secure.gravatar.com\/avatar\/f0f1e2efdfd88f1ad2cb08c5c2731e50?s=96&d=mm&r=g","contentUrl":"https:\/\/secure.gravatar.com\/avatar\/f0f1e2efdfd88f1ad2cb08c5c2731e50?s=96&d=mm&r=g","caption":"Gabriel Martins"},"sameAs":["https:\/\/www.em.com.br\/emfoco\/"],"url":"https:\/\/www.em.com.br\/emfoco\/author\/gabrielmartinsmyth\/"}]}},"_links":{"self":[{"href":"https:\/\/www.em.com.br\/emfoco\/wp-json\/wp\/v2\/posts\/123905","targetHints":{"allow":["GET"]}}],"collection":[{"href":"https:\/\/www.em.com.br\/emfoco\/wp-json\/wp\/v2\/posts"}],"about":[{"href":"https:\/\/www.em.com.br\/emfoco\/wp-json\/wp\/v2\/types\/post"}],"author":[{"embeddable":true,"href":"https:\/\/www.em.com.br\/emfoco\/wp-json\/wp\/v2\/users\/13"}],"replies":[{"embeddable":true,"href":"https:\/\/www.em.com.br\/emfoco\/wp-json\/wp\/v2\/comments?post=123905"}],"version-history":[{"count":1,"href":"https:\/\/www.em.com.br\/emfoco\/wp-json\/wp\/v2\/posts\/123905\/revisions"}],"predecessor-version":[{"id":123929,"href":"https:\/\/www.em.com.br\/emfoco\/wp-json\/wp\/v2\/posts\/123905\/revisions\/123929"}],"wp:featuredmedia":[{"embeddable":true,"href":"https:\/\/www.em.com.br\/emfoco\/wp-json\/wp\/v2\/media\/123926"}],"wp:attachment":[{"href":"https:\/\/www.em.com.br\/emfoco\/wp-json\/wp\/v2\/media?parent=123905"}],"wp:term":[{"taxonomy":"category","embeddable":true,"href":"https:\/\/www.em.com.br\/emfoco\/wp-json\/wp\/v2\/categories?post=123905"},{"taxonomy":"post_tag","embeddable":true,"href":"https:\/\/www.em.com.br\/emfoco\/wp-json\/wp\/v2\/tags?post=123905"}],"curies":[{"name":"wp","href":"https:\/\/api.w.org\/{rel}","templated":true}]}}