{"id":12385,"date":"2025-01-29T06:40:00","date_gmt":"2025-01-29T09:40:00","guid":{"rendered":"https:\/\/www.em.com.br\/emfoco\/?p=12385"},"modified":"2025-01-27T18:39:01","modified_gmt":"2025-01-27T21:39:01","slug":"novo-turismo-com-essencia-cearense","status":"publish","type":"post","link":"https:\/\/www.em.com.br\/emfoco\/2025\/01\/29\/novo-turismo-com-essencia-cearense\/","title":{"rendered":"Novo Turismo com Ess\u00eancia Cearense"},"content":{"rendered":"\n<p>A cidade de Fortaleza, localizada no nordeste brasileiro, \u00e9 um dos destinos mais visitados do pa\u00eds, conhecida por suas <strong>praias de tirar o f\u00f4lego<\/strong> e pela vibrante cena cultural. A capital do <strong><a href=\"https:\/\/www.em.com.br\/emfoco\/2025\/01\/18\/voce-precisa-conhecer-um-os-estados-com-maior-geracao-de-empregos-do-brasil\/\" target=\"_blank\" rel=\"noreferrer noopener\">Cear\u00e1<\/a><\/strong> convida seus visitantes a desfrutarem de um clima ensolarado na maior parte do ano, al\u00e9m de oferecer uma experi\u00eancia enriquecedora atrav\u00e9s de sua culin\u00e1ria diversificada e seu artesanato famoso. Fortaleza tem se consolidado como um ponto de encontro entre turistas em busca de beleza natural e aqueles interessados em tradi\u00e7\u00f5es culturais aut\u00eanticas.<\/p>\n\n\n\n<p>Fundada em 1726, essa cidade de mais de dois milh\u00f5es de habitantes, de acordo com os dados do <strong><a href=\"https:\/\/www.ibge.gov.br\/\" target=\"_blank\" rel=\"noreferrer noopener\">IBGE<\/a><\/strong> de 2023, n\u00e3o s\u00f3 \u00e9 rica em belezas naturais, mas tamb\u00e9m em hist\u00f3ria e cultura. A cidade \u00e9 um dos polos culturais mais importantes do Nordeste, abrigando festivais que celebram o <em>forr\u00f3<\/em> e outros ritmos regionais, al\u00e9m de ser o ber\u00e7o de grandes humoristas que integram a identidade local.<\/p>\n\n\n\n<h2 class=\"wp-block-heading\">Qual \u00e9 a Ess\u00eancia das Praias de Fortaleza?<\/h2>\n\n\n\n<p>As praias de Fortaleza s\u00e3o uma atra\u00e7\u00e3o indispens\u00e1vel para qualquer visitante. Entre elas, a Praia do Futuro se destaca por suas \u00e1guas limpas e a estrutura de suas barracas, que oferecem de tudo um pouco, desde petiscos e refei\u00e7\u00f5es at\u00e9 servi\u00e7os como aluguel de guarda-s\u00f3is. Por outro lado, a Praia de Iracema encanta pela sua vista espetacular do p\u00f4r do sol e pela agita\u00e7\u00e3o noturna. Ambas s\u00e3o exemplos perfeitos de como Fortaleza consegue equilibrar tranquilidade e divers\u00e3o.<\/p>\n\n\n\n<figure class=\"wp-block-image size-large\"><img loading=\"lazy\" decoding=\"async\" width=\"1024\" height=\"576\" src=\"https:\/\/www.em.com.br\/emfoco\/wp-content\/uploads\/2024\/11\/Fortaleza_Brazil_4_cropped-e1732879361395-1024x576.jpg\" alt=\"Veja as Melhores Cidades do Nordeste para Viver em 2025\" class=\"wp-image-2199\" srcset=\"https:\/\/www.em.com.br\/emfoco\/wp-content\/uploads\/2024\/11\/Fortaleza_Brazil_4_cropped-e1732879361395-1024x576.jpg 1024w, https:\/\/www.em.com.br\/emfoco\/wp-content\/uploads\/2024\/11\/Fortaleza_Brazil_4_cropped-e1732879361395-300x169.jpg 300w, https:\/\/www.em.com.br\/emfoco\/wp-content\/uploads\/2024\/11\/Fortaleza_Brazil_4_cropped-e1732879361395-768x432.jpg 768w, https:\/\/www.em.com.br\/emfoco\/wp-content\/uploads\/2024\/11\/Fortaleza_Brazil_4_cropped-e1732879361395-750x422.jpg 750w, https:\/\/www.em.com.br\/emfoco\/wp-content\/uploads\/2024\/11\/Fortaleza_Brazil_4_cropped-e1732879361395.jpg 1075w\" sizes=\"auto, (max-width: 1024px) 100vw, 1024px\" \/><figcaption class=\"wp-element-caption\">Fortaleza &#8211; Cr\u00e9ditos: Wikimedia Commons<\/figcaption><\/figure>\n\n\n\n<h2 class=\"wp-block-heading\">Quais Atra\u00e7\u00f5es Culturais Fortaleza Oferece?<\/h2>\n\n\n\n<p>Fortaleza n\u00e3o \u00e9 s\u00f3 sobre praias; sua cena cultural \u00e9 igualmente emocionante. O Centro Drag\u00e3o do Mar de Arte e Cultura \u00e9 um ponto de encontro para a arte contempor\u00e2nea e a tradi\u00e7\u00e3o. Com teatros, cinemas e museus, o complexo oferece uma programa\u00e7\u00e3o diversa, seja para quem j\u00e1 conhece a cultura local ou para quem a est\u00e1 descobrindo. Al\u00e9m disso, explorar o Mercado Central de Fortaleza e a Feirinha da Beira-Mar proporciona uma imers\u00e3o total no artesanato t\u00edpico, revelando pe\u00e7as como redes e artigos de renda que s\u00e3o verdadeiras obras de arte.<\/p>\n\n\n\n<h2 class=\"wp-block-heading\">Que Pap\u00e9is Fortalezas Desempenham na Culin\u00e1ria?<\/h2>\n\n\n\n<p>Quando se fala em culin\u00e1ria, Fortaleza \u00e9 um banquete de sabores a serem explorados. A cidade oferece pratos tradicionais como a peixada cearense e o famoso bai\u00e3o de dois, que equilibram a riqueza dos ingredientes locais. Tamb\u00e9m \u00e9 o lugar certo para experimentar doces \u00e0 base de rapadura e diversas varia\u00e7\u00f5es de tapiocas, uma del\u00edcia que \u00e9 ao mesmo tempo, simples e complexa em seus sabores. Quem deseja uma experi\u00eancia aut\u00eantica vai encontrar em Fortaleza muitos restaurantes e quiosques que valorizam as receitas locais a pre\u00e7os acess\u00edveis.<\/p>\n\n\n\n<h2 class=\"wp-block-heading\">Vale a Pena Visitar Fortaleza?<\/h2>\n\n\n\n<p>Com uma mistura de <strong>beleza natural e riqueza cultural<\/strong>, Fortaleza se revela um destino inigual\u00e1vel. Seja para aproveitar o sol em suas praias paradis\u00edacas, mergulhar na cultura local atrav\u00e9s de suas festas e eventos, ou simplesmente desfrutar da hospitalidade calorosa de seu povo, a cidade cearense \u00e9 ideal para quem busca uma experi\u00eancia completa. E, al\u00e9m disso, cada esquina da cidade respira uma hospitalidade que conquista, tornando a viagem algo mais que apenas lazer, mas um encontro inesquec\u00edvel com a ess\u00eancia da cultura nordestina. Preparar uma viagem a Fortaleza \u00e9 uma oportunidade de se conectar com a parte mais radiante do Brasil.<\/p>\n","protected":false},"excerpt":{"rendered":"<p>A cidade de Fortaleza, localizada no nordeste brasileiro, \u00e9 um dos destinos mais visitados do pa\u00eds, conhecida por suas praias de tirar o f\u00f4lego e pela vibrante cena cultural. A capital do Cear\u00e1 convida seus visitantes a desfrutarem de um clima ensolarado na maior parte do ano, al\u00e9m de oferecer uma experi\u00eancia enriquecedora atrav\u00e9s de [&hellip;]<\/p>\n","protected":false},"author":5,"featured_media":12392,"comment_status":"open","ping_status":"open","sticky":false,"template":"","format":"standard","meta":{"jnews-multi-image_gallery":[],"jnews_single_post":{"format":"standard"},"jnews_primary_category":[],"jnews_social_meta":[],"jnews_override_counter":[],"footnotes":""},"categories":[26,1],"tags":[1441,1189,1184,157],"class_list":["post-12385","post","type-post","status-publish","format-standard","has-post-thumbnail","hentry","category-cidades","category-noticias","tag-curiosidades","tag-fortaleza","tag-nordeste","tag-turismo"],"yoast_head":"<!-- This site is optimized with the Yoast SEO plugin v23.8 - https:\/\/yoast.com\/wordpress\/plugins\/seo\/ -->\n<title>Novo Turismo com Ess\u00eancia Cearense - Estado de Minas - Em foco<\/title>\n<meta name=\"description\" content=\"Planeje sua viagem para Fortaleza e aproveite o melhor do Nordeste brasileiro. Sol, mar, cultura e muita divers\u00e3o te esperam!\" \/>\n<meta name=\"robots\" content=\"index, follow, max-snippet:-1, max-image-preview:large, max-video-preview:-1\" \/>\n<link rel=\"canonical\" href=\"https:\/\/www.em.com.br\/emfoco\/2025\/01\/29\/novo-turismo-com-essencia-cearense\/\" \/>\n<meta property=\"og:locale\" content=\"pt_BR\" \/>\n<meta property=\"og:type\" content=\"article\" \/>\n<meta property=\"og:title\" content=\"Novo Turismo com Ess\u00eancia Cearense - Estado de Minas - Em foco\" \/>\n<meta property=\"og:description\" content=\"Planeje sua viagem para Fortaleza e aproveite o melhor do Nordeste brasileiro. Sol, mar, cultura e muita divers\u00e3o te esperam!\" \/>\n<meta property=\"og:url\" content=\"https:\/\/www.em.com.br\/emfoco\/2025\/01\/29\/novo-turismo-com-essencia-cearense\/\" \/>\n<meta property=\"og:site_name\" content=\"Estado de Minas - Em foco\" \/>\n<meta property=\"article:published_time\" content=\"2025-01-29T09:40:00+00:00\" \/>\n<meta property=\"article:modified_time\" content=\"2025-01-27T21:39:01+00:00\" \/>\n<meta property=\"og:image\" content=\"https:\/\/www.em.com.br\/emfoco\/wp-content\/uploads\/2025\/01\/fortaleza_1737475451445.jpg\" \/>\n\t<meta property=\"og:image:width\" content=\"1280\" \/>\n\t<meta property=\"og:image:height\" content=\"720\" \/>\n\t<meta property=\"og:image:type\" content=\"image\/jpeg\" \/>\n<meta name=\"author\" content=\"N\u00fabia Rangel\" \/>\n<meta name=\"twitter:card\" content=\"summary_large_image\" \/>\n<meta name=\"twitter:label1\" content=\"Escrito por\" \/>\n\t<meta name=\"twitter:data1\" content=\"N\u00fabia Rangel\" \/>\n\t<meta name=\"twitter:label2\" content=\"Est. tempo de leitura\" \/>\n\t<meta name=\"twitter:data2\" content=\"4 minutos\" \/>\n<!-- \/ Yoast SEO plugin. -->","yoast_head_json":{"title":"Novo Turismo com Ess\u00eancia Cearense - Estado de Minas - Em foco","description":"Planeje sua viagem para Fortaleza e aproveite o melhor do Nordeste brasileiro. Sol, mar, cultura e muita divers\u00e3o te esperam!","robots":{"index":"index","follow":"follow","max-snippet":"max-snippet:-1","max-image-preview":"max-image-preview:large","max-video-preview":"max-video-preview:-1"},"canonical":"https:\/\/www.em.com.br\/emfoco\/2025\/01\/29\/novo-turismo-com-essencia-cearense\/","og_locale":"pt_BR","og_type":"article","og_title":"Novo Turismo com Ess\u00eancia Cearense - Estado de Minas - Em foco","og_description":"Planeje sua viagem para Fortaleza e aproveite o melhor do Nordeste brasileiro. Sol, mar, cultura e muita divers\u00e3o te esperam!","og_url":"https:\/\/www.em.com.br\/emfoco\/2025\/01\/29\/novo-turismo-com-essencia-cearense\/","og_site_name":"Estado de Minas - Em foco","article_published_time":"2025-01-29T09:40:00+00:00","article_modified_time":"2025-01-27T21:39:01+00:00","og_image":[{"width":1280,"height":720,"url":"https:\/\/www.em.com.br\/emfoco\/wp-content\/uploads\/2025\/01\/fortaleza_1737475451445.jpg","type":"image\/jpeg"}],"author":"N\u00fabia Rangel","twitter_card":"summary_large_image","twitter_misc":{"Escrito por":"N\u00fabia Rangel","Est. tempo de leitura":"4 minutos"},"schema":{"@context":"https:\/\/schema.org","@graph":[{"@type":"WebPage","@id":"https:\/\/www.em.com.br\/emfoco\/2025\/01\/29\/novo-turismo-com-essencia-cearense\/","url":"https:\/\/www.em.com.br\/emfoco\/2025\/01\/29\/novo-turismo-com-essencia-cearense\/","name":"Novo Turismo com Ess\u00eancia Cearense - Estado de Minas - Em foco","isPartOf":{"@id":"https:\/\/www.em.com.br\/emfoco\/#website"},"primaryImageOfPage":{"@id":"https:\/\/www.em.com.br\/emfoco\/2025\/01\/29\/novo-turismo-com-essencia-cearense\/#primaryimage"},"image":{"@id":"https:\/\/www.em.com.br\/emfoco\/2025\/01\/29\/novo-turismo-com-essencia-cearense\/#primaryimage"},"thumbnailUrl":"https:\/\/www.em.com.br\/emfoco\/wp-content\/uploads\/2025\/01\/fortaleza_1737475451445.jpg","datePublished":"2025-01-29T09:40:00+00:00","dateModified":"2025-01-27T21:39:01+00:00","author":{"@id":"https:\/\/www.em.com.br\/emfoco\/#\/schema\/person\/524437ef54f8a5d32591b143307f2e20"},"description":"Planeje sua viagem para Fortaleza e aproveite o melhor do Nordeste brasileiro. Sol, mar, cultura e muita divers\u00e3o te esperam!","breadcrumb":{"@id":"https:\/\/www.em.com.br\/emfoco\/2025\/01\/29\/novo-turismo-com-essencia-cearense\/#breadcrumb"},"inLanguage":"pt-BR","potentialAction":[{"@type":"ReadAction","target":["https:\/\/www.em.com.br\/emfoco\/2025\/01\/29\/novo-turismo-com-essencia-cearense\/"]}]},{"@type":"ImageObject","inLanguage":"pt-BR","@id":"https:\/\/www.em.com.br\/emfoco\/2025\/01\/29\/novo-turismo-com-essencia-cearense\/#primaryimage","url":"https:\/\/www.em.com.br\/emfoco\/wp-content\/uploads\/2025\/01\/fortaleza_1737475451445.jpg","contentUrl":"https:\/\/www.em.com.br\/emfoco\/wp-content\/uploads\/2025\/01\/fortaleza_1737475451445.jpg","width":1280,"height":720,"caption":"Fortaleza, Cear\u00e1 - Cr\u00e9ditos: depositphotos.com \/ fredcardoso"},{"@type":"BreadcrumbList","@id":"https:\/\/www.em.com.br\/emfoco\/2025\/01\/29\/novo-turismo-com-essencia-cearense\/#breadcrumb","itemListElement":[{"@type":"ListItem","position":1,"name":"In\u00edcio","item":"https:\/\/www.em.com.br\/emfoco\/"},{"@type":"ListItem","position":2,"name":"Novo Turismo com Ess\u00eancia Cearense"}]},{"@type":"WebSite","@id":"https:\/\/www.em.com.br\/emfoco\/#website","url":"https:\/\/www.em.com.br\/emfoco\/","name":"Estado de Minas - Em foco","description":"Acompanhe as \u00faltimas not\u00edcias e fique bem informado sobre tudo o que acontece em Minas Gerais, Brasil e no mundo.","potentialAction":[{"@type":"SearchAction","target":{"@type":"EntryPoint","urlTemplate":"https:\/\/www.em.com.br\/emfoco\/?s={search_term_string}"},"query-input":{"@type":"PropertyValueSpecification","valueRequired":true,"valueName":"search_term_string"}}],"inLanguage":"pt-BR"},{"@type":"Person","@id":"https:\/\/www.em.com.br\/emfoco\/#\/schema\/person\/524437ef54f8a5d32591b143307f2e20","name":"N\u00fabia Rangel","image":{"@type":"ImageObject","inLanguage":"pt-BR","@id":"https:\/\/www.em.com.br\/emfoco\/#\/schema\/person\/image\/","url":"https:\/\/secure.gravatar.com\/avatar\/47cff2827a5ba23c37e8068c86817ea4?s=96&d=mm&r=g","contentUrl":"https:\/\/secure.gravatar.com\/avatar\/47cff2827a5ba23c37e8068c86817ea4?s=96&d=mm&r=g","caption":"N\u00fabia Rangel"},"sameAs":["https:\/\/www.em.com.br\/emfoco\/"],"url":"https:\/\/www.em.com.br\/emfoco\/author\/nubiamyth\/"}]}},"_links":{"self":[{"href":"https:\/\/www.em.com.br\/emfoco\/wp-json\/wp\/v2\/posts\/12385","targetHints":{"allow":["GET"]}}],"collection":[{"href":"https:\/\/www.em.com.br\/emfoco\/wp-json\/wp\/v2\/posts"}],"about":[{"href":"https:\/\/www.em.com.br\/emfoco\/wp-json\/wp\/v2\/types\/post"}],"author":[{"embeddable":true,"href":"https:\/\/www.em.com.br\/emfoco\/wp-json\/wp\/v2\/users\/5"}],"replies":[{"embeddable":true,"href":"https:\/\/www.em.com.br\/emfoco\/wp-json\/wp\/v2\/comments?post=12385"}],"version-history":[{"count":2,"href":"https:\/\/www.em.com.br\/emfoco\/wp-json\/wp\/v2\/posts\/12385\/revisions"}],"predecessor-version":[{"id":12396,"href":"https:\/\/www.em.com.br\/emfoco\/wp-json\/wp\/v2\/posts\/12385\/revisions\/12396"}],"wp:featuredmedia":[{"embeddable":true,"href":"https:\/\/www.em.com.br\/emfoco\/wp-json\/wp\/v2\/media\/12392"}],"wp:attachment":[{"href":"https:\/\/www.em.com.br\/emfoco\/wp-json\/wp\/v2\/media?parent=12385"}],"wp:term":[{"taxonomy":"category","embeddable":true,"href":"https:\/\/www.em.com.br\/emfoco\/wp-json\/wp\/v2\/categories?post=12385"},{"taxonomy":"post_tag","embeddable":true,"href":"https:\/\/www.em.com.br\/emfoco\/wp-json\/wp\/v2\/tags?post=12385"}],"curies":[{"name":"wp","href":"https:\/\/api.w.org\/{rel}","templated":true}]}}