{"id":123826,"date":"2025-11-06T20:35:00","date_gmt":"2025-11-06T23:35:00","guid":{"rendered":"https:\/\/www.em.com.br\/emfoco\/?p=123826"},"modified":"2025-11-05T18:35:00","modified_gmt":"2025-11-05T21:35:00","slug":"governo-implementa-um-novo-criterio-para-pagamento-das-aposentadorias-a-partir-deste-mes","status":"publish","type":"post","link":"https:\/\/www.em.com.br\/emfoco\/2025\/11\/06\/governo-implementa-um-novo-criterio-para-pagamento-das-aposentadorias-a-partir-deste-mes\/","title":{"rendered":"Governo implementa um novo crit\u00e9rio para pagamento das aposentadorias a partir deste m\u00eas"},"content":{"rendered":"\n<p>Em novembro de 2025, o <strong>Instituto Nacional do Seguro Social<\/strong> (INSS) tornar\u00e1 obrigat\u00f3rio o cadastro biom\u00e9trico para novos acessos e a manuten\u00e7\u00e3o de benef\u00edcios sociais, buscando evitar fraudes, garantir a correta identifica\u00e7\u00e3o dos benefici\u00e1rios e aprimorar a gest\u00e3o dos recursos p\u00fablicos.<\/p>\n\n\n\n<h2 class=\"wp-block-heading\">O que \u00e9 o Benef\u00edcio de Presta\u00e7\u00e3o Continuada e quem tem direito<\/h2>\n\n\n<div class=\"wp-block-image\">\n<figure class=\"aligncenter size-large\"><img loading=\"lazy\" decoding=\"async\" width=\"1024\" height=\"576\" src=\"https:\/\/www.em.com.br\/emfoco\/wp-content\/uploads\/2025\/08\/dinheiro-bandeira-do-brasil_1754133548856-1024x576.jpg\" alt=\"Aprenda a atualizar o Cad\u00danico no CRAS e n\u00e3o perca seus benef\u00edcios sociais\" class=\"wp-image-85843\" srcset=\"https:\/\/www.em.com.br\/emfoco\/wp-content\/uploads\/2025\/08\/dinheiro-bandeira-do-brasil_1754133548856-1024x576.jpg 1024w, https:\/\/www.em.com.br\/emfoco\/wp-content\/uploads\/2025\/08\/dinheiro-bandeira-do-brasil_1754133548856-300x169.jpg 300w, https:\/\/www.em.com.br\/emfoco\/wp-content\/uploads\/2025\/08\/dinheiro-bandeira-do-brasil_1754133548856-768x432.jpg 768w, https:\/\/www.em.com.br\/emfoco\/wp-content\/uploads\/2025\/08\/dinheiro-bandeira-do-brasil_1754133548856-750x422.jpg 750w, https:\/\/www.em.com.br\/emfoco\/wp-content\/uploads\/2025\/08\/dinheiro-bandeira-do-brasil_1754133548856-1140x641.jpg 1140w, https:\/\/www.em.com.br\/emfoco\/wp-content\/uploads\/2025\/08\/dinheiro-bandeira-do-brasil_1754133548856.jpg 1280w\" sizes=\"auto, (max-width: 1024px) 100vw, 1024px\" \/><figcaption class=\"wp-element-caption\">Cadastro biom\u00e9trico necess\u00e1rio para manter o recebimento do BPC pelos benefici\u00e1rios &#8211; Cr\u00e9ditos: depositphotos.com \/ gustavomello162.hotmail.com<\/figcaption><\/figure><\/div>\n\n\n<p>O <strong>Benef\u00edcio de Presta\u00e7\u00e3o Continuada<\/strong> (<a href=\"https:\/\/www.gov.br\/mds\/pt-br\/acoes-e-programas\/suas\/beneficios-assistenciais\/beneficio-assistencial-ao-idoso-e-a-pessoa-com-deficiencia-bpc\" target=\"_blank\" rel=\"noreferrer noopener\">BPC<\/a>) \u00e9 um programa do <strong>INSS <\/strong>voltado para idosos a partir de 65 anos e pessoas com defici\u00eancia de baixa renda. O principal crit\u00e9rio de acesso \u00e9 a renda familiar per capita, que em 2025 deve ser menor que 25% do sal\u00e1rio m\u00ednimo, atualmente fixado em R$ 1.518.<\/p>\n\n\n\n<p>Diferentemente da aposentadoria, n\u00e3o \u00e9 exigido hist\u00f3rico de contribui\u00e7\u00f5es para solicitar o <strong>BPC<\/strong>. Esse benef\u00edcio \u00e9 mantido pelo or\u00e7amento da Seguridade Social e existe para assegurar uma renda m\u00ednima \u00e0s popula\u00e7\u00f5es mais vulner\u00e1veis.<\/p>\n\n\n\n<h2 class=\"wp-block-heading\">Por que a biometria ser\u00e1 obrigat\u00f3ria no INSS<\/h2>\n\n\n\n<p>A implementa\u00e7\u00e3o da biometria no <strong>INSS <\/strong>busca combater fraudes e cadastros indevidos detectados por auditorias recentes em benef\u00edcios sociais e previdenci\u00e1rios. O sistema biom\u00e9trico utiliza reconhecimento facial e digital, assegurando que cada registro corresponda a uma \u00fanica pessoa e previne o uso indevido das informa\u00e7\u00f5es.<\/p>\n\n\n\n<p>A obrigatoriedade visa corrigir inconsist\u00eancias cadastrais, aprimorar o controle dos pagamentos e elevar o grau de confian\u00e7a nos dados dos programas sociais.<\/p>\n\n\n\n<p>Leia mais: <a href=\"https:\/\/www.em.com.br\/emfoco\/2025\/10\/26\/nova-regra-do-inss-muda-o-bpc-e-beneficia-milhares-de-brasileiros-com-deficiencia\/\" target=\"_blank\" rel=\"noreferrer noopener\">Nova regra do INSS muda o BPC e beneficia milhares de brasileiros com defici\u00eancia<\/a><\/p>\n\n\n\n<h2 class=\"wp-block-heading\">Veja onde e como fazer o cadastro biom\u00e9trico do INSS<\/h2>\n\n\n<div class=\"wp-block-image\">\n<figure class=\"aligncenter size-large\"><img loading=\"lazy\" decoding=\"async\" width=\"1024\" height=\"576\" src=\"https:\/\/www.em.com.br\/emfoco\/wp-content\/uploads\/2025\/06\/inss_1748997192246-1024x576.jpg\" alt=\"Veja 4 passos para usar o app Meu INSS e garantir seus benef\u00edcios\" class=\"wp-image-55204\" srcset=\"https:\/\/www.em.com.br\/emfoco\/wp-content\/uploads\/2025\/06\/inss_1748997192246-1024x576.jpg 1024w, https:\/\/www.em.com.br\/emfoco\/wp-content\/uploads\/2025\/06\/inss_1748997192246-300x169.jpg 300w, https:\/\/www.em.com.br\/emfoco\/wp-content\/uploads\/2025\/06\/inss_1748997192246-768x432.jpg 768w, https:\/\/www.em.com.br\/emfoco\/wp-content\/uploads\/2025\/06\/inss_1748997192246-750x422.jpg 750w, https:\/\/www.em.com.br\/emfoco\/wp-content\/uploads\/2025\/06\/inss_1748997192246-1140x641.jpg 1140w, https:\/\/www.em.com.br\/emfoco\/wp-content\/uploads\/2025\/06\/inss_1748997192246.jpg 1280w\" sizes=\"auto, (max-width: 1024px) 100vw, 1024px\" \/><figcaption class=\"wp-element-caption\">Cadastro biom\u00e9trico necess\u00e1rio para manter o recebimento do BPC pelos benefici\u00e1rios &#8211; Cr\u00e9ditos: depositphotos.com \/ rmcarvalhobsb<\/figcaption><\/figure><\/div>\n\n\n<p>Para facilitar a ades\u00e3o, o cadastro biom\u00e9trico ser\u00e1 realizado gratuitamente em locais familiares \u00e0 popula\u00e7\u00e3o, garantindo acessibilidade em todo o territ\u00f3rio nacional. Al\u00e9m de novas coletas, quem j\u00e1 possui biometria no <strong>TSE<\/strong> ou na <strong>CNH <\/strong>ter\u00e1 os dados automaticamente integrados, agilizando o processo.<\/p>\n\n\n\n<p>Confira os principais canais e locais envolvidos no processo de registro biom\u00e9trico:<\/p>\n\n\n\n<ul class=\"wp-block-list\">\n<li><strong>CRAS:<\/strong> Orienta\u00e7\u00e3o, agendamento e esclarecimento de d\u00favidas sobre documenta\u00e7\u00e3o necess\u00e1ria.<\/li>\n\n\n\n<li><strong>Ag\u00eancias do INSS:<\/strong> Atualiza\u00e7\u00e3o cadastral, coleta de biometria e atendimentos presenciais agendados.<\/li>\n\n\n\n<li><strong>Aplicativo Meu INSS e site Gov.br:<\/strong> Consulta do status do cadastro e informa\u00e7\u00f5es sobre agendamentos.<\/li>\n<\/ul>\n\n\n\n<h2 class=\"wp-block-heading\">Biometria traz mais seguran\u00e7a para o BPC e benef\u00edcios do INSS<\/h2>\n\n\n\n<p>A introdu\u00e7\u00e3o da identifica\u00e7\u00e3o biom\u00e9trica tende a aumentar a prote\u00e7\u00e3o contra fraudes em pagamentos, promovendo mais clareza e seguran\u00e7a nos processos do <strong>INSS<\/strong>. Com a unifica\u00e7\u00e3o de bases de dados e autentica\u00e7\u00e3o mais precisa, ser\u00e1 poss\u00edvel conferir rapidamente informa\u00e7\u00f5es e eliminar registros duplicados.<\/p>\n\n\n\n<p>Durante o per\u00edodo de implanta\u00e7\u00e3o, n\u00e3o ocorrer\u00e3o bloqueios imediatos de benef\u00edcios. Os benefici\u00e1rios devem, entretanto, manter seus dados corretos no <strong>Cad\u00danico <\/strong>e <strong>Meu INSS<\/strong> para evitar futuros atrasos ou suspens\u00f5es por pend\u00eancias cadastrais.<\/p>\n\n\n\n<p>Leia mais: <a href=\"https:\/\/www.em.com.br\/emfoco\/2025\/11\/01\/bpc-garante-salario-minimo-para-quem-nunca-contribuiu-com-o-inss\/\" target=\"_blank\" rel=\"noreferrer noopener\">BPC garante sal\u00e1rio m\u00ednimo para quem nunca contribuiu com o INSS<\/a><\/p>\n\n\n\n<h2 class=\"wp-block-heading\">Como o cadastro biom\u00e9trico molda o futuro dos programas sociais no Brasil<\/h2>\n\n\n\n<p>A meta do governo federal \u00e9 finalizar a coleta biom\u00e9trica nacional at\u00e9 o fim de 2026, abrangendo p\u00fablicos de diferentes faixas et\u00e1rias e todos os programas assistenciais. Essa moderniza\u00e7\u00e3o integra a estrat\u00e9gia do Brasil Digital, promovendo efici\u00eancia e corte de custos administrativos.<\/p>\n\n\n\n<p>Est\u00e3o em desenvolvimento tecnologias como <strong>intelig\u00eancia artificial e blockchain<\/strong> para robustecer ainda mais a verifica\u00e7\u00e3o de identidade, ampliar a rastreabilidade dos pagamentos e proteger os dados pessoais dos benefici\u00e1rios.<\/p>\n","protected":false},"excerpt":{"rendered":"<p>Em novembro de 2025, o Instituto Nacional do Seguro Social (INSS) tornar\u00e1 obrigat\u00f3rio o cadastro biom\u00e9trico para novos acessos e a manuten\u00e7\u00e3o de benef\u00edcios sociais, buscando evitar fraudes, garantir a correta identifica\u00e7\u00e3o dos benefici\u00e1rios e aprimorar a gest\u00e3o dos recursos p\u00fablicos. O que \u00e9 o Benef\u00edcio de Presta\u00e7\u00e3o Continuada e quem tem direito O Benef\u00edcio [&hellip;]<\/p>\n","protected":false},"author":20,"featured_media":90629,"comment_status":"open","ping_status":"open","sticky":false,"template":"","format":"standard","meta":{"jnews-multi-image_gallery":[],"jnews_single_post":{"format":"standard"},"jnews_primary_category":[],"jnews_social_meta":[],"jnews_override_counter":[],"footnotes":""},"categories":[28,1],"tags":[257,3360,174],"class_list":["post-123826","post","type-post","status-publish","format-standard","has-post-thumbnail","hentry","category-economia","category-noticias","tag-bpc","tag-cadastro-biometrico","tag-inss"],"yoast_head":"<!-- This site is optimized with the Yoast SEO plugin v23.8 - https:\/\/yoast.com\/wordpress\/plugins\/seo\/ -->\n<title>Governo implementa um novo crit\u00e9rio para pagamento das aposentadorias a partir deste m\u00eas - Estado de Minas - Em foco<\/title>\n<meta name=\"description\" content=\"Realize seu cadastro biom\u00e9trico e garanta o recebimento do BPC com facilidade, seguran\u00e7a e sem complica\u00e7\u00f5es nos pontos de atendimento.\" \/>\n<meta name=\"robots\" content=\"index, follow, max-snippet:-1, max-image-preview:large, max-video-preview:-1\" \/>\n<link rel=\"canonical\" href=\"https:\/\/www.em.com.br\/emfoco\/2025\/11\/06\/governo-implementa-um-novo-criterio-para-pagamento-das-aposentadorias-a-partir-deste-mes\/\" \/>\n<meta property=\"og:locale\" content=\"pt_BR\" \/>\n<meta property=\"og:type\" content=\"article\" \/>\n<meta property=\"og:title\" content=\"Governo implementa um novo crit\u00e9rio para pagamento das aposentadorias a partir deste m\u00eas - Estado de Minas - Em foco\" \/>\n<meta property=\"og:description\" content=\"Realize seu cadastro biom\u00e9trico e garanta o recebimento do BPC com facilidade, seguran\u00e7a e sem complica\u00e7\u00f5es nos pontos de atendimento.\" \/>\n<meta property=\"og:url\" content=\"https:\/\/www.em.com.br\/emfoco\/2025\/11\/06\/governo-implementa-um-novo-criterio-para-pagamento-das-aposentadorias-a-partir-deste-mes\/\" \/>\n<meta property=\"og:site_name\" content=\"Estado de Minas - Em foco\" \/>\n<meta property=\"article:published_time\" content=\"2025-11-06T23:35:00+00:00\" \/>\n<meta property=\"article:modified_time\" content=\"2025-11-05T21:35:00+00:00\" \/>\n<meta property=\"og:image\" content=\"https:\/\/www.em.com.br\/emfoco\/wp-content\/uploads\/2025\/08\/Reais-dinheiro_1754978571159.jpg\" \/>\n\t<meta property=\"og:image:width\" content=\"1280\" \/>\n\t<meta property=\"og:image:height\" content=\"720\" \/>\n\t<meta property=\"og:image:type\" content=\"image\/jpeg\" \/>\n<meta name=\"author\" content=\"Ingrid Diniz\" \/>\n<meta name=\"twitter:card\" content=\"summary_large_image\" \/>\n<meta name=\"twitter:label1\" content=\"Escrito por\" \/>\n\t<meta name=\"twitter:data1\" content=\"Ingrid Diniz\" \/>\n\t<meta name=\"twitter:label2\" content=\"Est. tempo de leitura\" \/>\n\t<meta name=\"twitter:data2\" content=\"4 minutos\" \/>\n<!-- \/ Yoast SEO plugin. -->","yoast_head_json":{"title":"Governo implementa um novo crit\u00e9rio para pagamento das aposentadorias a partir deste m\u00eas - Estado de Minas - Em foco","description":"Realize seu cadastro biom\u00e9trico e garanta o recebimento do BPC com facilidade, seguran\u00e7a e sem complica\u00e7\u00f5es nos pontos de atendimento.","robots":{"index":"index","follow":"follow","max-snippet":"max-snippet:-1","max-image-preview":"max-image-preview:large","max-video-preview":"max-video-preview:-1"},"canonical":"https:\/\/www.em.com.br\/emfoco\/2025\/11\/06\/governo-implementa-um-novo-criterio-para-pagamento-das-aposentadorias-a-partir-deste-mes\/","og_locale":"pt_BR","og_type":"article","og_title":"Governo implementa um novo crit\u00e9rio para pagamento das aposentadorias a partir deste m\u00eas - Estado de Minas - Em foco","og_description":"Realize seu cadastro biom\u00e9trico e garanta o recebimento do BPC com facilidade, seguran\u00e7a e sem complica\u00e7\u00f5es nos pontos de atendimento.","og_url":"https:\/\/www.em.com.br\/emfoco\/2025\/11\/06\/governo-implementa-um-novo-criterio-para-pagamento-das-aposentadorias-a-partir-deste-mes\/","og_site_name":"Estado de Minas - Em foco","article_published_time":"2025-11-06T23:35:00+00:00","article_modified_time":"2025-11-05T21:35:00+00:00","og_image":[{"width":1280,"height":720,"url":"https:\/\/www.em.com.br\/emfoco\/wp-content\/uploads\/2025\/08\/Reais-dinheiro_1754978571159.jpg","type":"image\/jpeg"}],"author":"Ingrid Diniz","twitter_card":"summary_large_image","twitter_misc":{"Escrito por":"Ingrid Diniz","Est. tempo de leitura":"4 minutos"},"schema":{"@context":"https:\/\/schema.org","@graph":[{"@type":"WebPage","@id":"https:\/\/www.em.com.br\/emfoco\/2025\/11\/06\/governo-implementa-um-novo-criterio-para-pagamento-das-aposentadorias-a-partir-deste-mes\/","url":"https:\/\/www.em.com.br\/emfoco\/2025\/11\/06\/governo-implementa-um-novo-criterio-para-pagamento-das-aposentadorias-a-partir-deste-mes\/","name":"Governo implementa um novo crit\u00e9rio para pagamento das aposentadorias a partir deste m\u00eas - Estado de Minas - Em foco","isPartOf":{"@id":"https:\/\/www.em.com.br\/emfoco\/#website"},"primaryImageOfPage":{"@id":"https:\/\/www.em.com.br\/emfoco\/2025\/11\/06\/governo-implementa-um-novo-criterio-para-pagamento-das-aposentadorias-a-partir-deste-mes\/#primaryimage"},"image":{"@id":"https:\/\/www.em.com.br\/emfoco\/2025\/11\/06\/governo-implementa-um-novo-criterio-para-pagamento-das-aposentadorias-a-partir-deste-mes\/#primaryimage"},"thumbnailUrl":"https:\/\/www.em.com.br\/emfoco\/wp-content\/uploads\/2025\/08\/Reais-dinheiro_1754978571159.jpg","datePublished":"2025-11-06T23:35:00+00:00","dateModified":"2025-11-05T21:35:00+00:00","author":{"@id":"https:\/\/www.em.com.br\/emfoco\/#\/schema\/person\/649e610b4eb8fff87ff394e54fe17b2b"},"description":"Realize seu cadastro biom\u00e9trico e garanta o recebimento do BPC com facilidade, seguran\u00e7a e sem complica\u00e7\u00f5es nos pontos de atendimento.","breadcrumb":{"@id":"https:\/\/www.em.com.br\/emfoco\/2025\/11\/06\/governo-implementa-um-novo-criterio-para-pagamento-das-aposentadorias-a-partir-deste-mes\/#breadcrumb"},"inLanguage":"pt-BR","potentialAction":[{"@type":"ReadAction","target":["https:\/\/www.em.com.br\/emfoco\/2025\/11\/06\/governo-implementa-um-novo-criterio-para-pagamento-das-aposentadorias-a-partir-deste-mes\/"]}]},{"@type":"ImageObject","inLanguage":"pt-BR","@id":"https:\/\/www.em.com.br\/emfoco\/2025\/11\/06\/governo-implementa-um-novo-criterio-para-pagamento-das-aposentadorias-a-partir-deste-mes\/#primaryimage","url":"https:\/\/www.em.com.br\/emfoco\/wp-content\/uploads\/2025\/08\/Reais-dinheiro_1754978571159.jpg","contentUrl":"https:\/\/www.em.com.br\/emfoco\/wp-content\/uploads\/2025\/08\/Reais-dinheiro_1754978571159.jpg","width":1280,"height":720,"caption":"Identidade como base das mudan\u00e7as em 2026 - Cr\u00e9ditos: depositphotos.com \/ Krakenimages.com"},{"@type":"BreadcrumbList","@id":"https:\/\/www.em.com.br\/emfoco\/2025\/11\/06\/governo-implementa-um-novo-criterio-para-pagamento-das-aposentadorias-a-partir-deste-mes\/#breadcrumb","itemListElement":[{"@type":"ListItem","position":1,"name":"In\u00edcio","item":"https:\/\/www.em.com.br\/emfoco\/"},{"@type":"ListItem","position":2,"name":"Governo implementa um novo crit\u00e9rio para pagamento das aposentadorias a partir deste m\u00eas"}]},{"@type":"WebSite","@id":"https:\/\/www.em.com.br\/emfoco\/#website","url":"https:\/\/www.em.com.br\/emfoco\/","name":"Estado de Minas - Em foco","description":"Acompanhe as \u00faltimas not\u00edcias e fique bem informado sobre tudo o que acontece em Minas Gerais, Brasil e no mundo.","potentialAction":[{"@type":"SearchAction","target":{"@type":"EntryPoint","urlTemplate":"https:\/\/www.em.com.br\/emfoco\/?s={search_term_string}"},"query-input":{"@type":"PropertyValueSpecification","valueRequired":true,"valueName":"search_term_string"}}],"inLanguage":"pt-BR"},{"@type":"Person","@id":"https:\/\/www.em.com.br\/emfoco\/#\/schema\/person\/649e610b4eb8fff87ff394e54fe17b2b","name":"Ingrid Diniz","image":{"@type":"ImageObject","inLanguage":"pt-BR","@id":"https:\/\/www.em.com.br\/emfoco\/#\/schema\/person\/image\/","url":"https:\/\/secure.gravatar.com\/avatar\/a3baa1449ec5c39b4c42babc9d4f3951?s=96&d=mm&r=g","contentUrl":"https:\/\/secure.gravatar.com\/avatar\/a3baa1449ec5c39b4c42babc9d4f3951?s=96&d=mm&r=g","caption":"Ingrid Diniz"},"sameAs":["https:\/\/www.em.com.br\/"],"url":"https:\/\/www.em.com.br\/emfoco\/author\/ingridmyth\/"}]}},"_links":{"self":[{"href":"https:\/\/www.em.com.br\/emfoco\/wp-json\/wp\/v2\/posts\/123826","targetHints":{"allow":["GET"]}}],"collection":[{"href":"https:\/\/www.em.com.br\/emfoco\/wp-json\/wp\/v2\/posts"}],"about":[{"href":"https:\/\/www.em.com.br\/emfoco\/wp-json\/wp\/v2\/types\/post"}],"author":[{"embeddable":true,"href":"https:\/\/www.em.com.br\/emfoco\/wp-json\/wp\/v2\/users\/20"}],"replies":[{"embeddable":true,"href":"https:\/\/www.em.com.br\/emfoco\/wp-json\/wp\/v2\/comments?post=123826"}],"version-history":[{"count":2,"href":"https:\/\/www.em.com.br\/emfoco\/wp-json\/wp\/v2\/posts\/123826\/revisions"}],"predecessor-version":[{"id":123910,"href":"https:\/\/www.em.com.br\/emfoco\/wp-json\/wp\/v2\/posts\/123826\/revisions\/123910"}],"wp:featuredmedia":[{"embeddable":true,"href":"https:\/\/www.em.com.br\/emfoco\/wp-json\/wp\/v2\/media\/90629"}],"wp:attachment":[{"href":"https:\/\/www.em.com.br\/emfoco\/wp-json\/wp\/v2\/media?parent=123826"}],"wp:term":[{"taxonomy":"category","embeddable":true,"href":"https:\/\/www.em.com.br\/emfoco\/wp-json\/wp\/v2\/categories?post=123826"},{"taxonomy":"post_tag","embeddable":true,"href":"https:\/\/www.em.com.br\/emfoco\/wp-json\/wp\/v2\/tags?post=123826"}],"curies":[{"name":"wp","href":"https:\/\/api.w.org\/{rel}","templated":true}]}}