{"id":123776,"date":"2025-11-07T18:05:00","date_gmt":"2025-11-07T21:05:00","guid":{"rendered":"https:\/\/www.em.com.br\/emfoco\/?p=123776"},"modified":"2025-11-05T16:40:21","modified_gmt":"2025-11-05T19:40:21","slug":"a-vila-colorida-do-nordeste-que-virou-o-refugio-favorito-de-quem-busca-liberdade","status":"publish","type":"post","link":"https:\/\/www.em.com.br\/emfoco\/2025\/11\/07\/a-vila-colorida-do-nordeste-que-virou-o-refugio-favorito-de-quem-busca-liberdade\/","title":{"rendered":"A vila colorida do Nordeste que virou o ref\u00fagio favorito de quem busca liberdade"},"content":{"rendered":"\n<p>Entre dunas douradas e fal\u00e9sias avermelhadas, a charmosa <strong>Canoa Quebrada<\/strong>, no litoral leste do <strong>Cear\u00e1<\/strong>, \u00e9 um dos destinos mais vibrantes e aut\u00eanticos do Nordeste brasileiro. Localizada a cerca de 160 km de <strong>Fortaleza<\/strong> e pr\u00f3xima de <strong>Aracati<\/strong>, a vila encanta viajantes do mundo todo com seu clima bo\u00eamio, ruas coloridas e o p\u00f4r do sol que arranca aplausos di\u00e1rios \u00e0 beira-mar.<\/p>\n\n\n\n<h2 class=\"wp-block-heading\">Vale a pena visitar Canoa Quebrada?<\/h2>\n\n\n\n<p>Definitivamente. <strong>Canoa Quebrada<\/strong> \u00e9 sin\u00f4nimo de liberdade, energia e beleza natural. O destino mistura paisagens cinematogr\u00e1ficas com uma vida noturna animada e uma cultura local vibrante. O s\u00edmbolo da lua e da estrela, esculpido nas fal\u00e9sias, representa perfeitamente o esp\u00edrito do lugar: m\u00edstico, acolhedor e inesquec\u00edvel.<\/p>\n\n\n\n<p>Entre os principais atrativos est\u00e3o:<\/p>\n\n\n\n<ul class=\"wp-block-list\">\n<li><strong>Fal\u00e9sias de Canoa Quebrada<\/strong>, cart\u00e3o-postal com vista panor\u00e2mica do litoral.<\/li>\n\n\n\n<li><strong>Rua Broadway<\/strong>, o cora\u00e7\u00e3o da vila, repleta de bares, lojinhas e m\u00fasica ao vivo.<\/li>\n\n\n\n<li><strong>Passeios de buggy<\/strong> pelas dunas e lagoas da regi\u00e3o.<\/li>\n\n\n\n<li><strong>Voo de parapente<\/strong> sobre o mar, uma experi\u00eancia inesquec\u00edvel.<\/li>\n\n\n\n<li><strong>Praia de Ponta Grossa<\/strong>, com forma\u00e7\u00f5es rochosas e tons incr\u00edveis de areia.<\/li>\n<\/ul>\n\n\n\n<p>O destino \u00e9 ideal para quem busca um mix de aventura, romance e tranquilidade. Durante o ver\u00e3o, Canoa Quebrada ganha ainda mais vida com festas \u00e0 beira-mar e shows ao p\u00f4r do sol.<\/p>\n\n\n\n<figure class=\"wp-block-embed is-type-video is-provider-youtube wp-block-embed-youtube wp-embed-aspect-16-9 wp-has-aspect-ratio\"><div class=\"wp-block-embed__wrapper\">\n<div class=\"jeg_video_container jeg_video_content\"><iframe loading=\"lazy\" title=\"[Drone VDA 4K] Canoa Quebrada \/ Cear\u00e1\" width=\"500\" height=\"281\" src=\"https:\/\/www.youtube.com\/embed\/GBCHrLgA9t0?feature=oembed\" frameborder=\"0\" allow=\"accelerometer; autoplay; clipboard-write; encrypted-media; gyroscope; picture-in-picture; web-share\" referrerpolicy=\"strict-origin-when-cross-origin\" allowfullscreen><\/iframe><\/div>\n<\/div><\/figure>\n\n\n\n<h2 class=\"wp-block-heading\">O clima de Canoa Quebrada<\/h2>\n\n\n\n<p>De acordo com o <em>Climatempo<\/em> (2025), o clima \u00e9 tropical semi\u00e1rido, com sol praticamente o ano inteiro. As temperaturas m\u00e9dias variam entre <strong>26 \u00b0C e 33 \u00b0C<\/strong>, e o vento constante torna o local perfeito para esportes como kitesurfe e parapente.<\/p>\n\n\n\n<figure class=\"wp-block-table\"><table class=\"has-fixed-layout\"><thead><tr><th>Esta\u00e7\u00e3o<\/th><th>Temperatura m\u00e9dia<\/th><th>Caracter\u00edsticas<\/th><\/tr><\/thead><tbody><tr><td>Ver\u00e3o (dez\u2013mar)<\/td><td>31 \u00b0C<\/td><td>Calor intenso e mar calmo, ideal para praia<\/td><\/tr><tr><td>Outono (abr\u2013jun)<\/td><td>28 \u00b0C<\/td><td>Clima agrad\u00e1vel e menos turistas<\/td><\/tr><tr><td>Inverno (jul\u2013set)<\/td><td>26 \u00b0C<\/td><td>Ventos fortes e clima fresco<\/td><\/tr><tr><td>Primavera (out\u2013nov)<\/td><td>29 \u00b0C<\/td><td>Per\u00edodo seco e ideal para esportes aqu\u00e1ticos<\/td><\/tr><\/tbody><\/table><\/figure>\n\n\n\n<h2 class=\"wp-block-heading\">Qual \u00e9 a melhor \u00e9poca para visitar Canoa Quebrada?<\/h2>\n\n\n\n<p>A melhor \u00e9poca para visitar \u00e9 entre <strong>agosto e dezembro<\/strong>, quando o sol \u00e9 constante, o mar est\u00e1 calmo e o p\u00f4r do sol exibe suas cores mais intensas. Para quem quer curtir festas e movimento, o per\u00edodo entre <strong>dezembro e fevereiro<\/strong> \u00e9 o mais animado. J\u00e1 os meses de <strong>mar\u00e7o a junho<\/strong> oferecem um turismo mais tranquilo e paisagens ainda mais verdes.<\/p>\n\n\n\n<figure class=\"wp-block-table\"><table class=\"has-fixed-layout\"><thead><tr><th>\u00c9poca<\/th><th>Clima predominante<\/th><th>Atividades ideais<\/th><\/tr><\/thead><tbody><tr><td>Dezembro a fevereiro<\/td><td>Sol e festas<\/td><td>Ver\u00e3o, shows e passeios de buggy<\/td><\/tr><tr><td>Mar\u00e7o a junho<\/td><td>Chuvas leves e vegeta\u00e7\u00e3o exuberante<\/td><td>Turismo ecol\u00f3gico e sossego<\/td><\/tr><tr><td>Julho a setembro<\/td><td>Ventos ideais<\/td><td>Kitesurfe e esportes radicais<\/td><\/tr><tr><td>Outubro a novembro<\/td><td>Clima seco e quente<\/td><td>Parapente e mergulho<\/td><\/tr><\/tbody><\/table><\/figure>\n\n\n\n<blockquote class=\"tiktok-embed\" cite=\"https:\/\/www.tiktok.com\/@leidianecostacorretora\/video\/7530634403597356296\" data-video-id=\"7530634403597356296\" style=\"max-width: 605px;min-width: 325px;\" > <section> <a target=\"_blank\" title=\"@leidianecostacorretora\" href=\"https:\/\/www.tiktok.com\/@leidianecostacorretora?refer=embed\">@leidianecostacorretora<\/a> Dicas de ouro pra quando voc\u00ea estiver aqui em Canoa Quebrada,Cear\u00e1 ! J\u00e1 salva ! \ud83c\udf34\u2728\ud83c\udfd6\ufe0f\ud83c\udf0a <a title=\"canoaquebrada\" target=\"_blank\" href=\"https:\/\/www.tiktok.com\/tag\/canoaquebrada?refer=embed\">#canoaquebrada<\/a> <a title=\"dicadeviagem\" target=\"_blank\" href=\"https:\/\/www.tiktok.com\/tag\/dicadeviagem?refer=embed\">#dicadeviagem<\/a> <a title=\"destinos\" target=\"_blank\" href=\"https:\/\/www.tiktok.com\/tag\/destinos?refer=embed\">#destinos<\/a> <a title=\"destinosimperdiveis\" target=\"_blank\" href=\"https:\/\/www.tiktok.com\/tag\/destinosimperdiveis?refer=embed\">#destinosimperdiveis<\/a> <a title=\"brasil\" target=\"_blank\" href=\"https:\/\/www.tiktok.com\/tag\/brasil?refer=embed\">#brasil<\/a> <a title=\"brazil\" target=\"_blank\" href=\"https:\/\/www.tiktok.com\/tag\/brazil?refer=embed\">#brazil<\/a> <a title=\"viajar\" target=\"_blank\" href=\"https:\/\/www.tiktok.com\/tag\/viajar?refer=embed\">#viajar<\/a> <a title=\"nordeste\" target=\"_blank\" href=\"https:\/\/www.tiktok.com\/tag\/nordeste?refer=embed\">#nordeste<\/a> <a title=\"nordestebrasileiro\" target=\"_blank\" href=\"https:\/\/www.tiktok.com\/tag\/nordestebrasileiro?refer=embed\">#nordestebrasileiro<\/a> <a target=\"_blank\" title=\"\u266c origineel geluid - Best Reggae Music\" href=\"https:\/\/www.tiktok.com\/music\/origineel-geluid-7307008912545598240?refer=embed\">\u266c origineel geluid &#8211; Best Reggae Music<\/a> <\/section> <\/blockquote> <script async src=\"https:\/\/www.tiktok.com\/embed.js\"><\/script>\n\n\n\n<p><em>Leia tamb\u00e9m: <strong><a href=\"https:\/\/www.em.com.br\/emfoco\/2025\/10\/26\/as-cidades-historicas-que-mais-lucram-com-turismo-no-brasil\/\" target=\"_blank\" rel=\"noreferrer noopener\">As cidades hist\u00f3ricas que mais lucram com turismo no Brasil<\/a><\/strong><\/em><\/p>\n\n\n\n<h2 class=\"wp-block-heading\">Segredos e curiosidades de Canoa Quebrada<\/h2>\n\n\n\n<p>A hist\u00f3ria de <strong><a href=\"https:\/\/aracati.ce.gov.br\/pontosturisticos.php?id=2\" target=\"_blank\" rel=\"noreferrer noopener\">Canoa Quebrada<\/a><\/strong> \u00e9 marcada pela simplicidade e pelo esp\u00edrito livre. Antiga vila de pescadores, o local foi descoberto por viajantes nos anos 1970 e transformou-se em um \u00edcone do turismo alternativo nordestino.<\/p>\n\n\n\n<ul class=\"wp-block-list\">\n<li>O s\u00edmbolo da <strong>lua e estrela<\/strong> foi criado por pescadores locais e virou marca registrada da vila (<em>Prefeitura de Aracati, 2025<\/em>).<\/li>\n\n\n\n<li>As fal\u00e9sias chegam a at\u00e9 30 metros de altura e mudam de cor conforme o sol.<\/li>\n\n\n\n<li>O p\u00f4r do sol no alto das dunas \u00e9 considerado um dos mais bonitos do Cear\u00e1 (<em>Embratur, 2024<\/em>).<\/li>\n\n\n\n<li>Canoa Quebrada j\u00e1 foi cen\u00e1rio de filmes e novelas brasileiras (<em>TV Globo, 2023<\/em>).<\/li>\n<\/ul>\n\n\n\n<h2 class=\"wp-block-heading\">Onde se hospedar em Canoa Quebrada<\/h2>\n\n\n\n<p>As op\u00e7\u00f5es de hospedagem v\u00e3o desde pousadas r\u00fasticas e acolhedoras at\u00e9 hot\u00e9is com vista panor\u00e2mica para o mar. A maioria est\u00e1 pr\u00f3xima \u00e0 <strong>Rua Broadway<\/strong>, onde tudo acontece. Para quem busca tranquilidade, h\u00e1 tamb\u00e9m chal\u00e9s e casas de temporada nas \u00e1reas mais afastadas da vila.<\/p>\n\n\n\n<p>Entre as op\u00e7\u00f5es mais procuradas est\u00e3o:<\/p>\n\n\n\n<ul class=\"wp-block-list\">\n<li>Pousadas com piscinas e vista para o mar.<\/li>\n\n\n\n<li>Hot\u00e9is boutique com arquitetura local.<\/li>\n\n\n\n<li>Hostels descontra\u00eddos ideais para viajantes solo.<\/li>\n<\/ul>\n\n\n\n<h2 class=\"wp-block-heading\">O que torna Canoa Quebrada especial<\/h2>\n\n\n\n<p><strong>Canoa Quebrada<\/strong> \u00e9 um dos destinos mais emblem\u00e1ticos do Nordeste \u2014 uma combina\u00e7\u00e3o \u00fanica de natureza, cultura e liberdade.<\/p>\n\n\n\n<ul class=\"wp-block-list\">\n<li>P\u00f4r do sol inesquec\u00edvel entre fal\u00e9sias.<\/li>\n\n\n\n<li>Vilarejo art\u00edstico com clima bo\u00eamio.<\/li>\n\n\n\n<li>Mar cristalino e energia contagiante.<\/li>\n<\/ul>\n\n\n\n<p><strong>Viva a experi\u00eancia de Canoa Quebrada no Cear\u00e1 e sinta seus encantos de perto.<\/strong><\/p>\n","protected":false},"excerpt":{"rendered":"<p>Entre dunas douradas e fal\u00e9sias avermelhadas, a charmosa Canoa Quebrada, no litoral leste do Cear\u00e1, \u00e9 um dos destinos mais vibrantes e aut\u00eanticos do Nordeste brasileiro. Localizada a cerca de 160 km de Fortaleza e pr\u00f3xima de Aracati, a vila encanta viajantes do mundo todo com seu clima bo\u00eamio, ruas coloridas e o p\u00f4r do [&hellip;]<\/p>\n","protected":false},"author":13,"featured_media":123793,"comment_status":"open","ping_status":"open","sticky":false,"template":"","format":"standard","meta":{"jnews-multi-image_gallery":[],"jnews_single_post":{"format":"standard"},"jnews_primary_category":[],"jnews_social_meta":[],"jnews_override_counter":[],"footnotes":""},"categories":[26],"tags":[18477,3260,2896],"class_list":["post-123776","post","type-post","status-publish","format-standard","has-post-thumbnail","hentry","category-cidades","tag-canoa-quebrada","tag-ceara","tag-destinos-turisticos"],"yoast_head":"<!-- This site is optimized with the Yoast SEO plugin v23.8 - https:\/\/yoast.com\/wordpress\/plugins\/seo\/ -->\n<title>A vila colorida do Nordeste que virou o ref\u00fagio favorito de quem busca liberdade - Estado de Minas - Em foco<\/title>\n<meta name=\"description\" content=\"Entre fal\u00e9sias e dunas coloridas, um vilarejo bo\u00eamio guarda o p\u00f4r do sol mais aplaudido do Nordeste e uma energia livre e vibrante.\" \/>\n<meta name=\"robots\" content=\"index, follow, max-snippet:-1, max-image-preview:large, max-video-preview:-1\" \/>\n<link rel=\"canonical\" href=\"https:\/\/www.em.com.br\/emfoco\/2025\/11\/07\/a-vila-colorida-do-nordeste-que-virou-o-refugio-favorito-de-quem-busca-liberdade\/\" \/>\n<meta property=\"og:locale\" content=\"pt_BR\" \/>\n<meta property=\"og:type\" content=\"article\" \/>\n<meta property=\"og:title\" content=\"A vila colorida do Nordeste que virou o ref\u00fagio favorito de quem busca liberdade - Estado de Minas - Em foco\" \/>\n<meta property=\"og:description\" content=\"Entre fal\u00e9sias e dunas coloridas, um vilarejo bo\u00eamio guarda o p\u00f4r do sol mais aplaudido do Nordeste e uma energia livre e vibrante.\" \/>\n<meta property=\"og:url\" content=\"https:\/\/www.em.com.br\/emfoco\/2025\/11\/07\/a-vila-colorida-do-nordeste-que-virou-o-refugio-favorito-de-quem-busca-liberdade\/\" \/>\n<meta property=\"og:site_name\" content=\"Estado de Minas - Em foco\" \/>\n<meta property=\"article:published_time\" content=\"2025-11-07T21:05:00+00:00\" \/>\n<meta property=\"article:modified_time\" content=\"2025-11-05T19:40:21+00:00\" \/>\n<meta property=\"og:image\" content=\"https:\/\/www.em.com.br\/emfoco\/wp-content\/uploads\/2025\/11\/Canoa-Quebrada-Ceara_1762370798742.jpg\" \/>\n\t<meta property=\"og:image:width\" content=\"1280\" \/>\n\t<meta property=\"og:image:height\" content=\"720\" \/>\n\t<meta property=\"og:image:type\" content=\"image\/jpeg\" \/>\n<meta name=\"author\" content=\"Gabriel Martins\" \/>\n<meta name=\"twitter:card\" content=\"summary_large_image\" \/>\n<meta name=\"twitter:label1\" content=\"Escrito por\" \/>\n\t<meta name=\"twitter:data1\" content=\"Gabriel Martins\" \/>\n\t<meta name=\"twitter:label2\" content=\"Est. tempo de leitura\" \/>\n\t<meta name=\"twitter:data2\" content=\"4 minutos\" \/>\n<!-- \/ Yoast SEO plugin. -->","yoast_head_json":{"title":"A vila colorida do Nordeste que virou o ref\u00fagio favorito de quem busca liberdade - Estado de Minas - Em foco","description":"Entre fal\u00e9sias e dunas coloridas, um vilarejo bo\u00eamio guarda o p\u00f4r do sol mais aplaudido do Nordeste e uma energia livre e vibrante.","robots":{"index":"index","follow":"follow","max-snippet":"max-snippet:-1","max-image-preview":"max-image-preview:large","max-video-preview":"max-video-preview:-1"},"canonical":"https:\/\/www.em.com.br\/emfoco\/2025\/11\/07\/a-vila-colorida-do-nordeste-que-virou-o-refugio-favorito-de-quem-busca-liberdade\/","og_locale":"pt_BR","og_type":"article","og_title":"A vila colorida do Nordeste que virou o ref\u00fagio favorito de quem busca liberdade - Estado de Minas - Em foco","og_description":"Entre fal\u00e9sias e dunas coloridas, um vilarejo bo\u00eamio guarda o p\u00f4r do sol mais aplaudido do Nordeste e uma energia livre e vibrante.","og_url":"https:\/\/www.em.com.br\/emfoco\/2025\/11\/07\/a-vila-colorida-do-nordeste-que-virou-o-refugio-favorito-de-quem-busca-liberdade\/","og_site_name":"Estado de Minas - Em foco","article_published_time":"2025-11-07T21:05:00+00:00","article_modified_time":"2025-11-05T19:40:21+00:00","og_image":[{"width":1280,"height":720,"url":"https:\/\/www.em.com.br\/emfoco\/wp-content\/uploads\/2025\/11\/Canoa-Quebrada-Ceara_1762370798742.jpg","type":"image\/jpeg"}],"author":"Gabriel Martins","twitter_card":"summary_large_image","twitter_misc":{"Escrito por":"Gabriel Martins","Est. tempo de leitura":"4 minutos"},"schema":{"@context":"https:\/\/schema.org","@graph":[{"@type":"WebPage","@id":"https:\/\/www.em.com.br\/emfoco\/2025\/11\/07\/a-vila-colorida-do-nordeste-que-virou-o-refugio-favorito-de-quem-busca-liberdade\/","url":"https:\/\/www.em.com.br\/emfoco\/2025\/11\/07\/a-vila-colorida-do-nordeste-que-virou-o-refugio-favorito-de-quem-busca-liberdade\/","name":"A vila colorida do Nordeste que virou o ref\u00fagio favorito de quem busca liberdade - Estado de Minas - Em foco","isPartOf":{"@id":"https:\/\/www.em.com.br\/emfoco\/#website"},"primaryImageOfPage":{"@id":"https:\/\/www.em.com.br\/emfoco\/2025\/11\/07\/a-vila-colorida-do-nordeste-que-virou-o-refugio-favorito-de-quem-busca-liberdade\/#primaryimage"},"image":{"@id":"https:\/\/www.em.com.br\/emfoco\/2025\/11\/07\/a-vila-colorida-do-nordeste-que-virou-o-refugio-favorito-de-quem-busca-liberdade\/#primaryimage"},"thumbnailUrl":"https:\/\/www.em.com.br\/emfoco\/wp-content\/uploads\/2025\/11\/Canoa-Quebrada-Ceara_1762370798742.jpg","datePublished":"2025-11-07T21:05:00+00:00","dateModified":"2025-11-05T19:40:21+00:00","author":{"@id":"https:\/\/www.em.com.br\/emfoco\/#\/schema\/person\/1c9ddeab18b98abeffef834667bcf08a"},"description":"Entre fal\u00e9sias e dunas coloridas, um vilarejo bo\u00eamio guarda o p\u00f4r do sol mais aplaudido do Nordeste e uma energia livre e vibrante.","breadcrumb":{"@id":"https:\/\/www.em.com.br\/emfoco\/2025\/11\/07\/a-vila-colorida-do-nordeste-que-virou-o-refugio-favorito-de-quem-busca-liberdade\/#breadcrumb"},"inLanguage":"pt-BR","potentialAction":[{"@type":"ReadAction","target":["https:\/\/www.em.com.br\/emfoco\/2025\/11\/07\/a-vila-colorida-do-nordeste-que-virou-o-refugio-favorito-de-quem-busca-liberdade\/"]}]},{"@type":"ImageObject","inLanguage":"pt-BR","@id":"https:\/\/www.em.com.br\/emfoco\/2025\/11\/07\/a-vila-colorida-do-nordeste-que-virou-o-refugio-favorito-de-quem-busca-liberdade\/#primaryimage","url":"https:\/\/www.em.com.br\/emfoco\/wp-content\/uploads\/2025\/11\/Canoa-Quebrada-Ceara_1762370798742.jpg","contentUrl":"https:\/\/www.em.com.br\/emfoco\/wp-content\/uploads\/2025\/11\/Canoa-Quebrada-Ceara_1762370798742.jpg","width":1280,"height":720,"caption":"Canoa Quebrada, Cear\u00e1 - Cr\u00e9ditos: depositphotos.com \/ phaelnogueira"},{"@type":"BreadcrumbList","@id":"https:\/\/www.em.com.br\/emfoco\/2025\/11\/07\/a-vila-colorida-do-nordeste-que-virou-o-refugio-favorito-de-quem-busca-liberdade\/#breadcrumb","itemListElement":[{"@type":"ListItem","position":1,"name":"In\u00edcio","item":"https:\/\/www.em.com.br\/emfoco\/"},{"@type":"ListItem","position":2,"name":"A vila colorida do Nordeste que virou o ref\u00fagio favorito de quem busca liberdade"}]},{"@type":"WebSite","@id":"https:\/\/www.em.com.br\/emfoco\/#website","url":"https:\/\/www.em.com.br\/emfoco\/","name":"Estado de Minas - Em foco","description":"Acompanhe as \u00faltimas not\u00edcias e fique bem informado sobre tudo o que acontece em Minas Gerais, Brasil e no mundo.","potentialAction":[{"@type":"SearchAction","target":{"@type":"EntryPoint","urlTemplate":"https:\/\/www.em.com.br\/emfoco\/?s={search_term_string}"},"query-input":{"@type":"PropertyValueSpecification","valueRequired":true,"valueName":"search_term_string"}}],"inLanguage":"pt-BR"},{"@type":"Person","@id":"https:\/\/www.em.com.br\/emfoco\/#\/schema\/person\/1c9ddeab18b98abeffef834667bcf08a","name":"Gabriel Martins","image":{"@type":"ImageObject","inLanguage":"pt-BR","@id":"https:\/\/www.em.com.br\/emfoco\/#\/schema\/person\/image\/","url":"https:\/\/secure.gravatar.com\/avatar\/f0f1e2efdfd88f1ad2cb08c5c2731e50?s=96&d=mm&r=g","contentUrl":"https:\/\/secure.gravatar.com\/avatar\/f0f1e2efdfd88f1ad2cb08c5c2731e50?s=96&d=mm&r=g","caption":"Gabriel Martins"},"sameAs":["https:\/\/www.em.com.br\/emfoco\/"],"url":"https:\/\/www.em.com.br\/emfoco\/author\/gabrielmartinsmyth\/"}]}},"_links":{"self":[{"href":"https:\/\/www.em.com.br\/emfoco\/wp-json\/wp\/v2\/posts\/123776","targetHints":{"allow":["GET"]}}],"collection":[{"href":"https:\/\/www.em.com.br\/emfoco\/wp-json\/wp\/v2\/posts"}],"about":[{"href":"https:\/\/www.em.com.br\/emfoco\/wp-json\/wp\/v2\/types\/post"}],"author":[{"embeddable":true,"href":"https:\/\/www.em.com.br\/emfoco\/wp-json\/wp\/v2\/users\/13"}],"replies":[{"embeddable":true,"href":"https:\/\/www.em.com.br\/emfoco\/wp-json\/wp\/v2\/comments?post=123776"}],"version-history":[{"count":1,"href":"https:\/\/www.em.com.br\/emfoco\/wp-json\/wp\/v2\/posts\/123776\/revisions"}],"predecessor-version":[{"id":123807,"href":"https:\/\/www.em.com.br\/emfoco\/wp-json\/wp\/v2\/posts\/123776\/revisions\/123807"}],"wp:featuredmedia":[{"embeddable":true,"href":"https:\/\/www.em.com.br\/emfoco\/wp-json\/wp\/v2\/media\/123793"}],"wp:attachment":[{"href":"https:\/\/www.em.com.br\/emfoco\/wp-json\/wp\/v2\/media?parent=123776"}],"wp:term":[{"taxonomy":"category","embeddable":true,"href":"https:\/\/www.em.com.br\/emfoco\/wp-json\/wp\/v2\/categories?post=123776"},{"taxonomy":"post_tag","embeddable":true,"href":"https:\/\/www.em.com.br\/emfoco\/wp-json\/wp\/v2\/tags?post=123776"}],"curies":[{"name":"wp","href":"https:\/\/api.w.org\/{rel}","templated":true}]}}