{"id":123733,"date":"2025-11-06T18:15:14","date_gmt":"2025-11-06T21:15:14","guid":{"rendered":"https:\/\/www.em.com.br\/emfoco\/?p=123733"},"modified":"2025-11-05T19:03:18","modified_gmt":"2025-11-05T22:03:18","slug":"faca-em-casa-seu-proprio-oleo-corporal-e-sinta-a-pele-cheirosa-o-dia-inteiro","status":"publish","type":"post","link":"https:\/\/www.em.com.br\/emfoco\/2025\/11\/06\/faca-em-casa-seu-proprio-oleo-corporal-e-sinta-a-pele-cheirosa-o-dia-inteiro\/","title":{"rendered":"Fa\u00e7a em casa seu pr\u00f3prio \u00f3leo corporal e sinta a pele cheirosa o dia inteiro"},"content":{"rendered":"\n<p>Preparar seu pr\u00f3prio <strong>\u00f3leo corporal<\/strong> com <strong>aroma de banho tomado<\/strong> pode ser uma experi\u00eancia gratificante e saud\u00e1vel. Criar essa mistura em casa permite ajustar os <strong>ingredientes<\/strong> conforme as prefer\u00eancias pessoais, garantindo que o produto final seja tanto <strong>perfumado<\/strong> quanto ben\u00e9fico para a <strong>pele<\/strong>. Este artigo explora os passos para formular esse \u00f3leo corporal, destacando ingredientes naturais e as suas propriedades.<\/p>\n\n\n\n<h2 class=\"wp-block-heading\">Por que usar \u00f3leos corporais naturais?<\/h2>\n\n\n\n<p><strong>\u00d3leos corporais naturais<\/strong> oferecem uma s\u00e9rie de vantagens: <strong>hidratam<\/strong> a pele sem produtos qu\u00edmicos agressivos e fornecem <strong>nutrientes essenciais<\/strong>. Al\u00e9m disso, a capacidade de personalizar a <strong>fragr\u00e2ncia<\/strong> e as <strong>propriedades terap\u00eauticas<\/strong> torna esse tipo de \u00f3leo uma escolha popular para cuidados com o corpo. <a href=\"https:\/\/www.tuasaude.com\/aromaterapia\/\" target=\"_blank\" rel=\"noreferrer noopener\">\u00d3leos essenciais<\/a> extra\u00eddos de plantas n\u00e3o apenas nutrem a pele, mas podem ser usados para reduzir o <strong>estresse<\/strong> e melhorar o <strong>humor<\/strong>, dependendo dos <strong>aromas escolhidos<\/strong>.<\/p>\n\n\n\n<blockquote class=\"tiktok-embed\" cite=\"https:\/\/www.tiktok.com\/@apelequevisto\/video\/7537721357451234616\" data-video-id=\"7537721357451234616\" style=\"max-width: 605px;min-width: 325px;\" > <section> <a target=\"_blank\" title=\"@apelequevisto\" href=\"https:\/\/www.tiktok.com\/@apelequevisto?refer=embed\">@apelequevisto<\/a> Depois que fiz o meu pr\u00f3prio \u00f3leo de banho, nunca mais usei sabonete comum! Minha pele agradece\ud83d\udda4 <a title=\"oleodebanho\" target=\"_blank\" href=\"https:\/\/www.tiktok.com\/tag\/oleodebanho?refer=embed\">#oleodebanho<\/a> <a title=\"banhopremium\" target=\"_blank\" href=\"https:\/\/www.tiktok.com\/tag\/banhopremium?refer=embed\">#banhopremium<\/a> <a title=\"fa\u00e7avoc\u00eamesmo\" target=\"_blank\" href=\"https:\/\/www.tiktok.com\/tag\/fa%C3%A7avoc%C3%AAmesmo?refer=embed\">#fa\u00e7avoc\u00eamesmo<\/a> <a target=\"_blank\" title=\"\u266c som original - Mi\" href=\"https:\/\/www.tiktok.com\/music\/som-original-7537721361732324102?refer=embed\">\u266c som original &#8211; Mi<\/a> <\/section> <\/blockquote> <script async src=\"https:\/\/www.tiktok.com\/embed.js\"><\/script>\n\n\n\n<h2 class=\"wp-block-heading\">Quais ingredientes escolher para um \u00f3leo corporal caseiro?<\/h2>\n\n\n\n<p>Para criar um \u00f3leo corporal com aroma de banho tomado, \u00e9 fundamental escolher os <strong>ingredientes-base<\/strong> e os <strong>\u00f3leos essenciais<\/strong> adequados. Um \u00f3leo base comum \u00e9 o <strong>\u00f3leo de am\u00eandoas doces<\/strong>, conhecido por sua leveza e propriedades hidratantes. Outros <strong>\u00f3leos de base<\/strong> que podem ser utilizados incluem <strong>\u00f3leo de jojoba<\/strong> e <strong>\u00f3leo de coco<\/strong>. Quanto aos <strong>\u00f3leos essenciais<\/strong>, <strong>lavanda<\/strong>, <strong>bergamota<\/strong> e <strong>eucalipto<\/strong> s\u00e3o excelentes escolhas devido ao seu potencial calmante e refrescante.<\/p>\n\n\n\n<ul class=\"wp-block-list\">\n<li><strong>\u00d3leo de Am\u00eandoas Doces:<\/strong> Propriedades hidratantes e nutritivas.<\/li>\n\n\n\n<li><strong>\u00d3leo de Jojoba:<\/strong> Leve e ideal para a pele oleosa.<\/li>\n\n\n\n<li><strong>Lavanda:<\/strong> Aroma calmante, perfeito para relaxar.<\/li>\n\n\n\n<li><strong>Bergamota:<\/strong> Refrescante e revigorante.<\/li>\n\n\n\n<li><strong>Eucalipto:<\/strong> Proporciona um toque fresco e mentolado.<\/li>\n<\/ul>\n\n\n\n<iframe loading=\"lazy\" width=\"560\" height=\"315\" src=\"https:\/\/www.youtube.com\/embed\/X7qH3-u8kfE?si=aKm4tQfTecMXfnPN\" title=\"YouTube video player\" frameborder=\"0\" allow=\"accelerometer; autoplay; clipboard-write; encrypted-media; gyroscope; picture-in-picture; web-share\" referrerpolicy=\"strict-origin-when-cross-origin\" allowfullscreen><\/iframe>\n\n\n\n<h2 class=\"wp-block-heading\">Como preparar o \u00f3leo corporal passo a passo?<\/h2>\n\n\n\n<ol class=\"wp-block-list\">\n<li><strong>Sele\u00e7\u00e3o dos ingredientes:<\/strong> Escolha um <strong>\u00f3leo base<\/strong> e os <strong>\u00f3leos essenciais<\/strong> desejados. Opte sempre por produtos de boa qualidade para melhores resultados.<\/li>\n\n\n\n<li><strong>Mistura Inicial:<\/strong> Em uma garrafa ou frasco escuro, adicione cerca de <strong>100 ml<\/strong> do \u00f3leo base escolhido.<\/li>\n\n\n\n<li><strong>Adi\u00e7\u00e3o dos \u00d3leos Essenciais:<\/strong> Para cada 100 ml de \u00f3leo base, adicione entre <strong>15 a 25 gotas<\/strong> de \u00f3leos essenciais combinados. Ajuste conforme a intensidade arom\u00e1tica desejada.<\/li>\n\n\n\n<li><strong>Agitar Bem:<\/strong> Agite o frasco para garantir que os \u00f3leos estejam bem misturados.<\/li>\n\n\n\n<li><strong>Teste de Compatibilidade:<\/strong> Antes de aplicar por completo no corpo, fa\u00e7a um teste em uma pequena \u00e1rea da pele para garantir que n\u00e3o haja rea\u00e7\u00f5es adversas.<\/li>\n<\/ol>\n\n\n\n<p>Leia tamb\u00e9m:&nbsp;<a href=\"https:\/\/www.em.com.br\/emfoco\/2025\/11\/05\/rotina-noturna-que-garante-cuidados-ao-seu-cabelo-e-sua-pele-enquanto-voce-dorme\/\" target=\"_blank\" rel=\"noopener\">Rotina noturna que garante cuidados ao seu cabelo e sua pele enquanto voc\u00ea dorme<\/a><\/p>\n\n\n<div class=\"wp-block-image\">\n<figure class=\"aligncenter size-large\"><img loading=\"lazy\" decoding=\"async\" width=\"1024\" height=\"576\" src=\"https:\/\/www.em.com.br\/emfoco\/wp-content\/uploads\/2025\/11\/oleo-corporal_1762368861619-1024x576.jpg\" alt=\"\" class=\"wp-image-123763\" srcset=\"https:\/\/www.em.com.br\/emfoco\/wp-content\/uploads\/2025\/11\/oleo-corporal_1762368861619-1024x576.jpg 1024w, https:\/\/www.em.com.br\/emfoco\/wp-content\/uploads\/2025\/11\/oleo-corporal_1762368861619-300x169.jpg 300w, https:\/\/www.em.com.br\/emfoco\/wp-content\/uploads\/2025\/11\/oleo-corporal_1762368861619-768x432.jpg 768w, https:\/\/www.em.com.br\/emfoco\/wp-content\/uploads\/2025\/11\/oleo-corporal_1762368861619-750x422.jpg 750w, https:\/\/www.em.com.br\/emfoco\/wp-content\/uploads\/2025\/11\/oleo-corporal_1762368861619-1140x641.jpg 1140w, https:\/\/www.em.com.br\/emfoco\/wp-content\/uploads\/2025\/11\/oleo-corporal_1762368861619.jpg 1280w\" sizes=\"auto, (max-width: 1024px) 100vw, 1024px\" \/><figcaption class=\"wp-element-caption\">Quanto aos \u00f3leos essenciais, lavanda, bergamota e eucalipto s\u00e3o excelentes escolhas devido ao seu potencial calmante e refrescante &#8211; Cr\u00e9ditos: depositphotos.com \/ triocean2011<\/figcaption><\/figure><\/div>\n\n\n<h2 class=\"wp-block-heading\">Quais os benef\u00edcios de um \u00f3leo corporal com cheirinho de banho tomado?<\/h2>\n\n\n\n<p>Utilizar um <strong>\u00f3leo corporal<\/strong> com <strong>aroma de banho tomado<\/strong> pode transportar a mente para uma sensa\u00e7\u00e3o de <strong>frescor<\/strong> e <strong>renova\u00e7\u00e3o<\/strong>, prolongando a tranquilidade do banho pelo resto do dia. Al\u00e9m disso, o uso regular pode ajudar a manter a pele <strong>suave<\/strong>, <strong>hidratada<\/strong> e protegida contra fatores ambientais que contribuem para o ressecamento. A incorpora\u00e7\u00e3o de <strong>\u00f3leos essenciais<\/strong> \u00e0 rotina de cuidados pessoais promove bem-estar emocional e f\u00edsico, aliando praticidade \u00e0 sofistica\u00e7\u00e3o. \u00c9 poss\u00edvel ainda incluir outros <strong>\u00f3leos essenciais<\/strong>, como o de <strong>capim-lim\u00e3o<\/strong> para um toque c\u00edtrico ou <strong>tea tree<\/strong> pelo seu potencial purificante, aumentando os benef\u00edcios para diferentes tipos de pele.<\/p>\n\n\n\n<p>Em suma, a cria\u00e7\u00e3o de um <strong>\u00f3leo corporal caseiro<\/strong> com aroma de banho envolve a sele\u00e7\u00e3o cuidadosa de componentes que, al\u00e9m de cuidarem da pele, proporcionam um <strong>perfume delicado<\/strong> e envolvente. Esse processo n\u00e3o s\u00f3 beneficia a pele, como tamb\u00e9m oferece uma <strong>experi\u00eancia sensorial<\/strong> que pode ser ajustada de acordo com prefer\u00eancias pessoais, criando uma <strong>rotina de cuidados<\/strong> rica e personalizada.<\/p>\n","protected":false},"excerpt":{"rendered":"<p>Preparar seu pr\u00f3prio \u00f3leo corporal com aroma de banho tomado pode ser uma experi\u00eancia gratificante e saud\u00e1vel. Criar essa mistura em casa permite ajustar os ingredientes conforme as prefer\u00eancias pessoais, garantindo que o produto final seja tanto perfumado quanto ben\u00e9fico para a pele. Este artigo explora os passos para formular esse \u00f3leo corporal, destacando ingredientes [&hellip;]<\/p>\n","protected":false},"author":9,"featured_media":123762,"comment_status":"open","ping_status":"open","sticky":false,"template":"","format":"standard","meta":{"jnews-multi-image_gallery":[],"jnews_single_post":{"format":"standard"},"jnews_primary_category":[],"jnews_social_meta":[],"jnews_override_counter":[],"footnotes":""},"categories":[1],"tags":[18471,5612,10654],"class_list":["post-123733","post","type-post","status-publish","format-standard","has-post-thumbnail","hentry","category-noticias","tag-cheirinho-de-banho","tag-oleo","tag-oleo-corporal"],"yoast_head":"<!-- This site is optimized with the Yoast SEO plugin v23.8 - https:\/\/yoast.com\/wordpress\/plugins\/seo\/ -->\n<title>Fa\u00e7a em casa seu pr\u00f3prio \u00f3leo corporal e sinta a pele cheirosa o dia inteiro<\/title>\n<meta name=\"description\" content=\"Aprenda a fazer um \u00f3leo corporal natural com cheirinho de banho tomado que hidrata, perfuma e deixa a pele macia o dia inteiro.\" \/>\n<meta name=\"robots\" content=\"index, follow, max-snippet:-1, max-image-preview:large, max-video-preview:-1\" \/>\n<link rel=\"canonical\" href=\"https:\/\/www.em.com.br\/emfoco\/2025\/11\/06\/faca-em-casa-seu-proprio-oleo-corporal-e-sinta-a-pele-cheirosa-o-dia-inteiro\/\" \/>\n<meta property=\"og:locale\" content=\"pt_BR\" \/>\n<meta property=\"og:type\" content=\"article\" \/>\n<meta property=\"og:title\" content=\"Fa\u00e7a em casa seu pr\u00f3prio \u00f3leo corporal e sinta a pele cheirosa o dia inteiro\" \/>\n<meta property=\"og:description\" content=\"Aprenda a fazer um \u00f3leo corporal natural com cheirinho de banho tomado que hidrata, perfuma e deixa a pele macia o dia inteiro.\" \/>\n<meta property=\"og:url\" content=\"https:\/\/www.em.com.br\/emfoco\/2025\/11\/06\/faca-em-casa-seu-proprio-oleo-corporal-e-sinta-a-pele-cheirosa-o-dia-inteiro\/\" \/>\n<meta property=\"og:site_name\" content=\"Estado de Minas - Em foco\" \/>\n<meta property=\"article:published_time\" content=\"2025-11-06T21:15:14+00:00\" \/>\n<meta property=\"article:modified_time\" content=\"2025-11-05T22:03:18+00:00\" \/>\n<meta property=\"og:image\" content=\"https:\/\/www.em.com.br\/emfoco\/wp-content\/uploads\/2025\/11\/oleo-corporal_1762368790283.jpg\" \/>\n\t<meta property=\"og:image:width\" content=\"1280\" \/>\n\t<meta property=\"og:image:height\" content=\"720\" \/>\n\t<meta property=\"og:image:type\" content=\"image\/jpeg\" \/>\n<meta name=\"author\" content=\"Daniely Cardoso\" \/>\n<meta name=\"twitter:card\" content=\"summary_large_image\" \/>\n<meta name=\"twitter:label1\" content=\"Escrito por\" \/>\n\t<meta name=\"twitter:data1\" content=\"Daniely Cardoso\" \/>\n\t<meta name=\"twitter:label2\" content=\"Est. tempo de leitura\" \/>\n\t<meta name=\"twitter:data2\" content=\"4 minutos\" \/>\n<!-- \/ Yoast SEO plugin. -->","yoast_head_json":{"title":"Fa\u00e7a em casa seu pr\u00f3prio \u00f3leo corporal e sinta a pele cheirosa o dia inteiro","description":"Aprenda a fazer um \u00f3leo corporal natural com cheirinho de banho tomado que hidrata, perfuma e deixa a pele macia o dia inteiro.","robots":{"index":"index","follow":"follow","max-snippet":"max-snippet:-1","max-image-preview":"max-image-preview:large","max-video-preview":"max-video-preview:-1"},"canonical":"https:\/\/www.em.com.br\/emfoco\/2025\/11\/06\/faca-em-casa-seu-proprio-oleo-corporal-e-sinta-a-pele-cheirosa-o-dia-inteiro\/","og_locale":"pt_BR","og_type":"article","og_title":"Fa\u00e7a em casa seu pr\u00f3prio \u00f3leo corporal e sinta a pele cheirosa o dia inteiro","og_description":"Aprenda a fazer um \u00f3leo corporal natural com cheirinho de banho tomado que hidrata, perfuma e deixa a pele macia o dia inteiro.","og_url":"https:\/\/www.em.com.br\/emfoco\/2025\/11\/06\/faca-em-casa-seu-proprio-oleo-corporal-e-sinta-a-pele-cheirosa-o-dia-inteiro\/","og_site_name":"Estado de Minas - Em foco","article_published_time":"2025-11-06T21:15:14+00:00","article_modified_time":"2025-11-05T22:03:18+00:00","og_image":[{"width":1280,"height":720,"url":"https:\/\/www.em.com.br\/emfoco\/wp-content\/uploads\/2025\/11\/oleo-corporal_1762368790283.jpg","type":"image\/jpeg"}],"author":"Daniely Cardoso","twitter_card":"summary_large_image","twitter_misc":{"Escrito por":"Daniely Cardoso","Est. tempo de leitura":"4 minutos"},"schema":{"@context":"https:\/\/schema.org","@graph":[{"@type":"WebPage","@id":"https:\/\/www.em.com.br\/emfoco\/2025\/11\/06\/faca-em-casa-seu-proprio-oleo-corporal-e-sinta-a-pele-cheirosa-o-dia-inteiro\/","url":"https:\/\/www.em.com.br\/emfoco\/2025\/11\/06\/faca-em-casa-seu-proprio-oleo-corporal-e-sinta-a-pele-cheirosa-o-dia-inteiro\/","name":"Fa\u00e7a em casa seu pr\u00f3prio \u00f3leo corporal e sinta a pele cheirosa o dia inteiro","isPartOf":{"@id":"https:\/\/www.em.com.br\/emfoco\/#website"},"primaryImageOfPage":{"@id":"https:\/\/www.em.com.br\/emfoco\/2025\/11\/06\/faca-em-casa-seu-proprio-oleo-corporal-e-sinta-a-pele-cheirosa-o-dia-inteiro\/#primaryimage"},"image":{"@id":"https:\/\/www.em.com.br\/emfoco\/2025\/11\/06\/faca-em-casa-seu-proprio-oleo-corporal-e-sinta-a-pele-cheirosa-o-dia-inteiro\/#primaryimage"},"thumbnailUrl":"https:\/\/www.em.com.br\/emfoco\/wp-content\/uploads\/2025\/11\/oleo-corporal_1762368790283.jpg","datePublished":"2025-11-06T21:15:14+00:00","dateModified":"2025-11-05T22:03:18+00:00","author":{"@id":"https:\/\/www.em.com.br\/emfoco\/#\/schema\/person\/0a8186d72f2c3a5c6276d90b41f271a0"},"description":"Aprenda a fazer um \u00f3leo corporal natural com cheirinho de banho tomado que hidrata, perfuma e deixa a pele macia o dia inteiro.","breadcrumb":{"@id":"https:\/\/www.em.com.br\/emfoco\/2025\/11\/06\/faca-em-casa-seu-proprio-oleo-corporal-e-sinta-a-pele-cheirosa-o-dia-inteiro\/#breadcrumb"},"inLanguage":"pt-BR","potentialAction":[{"@type":"ReadAction","target":["https:\/\/www.em.com.br\/emfoco\/2025\/11\/06\/faca-em-casa-seu-proprio-oleo-corporal-e-sinta-a-pele-cheirosa-o-dia-inteiro\/"]}]},{"@type":"ImageObject","inLanguage":"pt-BR","@id":"https:\/\/www.em.com.br\/emfoco\/2025\/11\/06\/faca-em-casa-seu-proprio-oleo-corporal-e-sinta-a-pele-cheirosa-o-dia-inteiro\/#primaryimage","url":"https:\/\/www.em.com.br\/emfoco\/wp-content\/uploads\/2025\/11\/oleo-corporal_1762368790283.jpg","contentUrl":"https:\/\/www.em.com.br\/emfoco\/wp-content\/uploads\/2025\/11\/oleo-corporal_1762368790283.jpg","width":1280,"height":720,"caption":"\u00d3leos corporais naturais oferecem uma s\u00e9rie de vantagens - Cr\u00e9ditos: depositphotos.com \/ triocean2011"},{"@type":"BreadcrumbList","@id":"https:\/\/www.em.com.br\/emfoco\/2025\/11\/06\/faca-em-casa-seu-proprio-oleo-corporal-e-sinta-a-pele-cheirosa-o-dia-inteiro\/#breadcrumb","itemListElement":[{"@type":"ListItem","position":1,"name":"In\u00edcio","item":"https:\/\/www.em.com.br\/emfoco\/"},{"@type":"ListItem","position":2,"name":"Fa\u00e7a em casa seu pr\u00f3prio \u00f3leo corporal e sinta a pele cheirosa o dia inteiro"}]},{"@type":"WebSite","@id":"https:\/\/www.em.com.br\/emfoco\/#website","url":"https:\/\/www.em.com.br\/emfoco\/","name":"Estado de Minas - Em foco","description":"Acompanhe as \u00faltimas not\u00edcias e fique bem informado sobre tudo o que acontece em Minas Gerais, Brasil e no mundo.","potentialAction":[{"@type":"SearchAction","target":{"@type":"EntryPoint","urlTemplate":"https:\/\/www.em.com.br\/emfoco\/?s={search_term_string}"},"query-input":{"@type":"PropertyValueSpecification","valueRequired":true,"valueName":"search_term_string"}}],"inLanguage":"pt-BR"},{"@type":"Person","@id":"https:\/\/www.em.com.br\/emfoco\/#\/schema\/person\/0a8186d72f2c3a5c6276d90b41f271a0","name":"Daniely Cardoso","image":{"@type":"ImageObject","inLanguage":"pt-BR","@id":"https:\/\/www.em.com.br\/emfoco\/#\/schema\/person\/image\/","url":"https:\/\/secure.gravatar.com\/avatar\/4b80ddbd124d1f071b626d52d62e5dff?s=96&d=mm&r=g","contentUrl":"https:\/\/secure.gravatar.com\/avatar\/4b80ddbd124d1f071b626d52d62e5dff?s=96&d=mm&r=g","caption":"Daniely Cardoso"},"url":"https:\/\/www.em.com.br\/emfoco\/author\/danielymyth\/"}]}},"_links":{"self":[{"href":"https:\/\/www.em.com.br\/emfoco\/wp-json\/wp\/v2\/posts\/123733","targetHints":{"allow":["GET"]}}],"collection":[{"href":"https:\/\/www.em.com.br\/emfoco\/wp-json\/wp\/v2\/posts"}],"about":[{"href":"https:\/\/www.em.com.br\/emfoco\/wp-json\/wp\/v2\/types\/post"}],"author":[{"embeddable":true,"href":"https:\/\/www.em.com.br\/emfoco\/wp-json\/wp\/v2\/users\/9"}],"replies":[{"embeddable":true,"href":"https:\/\/www.em.com.br\/emfoco\/wp-json\/wp\/v2\/comments?post=123733"}],"version-history":[{"count":3,"href":"https:\/\/www.em.com.br\/emfoco\/wp-json\/wp\/v2\/posts\/123733\/revisions"}],"predecessor-version":[{"id":123935,"href":"https:\/\/www.em.com.br\/emfoco\/wp-json\/wp\/v2\/posts\/123733\/revisions\/123935"}],"wp:featuredmedia":[{"embeddable":true,"href":"https:\/\/www.em.com.br\/emfoco\/wp-json\/wp\/v2\/media\/123762"}],"wp:attachment":[{"href":"https:\/\/www.em.com.br\/emfoco\/wp-json\/wp\/v2\/media?parent=123733"}],"wp:term":[{"taxonomy":"category","embeddable":true,"href":"https:\/\/www.em.com.br\/emfoco\/wp-json\/wp\/v2\/categories?post=123733"},{"taxonomy":"post_tag","embeddable":true,"href":"https:\/\/www.em.com.br\/emfoco\/wp-json\/wp\/v2\/tags?post=123733"}],"curies":[{"name":"wp","href":"https:\/\/api.w.org\/{rel}","templated":true}]}}