{"id":123711,"date":"2025-11-07T21:45:00","date_gmt":"2025-11-08T00:45:00","guid":{"rendered":"https:\/\/www.em.com.br\/emfoco\/?p=123711"},"modified":"2025-11-05T16:02:13","modified_gmt":"2025-11-05T19:02:13","slug":"pesticidas-naturais-nao-sao-100-saudaveis-e-exigem-cuidado","status":"publish","type":"post","link":"https:\/\/www.em.com.br\/emfoco\/2025\/11\/07\/pesticidas-naturais-nao-sao-100-saudaveis-e-exigem-cuidado\/","title":{"rendered":"Pesticidas naturais n\u00e3o s\u00e3o 100% saud\u00e1veis e exigem cuidado"},"content":{"rendered":"\n<p><strong>Pesticidas naturais<\/strong> n\u00e3o s\u00e3o inofensivos apenas por virem de plantas, ra\u00edzes ou extratos. Mesmo subst\u00e2ncias caseiras, quando aplicadas em excesso ou sem conhecimento t\u00e9cnico, podem causar danos \u00e0s culturas, ao solo e \u00e0 sa\u00fade humana a m\u00e9dio prazo.<\/p>\n\n\n\n<h2 class=\"wp-block-heading\">Por que \u201cnatural\u201d n\u00e3o \u00e9 sin\u00f4nimo de seguro absoluto?<\/h2>\n\n\n\n<p>Produtos feitos com base em hortel\u00e3, alho ou pimenta podem ser altamente t\u00f3xicos em concentra\u00e7\u00f5es elevadas, e esse efeito \u00e9 uma forma de <strong>a\u00e7\u00e3o qu\u00edmica<\/strong> como qualquer outra. A diferen\u00e7a \u00e9 que a origem org\u00e2nica n\u00e3o elimina riscos de mau uso.<\/p>\n\n\n\n<p>O erro est\u00e1 em acreditar que o fator \u201ccaseiro\u201d reduz qualquer risco de contamina\u00e7\u00e3o. N\u00e3o reduz. O problema continua sendo o mesmo: <strong>dose<\/strong>, frequ\u00eancia e intera\u00e7\u00e3o com o ambiente. A seguran\u00e7a depende de uso criterioso e t\u00e9cnica, n\u00e3o da origem da subst\u00e2ncia.<\/p>\n\n\n\n<figure class=\"wp-block-image size-large\"><img loading=\"lazy\" decoding=\"async\" width=\"1024\" height=\"576\" src=\"https:\/\/www.em.com.br\/emfoco\/wp-content\/uploads\/2025\/11\/pesticidas-naturais_1762369281125-1024x576.jpg\" alt=\"Pesticidas naturais n\u00e3o s\u00e3o 100% saud\u00e1veis e exigem cuidado\" class=\"wp-image-123772\" srcset=\"https:\/\/www.em.com.br\/emfoco\/wp-content\/uploads\/2025\/11\/pesticidas-naturais_1762369281125-1024x576.jpg 1024w, https:\/\/www.em.com.br\/emfoco\/wp-content\/uploads\/2025\/11\/pesticidas-naturais_1762369281125-300x169.jpg 300w, https:\/\/www.em.com.br\/emfoco\/wp-content\/uploads\/2025\/11\/pesticidas-naturais_1762369281125-768x432.jpg 768w, https:\/\/www.em.com.br\/emfoco\/wp-content\/uploads\/2025\/11\/pesticidas-naturais_1762369281125-750x422.jpg 750w, https:\/\/www.em.com.br\/emfoco\/wp-content\/uploads\/2025\/11\/pesticidas-naturais_1762369281125-1140x641.jpg 1140w, https:\/\/www.em.com.br\/emfoco\/wp-content\/uploads\/2025\/11\/pesticidas-naturais_1762369281125.jpg 1280w\" sizes=\"auto, (max-width: 1024px) 100vw, 1024px\" \/><figcaption class=\"wp-element-caption\">A seguran\u00e7a depende da dose correta e t\u00e9cnica de aplica\u00e7\u00e3o precisa &#8211; Cr\u00e9ditos: depositphotos.com \/ adsniks@gmail.com<\/figcaption><\/figure>\n\n\n\n<p><em>Leia mais: <strong><a href=\"https:\/\/www.em.com.br\/emfoco\/2025\/11\/05\/as-plantas-mais-poderosas-para-aliviar-dores-de-cabeca-sem-afetar-o-estomago\/\" target=\"_blank\" rel=\"noreferrer noopener\">As plantas mais poderosas para aliviar dores de cabe\u00e7a sem afetar o est\u00f4mago<\/a><\/strong><\/em><\/p>\n\n\n\n<h2 class=\"wp-block-heading\">Quais cuidados m\u00ednimos antes de aplicar pesticidas naturais?<\/h2>\n\n\n\n<p>Mesmo preparados artesanais exigem verifica\u00e7\u00e3o pr\u00e9via e <strong>teste pontual<\/strong> em pequena parte da planta antes de espalhar o produto no jardim inteiro. Sem esse passo, o risco de rea\u00e7\u00e3o negativa imediata \u00e9 mais alto do que as pessoas imaginam.<\/p>\n\n\n\n<ul class=\"wp-block-list\">\n<li><strong>Usar quantidades pequenas<\/strong> \u2014 excesso queima folhas e pode intoxicar o solo<\/li>\n\n\n\n<li><strong>Evitar sol forte<\/strong> \u2014 subst\u00e2ncias naturais podem reagir ao calor e intensificar danos<\/li>\n\n\n\n<li><strong>Aplicar sempre dilu\u00eddo<\/strong> \u2014 concentra\u00e7\u00f5es puras elevam risco de fitotoxicidade<\/li>\n<\/ul>\n\n\n\n<h2 class=\"wp-block-heading\">\u00c9 mais inteligente investir em preven\u00e7\u00e3o do que em remedia\u00e7\u00e3o?<\/h2>\n\n\n\n<p>A base do manejo realmente saud\u00e1vel \u00e9 a <strong><a href=\"https:\/\/www.embrapa.br\/busca-de-publicacoes\/-\/publicacao\/100102\/controle-alternativo-de-pragas-e-doencas-das-plantas\" target=\"_blank\" rel=\"noreferrer noopener\">preven\u00e7\u00e3o de pragas<\/a><\/strong>, n\u00e3o a tentativa de elimin\u00e1-las ap\u00f3s o ataque. Nutri\u00e7\u00e3o do solo, ventila\u00e7\u00e3o e espa\u00e7amento correto entre vasos reduzem drasticamente infesta\u00e7\u00f5es sem subst\u00e2ncia alguma.<\/p>\n\n\n\n<p>Plantas bem nutridas toleram mais intemp\u00e9ries e desenvolvem defesas pr\u00f3prias. O truque n\u00e3o \u00e9 pulverizar tudo e sim observar sinais cedo, ajustando <strong>rotina de cultivo<\/strong> antes do problema se instalar e exigir qualquer qu\u00edmica.<\/p>\n\n\n\n<figure class=\"wp-block-image size-large\"><img loading=\"lazy\" decoding=\"async\" width=\"1024\" height=\"576\" src=\"https:\/\/www.em.com.br\/emfoco\/wp-content\/uploads\/2025\/11\/pesticidas-naturais_1762369329573-1024x576.jpg\" alt=\"Pesticidas naturais n\u00e3o s\u00e3o 100% saud\u00e1veis e exigem cuidado\" class=\"wp-image-123773\" srcset=\"https:\/\/www.em.com.br\/emfoco\/wp-content\/uploads\/2025\/11\/pesticidas-naturais_1762369329573-1024x576.jpg 1024w, https:\/\/www.em.com.br\/emfoco\/wp-content\/uploads\/2025\/11\/pesticidas-naturais_1762369329573-300x169.jpg 300w, https:\/\/www.em.com.br\/emfoco\/wp-content\/uploads\/2025\/11\/pesticidas-naturais_1762369329573-768x432.jpg 768w, https:\/\/www.em.com.br\/emfoco\/wp-content\/uploads\/2025\/11\/pesticidas-naturais_1762369329573-750x422.jpg 750w, https:\/\/www.em.com.br\/emfoco\/wp-content\/uploads\/2025\/11\/pesticidas-naturais_1762369329573-1140x641.jpg 1140w, https:\/\/www.em.com.br\/emfoco\/wp-content\/uploads\/2025\/11\/pesticidas-naturais_1762369329573.jpg 1280w\" sizes=\"auto, (max-width: 1024px) 100vw, 1024px\" \/><figcaption class=\"wp-element-caption\">Manejo preventivo reduz drasticamente necessidade de produtos qu\u00edmicos &#8211; Cr\u00e9ditos: depositphotos.com \/ hannator<\/figcaption><\/figure>\n\n\n\n<h2 class=\"wp-block-heading\">Quais alternativas seguras podem reduzir a necessidade de pesticidas?<\/h2>\n\n\n\n<p>O caminho mais seguro e eficiente \u00e9 fortalecer o ecossistema dom\u00e9stico, reduzindo est\u00edmulos para ataque de pragas. Isso inclui ajustes b\u00e1sicos que geram impacto real e diminuem necessidade de subst\u00e2ncias agressivas, naturais ou n\u00e3o.<\/p>\n\n\n\n<ul class=\"wp-block-list\">\n<li>Melhorar drenagem do vaso \u2014 evita fungos e reduz ambiente favor\u00e1vel a pragas<\/li>\n\n\n\n<li>Podar partes doentes \u2014 remove a porta de entrada para novas infec\u00e7\u00f5es<\/li>\n\n\n\n<li>Adubar com crit\u00e9rio \u2014 fortalece imunidade e reduz vulnerabilidade qu\u00edmica<\/li>\n<\/ul>\n","protected":false},"excerpt":{"rendered":"<p>Pesticidas naturais n\u00e3o s\u00e3o inofensivos apenas por virem de plantas, ra\u00edzes ou extratos. Mesmo subst\u00e2ncias caseiras, quando aplicadas em excesso ou sem conhecimento t\u00e9cnico, podem causar danos \u00e0s culturas, ao solo e \u00e0 sa\u00fade humana a m\u00e9dio prazo. Por que \u201cnatural\u201d n\u00e3o \u00e9 sin\u00f4nimo de seguro absoluto? Produtos feitos com base em hortel\u00e3, alho ou [&hellip;]<\/p>\n","protected":false},"author":13,"featured_media":123771,"comment_status":"open","ping_status":"open","sticky":false,"template":"","format":"standard","meta":{"jnews-multi-image_gallery":[],"jnews_single_post":{"format":"standard"},"jnews_primary_category":[],"jnews_social_meta":[],"jnews_override_counter":[],"footnotes":""},"categories":[8819],"tags":[16172,3358,13781],"class_list":["post-123711","post","type-post","status-publish","format-standard","has-post-thumbnail","hentry","category-curiosidades","tag-cuidados-com-as-plantas","tag-jardinagem","tag-pesticidas-naturais"],"yoast_head":"<!-- This site is optimized with the Yoast SEO plugin v23.8 - https:\/\/yoast.com\/wordpress\/plugins\/seo\/ -->\n<title>Pesticidas naturais n\u00e3o s\u00e3o 100% saud\u00e1veis e exigem cuidado - Estado de Minas - Em foco<\/title>\n<meta name=\"description\" content=\"O que parece inofensivo pode ser t\u00f3xico no jardim. Entenda os riscos de pesticidas caseiros e como evitar queimaduras nas folhas.\" \/>\n<meta name=\"robots\" content=\"index, follow, max-snippet:-1, max-image-preview:large, max-video-preview:-1\" \/>\n<link rel=\"canonical\" href=\"https:\/\/www.em.com.br\/emfoco\/2025\/11\/07\/pesticidas-naturais-nao-sao-100-saudaveis-e-exigem-cuidado\/\" \/>\n<meta property=\"og:locale\" content=\"pt_BR\" \/>\n<meta property=\"og:type\" content=\"article\" \/>\n<meta property=\"og:title\" content=\"Pesticidas naturais n\u00e3o s\u00e3o 100% saud\u00e1veis e exigem cuidado - Estado de Minas - Em foco\" \/>\n<meta property=\"og:description\" content=\"O que parece inofensivo pode ser t\u00f3xico no jardim. Entenda os riscos de pesticidas caseiros e como evitar queimaduras nas folhas.\" \/>\n<meta property=\"og:url\" content=\"https:\/\/www.em.com.br\/emfoco\/2025\/11\/07\/pesticidas-naturais-nao-sao-100-saudaveis-e-exigem-cuidado\/\" \/>\n<meta property=\"og:site_name\" content=\"Estado de Minas - Em foco\" \/>\n<meta property=\"article:published_time\" content=\"2025-11-08T00:45:00+00:00\" \/>\n<meta property=\"article:modified_time\" content=\"2025-11-05T19:02:13+00:00\" \/>\n<meta property=\"og:image\" content=\"https:\/\/www.em.com.br\/emfoco\/wp-content\/uploads\/2025\/11\/pesticidas-naturais_1762369241657.jpg\" \/>\n\t<meta property=\"og:image:width\" content=\"1280\" \/>\n\t<meta property=\"og:image:height\" content=\"720\" \/>\n\t<meta property=\"og:image:type\" content=\"image\/jpeg\" \/>\n<meta name=\"author\" content=\"Gabriel Martins\" \/>\n<meta name=\"twitter:card\" content=\"summary_large_image\" \/>\n<meta name=\"twitter:label1\" content=\"Escrito por\" \/>\n\t<meta name=\"twitter:data1\" content=\"Gabriel Martins\" \/>\n\t<meta name=\"twitter:label2\" content=\"Est. tempo de leitura\" \/>\n\t<meta name=\"twitter:data2\" content=\"3 minutos\" \/>\n<!-- \/ Yoast SEO plugin. -->","yoast_head_json":{"title":"Pesticidas naturais n\u00e3o s\u00e3o 100% saud\u00e1veis e exigem cuidado - Estado de Minas - Em foco","description":"O que parece inofensivo pode ser t\u00f3xico no jardim. Entenda os riscos de pesticidas caseiros e como evitar queimaduras nas folhas.","robots":{"index":"index","follow":"follow","max-snippet":"max-snippet:-1","max-image-preview":"max-image-preview:large","max-video-preview":"max-video-preview:-1"},"canonical":"https:\/\/www.em.com.br\/emfoco\/2025\/11\/07\/pesticidas-naturais-nao-sao-100-saudaveis-e-exigem-cuidado\/","og_locale":"pt_BR","og_type":"article","og_title":"Pesticidas naturais n\u00e3o s\u00e3o 100% saud\u00e1veis e exigem cuidado - Estado de Minas - Em foco","og_description":"O que parece inofensivo pode ser t\u00f3xico no jardim. Entenda os riscos de pesticidas caseiros e como evitar queimaduras nas folhas.","og_url":"https:\/\/www.em.com.br\/emfoco\/2025\/11\/07\/pesticidas-naturais-nao-sao-100-saudaveis-e-exigem-cuidado\/","og_site_name":"Estado de Minas - Em foco","article_published_time":"2025-11-08T00:45:00+00:00","article_modified_time":"2025-11-05T19:02:13+00:00","og_image":[{"width":1280,"height":720,"url":"https:\/\/www.em.com.br\/emfoco\/wp-content\/uploads\/2025\/11\/pesticidas-naturais_1762369241657.jpg","type":"image\/jpeg"}],"author":"Gabriel Martins","twitter_card":"summary_large_image","twitter_misc":{"Escrito por":"Gabriel Martins","Est. tempo de leitura":"3 minutos"},"schema":{"@context":"https:\/\/schema.org","@graph":[{"@type":"WebPage","@id":"https:\/\/www.em.com.br\/emfoco\/2025\/11\/07\/pesticidas-naturais-nao-sao-100-saudaveis-e-exigem-cuidado\/","url":"https:\/\/www.em.com.br\/emfoco\/2025\/11\/07\/pesticidas-naturais-nao-sao-100-saudaveis-e-exigem-cuidado\/","name":"Pesticidas naturais n\u00e3o s\u00e3o 100% saud\u00e1veis e exigem cuidado - Estado de Minas - Em foco","isPartOf":{"@id":"https:\/\/www.em.com.br\/emfoco\/#website"},"primaryImageOfPage":{"@id":"https:\/\/www.em.com.br\/emfoco\/2025\/11\/07\/pesticidas-naturais-nao-sao-100-saudaveis-e-exigem-cuidado\/#primaryimage"},"image":{"@id":"https:\/\/www.em.com.br\/emfoco\/2025\/11\/07\/pesticidas-naturais-nao-sao-100-saudaveis-e-exigem-cuidado\/#primaryimage"},"thumbnailUrl":"https:\/\/www.em.com.br\/emfoco\/wp-content\/uploads\/2025\/11\/pesticidas-naturais_1762369241657.jpg","datePublished":"2025-11-08T00:45:00+00:00","dateModified":"2025-11-05T19:02:13+00:00","author":{"@id":"https:\/\/www.em.com.br\/emfoco\/#\/schema\/person\/1c9ddeab18b98abeffef834667bcf08a"},"description":"O que parece inofensivo pode ser t\u00f3xico no jardim. Entenda os riscos de pesticidas caseiros e como evitar queimaduras nas folhas.","breadcrumb":{"@id":"https:\/\/www.em.com.br\/emfoco\/2025\/11\/07\/pesticidas-naturais-nao-sao-100-saudaveis-e-exigem-cuidado\/#breadcrumb"},"inLanguage":"pt-BR","potentialAction":[{"@type":"ReadAction","target":["https:\/\/www.em.com.br\/emfoco\/2025\/11\/07\/pesticidas-naturais-nao-sao-100-saudaveis-e-exigem-cuidado\/"]}]},{"@type":"ImageObject","inLanguage":"pt-BR","@id":"https:\/\/www.em.com.br\/emfoco\/2025\/11\/07\/pesticidas-naturais-nao-sao-100-saudaveis-e-exigem-cuidado\/#primaryimage","url":"https:\/\/www.em.com.br\/emfoco\/wp-content\/uploads\/2025\/11\/pesticidas-naturais_1762369241657.jpg","contentUrl":"https:\/\/www.em.com.br\/emfoco\/wp-content\/uploads\/2025\/11\/pesticidas-naturais_1762369241657.jpg","width":1280,"height":720,"caption":"Produtos naturais tamb\u00e9m podem intoxicar plantas e solo se usados errado - Cr\u00e9ditos: depositphotos.com \/ Serdynska"},{"@type":"BreadcrumbList","@id":"https:\/\/www.em.com.br\/emfoco\/2025\/11\/07\/pesticidas-naturais-nao-sao-100-saudaveis-e-exigem-cuidado\/#breadcrumb","itemListElement":[{"@type":"ListItem","position":1,"name":"In\u00edcio","item":"https:\/\/www.em.com.br\/emfoco\/"},{"@type":"ListItem","position":2,"name":"Pesticidas naturais n\u00e3o s\u00e3o 100% saud\u00e1veis e exigem cuidado"}]},{"@type":"WebSite","@id":"https:\/\/www.em.com.br\/emfoco\/#website","url":"https:\/\/www.em.com.br\/emfoco\/","name":"Estado de Minas - Em foco","description":"Acompanhe as \u00faltimas not\u00edcias e fique bem informado sobre tudo o que acontece em Minas Gerais, Brasil e no mundo.","potentialAction":[{"@type":"SearchAction","target":{"@type":"EntryPoint","urlTemplate":"https:\/\/www.em.com.br\/emfoco\/?s={search_term_string}"},"query-input":{"@type":"PropertyValueSpecification","valueRequired":true,"valueName":"search_term_string"}}],"inLanguage":"pt-BR"},{"@type":"Person","@id":"https:\/\/www.em.com.br\/emfoco\/#\/schema\/person\/1c9ddeab18b98abeffef834667bcf08a","name":"Gabriel Martins","image":{"@type":"ImageObject","inLanguage":"pt-BR","@id":"https:\/\/www.em.com.br\/emfoco\/#\/schema\/person\/image\/","url":"https:\/\/secure.gravatar.com\/avatar\/f0f1e2efdfd88f1ad2cb08c5c2731e50?s=96&d=mm&r=g","contentUrl":"https:\/\/secure.gravatar.com\/avatar\/f0f1e2efdfd88f1ad2cb08c5c2731e50?s=96&d=mm&r=g","caption":"Gabriel Martins"},"sameAs":["https:\/\/www.em.com.br\/emfoco\/"],"url":"https:\/\/www.em.com.br\/emfoco\/author\/gabrielmartinsmyth\/"}]}},"_links":{"self":[{"href":"https:\/\/www.em.com.br\/emfoco\/wp-json\/wp\/v2\/posts\/123711","targetHints":{"allow":["GET"]}}],"collection":[{"href":"https:\/\/www.em.com.br\/emfoco\/wp-json\/wp\/v2\/posts"}],"about":[{"href":"https:\/\/www.em.com.br\/emfoco\/wp-json\/wp\/v2\/types\/post"}],"author":[{"embeddable":true,"href":"https:\/\/www.em.com.br\/emfoco\/wp-json\/wp\/v2\/users\/13"}],"replies":[{"embeddable":true,"href":"https:\/\/www.em.com.br\/emfoco\/wp-json\/wp\/v2\/comments?post=123711"}],"version-history":[{"count":1,"href":"https:\/\/www.em.com.br\/emfoco\/wp-json\/wp\/v2\/posts\/123711\/revisions"}],"predecessor-version":[{"id":123774,"href":"https:\/\/www.em.com.br\/emfoco\/wp-json\/wp\/v2\/posts\/123711\/revisions\/123774"}],"wp:featuredmedia":[{"embeddable":true,"href":"https:\/\/www.em.com.br\/emfoco\/wp-json\/wp\/v2\/media\/123771"}],"wp:attachment":[{"href":"https:\/\/www.em.com.br\/emfoco\/wp-json\/wp\/v2\/media?parent=123711"}],"wp:term":[{"taxonomy":"category","embeddable":true,"href":"https:\/\/www.em.com.br\/emfoco\/wp-json\/wp\/v2\/categories?post=123711"},{"taxonomy":"post_tag","embeddable":true,"href":"https:\/\/www.em.com.br\/emfoco\/wp-json\/wp\/v2\/tags?post=123711"}],"curies":[{"name":"wp","href":"https:\/\/api.w.org\/{rel}","templated":true}]}}