{"id":123710,"date":"2025-11-07T21:15:00","date_gmt":"2025-11-08T00:15:00","guid":{"rendered":"https:\/\/www.em.com.br\/emfoco\/?p=123710"},"modified":"2025-11-05T19:39:07","modified_gmt":"2025-11-05T22:39:07","slug":"o-maior-mito-que-pode-acabar-com-a-saude-dos-seus-cactos-ou-suculentas","status":"publish","type":"post","link":"https:\/\/www.em.com.br\/emfoco\/2025\/11\/07\/o-maior-mito-que-pode-acabar-com-a-saude-dos-seus-cactos-ou-suculentas\/","title":{"rendered":"O maior mito que pode acabar com a sa\u00fade dos seus cactos ou suculentas"},"content":{"rendered":"\n<p>Muitos acreditam que <strong>cactos e suculentas<\/strong> vivem sem \u00e1gua, mas isso \u00e9 um mito. Embora sejam plantas resistentes, tamb\u00e9m necessitam de <strong>regras peri\u00f3dicas<\/strong> para crescer fortes e evitar o ressecamento completo do solo.<\/p>\n\n\n\n<h2 class=\"wp-block-heading\">Por que cactos e suculentas n\u00e3o sobrevivem totalmente sem \u00e1gua?<\/h2>\n\n\n\n<p>Apesar da fama de plantas resistentes, os <strong>cactos e suculentas<\/strong> armazenam \u00e1gua apenas por um tempo limitado. Quando o solo permanece seco por longos per\u00edodos, as folhas come\u00e7am a murchar e a planta perde vitalidade.<\/p>\n\n\n\n<p>Essas esp\u00e9cies evolu\u00edram para suportar a seca, mas n\u00e3o para viver sem \u00e1gua. A aus\u00eancia total de <strong>rega<\/strong> causa desidrata\u00e7\u00e3o, interrup\u00e7\u00e3o no crescimento e at\u00e9 morte, especialmente em ambientes internos e com pouca umidade.<\/p>\n\n\n\n<figure class=\"wp-block-image size-large\"><img loading=\"lazy\" decoding=\"async\" width=\"1024\" height=\"576\" src=\"https:\/\/www.em.com.br\/emfoco\/wp-content\/uploads\/2025\/11\/Suculentas-plantas_1762369100237-1024x576.jpg\" alt=\"O maior mito que pode acabar com a sa\u00fade do seus cactos ou suculentas\" class=\"wp-image-123767\" srcset=\"https:\/\/www.em.com.br\/emfoco\/wp-content\/uploads\/2025\/11\/Suculentas-plantas_1762369100237-1024x576.jpg 1024w, https:\/\/www.em.com.br\/emfoco\/wp-content\/uploads\/2025\/11\/Suculentas-plantas_1762369100237-300x169.jpg 300w, https:\/\/www.em.com.br\/emfoco\/wp-content\/uploads\/2025\/11\/Suculentas-plantas_1762369100237-768x432.jpg 768w, https:\/\/www.em.com.br\/emfoco\/wp-content\/uploads\/2025\/11\/Suculentas-plantas_1762369100237-750x422.jpg 750w, https:\/\/www.em.com.br\/emfoco\/wp-content\/uploads\/2025\/11\/Suculentas-plantas_1762369100237-1140x641.jpg 1140w, https:\/\/www.em.com.br\/emfoco\/wp-content\/uploads\/2025\/11\/Suculentas-plantas_1762369100237.jpg 1280w\" sizes=\"auto, (max-width: 1024px) 100vw, 1024px\" \/><figcaption class=\"wp-element-caption\">Intervalos de rega variam conforme clima, temperatura e umidade ambiente &#8211; Cr\u00e9ditos: depositphotos.com \/ NatashaFedorova<\/figcaption><\/figure>\n\n\n\n<h2 class=\"wp-block-heading\">Como identificar o momento certo para regar suas plantas?<\/h2>\n\n\n\n<p>O segredo est\u00e1 em observar o <strong>substrato<\/strong>. A rega deve acontecer apenas quando o solo estiver completamente seco ao toque, evitando o ac\u00famulo de umidade que pode gerar apodrecimento das ra\u00edzes.<\/p>\n\n\n\n<ul class=\"wp-block-list\">\n<li>Insira o dedo cerca de 2 cm no solo \u2014 se estiver seco, \u00e9 hora de regar.<\/li>\n\n\n\n<li>Use vasos com furos para drenar o excesso de \u00e1gua.<\/li>\n\n\n\n<li>Prefira regas profundas e espa\u00e7adas em vez de pequenas quantidades di\u00e1rias.<\/li>\n<\/ul>\n\n\n\n<p><em>Leia mais: <strong><a href=\"https:\/\/www.em.com.br\/emfoco\/2025\/11\/03\/as-plantas-brasileiras-mais-poderosas-contra-dores-nas-articulacoes\/\" target=\"_blank\" rel=\"noreferrer noopener\">As plantas brasileiras mais poderosas contra dores nas articula\u00e7\u00f5es<\/a><\/strong><\/em><\/p>\n\n\n\n<h2 class=\"wp-block-heading\">Qual \u00e9 a frequ\u00eancia ideal de rega para cada tipo de planta?<\/h2>\n\n\n\n<p>Em geral, o intervalo de rega varia conforme o clima e o ambiente. Em regi\u00f5es quentes, os <strong>cactos<\/strong> precisam de \u00e1gua a cada 10 a 15 dias, enquanto as <strong>suculentas<\/strong> pedem regas mais frequentes, entre 7 e 10 dias.<\/p>\n\n\n\n<p>No inverno, reduza a frequ\u00eancia, pois o solo demora mais para secar. O importante \u00e9 manter o equil\u00edbrio: nem encharcar, nem deixar completamente seco por muito tempo, garantindo o bom desenvolvimento das plantas.<\/p>\n\n\n\n<figure class=\"wp-block-image size-large\"><img loading=\"lazy\" decoding=\"async\" width=\"1024\" height=\"576\" src=\"https:\/\/www.em.com.br\/emfoco\/wp-content\/uploads\/2025\/11\/Suculentas-plantas_1762369128454-1024x576.jpg\" alt=\"O maior mito que pode acabar com a sa\u00fade do seus cactos ou suculentas\" class=\"wp-image-123768\" srcset=\"https:\/\/www.em.com.br\/emfoco\/wp-content\/uploads\/2025\/11\/Suculentas-plantas_1762369128454-1024x576.jpg 1024w, https:\/\/www.em.com.br\/emfoco\/wp-content\/uploads\/2025\/11\/Suculentas-plantas_1762369128454-300x169.jpg 300w, https:\/\/www.em.com.br\/emfoco\/wp-content\/uploads\/2025\/11\/Suculentas-plantas_1762369128454-768x432.jpg 768w, https:\/\/www.em.com.br\/emfoco\/wp-content\/uploads\/2025\/11\/Suculentas-plantas_1762369128454-750x422.jpg 750w, https:\/\/www.em.com.br\/emfoco\/wp-content\/uploads\/2025\/11\/Suculentas-plantas_1762369128454-1140x641.jpg 1140w, https:\/\/www.em.com.br\/emfoco\/wp-content\/uploads\/2025\/11\/Suculentas-plantas_1762369128454.jpg 1280w\" sizes=\"auto, (max-width: 1024px) 100vw, 1024px\" \/><figcaption class=\"wp-element-caption\">Excesso de umidade pode matar ra\u00edzes e comprometer desenvolvimento &#8211; Cr\u00e9ditos: depositphotos.com \/ HayDmitriy<\/figcaption><\/figure>\n\n\n\n<h2 class=\"wp-block-heading\">Quais cuidados extras ajudam no crescimento saud\u00e1vel?<\/h2>\n\n\n\n<p>Al\u00e9m da <strong><a href=\"https:\/\/www.irrigamatic.com.br\/post\/regar-plantas-aprenda-como-quando-e-quantas-vezes-s%C3%A3o-necess%C3%A1rias?srsltid=AfmBOormxin-Hq7WBLi96OkObUIrJn7fst7V1DmVIPAJWJfNb681L-li\" target=\"_blank\" rel=\"noreferrer noopener\">rega correta<\/a><\/strong>, a ilumina\u00e7\u00e3o \u00e9 essencial. Deixe as plantas em locais com boa entrada de luz solar indireta e evite trocas bruscas de temperatura, que podem prejudicar as folhas.<\/p>\n\n\n\n<ul class=\"wp-block-list\">\n<li>Evite pulverizar \u00e1gua nas folhas, preferindo a rega direta no solo.<\/li>\n\n\n\n<li>Use substrato arenoso e bem drenado.<\/li>\n\n\n\n<li>Adube com modera\u00e7\u00e3o durante o per\u00edodo de crescimento ativo.<\/li>\n<\/ul>\n","protected":false},"excerpt":{"rendered":"<p>Muitos acreditam que cactos e suculentas vivem sem \u00e1gua, mas isso \u00e9 um mito. Embora sejam plantas resistentes, tamb\u00e9m necessitam de regras peri\u00f3dicas para crescer fortes e evitar o ressecamento completo do solo. Por que cactos e suculentas n\u00e3o sobrevivem totalmente sem \u00e1gua? Apesar da fama de plantas resistentes, os cactos e suculentas armazenam \u00e1gua [&hellip;]<\/p>\n","protected":false},"author":13,"featured_media":123764,"comment_status":"open","ping_status":"open","sticky":false,"template":"","format":"standard","meta":{"jnews-multi-image_gallery":[],"jnews_single_post":{"format":"standard"},"jnews_primary_category":[],"jnews_social_meta":[],"jnews_override_counter":[],"footnotes":""},"categories":[8819],"tags":[3898,16172,3358,5520],"class_list":["post-123710","post","type-post","status-publish","format-standard","has-post-thumbnail","hentry","category-curiosidades","tag-cactos","tag-cuidados-com-as-plantas","tag-jardinagem","tag-suculentas"],"yoast_head":"<!-- This site is optimized with the Yoast SEO plugin v23.8 - https:\/\/yoast.com\/wordpress\/plugins\/seo\/ -->\n<title>O maior mito que pode acabar com a sa\u00fade dos seus cactos ou suculentas - Estado de Minas - Em foco<\/title>\n<meta name=\"description\" content=\"Cactos e suculentas tamb\u00e9m precisam de \u00e1gua para sobreviver. Veja como identificar a hora certa de regar e evitar desidrata\u00e7\u00e3o.\" \/>\n<meta name=\"robots\" content=\"index, follow, max-snippet:-1, max-image-preview:large, max-video-preview:-1\" \/>\n<link rel=\"canonical\" href=\"https:\/\/www.em.com.br\/emfoco\/2025\/11\/07\/o-maior-mito-que-pode-acabar-com-a-saude-dos-seus-cactos-ou-suculentas\/\" \/>\n<meta property=\"og:locale\" content=\"pt_BR\" \/>\n<meta property=\"og:type\" content=\"article\" \/>\n<meta property=\"og:title\" content=\"O maior mito que pode acabar com a sa\u00fade dos seus cactos ou suculentas - Estado de Minas - Em foco\" \/>\n<meta property=\"og:description\" content=\"Cactos e suculentas tamb\u00e9m precisam de \u00e1gua para sobreviver. Veja como identificar a hora certa de regar e evitar desidrata\u00e7\u00e3o.\" \/>\n<meta property=\"og:url\" content=\"https:\/\/www.em.com.br\/emfoco\/2025\/11\/07\/o-maior-mito-que-pode-acabar-com-a-saude-dos-seus-cactos-ou-suculentas\/\" \/>\n<meta property=\"og:site_name\" content=\"Estado de Minas - Em foco\" \/>\n<meta property=\"article:published_time\" content=\"2025-11-08T00:15:00+00:00\" \/>\n<meta property=\"article:modified_time\" content=\"2025-11-05T22:39:07+00:00\" \/>\n<meta property=\"og:image\" content=\"https:\/\/www.em.com.br\/emfoco\/wp-content\/uploads\/2025\/11\/Cactos_1762369058545.jpg\" \/>\n\t<meta property=\"og:image:width\" content=\"1280\" \/>\n\t<meta property=\"og:image:height\" content=\"720\" \/>\n\t<meta property=\"og:image:type\" content=\"image\/jpeg\" \/>\n<meta name=\"author\" content=\"Gabriel Martins\" \/>\n<meta name=\"twitter:card\" content=\"summary_large_image\" \/>\n<meta name=\"twitter:label1\" content=\"Escrito por\" \/>\n\t<meta name=\"twitter:data1\" content=\"Gabriel Martins\" \/>\n\t<meta name=\"twitter:label2\" content=\"Est. tempo de leitura\" \/>\n\t<meta name=\"twitter:data2\" content=\"1 minuto\" \/>\n<!-- \/ Yoast SEO plugin. -->","yoast_head_json":{"title":"O maior mito que pode acabar com a sa\u00fade dos seus cactos ou suculentas - Estado de Minas - Em foco","description":"Cactos e suculentas tamb\u00e9m precisam de \u00e1gua para sobreviver. Veja como identificar a hora certa de regar e evitar desidrata\u00e7\u00e3o.","robots":{"index":"index","follow":"follow","max-snippet":"max-snippet:-1","max-image-preview":"max-image-preview:large","max-video-preview":"max-video-preview:-1"},"canonical":"https:\/\/www.em.com.br\/emfoco\/2025\/11\/07\/o-maior-mito-que-pode-acabar-com-a-saude-dos-seus-cactos-ou-suculentas\/","og_locale":"pt_BR","og_type":"article","og_title":"O maior mito que pode acabar com a sa\u00fade dos seus cactos ou suculentas - Estado de Minas - Em foco","og_description":"Cactos e suculentas tamb\u00e9m precisam de \u00e1gua para sobreviver. Veja como identificar a hora certa de regar e evitar desidrata\u00e7\u00e3o.","og_url":"https:\/\/www.em.com.br\/emfoco\/2025\/11\/07\/o-maior-mito-que-pode-acabar-com-a-saude-dos-seus-cactos-ou-suculentas\/","og_site_name":"Estado de Minas - Em foco","article_published_time":"2025-11-08T00:15:00+00:00","article_modified_time":"2025-11-05T22:39:07+00:00","og_image":[{"width":1280,"height":720,"url":"https:\/\/www.em.com.br\/emfoco\/wp-content\/uploads\/2025\/11\/Cactos_1762369058545.jpg","type":"image\/jpeg"}],"author":"Gabriel Martins","twitter_card":"summary_large_image","twitter_misc":{"Escrito por":"Gabriel Martins","Est. tempo de leitura":"1 minuto"},"schema":{"@context":"https:\/\/schema.org","@graph":[{"@type":"WebPage","@id":"https:\/\/www.em.com.br\/emfoco\/2025\/11\/07\/o-maior-mito-que-pode-acabar-com-a-saude-dos-seus-cactos-ou-suculentas\/","url":"https:\/\/www.em.com.br\/emfoco\/2025\/11\/07\/o-maior-mito-que-pode-acabar-com-a-saude-dos-seus-cactos-ou-suculentas\/","name":"O maior mito que pode acabar com a sa\u00fade dos seus cactos ou suculentas - Estado de Minas - Em foco","isPartOf":{"@id":"https:\/\/www.em.com.br\/emfoco\/#website"},"primaryImageOfPage":{"@id":"https:\/\/www.em.com.br\/emfoco\/2025\/11\/07\/o-maior-mito-que-pode-acabar-com-a-saude-dos-seus-cactos-ou-suculentas\/#primaryimage"},"image":{"@id":"https:\/\/www.em.com.br\/emfoco\/2025\/11\/07\/o-maior-mito-que-pode-acabar-com-a-saude-dos-seus-cactos-ou-suculentas\/#primaryimage"},"thumbnailUrl":"https:\/\/www.em.com.br\/emfoco\/wp-content\/uploads\/2025\/11\/Cactos_1762369058545.jpg","datePublished":"2025-11-08T00:15:00+00:00","dateModified":"2025-11-05T22:39:07+00:00","author":{"@id":"https:\/\/www.em.com.br\/emfoco\/#\/schema\/person\/1c9ddeab18b98abeffef834667bcf08a"},"description":"Cactos e suculentas tamb\u00e9m precisam de \u00e1gua para sobreviver. Veja como identificar a hora certa de regar e evitar desidrata\u00e7\u00e3o.","breadcrumb":{"@id":"https:\/\/www.em.com.br\/emfoco\/2025\/11\/07\/o-maior-mito-que-pode-acabar-com-a-saude-dos-seus-cactos-ou-suculentas\/#breadcrumb"},"inLanguage":"pt-BR","potentialAction":[{"@type":"ReadAction","target":["https:\/\/www.em.com.br\/emfoco\/2025\/11\/07\/o-maior-mito-que-pode-acabar-com-a-saude-dos-seus-cactos-ou-suculentas\/"]}]},{"@type":"ImageObject","inLanguage":"pt-BR","@id":"https:\/\/www.em.com.br\/emfoco\/2025\/11\/07\/o-maior-mito-que-pode-acabar-com-a-saude-dos-seus-cactos-ou-suculentas\/#primaryimage","url":"https:\/\/www.em.com.br\/emfoco\/wp-content\/uploads\/2025\/11\/Cactos_1762369058545.jpg","contentUrl":"https:\/\/www.em.com.br\/emfoco\/wp-content\/uploads\/2025\/11\/Cactos_1762369058545.jpg","width":1280,"height":720,"caption":"Cactos e suculentas precisam de \u00e1gua para manter vitalidade e crescimento - Cr\u00e9ditos: depositphotos.com \/ IgorVetushko"},{"@type":"BreadcrumbList","@id":"https:\/\/www.em.com.br\/emfoco\/2025\/11\/07\/o-maior-mito-que-pode-acabar-com-a-saude-dos-seus-cactos-ou-suculentas\/#breadcrumb","itemListElement":[{"@type":"ListItem","position":1,"name":"In\u00edcio","item":"https:\/\/www.em.com.br\/emfoco\/"},{"@type":"ListItem","position":2,"name":"O maior mito que pode acabar com a sa\u00fade dos seus cactos ou suculentas"}]},{"@type":"WebSite","@id":"https:\/\/www.em.com.br\/emfoco\/#website","url":"https:\/\/www.em.com.br\/emfoco\/","name":"Estado de Minas - Em foco","description":"Acompanhe as \u00faltimas not\u00edcias e fique bem informado sobre tudo o que acontece em Minas Gerais, Brasil e no mundo.","potentialAction":[{"@type":"SearchAction","target":{"@type":"EntryPoint","urlTemplate":"https:\/\/www.em.com.br\/emfoco\/?s={search_term_string}"},"query-input":{"@type":"PropertyValueSpecification","valueRequired":true,"valueName":"search_term_string"}}],"inLanguage":"pt-BR"},{"@type":"Person","@id":"https:\/\/www.em.com.br\/emfoco\/#\/schema\/person\/1c9ddeab18b98abeffef834667bcf08a","name":"Gabriel Martins","image":{"@type":"ImageObject","inLanguage":"pt-BR","@id":"https:\/\/www.em.com.br\/emfoco\/#\/schema\/person\/image\/","url":"https:\/\/secure.gravatar.com\/avatar\/f0f1e2efdfd88f1ad2cb08c5c2731e50?s=96&d=mm&r=g","contentUrl":"https:\/\/secure.gravatar.com\/avatar\/f0f1e2efdfd88f1ad2cb08c5c2731e50?s=96&d=mm&r=g","caption":"Gabriel Martins"},"sameAs":["https:\/\/www.em.com.br\/emfoco\/"],"url":"https:\/\/www.em.com.br\/emfoco\/author\/gabrielmartinsmyth\/"}]}},"_links":{"self":[{"href":"https:\/\/www.em.com.br\/emfoco\/wp-json\/wp\/v2\/posts\/123710","targetHints":{"allow":["GET"]}}],"collection":[{"href":"https:\/\/www.em.com.br\/emfoco\/wp-json\/wp\/v2\/posts"}],"about":[{"href":"https:\/\/www.em.com.br\/emfoco\/wp-json\/wp\/v2\/types\/post"}],"author":[{"embeddable":true,"href":"https:\/\/www.em.com.br\/emfoco\/wp-json\/wp\/v2\/users\/13"}],"replies":[{"embeddable":true,"href":"https:\/\/www.em.com.br\/emfoco\/wp-json\/wp\/v2\/comments?post=123710"}],"version-history":[{"count":2,"href":"https:\/\/www.em.com.br\/emfoco\/wp-json\/wp\/v2\/posts\/123710\/revisions"}],"predecessor-version":[{"id":123978,"href":"https:\/\/www.em.com.br\/emfoco\/wp-json\/wp\/v2\/posts\/123710\/revisions\/123978"}],"wp:featuredmedia":[{"embeddable":true,"href":"https:\/\/www.em.com.br\/emfoco\/wp-json\/wp\/v2\/media\/123764"}],"wp:attachment":[{"href":"https:\/\/www.em.com.br\/emfoco\/wp-json\/wp\/v2\/media?parent=123710"}],"wp:term":[{"taxonomy":"category","embeddable":true,"href":"https:\/\/www.em.com.br\/emfoco\/wp-json\/wp\/v2\/categories?post=123710"},{"taxonomy":"post_tag","embeddable":true,"href":"https:\/\/www.em.com.br\/emfoco\/wp-json\/wp\/v2\/tags?post=123710"}],"curies":[{"name":"wp","href":"https:\/\/api.w.org\/{rel}","templated":true}]}}