{"id":123708,"date":"2025-11-07T19:35:00","date_gmt":"2025-11-07T22:35:00","guid":{"rendered":"https:\/\/www.em.com.br\/emfoco\/?p=123708"},"modified":"2025-11-06T19:29:03","modified_gmt":"2025-11-06T22:29:03","slug":"se-voce-rega-suas-plantas-a-tarde-talvez-esteja-destruindo-tudo-sem-saber","status":"publish","type":"post","link":"https:\/\/www.em.com.br\/emfoco\/2025\/11\/07\/se-voce-rega-suas-plantas-a-tarde-talvez-esteja-destruindo-tudo-sem-saber\/","title":{"rendered":"Se voc\u00ea rega suas plantas \u00e0 tarde, talvez esteja destruindo tudo sem saber"},"content":{"rendered":"\n<p>Regar as plantas durante a tarde pode parecer pr\u00e1tico, mas o calor intenso faz a \u00e1gua evaporar r\u00e1pido e pode at\u00e9 queimar as folhas. O ideal \u00e9 molhar pela manh\u00e3 ou no fim da tarde, quando a temperatura est\u00e1 mais suave.<\/p>\n\n\n\n<h2 class=\"wp-block-heading\">Por que regar durante a tarde faz mal para as plantas?<\/h2>\n\n\n\n<p>Quando a \u00e1gua entra em contato com folhas sob sol forte, as gotas funcionam como lentes que intensificam o calor. Isso pode causar <strong>queimaduras nas folhas<\/strong> e at\u00e9 comprometer o desenvolvimento da planta, especialmente em esp\u00e9cies mais sens\u00edveis ao calor.<\/p>\n\n\n\n<p>Al\u00e9m disso, o <strong>sol intenso<\/strong> acelera a evapora\u00e7\u00e3o da \u00e1gua, impedindo que ela chegue \u00e0s ra\u00edzes. O resultado \u00e9 um solo seco e uma hidrata\u00e7\u00e3o insuficiente, mesmo que a planta tenha sido regada h\u00e1 pouco tempo.<\/p>\n\n\n\n<figure class=\"wp-block-image size-large\"><img loading=\"lazy\" decoding=\"async\" width=\"1024\" height=\"576\" src=\"https:\/\/www.em.com.br\/emfoco\/wp-content\/uploads\/2025\/11\/Planta-seca_1762367984024-1024x576.jpg\" alt=\"Se voc\u00ea rega suas plantas \u00e0 tarde talvez esteja destruindo tudo sem saber\" class=\"wp-image-123752\" srcset=\"https:\/\/www.em.com.br\/emfoco\/wp-content\/uploads\/2025\/11\/Planta-seca_1762367984024-1024x576.jpg 1024w, https:\/\/www.em.com.br\/emfoco\/wp-content\/uploads\/2025\/11\/Planta-seca_1762367984024-300x169.jpg 300w, https:\/\/www.em.com.br\/emfoco\/wp-content\/uploads\/2025\/11\/Planta-seca_1762367984024-768x432.jpg 768w, https:\/\/www.em.com.br\/emfoco\/wp-content\/uploads\/2025\/11\/Planta-seca_1762367984024-750x422.jpg 750w, https:\/\/www.em.com.br\/emfoco\/wp-content\/uploads\/2025\/11\/Planta-seca_1762367984024-1140x641.jpg 1140w, https:\/\/www.em.com.br\/emfoco\/wp-content\/uploads\/2025\/11\/Planta-seca_1762367984024.jpg 1280w\" sizes=\"auto, (max-width: 1024px) 100vw, 1024px\" \/><figcaption class=\"wp-element-caption\">Gotas de \u00e1gua no sol podem causar queimaduras severas nas folhas &#8211; Cr\u00e9ditos: depositphotos.com \/ NatashaFedorova<\/figcaption><\/figure>\n\n\n\n<h2 class=\"wp-block-heading\">Quais s\u00e3o os melhores hor\u00e1rios para regar corretamente?<\/h2>\n\n\n\n<p>Os momentos ideais para regar s\u00e3o as primeiras horas da manh\u00e3 e o fim da tarde. Nessas faixas, a temperatura \u00e9 mais baixa e a planta consegue <strong>absorver melhor a umidade<\/strong>, garantindo hidrata\u00e7\u00e3o eficiente sem desperd\u00edcio.<\/p>\n\n\n\n<ul class=\"wp-block-list\">\n<li><strong>Manh\u00e3 cedo:<\/strong> ajuda a planta a enfrentar o calor do dia j\u00e1 hidratada.<\/li>\n\n\n\n<li><strong>Fim da tarde:<\/strong> permite que a \u00e1gua penetre no solo sem evaporar r\u00e1pido.<\/li>\n\n\n\n<li><strong>Noite:<\/strong> deve ser evitada em excesso, pois o solo \u00famido constante favorece fungos.<\/li>\n<\/ul>\n\n\n\n<p><em>Leia mais: <strong><a href=\"https:\/\/www.em.com.br\/emfoco\/2025\/11\/05\/essas-plantas-mudaram-minha-digestao-e-sumiram-com-o-inchaco-abdominal\/\" target=\"_blank\" rel=\"noreferrer noopener\">Essas plantas mudaram minha digest\u00e3o e sumiram com o incha\u00e7o abdominal<\/a><\/strong><\/em><\/p>\n\n\n\n<h2 class=\"wp-block-heading\">O que acontece se a planta for regada de forma errada?<\/h2>\n\n\n\n<p>Regar em excesso ou nos hor\u00e1rios errados pode causar <strong>estresse h\u00eddrico<\/strong>. Isso faz as folhas amarelarem, o crescimento parar e at\u00e9 prejudica a flora\u00e7\u00e3o. O erro se repete quando o solo parece seco apenas na superf\u00edcie.<\/p>\n\n\n\n<p>Tamb\u00e9m \u00e9 comum o surgimento de <strong><a href=\"https:\/\/www.embrapa.br\/hortalicas\/tomate-de-mesa\/doencas-causadas-por-fungos\" target=\"_blank\" rel=\"noreferrer noopener\">doen\u00e7as f\u00fangicas<\/a><\/strong> quando h\u00e1 \u00e1gua acumulada nas ra\u00edzes. O equil\u00edbrio \u00e9 essencial: \u00e1gua demais sufoca, e de menos resseca \u2014 ambas as situa\u00e7\u00f5es enfraquecem a planta rapidamente.<\/p>\n\n\n\n<figure class=\"wp-block-image size-large\"><img loading=\"lazy\" decoding=\"async\" width=\"1024\" height=\"576\" src=\"https:\/\/www.em.com.br\/emfoco\/wp-content\/uploads\/2025\/11\/Regando-plantas_1762368017700-1024x576.jpg\" alt=\"Se voc\u00ea rega suas plantas \u00e0 tarde talvez esteja destruindo tudo sem saber\" class=\"wp-image-123753\" srcset=\"https:\/\/www.em.com.br\/emfoco\/wp-content\/uploads\/2025\/11\/Regando-plantas_1762368017700-1024x576.jpg 1024w, https:\/\/www.em.com.br\/emfoco\/wp-content\/uploads\/2025\/11\/Regando-plantas_1762368017700-300x169.jpg 300w, https:\/\/www.em.com.br\/emfoco\/wp-content\/uploads\/2025\/11\/Regando-plantas_1762368017700-768x432.jpg 768w, https:\/\/www.em.com.br\/emfoco\/wp-content\/uploads\/2025\/11\/Regando-plantas_1762368017700-750x422.jpg 750w, https:\/\/www.em.com.br\/emfoco\/wp-content\/uploads\/2025\/11\/Regando-plantas_1762368017700-1140x641.jpg 1140w, https:\/\/www.em.com.br\/emfoco\/wp-content\/uploads\/2025\/11\/Regando-plantas_1762368017700.jpg 1280w\" sizes=\"auto, (max-width: 1024px) 100vw, 1024px\" \/><figcaption class=\"wp-element-caption\">Rega noturna constante aumenta o risco de doen\u00e7as f\u00fangicas agressivas &#8211; Cr\u00e9ditos: depositphotos.com \/ VadimVasenin<\/figcaption><\/figure>\n\n\n\n<h2 class=\"wp-block-heading\">Como deixar a rega mais eficiente e segura?<\/h2>\n\n\n\n<p>Para potencializar o cuidado, \u00e9 importante adotar pr\u00e1ticas que melhorem a absor\u00e7\u00e3o e reduzam o desperd\u00edcio. Pequenas mudan\u00e7as na rotina j\u00e1 garantem plantas mais fortes e saud\u00e1veis.<\/p>\n\n\n\n<ul class=\"wp-block-list\">\n<li><strong>Regue direto no solo,<\/strong> evitando molhar as folhas.<\/li>\n\n\n\n<li><strong>Use regadores com bico fino<\/strong> para controlar o fluxo de \u00e1gua.<\/li>\n\n\n\n<li><strong>Observe o solo:<\/strong> s\u00f3 regue novamente quando ele estiver levemente seco.<\/li>\n<\/ul>\n","protected":false},"excerpt":{"rendered":"<p>Regar as plantas durante a tarde pode parecer pr\u00e1tico, mas o calor intenso faz a \u00e1gua evaporar r\u00e1pido e pode at\u00e9 queimar as folhas. O ideal \u00e9 molhar pela manh\u00e3 ou no fim da tarde, quando a temperatura est\u00e1 mais suave. Por que regar durante a tarde faz mal para as plantas? Quando a \u00e1gua [&hellip;]<\/p>\n","protected":false},"author":13,"featured_media":123750,"comment_status":"open","ping_status":"open","sticky":false,"template":"","format":"standard","meta":{"jnews-multi-image_gallery":[],"jnews_single_post":{"format":"standard"},"jnews_primary_category":[],"jnews_social_meta":[],"jnews_override_counter":[],"footnotes":""},"categories":[8819],"tags":[6026,3358,10730],"class_list":["post-123708","post","type-post","status-publish","format-standard","has-post-thumbnail","hentry","category-curiosidades","tag-cuidados-com-plantas","tag-jardinagem","tag-regar-plantas"],"yoast_head":"<!-- This site is optimized with the Yoast SEO plugin v23.8 - https:\/\/yoast.com\/wordpress\/plugins\/seo\/ -->\n<title>Se voc\u00ea rega suas plantas \u00e0 tarde, talvez esteja destruindo tudo sem saber - Estado de Minas - Em foco<\/title>\n<meta name=\"description\" content=\"Regar \u00e0 tarde pode causar queimaduras nas folhas e solo seco. Confira o melhor hor\u00e1rio para manter suas plantas bem hidratadas.\" \/>\n<meta name=\"robots\" content=\"index, follow, max-snippet:-1, max-image-preview:large, max-video-preview:-1\" \/>\n<link rel=\"canonical\" href=\"https:\/\/www.em.com.br\/emfoco\/2025\/11\/07\/se-voce-rega-suas-plantas-a-tarde-talvez-esteja-destruindo-tudo-sem-saber\/\" \/>\n<meta property=\"og:locale\" content=\"pt_BR\" \/>\n<meta property=\"og:type\" content=\"article\" \/>\n<meta property=\"og:title\" content=\"Se voc\u00ea rega suas plantas \u00e0 tarde, talvez esteja destruindo tudo sem saber - Estado de Minas - Em foco\" \/>\n<meta property=\"og:description\" content=\"Regar \u00e0 tarde pode causar queimaduras nas folhas e solo seco. Confira o melhor hor\u00e1rio para manter suas plantas bem hidratadas.\" \/>\n<meta property=\"og:url\" content=\"https:\/\/www.em.com.br\/emfoco\/2025\/11\/07\/se-voce-rega-suas-plantas-a-tarde-talvez-esteja-destruindo-tudo-sem-saber\/\" \/>\n<meta property=\"og:site_name\" content=\"Estado de Minas - Em foco\" \/>\n<meta property=\"article:published_time\" content=\"2025-11-07T22:35:00+00:00\" \/>\n<meta property=\"article:modified_time\" content=\"2025-11-06T22:29:03+00:00\" \/>\n<meta property=\"og:image\" content=\"https:\/\/www.em.com.br\/emfoco\/wp-content\/uploads\/2025\/11\/Regando-planta_1762367935225.jpg\" \/>\n\t<meta property=\"og:image:width\" content=\"1280\" \/>\n\t<meta property=\"og:image:height\" content=\"720\" \/>\n\t<meta property=\"og:image:type\" content=\"image\/jpeg\" \/>\n<meta name=\"author\" content=\"Gabriel Martins\" \/>\n<meta name=\"twitter:card\" content=\"summary_large_image\" \/>\n<meta name=\"twitter:label1\" content=\"Escrito por\" \/>\n\t<meta name=\"twitter:data1\" content=\"Gabriel Martins\" \/>\n\t<meta name=\"twitter:label2\" content=\"Est. tempo de leitura\" \/>\n\t<meta name=\"twitter:data2\" content=\"3 minutos\" \/>\n<!-- \/ Yoast SEO plugin. -->","yoast_head_json":{"title":"Se voc\u00ea rega suas plantas \u00e0 tarde, talvez esteja destruindo tudo sem saber - Estado de Minas - Em foco","description":"Regar \u00e0 tarde pode causar queimaduras nas folhas e solo seco. Confira o melhor hor\u00e1rio para manter suas plantas bem hidratadas.","robots":{"index":"index","follow":"follow","max-snippet":"max-snippet:-1","max-image-preview":"max-image-preview:large","max-video-preview":"max-video-preview:-1"},"canonical":"https:\/\/www.em.com.br\/emfoco\/2025\/11\/07\/se-voce-rega-suas-plantas-a-tarde-talvez-esteja-destruindo-tudo-sem-saber\/","og_locale":"pt_BR","og_type":"article","og_title":"Se voc\u00ea rega suas plantas \u00e0 tarde, talvez esteja destruindo tudo sem saber - Estado de Minas - Em foco","og_description":"Regar \u00e0 tarde pode causar queimaduras nas folhas e solo seco. Confira o melhor hor\u00e1rio para manter suas plantas bem hidratadas.","og_url":"https:\/\/www.em.com.br\/emfoco\/2025\/11\/07\/se-voce-rega-suas-plantas-a-tarde-talvez-esteja-destruindo-tudo-sem-saber\/","og_site_name":"Estado de Minas - Em foco","article_published_time":"2025-11-07T22:35:00+00:00","article_modified_time":"2025-11-06T22:29:03+00:00","og_image":[{"width":1280,"height":720,"url":"https:\/\/www.em.com.br\/emfoco\/wp-content\/uploads\/2025\/11\/Regando-planta_1762367935225.jpg","type":"image\/jpeg"}],"author":"Gabriel Martins","twitter_card":"summary_large_image","twitter_misc":{"Escrito por":"Gabriel Martins","Est. tempo de leitura":"3 minutos"},"schema":{"@context":"https:\/\/schema.org","@graph":[{"@type":"WebPage","@id":"https:\/\/www.em.com.br\/emfoco\/2025\/11\/07\/se-voce-rega-suas-plantas-a-tarde-talvez-esteja-destruindo-tudo-sem-saber\/","url":"https:\/\/www.em.com.br\/emfoco\/2025\/11\/07\/se-voce-rega-suas-plantas-a-tarde-talvez-esteja-destruindo-tudo-sem-saber\/","name":"Se voc\u00ea rega suas plantas \u00e0 tarde, talvez esteja destruindo tudo sem saber - Estado de Minas - Em foco","isPartOf":{"@id":"https:\/\/www.em.com.br\/emfoco\/#website"},"primaryImageOfPage":{"@id":"https:\/\/www.em.com.br\/emfoco\/2025\/11\/07\/se-voce-rega-suas-plantas-a-tarde-talvez-esteja-destruindo-tudo-sem-saber\/#primaryimage"},"image":{"@id":"https:\/\/www.em.com.br\/emfoco\/2025\/11\/07\/se-voce-rega-suas-plantas-a-tarde-talvez-esteja-destruindo-tudo-sem-saber\/#primaryimage"},"thumbnailUrl":"https:\/\/www.em.com.br\/emfoco\/wp-content\/uploads\/2025\/11\/Regando-planta_1762367935225.jpg","datePublished":"2025-11-07T22:35:00+00:00","dateModified":"2025-11-06T22:29:03+00:00","author":{"@id":"https:\/\/www.em.com.br\/emfoco\/#\/schema\/person\/1c9ddeab18b98abeffef834667bcf08a"},"description":"Regar \u00e0 tarde pode causar queimaduras nas folhas e solo seco. Confira o melhor hor\u00e1rio para manter suas plantas bem hidratadas.","breadcrumb":{"@id":"https:\/\/www.em.com.br\/emfoco\/2025\/11\/07\/se-voce-rega-suas-plantas-a-tarde-talvez-esteja-destruindo-tudo-sem-saber\/#breadcrumb"},"inLanguage":"pt-BR","potentialAction":[{"@type":"ReadAction","target":["https:\/\/www.em.com.br\/emfoco\/2025\/11\/07\/se-voce-rega-suas-plantas-a-tarde-talvez-esteja-destruindo-tudo-sem-saber\/"]}]},{"@type":"ImageObject","inLanguage":"pt-BR","@id":"https:\/\/www.em.com.br\/emfoco\/2025\/11\/07\/se-voce-rega-suas-plantas-a-tarde-talvez-esteja-destruindo-tudo-sem-saber\/#primaryimage","url":"https:\/\/www.em.com.br\/emfoco\/wp-content\/uploads\/2025\/11\/Regando-planta_1762367935225.jpg","contentUrl":"https:\/\/www.em.com.br\/emfoco\/wp-content\/uploads\/2025\/11\/Regando-planta_1762367935225.jpg","width":1280,"height":720,"caption":"Regar sob sol forte desperdi\u00e7a \u00e1gua e prejudica a hidrata\u00e7\u00e3o - Cr\u00e9ditos: depositphotos.com \/ rfphoto"},{"@type":"BreadcrumbList","@id":"https:\/\/www.em.com.br\/emfoco\/2025\/11\/07\/se-voce-rega-suas-plantas-a-tarde-talvez-esteja-destruindo-tudo-sem-saber\/#breadcrumb","itemListElement":[{"@type":"ListItem","position":1,"name":"In\u00edcio","item":"https:\/\/www.em.com.br\/emfoco\/"},{"@type":"ListItem","position":2,"name":"Se voc\u00ea rega suas plantas \u00e0 tarde, talvez esteja destruindo tudo sem saber"}]},{"@type":"WebSite","@id":"https:\/\/www.em.com.br\/emfoco\/#website","url":"https:\/\/www.em.com.br\/emfoco\/","name":"Estado de Minas - Em foco","description":"Acompanhe as \u00faltimas not\u00edcias e fique bem informado sobre tudo o que acontece em Minas Gerais, Brasil e no mundo.","potentialAction":[{"@type":"SearchAction","target":{"@type":"EntryPoint","urlTemplate":"https:\/\/www.em.com.br\/emfoco\/?s={search_term_string}"},"query-input":{"@type":"PropertyValueSpecification","valueRequired":true,"valueName":"search_term_string"}}],"inLanguage":"pt-BR"},{"@type":"Person","@id":"https:\/\/www.em.com.br\/emfoco\/#\/schema\/person\/1c9ddeab18b98abeffef834667bcf08a","name":"Gabriel Martins","image":{"@type":"ImageObject","inLanguage":"pt-BR","@id":"https:\/\/www.em.com.br\/emfoco\/#\/schema\/person\/image\/","url":"https:\/\/secure.gravatar.com\/avatar\/f0f1e2efdfd88f1ad2cb08c5c2731e50?s=96&d=mm&r=g","contentUrl":"https:\/\/secure.gravatar.com\/avatar\/f0f1e2efdfd88f1ad2cb08c5c2731e50?s=96&d=mm&r=g","caption":"Gabriel Martins"},"sameAs":["https:\/\/www.em.com.br\/emfoco\/"],"url":"https:\/\/www.em.com.br\/emfoco\/author\/gabrielmartinsmyth\/"}]}},"_links":{"self":[{"href":"https:\/\/www.em.com.br\/emfoco\/wp-json\/wp\/v2\/posts\/123708","targetHints":{"allow":["GET"]}}],"collection":[{"href":"https:\/\/www.em.com.br\/emfoco\/wp-json\/wp\/v2\/posts"}],"about":[{"href":"https:\/\/www.em.com.br\/emfoco\/wp-json\/wp\/v2\/types\/post"}],"author":[{"embeddable":true,"href":"https:\/\/www.em.com.br\/emfoco\/wp-json\/wp\/v2\/users\/13"}],"replies":[{"embeddable":true,"href":"https:\/\/www.em.com.br\/emfoco\/wp-json\/wp\/v2\/comments?post=123708"}],"version-history":[{"count":3,"href":"https:\/\/www.em.com.br\/emfoco\/wp-json\/wp\/v2\/posts\/123708\/revisions"}],"predecessor-version":[{"id":124501,"href":"https:\/\/www.em.com.br\/emfoco\/wp-json\/wp\/v2\/posts\/123708\/revisions\/124501"}],"wp:featuredmedia":[{"embeddable":true,"href":"https:\/\/www.em.com.br\/emfoco\/wp-json\/wp\/v2\/media\/123750"}],"wp:attachment":[{"href":"https:\/\/www.em.com.br\/emfoco\/wp-json\/wp\/v2\/media?parent=123708"}],"wp:term":[{"taxonomy":"category","embeddable":true,"href":"https:\/\/www.em.com.br\/emfoco\/wp-json\/wp\/v2\/categories?post=123708"},{"taxonomy":"post_tag","embeddable":true,"href":"https:\/\/www.em.com.br\/emfoco\/wp-json\/wp\/v2\/tags?post=123708"}],"curies":[{"name":"wp","href":"https:\/\/api.w.org\/{rel}","templated":true}]}}