{"id":123572,"date":"2025-11-05T10:00:00","date_gmt":"2025-11-05T13:00:00","guid":{"rendered":"https:\/\/www.em.com.br\/emfoco\/?p=123572"},"modified":"2025-11-05T09:00:23","modified_gmt":"2025-11-05T12:00:23","slug":"usei-um-produto-caseiro-que-prometia-hidratar-e-derreteu-meu-cabelo","status":"publish","type":"post","link":"https:\/\/www.em.com.br\/emfoco\/2025\/11\/05\/usei-um-produto-caseiro-que-prometia-hidratar-e-derreteu-meu-cabelo\/","title":{"rendered":"Usei um produto caseiro que prometia \u2018hidratar\u2019 e derreteu meu cabelo"},"content":{"rendered":"\n<p>Me chamo Carolina e tenho 29 anos, sempre fui aquela pessoa que adora testar novidades de beleza \u2014 especialmente quando o assunto \u00e9 cabelo. Vivo em busca de brilho, maciez e hidrata\u00e7\u00e3o para minhas longas madeixas, e foi nessa procura que acabei me deparando com uma receita caseira que prometia resultados milagrosos. Mas o que parecia uma solu\u00e7\u00e3o simples acabou se tornando um verdadeiro pesadelo capilar.<\/p>\n\n\n\n<ul class=\"wp-block-list\">\n<li>Sem saber o que fazer, <strong>corri para buscar ajuda profissional<\/strong> com um especialista capilar.<\/li>\n\n\n\n<li>Vi nas redes sociais uma <strong>receita caseira de hidrata\u00e7\u00e3o<\/strong> feita com <strong>leite, a\u00e7\u00facar cristal, m\u00e1scara e \u00f3leo de coco<\/strong>.<\/li>\n\n\n\n<li>O tratamento prometia <strong>hidratar profundamente<\/strong> e deixar os fios <strong>mais sedosos e male\u00e1veis<\/strong>.<\/li>\n\n\n\n<li><strong>Segui o passo a passo<\/strong> exatamente como indicado.<\/li>\n\n\n\n<li>Poucas horas depois, percebi que o cabelo estava <strong>ficando fino, fraco e parecia derreter<\/strong>.<\/li>\n\n\n\n<li><strong>Tufos come\u00e7aram a cair<\/strong>, deixando-me em <strong>p\u00e2nico total<\/strong>.<\/li>\n<\/ul>\n\n\n\n<h2 class=\"wp-block-heading\">Por que produtos caseiros podem ser arriscados para o cabelo?<\/h2>\n\n\n\n<p>O uso de produtos caseiros para tratamentos capilares se tornou uma pr\u00e1tica comum, inclusive para mim. Por\u00e9m, nem todos sabem que misturas como leite e a\u00e7\u00facar nem sempre s\u00e3o inofensivas para os fios \u2014 em especial, o a\u00e7\u00facar pode ser abrasivo e alterar a estrutura dos cabelos finos ou quimicamente tratados. J\u00e1 o \u00f3leo de coco, apesar de famoso, pode n\u00e3o ser indicado para todos os <a href=\"https:\/\/www.em.com.br\/emfoco\/2025\/07\/18\/as-melhores-escovas-progressivas-de-2025-para-todos-os-tipos-de-cabelo\/\" target=\"_blank\" rel=\"noreferrer noopener\">tipos de cabelo,<\/a> pois em fios muito finos ou oleosos pode causar ac\u00famulo, tornando-os pesados ou at\u00e9 provocar queda. A aus\u00eancia de testes espec\u00edficos e o uso inadequado podem levar a rea\u00e7\u00f5es inesperadas. No meu caso, a combina\u00e7\u00e3o dos ingredientes potencializou uma rea\u00e7\u00e3o adversa, que comprometeu severamente a estrutura do meu cabelo.<\/p>\n\n\n\n<figure class=\"wp-block-image size-large\"><img loading=\"lazy\" decoding=\"async\" width=\"1024\" height=\"576\" src=\"https:\/\/www.em.com.br\/emfoco\/wp-content\/uploads\/2025\/11\/hidratante-caseiro_1762340856026-1024x576.jpg\" alt=\"\" class=\"wp-image-123575\" srcset=\"https:\/\/www.em.com.br\/emfoco\/wp-content\/uploads\/2025\/11\/hidratante-caseiro_1762340856026-1024x576.jpg 1024w, https:\/\/www.em.com.br\/emfoco\/wp-content\/uploads\/2025\/11\/hidratante-caseiro_1762340856026-300x169.jpg 300w, https:\/\/www.em.com.br\/emfoco\/wp-content\/uploads\/2025\/11\/hidratante-caseiro_1762340856026-768x432.jpg 768w, https:\/\/www.em.com.br\/emfoco\/wp-content\/uploads\/2025\/11\/hidratante-caseiro_1762340856026-750x422.jpg 750w, https:\/\/www.em.com.br\/emfoco\/wp-content\/uploads\/2025\/11\/hidratante-caseiro_1762340856026-1140x641.jpg 1140w, https:\/\/www.em.com.br\/emfoco\/wp-content\/uploads\/2025\/11\/hidratante-caseiro_1762340856026.jpg 1280w\" sizes=\"auto, (max-width: 1024px) 100vw, 1024px\" \/><figcaption class=\"wp-element-caption\">Essa receita caseira prometia hidratar meu cabelo, mas causou queda (Cr\u00e9ditos: depositphotos.com \/ Monic249)<\/figcaption><\/figure>\n\n\n\n<h2 class=\"wp-block-heading\">Como identificar um produto seguro para o cabelo?<\/h2>\n\n\n\n<ul class=\"wp-block-list\">\n<li><strong>Verifique testes de seguran\u00e7a:<\/strong>\u00a0Prefira produtos que tenham passado por testes dermatol\u00f3gicos e possuam selo de aprova\u00e7\u00e3o.<\/li>\n\n\n\n<li><strong>Leia avalia\u00e7\u00f5es:<\/strong>\u00a0Consulte avalia\u00e7\u00f5es de outros consumidores e profissionais de beleza.<\/li>\n\n\n\n<li><strong>Cheque a proced\u00eancia:<\/strong>\u00a0Verifique a reputa\u00e7\u00e3o da marca e a composi\u00e7\u00e3o do produto.<\/li>\n\n\n\n<li><strong>Evite receitas sem valida\u00e7\u00e3o cient\u00edfica:<\/strong>\u00a0Sempre consulte um profissional antes de adotar receitas caseiras encontradas na internet.<\/li>\n\n\n\n<li><strong>Considere alergias e tipo de cabelo:<\/strong>\u00a0Cada cabelo tem necessidades espec\u00edficas; um produto bom para um tipo, pode n\u00e3o ser para outro.<\/li>\n<\/ul>\n\n\n\n<p>Ao considerar o uso de produtos, sejam comerciais ou caseiros, hoje percebo como \u00e9 essencial verificar sua seguran\u00e7a. Aprendi a sempre procurar produtos que tenham passado por testes rigorosos e possuam selo de aprova\u00e7\u00e3o de organiza\u00e7\u00f5es de confian\u00e7a. Al\u00e9m disso, ler reviews e buscar recomenda\u00e7\u00f5es de profissionais de beleza se tornou algo fundamental para mim, justamente para evitar riscos desnecess\u00e1rios como o que vivi.<\/p>\n\n\n\n<h2 class=\"wp-block-heading\">O que fazer se o cabelo for danificado por um produto?<\/h2>\n\n\n\n<p>Se voc\u00ea, assim como eu, enfrentar uma situa\u00e7\u00e3o semelhante, a primeira medida \u00e9 parar imediatamente o uso do produto e consultar um especialista capilar. Os profissionais t\u00eam o conhecimento necess\u00e1rio para realizar tratamentos reparadores que podem minimizar os danos. Com a ajuda desses especialistas e tratamentos de hidrata\u00e7\u00e3o profunda, al\u00e9m do uso de produtos reparadores, consegui ver uma melhora gradual na sa\u00fade do meu cabelo.<\/p>\n\n\n\n<figure class=\"wp-block-image size-large\"><img loading=\"lazy\" decoding=\"async\" width=\"1024\" height=\"576\" src=\"https:\/\/www.em.com.br\/emfoco\/wp-content\/uploads\/2025\/11\/hidratacao-cabelo_1762341058485-1024x576.jpg\" alt=\"\" class=\"wp-image-123577\" srcset=\"https:\/\/www.em.com.br\/emfoco\/wp-content\/uploads\/2025\/11\/hidratacao-cabelo_1762341058485-1024x576.jpg 1024w, https:\/\/www.em.com.br\/emfoco\/wp-content\/uploads\/2025\/11\/hidratacao-cabelo_1762341058485-300x169.jpg 300w, https:\/\/www.em.com.br\/emfoco\/wp-content\/uploads\/2025\/11\/hidratacao-cabelo_1762341058485-768x432.jpg 768w, https:\/\/www.em.com.br\/emfoco\/wp-content\/uploads\/2025\/11\/hidratacao-cabelo_1762341058485-750x422.jpg 750w, https:\/\/www.em.com.br\/emfoco\/wp-content\/uploads\/2025\/11\/hidratacao-cabelo_1762341058485-1140x641.jpg 1140w, https:\/\/www.em.com.br\/emfoco\/wp-content\/uploads\/2025\/11\/hidratacao-cabelo_1762341058485.jpg 1280w\" sizes=\"auto, (max-width: 1024px) 100vw, 1024px\" \/><figcaption class=\"wp-element-caption\">O erro que quase destruiu meu cabelo com uma receita caseira popular (Cr\u00e9ditos: depositphotos.com \/ IgorVetushko)<\/figcaption><\/figure>\n\n\n\n<h2 class=\"wp-block-heading\">Quais s\u00e3o as alternativas seguras para hidratar o cabelo?<\/h2>\n\n\n\n<p>Hoje sei que existem in\u00fameras formas de manter o cabelo hidratado sem recorrer a solu\u00e7\u00f5es caseiras de risco. Prefiro utilizar produtos desenvolvidos especificamente para o meu tipo de cabelo, como m\u00e1scaras de hidrata\u00e7\u00e3o, \u00f3leos capilares e ampolas. Al\u00e9m disso, adotei h\u00e1bitos como manter uma dieta equilibrada e beber muita \u00e1gua, o que contribui muito para a sa\u00fade dos fios.<\/p>\n\n\n\n<p>Minha experi\u00eancia serve como alerta para quem procura solu\u00e7\u00f5es r\u00e1pidas na internet. Enquanto alguns tratamentos caseiros podem parecer inofensivos, sempre existe o risco de danificar algo t\u00e3o precioso quanto o cabelo. Por isso, confiar em produtos e em t\u00e9cnicas validadas \u00e9 sempre o caminho mais seguro para manter a sa\u00fade capilar. E quando estou em d\u00favida, sei que o conselho de um profissional de beleza pode realmente fazer toda a diferen\u00e7a.<\/p>\n","protected":false},"excerpt":{"rendered":"<p>Me chamo Carolina e tenho 29 anos, sempre fui aquela pessoa que adora testar novidades de beleza \u2014 especialmente quando o assunto \u00e9 cabelo. Vivo em busca de brilho, maciez e hidrata\u00e7\u00e3o para minhas longas madeixas, e foi nessa procura que acabei me deparando com uma receita caseira que prometia resultados milagrosos. Mas o que [&hellip;]<\/p>\n","protected":false},"author":19,"featured_media":123574,"comment_status":"open","ping_status":"open","sticky":false,"template":"","format":"standard","meta":{"jnews-multi-image_gallery":[],"jnews_single_post":{"format":"standard"},"jnews_primary_category":[],"jnews_social_meta":[],"jnews_override_counter":[],"footnotes":""},"categories":[8691],"tags":[4941,18018,13111],"class_list":["post-123572","post","type-post","status-publish","format-standard","has-post-thumbnail","hentry","category-bem-estar","tag-hidratacao","tag-hidratacao-caseira","tag-produtos-caseiros"],"yoast_head":"<!-- This site is optimized with the Yoast SEO plugin v23.8 - https:\/\/yoast.com\/wordpress\/plugins\/seo\/ -->\n<title>Usei um produto caseiro que prometia \u2018hidratar\u2019 e derreteu meu cabelo - Estado de Minas - Em foco<\/title>\n<meta name=\"description\" content=\"Uma simples receita caseira prometia salvar meu cabelo, mas o resultado foi catastr\u00f3fico. Entenda o que causou o dano e como consegui reverter a situa\u00e7\u00e3o.\" \/>\n<meta name=\"robots\" content=\"index, follow, max-snippet:-1, max-image-preview:large, max-video-preview:-1\" \/>\n<link rel=\"canonical\" href=\"https:\/\/www.em.com.br\/emfoco\/2025\/11\/05\/usei-um-produto-caseiro-que-prometia-hidratar-e-derreteu-meu-cabelo\/\" \/>\n<meta property=\"og:locale\" content=\"pt_BR\" \/>\n<meta property=\"og:type\" content=\"article\" \/>\n<meta property=\"og:title\" content=\"Usei um produto caseiro que prometia \u2018hidratar\u2019 e derreteu meu cabelo - Estado de Minas - Em foco\" \/>\n<meta property=\"og:description\" content=\"Uma simples receita caseira prometia salvar meu cabelo, mas o resultado foi catastr\u00f3fico. Entenda o que causou o dano e como consegui reverter a situa\u00e7\u00e3o.\" \/>\n<meta property=\"og:url\" content=\"https:\/\/www.em.com.br\/emfoco\/2025\/11\/05\/usei-um-produto-caseiro-que-prometia-hidratar-e-derreteu-meu-cabelo\/\" \/>\n<meta property=\"og:site_name\" content=\"Estado de Minas - Em foco\" \/>\n<meta property=\"article:published_time\" content=\"2025-11-05T13:00:00+00:00\" \/>\n<meta property=\"article:modified_time\" content=\"2025-11-05T12:00:23+00:00\" \/>\n<meta property=\"og:image\" content=\"https:\/\/www.em.com.br\/emfoco\/wp-content\/uploads\/2025\/11\/ChatGPT-Image-5-de-nov.-de-2025-11_42_37-1024x683.png\" \/>\n\t<meta property=\"og:image:width\" content=\"1024\" \/>\n\t<meta property=\"og:image:height\" content=\"683\" \/>\n\t<meta property=\"og:image:type\" content=\"image\/png\" \/>\n<meta name=\"author\" content=\"Vanessa Tavares\" \/>\n<meta name=\"twitter:card\" content=\"summary_large_image\" \/>\n<meta name=\"twitter:label1\" content=\"Escrito por\" \/>\n\t<meta name=\"twitter:data1\" content=\"Vanessa Tavares\" \/>\n\t<meta name=\"twitter:label2\" content=\"Est. tempo de leitura\" \/>\n\t<meta name=\"twitter:data2\" content=\"5 minutos\" \/>\n<!-- \/ Yoast SEO plugin. -->","yoast_head_json":{"title":"Usei um produto caseiro que prometia \u2018hidratar\u2019 e derreteu meu cabelo - Estado de Minas - Em foco","description":"Uma simples receita caseira prometia salvar meu cabelo, mas o resultado foi catastr\u00f3fico. Entenda o que causou o dano e como consegui reverter a situa\u00e7\u00e3o.","robots":{"index":"index","follow":"follow","max-snippet":"max-snippet:-1","max-image-preview":"max-image-preview:large","max-video-preview":"max-video-preview:-1"},"canonical":"https:\/\/www.em.com.br\/emfoco\/2025\/11\/05\/usei-um-produto-caseiro-que-prometia-hidratar-e-derreteu-meu-cabelo\/","og_locale":"pt_BR","og_type":"article","og_title":"Usei um produto caseiro que prometia \u2018hidratar\u2019 e derreteu meu cabelo - Estado de Minas - Em foco","og_description":"Uma simples receita caseira prometia salvar meu cabelo, mas o resultado foi catastr\u00f3fico. Entenda o que causou o dano e como consegui reverter a situa\u00e7\u00e3o.","og_url":"https:\/\/www.em.com.br\/emfoco\/2025\/11\/05\/usei-um-produto-caseiro-que-prometia-hidratar-e-derreteu-meu-cabelo\/","og_site_name":"Estado de Minas - Em foco","article_published_time":"2025-11-05T13:00:00+00:00","article_modified_time":"2025-11-05T12:00:23+00:00","og_image":[{"width":1024,"height":683,"url":"https:\/\/www.em.com.br\/emfoco\/wp-content\/uploads\/2025\/11\/ChatGPT-Image-5-de-nov.-de-2025-11_42_37-1024x683.png","type":"image\/png"}],"author":"Vanessa Tavares","twitter_card":"summary_large_image","twitter_misc":{"Escrito por":"Vanessa Tavares","Est. tempo de leitura":"5 minutos"},"schema":{"@context":"https:\/\/schema.org","@graph":[{"@type":"WebPage","@id":"https:\/\/www.em.com.br\/emfoco\/2025\/11\/05\/usei-um-produto-caseiro-que-prometia-hidratar-e-derreteu-meu-cabelo\/","url":"https:\/\/www.em.com.br\/emfoco\/2025\/11\/05\/usei-um-produto-caseiro-que-prometia-hidratar-e-derreteu-meu-cabelo\/","name":"Usei um produto caseiro que prometia \u2018hidratar\u2019 e derreteu meu cabelo - Estado de Minas - Em foco","isPartOf":{"@id":"https:\/\/www.em.com.br\/emfoco\/#website"},"primaryImageOfPage":{"@id":"https:\/\/www.em.com.br\/emfoco\/2025\/11\/05\/usei-um-produto-caseiro-que-prometia-hidratar-e-derreteu-meu-cabelo\/#primaryimage"},"image":{"@id":"https:\/\/www.em.com.br\/emfoco\/2025\/11\/05\/usei-um-produto-caseiro-que-prometia-hidratar-e-derreteu-meu-cabelo\/#primaryimage"},"thumbnailUrl":"https:\/\/www.em.com.br\/emfoco\/wp-content\/uploads\/2025\/11\/ChatGPT-Image-5-de-nov.-de-2025-11_42_37.png","datePublished":"2025-11-05T13:00:00+00:00","dateModified":"2025-11-05T12:00:23+00:00","author":{"@id":"https:\/\/www.em.com.br\/emfoco\/#\/schema\/person\/4a7a157aac450b98edc86f15a7434f0b"},"description":"Uma simples receita caseira prometia salvar meu cabelo, mas o resultado foi catastr\u00f3fico. Entenda o que causou o dano e como consegui reverter a situa\u00e7\u00e3o.","breadcrumb":{"@id":"https:\/\/www.em.com.br\/emfoco\/2025\/11\/05\/usei-um-produto-caseiro-que-prometia-hidratar-e-derreteu-meu-cabelo\/#breadcrumb"},"inLanguage":"pt-BR","potentialAction":[{"@type":"ReadAction","target":["https:\/\/www.em.com.br\/emfoco\/2025\/11\/05\/usei-um-produto-caseiro-que-prometia-hidratar-e-derreteu-meu-cabelo\/"]}]},{"@type":"ImageObject","inLanguage":"pt-BR","@id":"https:\/\/www.em.com.br\/emfoco\/2025\/11\/05\/usei-um-produto-caseiro-que-prometia-hidratar-e-derreteu-meu-cabelo\/#primaryimage","url":"https:\/\/www.em.com.br\/emfoco\/wp-content\/uploads\/2025\/11\/ChatGPT-Image-5-de-nov.-de-2025-11_42_37.png","contentUrl":"https:\/\/www.em.com.br\/emfoco\/wp-content\/uploads\/2025\/11\/ChatGPT-Image-5-de-nov.-de-2025-11_42_37.png","width":1536,"height":1024,"caption":"Usei um produto natural no cabelo e me arrependi no mesmo dia (Imagem ilustrativa)"},{"@type":"BreadcrumbList","@id":"https:\/\/www.em.com.br\/emfoco\/2025\/11\/05\/usei-um-produto-caseiro-que-prometia-hidratar-e-derreteu-meu-cabelo\/#breadcrumb","itemListElement":[{"@type":"ListItem","position":1,"name":"In\u00edcio","item":"https:\/\/www.em.com.br\/emfoco\/"},{"@type":"ListItem","position":2,"name":"Usei um produto caseiro que prometia \u2018hidratar\u2019 e derreteu meu cabelo"}]},{"@type":"WebSite","@id":"https:\/\/www.em.com.br\/emfoco\/#website","url":"https:\/\/www.em.com.br\/emfoco\/","name":"Estado de Minas - Em foco","description":"Acompanhe as \u00faltimas not\u00edcias e fique bem informado sobre tudo o que acontece em Minas Gerais, Brasil e no mundo.","potentialAction":[{"@type":"SearchAction","target":{"@type":"EntryPoint","urlTemplate":"https:\/\/www.em.com.br\/emfoco\/?s={search_term_string}"},"query-input":{"@type":"PropertyValueSpecification","valueRequired":true,"valueName":"search_term_string"}}],"inLanguage":"pt-BR"},{"@type":"Person","@id":"https:\/\/www.em.com.br\/emfoco\/#\/schema\/person\/4a7a157aac450b98edc86f15a7434f0b","name":"Vanessa Tavares","image":{"@type":"ImageObject","inLanguage":"pt-BR","@id":"https:\/\/www.em.com.br\/emfoco\/#\/schema\/person\/image\/","url":"https:\/\/secure.gravatar.com\/avatar\/088c9372da58da00f00f8e508f13d635?s=96&d=mm&r=g","contentUrl":"https:\/\/secure.gravatar.com\/avatar\/088c9372da58da00f00f8e508f13d635?s=96&d=mm&r=g","caption":"Vanessa Tavares"},"sameAs":["https:\/\/www.em.com.br\/emfoco"],"url":"https:\/\/www.em.com.br\/emfoco\/author\/vanessamyth\/"}]}},"_links":{"self":[{"href":"https:\/\/www.em.com.br\/emfoco\/wp-json\/wp\/v2\/posts\/123572","targetHints":{"allow":["GET"]}}],"collection":[{"href":"https:\/\/www.em.com.br\/emfoco\/wp-json\/wp\/v2\/posts"}],"about":[{"href":"https:\/\/www.em.com.br\/emfoco\/wp-json\/wp\/v2\/types\/post"}],"author":[{"embeddable":true,"href":"https:\/\/www.em.com.br\/emfoco\/wp-json\/wp\/v2\/users\/19"}],"replies":[{"embeddable":true,"href":"https:\/\/www.em.com.br\/emfoco\/wp-json\/wp\/v2\/comments?post=123572"}],"version-history":[{"count":3,"href":"https:\/\/www.em.com.br\/emfoco\/wp-json\/wp\/v2\/posts\/123572\/revisions"}],"predecessor-version":[{"id":123580,"href":"https:\/\/www.em.com.br\/emfoco\/wp-json\/wp\/v2\/posts\/123572\/revisions\/123580"}],"wp:featuredmedia":[{"embeddable":true,"href":"https:\/\/www.em.com.br\/emfoco\/wp-json\/wp\/v2\/media\/123574"}],"wp:attachment":[{"href":"https:\/\/www.em.com.br\/emfoco\/wp-json\/wp\/v2\/media?parent=123572"}],"wp:term":[{"taxonomy":"category","embeddable":true,"href":"https:\/\/www.em.com.br\/emfoco\/wp-json\/wp\/v2\/categories?post=123572"},{"taxonomy":"post_tag","embeddable":true,"href":"https:\/\/www.em.com.br\/emfoco\/wp-json\/wp\/v2\/tags?post=123572"}],"curies":[{"name":"wp","href":"https:\/\/api.w.org\/{rel}","templated":true}]}}