{"id":123555,"date":"2025-11-07T14:05:00","date_gmt":"2025-11-07T17:05:00","guid":{"rendered":"https:\/\/www.em.com.br\/emfoco\/?p=123555"},"modified":"2025-11-05T00:12:46","modified_gmt":"2025-11-05T03:12:46","slug":"fatores-que-aumentam-o-risco-de-cancer-de-prostata-segundo-especialistas","status":"publish","type":"post","link":"https:\/\/www.em.com.br\/emfoco\/2025\/11\/07\/fatores-que-aumentam-o-risco-de-cancer-de-prostata-segundo-especialistas\/","title":{"rendered":"Fatores que aumentam o risco de c\u00e2ncer de pr\u00f3stata segundo especialistas"},"content":{"rendered":"\n<p>A detec\u00e7\u00e3o do <strong>c\u00e2ncer de pr\u00f3stata<\/strong> no in\u00edcio aumenta drasticamente a chance de controle da doen\u00e7a, segundo dados do <strong>Minist\u00e9rio da Sa\u00fade da Argentina<\/strong>. Especialistas tamb\u00e9m refor\u00e7am que exames peri\u00f3dicos melhoram a qualidade de vida e reduzem complica\u00e7\u00f5es.<\/p>\n\n\n\n<h2 class=\"wp-block-heading\">Por que esse tumor \u00e9 considerado t\u00e3o silencioso?<\/h2>\n\n\n\n<p>No come\u00e7o, o <strong>adenocarcinoma da pr\u00f3stata<\/strong> n\u00e3o d\u00e1 sinais percept\u00edveis, o que faz muitos homens atrasarem o diagn\u00f3stico. Em est\u00e1gios mais avan\u00e7ados, pode surgir dor \u00f3ssea, sangue na urina ou dificuldade cont\u00ednua para urinar.<\/p>\n\n\n\n<p>A Sociedade Americana de C\u00e2ncer cita que <strong>1 em cada 8 homens<\/strong> ter\u00e1 diagn\u00f3stico ao longo da vida. Quanto mais cedo o tumor \u00e9 identificado, maior o \u00edndice de sobrevida em longo prazo e menor a necessidade de tratamentos agressivos.<\/p>\n\n\n\n<figure class=\"wp-block-image size-large\"><img loading=\"lazy\" decoding=\"async\" width=\"1024\" height=\"576\" src=\"https:\/\/www.em.com.br\/emfoco\/wp-content\/uploads\/2025\/11\/cancer-de-prostata_1762312267763-1-1024x576.jpg\" alt=\"Fatores que aumentam o risco de c\u00e2ncer de pr\u00f3stata segundo especialistas\" class=\"wp-image-123557\" srcset=\"https:\/\/www.em.com.br\/emfoco\/wp-content\/uploads\/2025\/11\/cancer-de-prostata_1762312267763-1-1024x576.jpg 1024w, https:\/\/www.em.com.br\/emfoco\/wp-content\/uploads\/2025\/11\/cancer-de-prostata_1762312267763-1-300x169.jpg 300w, https:\/\/www.em.com.br\/emfoco\/wp-content\/uploads\/2025\/11\/cancer-de-prostata_1762312267763-1-768x432.jpg 768w, https:\/\/www.em.com.br\/emfoco\/wp-content\/uploads\/2025\/11\/cancer-de-prostata_1762312267763-1-750x422.jpg 750w, https:\/\/www.em.com.br\/emfoco\/wp-content\/uploads\/2025\/11\/cancer-de-prostata_1762312267763-1-1140x641.jpg 1140w, https:\/\/www.em.com.br\/emfoco\/wp-content\/uploads\/2025\/11\/cancer-de-prostata_1762312267763-1.jpg 1280w\" sizes=\"auto, (max-width: 1024px) 100vw, 1024px\" \/><figcaption class=\"wp-element-caption\">Hist\u00f3rico familiar direto eleva ainda mais a probabilidade &#8211; Cr\u00e9ditos: depositphotos.com \/ IgorVetushko<\/figcaption><\/figure>\n\n\n\n<p><em>Leia mais: <strong><a href=\"https:\/\/www.em.com.br\/emfoco\/2025\/11\/01\/anvisa-toma-decisao-e-proibe-2-substancias-utilizadas-em-produtos-para-unhas-que-podem-causar-cancer\/\" target=\"_blank\" rel=\"noreferrer noopener\">Anvisa toma decis\u00e3o e pro\u00edbe 2\u00a0subst\u00e2ncias utilizadas em produtos para unhas que podem causar c\u00e2ncer<\/a><\/strong><\/em><\/p>\n\n\n\n<h2 class=\"wp-block-heading\">Quais h\u00e1bitos do dia a dia aumentam o risco desse c\u00e2ncer?<\/h2>\n\n\n\n<p>Existem condi\u00e7\u00f5es que elevam a probabilidade de uma muta\u00e7\u00e3o maligna crescer nessa gl\u00e2ndula. Idade acima de 50 anos, heran\u00e7a gen\u00e9tica, excesso de gordura corporal e pouca atividade f\u00edsica s\u00e3o alguns pontos amplamente documentados por especialistas.<\/p>\n\n\n\n<ul class=\"wp-block-list\">\n<li>Dieta rica em gordura animal e ultraprocessados<\/li>\n\n\n\n<li><strong>Sedentarismo cr\u00f4nico<\/strong> por muitos anos<\/li>\n\n\n\n<li>Hist\u00f3rico familiar direto de tumor na pr\u00f3stata<\/li>\n<\/ul>\n\n\n\n<h2 class=\"wp-block-heading\">Como funciona o diagn\u00f3stico m\u00e9dico desse problema?<\/h2>\n\n\n\n<p>Urologistas podem solicitar o <strong><a href=\"https:\/\/delboniauriemo.com.br\/saude\/exame-psa\" target=\"_blank\" rel=\"noreferrer noopener\">exame de PSA<\/a><\/strong>, que mede uma prote\u00edna no sangue produzida pela pr\u00f3stata. Se o valor estiver elevado, s\u00e3o feitos exames complementares para excluir inflama\u00e7\u00f5es benignas que tamb\u00e9m alteram o marcador.<\/p>\n\n\n\n<p>Outro m\u00e9todo \u00e9 o <strong>toque retal<\/strong>, que avalia textura e volume da gl\u00e2ndula. Quando h\u00e1 suspeita clara, \u00e9 indicada bi\u00f3psia, que \u00e9 o \u00fanico exame capaz de confirmar o tipo de tumor e orientar a conduta mais segura.<\/p>\n\n\n\n<figure class=\"wp-block-image size-large\"><img loading=\"lazy\" decoding=\"async\" width=\"1024\" height=\"576\" src=\"https:\/\/www.em.com.br\/emfoco\/wp-content\/uploads\/2025\/11\/cancer-de-prostata_1762312362425-1024x576.jpg\" alt=\"Fatores que aumentam o risco de c\u00e2ncer de pr\u00f3stata segundo especialistas\" class=\"wp-image-123558\" srcset=\"https:\/\/www.em.com.br\/emfoco\/wp-content\/uploads\/2025\/11\/cancer-de-prostata_1762312362425-1024x576.jpg 1024w, https:\/\/www.em.com.br\/emfoco\/wp-content\/uploads\/2025\/11\/cancer-de-prostata_1762312362425-300x169.jpg 300w, https:\/\/www.em.com.br\/emfoco\/wp-content\/uploads\/2025\/11\/cancer-de-prostata_1762312362425-768x432.jpg 768w, https:\/\/www.em.com.br\/emfoco\/wp-content\/uploads\/2025\/11\/cancer-de-prostata_1762312362425-750x422.jpg 750w, https:\/\/www.em.com.br\/emfoco\/wp-content\/uploads\/2025\/11\/cancer-de-prostata_1762312362425-1140x641.jpg 1140w, https:\/\/www.em.com.br\/emfoco\/wp-content\/uploads\/2025\/11\/cancer-de-prostata_1762312362425.jpg 1280w\" sizes=\"auto, (max-width: 1024px) 100vw, 1024px\" \/><figcaption class=\"wp-element-caption\">Cirurgia precoce reduz chance de met\u00e1stase futura &#8211; Cr\u00e9ditos: depositphotos.com \/ IgorVetushko<\/figcaption><\/figure>\n\n\n\n<h2 class=\"wp-block-heading\">Quais s\u00e3o os tratamentos e o que eles podem oferecer ao paciente?<\/h2>\n\n\n\n<p>Estrat\u00e9gias mudam conforme o est\u00e1gio do c\u00e2ncer e a condi\u00e7\u00e3o cl\u00ednica. Quando detectado cedo, a cirurgia e a radioterapia oferecem boa probabilidade de controle e redu\u00e7\u00e3o das met\u00e1stases antes que as c\u00e9lulas malignas se espalhem para outros \u00f3rg\u00e3os.<\/p>\n\n\n\n<ul class=\"wp-block-list\">\n<li>Terapia hormonal para bloquear <strong>testosterona<\/strong><\/li>\n\n\n\n<li>Quimioterapia em est\u00e1gio avan\u00e7ado<\/li>\n\n\n\n<li>Novas drogas como <strong>enzalutamida<\/strong> ampliam sobrevida sem met\u00e1stase<\/li>\n<\/ul>\n","protected":false},"excerpt":{"rendered":"<p>A detec\u00e7\u00e3o do c\u00e2ncer de pr\u00f3stata no in\u00edcio aumenta drasticamente a chance de controle da doen\u00e7a, segundo dados do Minist\u00e9rio da Sa\u00fade da Argentina. Especialistas tamb\u00e9m refor\u00e7am que exames peri\u00f3dicos melhoram a qualidade de vida e reduzem complica\u00e7\u00f5es. Por que esse tumor \u00e9 considerado t\u00e3o silencioso? No come\u00e7o, o adenocarcinoma da pr\u00f3stata n\u00e3o d\u00e1 sinais [&hellip;]<\/p>\n","protected":false},"author":13,"featured_media":123556,"comment_status":"open","ping_status":"open","sticky":false,"template":"","format":"standard","meta":{"jnews-multi-image_gallery":[],"jnews_single_post":{"format":"standard"},"jnews_primary_category":[],"jnews_social_meta":[],"jnews_override_counter":[],"footnotes":""},"categories":[9053],"tags":[8295,7185,16575],"class_list":["post-123555","post","type-post","status-publish","format-standard","has-post-thumbnail","hentry","category-saude","tag-cancer-de-prostata","tag-cuidados-com-a-saude","tag-saude-do-homem"],"yoast_head":"<!-- This site is optimized with the Yoast SEO plugin v23.8 - https:\/\/yoast.com\/wordpress\/plugins\/seo\/ -->\n<title>Fatores que aumentam o risco de c\u00e2ncer de pr\u00f3stata segundo especialistas - Estado de Minas - Em foco<\/title>\n<meta name=\"description\" content=\"Este tipo de c\u00e2ncer pode se espalhar sem sintomas e comprometer a vida. Confira os fatores de risco e como agir a tempo.\" \/>\n<meta name=\"robots\" content=\"index, follow, max-snippet:-1, max-image-preview:large, max-video-preview:-1\" \/>\n<link rel=\"canonical\" href=\"https:\/\/www.em.com.br\/emfoco\/2025\/11\/07\/fatores-que-aumentam-o-risco-de-cancer-de-prostata-segundo-especialistas\/\" \/>\n<meta property=\"og:locale\" content=\"pt_BR\" \/>\n<meta property=\"og:type\" content=\"article\" \/>\n<meta property=\"og:title\" content=\"Fatores que aumentam o risco de c\u00e2ncer de pr\u00f3stata segundo especialistas - Estado de Minas - Em foco\" \/>\n<meta property=\"og:description\" content=\"Este tipo de c\u00e2ncer pode se espalhar sem sintomas e comprometer a vida. Confira os fatores de risco e como agir a tempo.\" \/>\n<meta property=\"og:url\" content=\"https:\/\/www.em.com.br\/emfoco\/2025\/11\/07\/fatores-que-aumentam-o-risco-de-cancer-de-prostata-segundo-especialistas\/\" \/>\n<meta property=\"og:site_name\" content=\"Estado de Minas - Em foco\" \/>\n<meta property=\"article:published_time\" content=\"2025-11-07T17:05:00+00:00\" \/>\n<meta property=\"article:modified_time\" content=\"2025-11-05T03:12:46+00:00\" \/>\n<meta property=\"og:image\" content=\"https:\/\/www.em.com.br\/emfoco\/wp-content\/uploads\/2025\/11\/cancer-de-prostata_1762312267763.jpg\" \/>\n\t<meta property=\"og:image:width\" content=\"1280\" \/>\n\t<meta property=\"og:image:height\" content=\"720\" \/>\n\t<meta property=\"og:image:type\" content=\"image\/jpeg\" \/>\n<meta name=\"author\" content=\"Gabriel Martins\" \/>\n<meta name=\"twitter:card\" content=\"summary_large_image\" \/>\n<meta name=\"twitter:label1\" content=\"Escrito por\" \/>\n\t<meta name=\"twitter:data1\" content=\"Gabriel Martins\" \/>\n\t<meta name=\"twitter:label2\" content=\"Est. tempo de leitura\" \/>\n\t<meta name=\"twitter:data2\" content=\"3 minutos\" \/>\n<!-- \/ Yoast SEO plugin. -->","yoast_head_json":{"title":"Fatores que aumentam o risco de c\u00e2ncer de pr\u00f3stata segundo especialistas - Estado de Minas - Em foco","description":"Este tipo de c\u00e2ncer pode se espalhar sem sintomas e comprometer a vida. Confira os fatores de risco e como agir a tempo.","robots":{"index":"index","follow":"follow","max-snippet":"max-snippet:-1","max-image-preview":"max-image-preview:large","max-video-preview":"max-video-preview:-1"},"canonical":"https:\/\/www.em.com.br\/emfoco\/2025\/11\/07\/fatores-que-aumentam-o-risco-de-cancer-de-prostata-segundo-especialistas\/","og_locale":"pt_BR","og_type":"article","og_title":"Fatores que aumentam o risco de c\u00e2ncer de pr\u00f3stata segundo especialistas - Estado de Minas - Em foco","og_description":"Este tipo de c\u00e2ncer pode se espalhar sem sintomas e comprometer a vida. Confira os fatores de risco e como agir a tempo.","og_url":"https:\/\/www.em.com.br\/emfoco\/2025\/11\/07\/fatores-que-aumentam-o-risco-de-cancer-de-prostata-segundo-especialistas\/","og_site_name":"Estado de Minas - Em foco","article_published_time":"2025-11-07T17:05:00+00:00","article_modified_time":"2025-11-05T03:12:46+00:00","og_image":[{"width":1280,"height":720,"url":"https:\/\/www.em.com.br\/emfoco\/wp-content\/uploads\/2025\/11\/cancer-de-prostata_1762312267763.jpg","type":"image\/jpeg"}],"author":"Gabriel Martins","twitter_card":"summary_large_image","twitter_misc":{"Escrito por":"Gabriel Martins","Est. tempo de leitura":"3 minutos"},"schema":{"@context":"https:\/\/schema.org","@graph":[{"@type":"WebPage","@id":"https:\/\/www.em.com.br\/emfoco\/2025\/11\/07\/fatores-que-aumentam-o-risco-de-cancer-de-prostata-segundo-especialistas\/","url":"https:\/\/www.em.com.br\/emfoco\/2025\/11\/07\/fatores-que-aumentam-o-risco-de-cancer-de-prostata-segundo-especialistas\/","name":"Fatores que aumentam o risco de c\u00e2ncer de pr\u00f3stata segundo especialistas - Estado de Minas - Em foco","isPartOf":{"@id":"https:\/\/www.em.com.br\/emfoco\/#website"},"primaryImageOfPage":{"@id":"https:\/\/www.em.com.br\/emfoco\/2025\/11\/07\/fatores-que-aumentam-o-risco-de-cancer-de-prostata-segundo-especialistas\/#primaryimage"},"image":{"@id":"https:\/\/www.em.com.br\/emfoco\/2025\/11\/07\/fatores-que-aumentam-o-risco-de-cancer-de-prostata-segundo-especialistas\/#primaryimage"},"thumbnailUrl":"https:\/\/www.em.com.br\/emfoco\/wp-content\/uploads\/2025\/11\/cancer-de-prostata_1762312267763.jpg","datePublished":"2025-11-07T17:05:00+00:00","dateModified":"2025-11-05T03:12:46+00:00","author":{"@id":"https:\/\/www.em.com.br\/emfoco\/#\/schema\/person\/1c9ddeab18b98abeffef834667bcf08a"},"description":"Este tipo de c\u00e2ncer pode se espalhar sem sintomas e comprometer a vida. Confira os fatores de risco e como agir a tempo.","breadcrumb":{"@id":"https:\/\/www.em.com.br\/emfoco\/2025\/11\/07\/fatores-que-aumentam-o-risco-de-cancer-de-prostata-segundo-especialistas\/#breadcrumb"},"inLanguage":"pt-BR","potentialAction":[{"@type":"ReadAction","target":["https:\/\/www.em.com.br\/emfoco\/2025\/11\/07\/fatores-que-aumentam-o-risco-de-cancer-de-prostata-segundo-especialistas\/"]}]},{"@type":"ImageObject","inLanguage":"pt-BR","@id":"https:\/\/www.em.com.br\/emfoco\/2025\/11\/07\/fatores-que-aumentam-o-risco-de-cancer-de-prostata-segundo-especialistas\/#primaryimage","url":"https:\/\/www.em.com.br\/emfoco\/wp-content\/uploads\/2025\/11\/cancer-de-prostata_1762312267763.jpg","contentUrl":"https:\/\/www.em.com.br\/emfoco\/wp-content\/uploads\/2025\/11\/cancer-de-prostata_1762312267763.jpg","width":1280,"height":720,"caption":"Obesidade e sedentarismo potencializam o risco de muta\u00e7\u00f5es malignas crescerem - Cr\u00e9ditos: depositphotos.com \/ Sasha2109"},{"@type":"BreadcrumbList","@id":"https:\/\/www.em.com.br\/emfoco\/2025\/11\/07\/fatores-que-aumentam-o-risco-de-cancer-de-prostata-segundo-especialistas\/#breadcrumb","itemListElement":[{"@type":"ListItem","position":1,"name":"In\u00edcio","item":"https:\/\/www.em.com.br\/emfoco\/"},{"@type":"ListItem","position":2,"name":"Fatores que aumentam o risco de c\u00e2ncer de pr\u00f3stata segundo especialistas"}]},{"@type":"WebSite","@id":"https:\/\/www.em.com.br\/emfoco\/#website","url":"https:\/\/www.em.com.br\/emfoco\/","name":"Estado de Minas - Em foco","description":"Acompanhe as \u00faltimas not\u00edcias e fique bem informado sobre tudo o que acontece em Minas Gerais, Brasil e no mundo.","potentialAction":[{"@type":"SearchAction","target":{"@type":"EntryPoint","urlTemplate":"https:\/\/www.em.com.br\/emfoco\/?s={search_term_string}"},"query-input":{"@type":"PropertyValueSpecification","valueRequired":true,"valueName":"search_term_string"}}],"inLanguage":"pt-BR"},{"@type":"Person","@id":"https:\/\/www.em.com.br\/emfoco\/#\/schema\/person\/1c9ddeab18b98abeffef834667bcf08a","name":"Gabriel Martins","image":{"@type":"ImageObject","inLanguage":"pt-BR","@id":"https:\/\/www.em.com.br\/emfoco\/#\/schema\/person\/image\/","url":"https:\/\/secure.gravatar.com\/avatar\/f0f1e2efdfd88f1ad2cb08c5c2731e50?s=96&d=mm&r=g","contentUrl":"https:\/\/secure.gravatar.com\/avatar\/f0f1e2efdfd88f1ad2cb08c5c2731e50?s=96&d=mm&r=g","caption":"Gabriel Martins"},"sameAs":["https:\/\/www.em.com.br\/emfoco\/"],"url":"https:\/\/www.em.com.br\/emfoco\/author\/gabrielmartinsmyth\/"}]}},"_links":{"self":[{"href":"https:\/\/www.em.com.br\/emfoco\/wp-json\/wp\/v2\/posts\/123555","targetHints":{"allow":["GET"]}}],"collection":[{"href":"https:\/\/www.em.com.br\/emfoco\/wp-json\/wp\/v2\/posts"}],"about":[{"href":"https:\/\/www.em.com.br\/emfoco\/wp-json\/wp\/v2\/types\/post"}],"author":[{"embeddable":true,"href":"https:\/\/www.em.com.br\/emfoco\/wp-json\/wp\/v2\/users\/13"}],"replies":[{"embeddable":true,"href":"https:\/\/www.em.com.br\/emfoco\/wp-json\/wp\/v2\/comments?post=123555"}],"version-history":[{"count":1,"href":"https:\/\/www.em.com.br\/emfoco\/wp-json\/wp\/v2\/posts\/123555\/revisions"}],"predecessor-version":[{"id":123559,"href":"https:\/\/www.em.com.br\/emfoco\/wp-json\/wp\/v2\/posts\/123555\/revisions\/123559"}],"wp:featuredmedia":[{"embeddable":true,"href":"https:\/\/www.em.com.br\/emfoco\/wp-json\/wp\/v2\/media\/123556"}],"wp:attachment":[{"href":"https:\/\/www.em.com.br\/emfoco\/wp-json\/wp\/v2\/media?parent=123555"}],"wp:term":[{"taxonomy":"category","embeddable":true,"href":"https:\/\/www.em.com.br\/emfoco\/wp-json\/wp\/v2\/categories?post=123555"},{"taxonomy":"post_tag","embeddable":true,"href":"https:\/\/www.em.com.br\/emfoco\/wp-json\/wp\/v2\/tags?post=123555"}],"curies":[{"name":"wp","href":"https:\/\/api.w.org\/{rel}","templated":true}]}}