{"id":123526,"date":"2025-11-06T16:05:00","date_gmt":"2025-11-06T19:05:00","guid":{"rendered":"https:\/\/www.em.com.br\/emfoco\/?p=123526"},"modified":"2025-11-05T12:32:20","modified_gmt":"2025-11-05T15:32:20","slug":"as-cores-escolhidas-por-pessoas-com-ansiedade-segundo-a-psicologia","status":"publish","type":"post","link":"https:\/\/www.em.com.br\/emfoco\/2025\/11\/06\/as-cores-escolhidas-por-pessoas-com-ansiedade-segundo-a-psicologia\/","title":{"rendered":"As cores escolhidas por pessoas com ansiedade, segundo a psicologia"},"content":{"rendered":"\n<p>A escolha de cores muitas vezes reflete nosso estado emocional, influenciando diretamente o humor e o bem-estar, como mostram pesquisas em psicologia das cores, podendo inclusive servir de sinal de alerta para sentimentos como ansiedade.<\/p>\n\n\n\n<h2 class=\"wp-block-heading\">Como o humor afeta a escolha de cores no cotidiano<\/h2>\n\n\n\n<p>Nossas emo\u00e7\u00f5es do dia a dia impactam as tonalidades escolhidas para roupas, objetos e ambientes. Em momentos de tristeza ou tens\u00e3o, \u00e9 comum a prefer\u00eancia por tons mais s\u00f3brios.<\/p>\n\n\n\n<p>De acordo com an\u00e1lises de especialistas, as cores selecionadas podem ser indicadores importantes sobre nosso estado mental. Veja exemplos de como diferentes emo\u00e7\u00f5es se refletem nas cores que usamos e escolhemos:<\/p>\n\n\n\n<ul class=\"wp-block-list\">\n<li>Preto e tons escuros muitas vezes s\u00e3o associados a fases de tristeza ou introspec\u00e7\u00e3o.<\/li>\n\n\n\n<li>Cores vivas, como amarelo, tendem a estimular a sensa\u00e7\u00e3o de alegria e energia.<\/li>\n\n\n\n<li>A observa\u00e7\u00e3o cotidiana das escolhas crom\u00e1ticas possibilita criar insights sobre o bem-estar emocional.<\/li>\n<\/ul>\n\n\n\n<h2 class=\"wp-block-heading\">Quais cores podem indicar ansiedade e como identific\u00e1-las<\/h2>\n\n\n\n<p>Estudos apontam que algumas cores podem funcionar como sinais sutis de ansiedade. Ao analisar essas tonalidades no vestu\u00e1rio ou ambiente, fica mais f\u00e1cil compreender e acolher emo\u00e7\u00f5es ansiosas.<\/p>\n\n\n\n<figure class=\"wp-block-image\"><img decoding=\"async\" src=\"https:\/\/www.em.com.br\/emfoco\/wp-content\/uploads\/2025\/07\/sueter-guarda-roupa_1753192083031-1024x576.jpg\" alt=\"\"\/><figcaption class=\"wp-element-caption\">As cores que revelam seu humor e o que dizem sobre voc\u00ea &#8211; Cr\u00e9ditos: depositphotos.com \/ eremey90<\/figcaption><\/figure>\n\n\n\n<p>Especialistas mapearam algumas rela\u00e7\u00f5es consistentes entre determinadas cores e sentimentos ligados \u00e0 ansiedade. Veja alguns exemplos relevantes:<\/p>\n\n\n\n<ul class=\"wp-block-list\">\n<li>Cinza pode sugerir apatia e afastamento emocional.<\/li>\n\n\n\n<li>Preto frequentemente remete a sensa\u00e7\u00f5es de isolamento e luto.<\/li>\n\n\n\n<li>Azul escuro \u00e9 geralmente associado \u00e0 nostalgia e melancolia.<\/li>\n\n\n\n<li>Marrom costuma apontar para falta de energia e rotina desmotivadora.<\/li>\n<\/ul>\n\n\n\n<h2 class=\"wp-block-heading\">Como as cores podem ajudar a melhorar o seu humor no dia a dia<\/h2>\n\n\n\n<p>O uso consciente de cores quentes e vibrantes estimula o otimismo e a criatividade, tornando-se uma estrat\u00e9gia simples para promover o bem-estar psicol\u00f3gico.<\/p>\n\n\n\n<p><a href=\"https:\/\/imotions.com\/blog\/insights\/color-and-human-behavior\/\" target=\"_blank\" rel=\"noreferrer noopener\">Pesquisas realizadas por\u00a0<strong>Johann Wolfgang von Goethe<\/strong>\u00a0mostram que tons como amarelo e laranja incentivam estados de alegria<\/a>. Isso pode ser \u00fatil especialmente em per\u00edodos mais desafiadores.<\/p>\n\n\n\n<h2 class=\"wp-block-heading\">Quais dicas facilitam o uso das cores para influenciar emo\u00e7\u00f5es<\/h2>\n\n\n\n<p>Pequenas mudan\u00e7as na escolha de roupas e objetos podem ter impacto direto sobre o humor. Ajustar a paleta de cores do cotidiano pode, de forma pr\u00e1tica, contribuir para o equil\u00edbrio emocional.<\/p>\n\n\n\n<p>Abaixo est\u00e3o recomenda\u00e7\u00f5es para transformar seu relacionamento com as cores e criar um ambiente mais leve e positivo:<\/p>\n\n\n\n<ul class=\"wp-block-list\">\n<li>Adote acess\u00f3rios coloridos para elevar o \u00e2nimo durante o dia.<\/li>\n\n\n\n<li>Inclua objetos de decora\u00e7\u00e3o com tons alegres em casa ou no ambiente de trabalho.<\/li>\n\n\n\n<li>Escolha roupas que expressem o humor que voc\u00ea deseja sentir.<\/li>\n<\/ul>\n\n\n\n<p><strong>Leia tamb\u00e9m:<\/strong>\u00a0<a href=\"https:\/\/www.em.com.br\/emfoco\/2025\/11\/05\/esse-signo-e-um-sinal-de-alerta-em-qualquer-inicio-de-um-relacionamento\/\" target=\"_blank\" rel=\"noreferrer noopener\">Esse signo \u00e9 um sinal de alerta em qualquer in\u00edcio de um relacionamento<\/a><\/p>\n\n\n\n<h2 class=\"wp-block-heading\">Por que optar por tonalidades vibrantes pode transformar o seu dia<\/h2>\n\n\n\n<p>Observar e escolher as cores de modo consciente conecta-se diretamente com o nosso bem-estar emocional. O uso de tons vibrantes pode ajudar a combater sentimentos negativos e trazer mais vitalidade \u00e0 rotina.<\/p>\n\n\n\n<ul class=\"wp-block-list\">\n<li>Diversos estudos apontam para a influ\u00eancia das cores sobre o humor e o bem-estar.<\/li>\n\n\n\n<li>Cores vivas podem atuar como aliadas na redu\u00e7\u00e3o da ansiedade di\u00e1ria.<\/li>\n\n\n\n<li>A percep\u00e7\u00e3o crom\u00e1tica impacta diretamente o equil\u00edbrio emocional em diferentes situa\u00e7\u00f5es.<\/li>\n<\/ul>\n\n\n\n<p>Lembre-se de que as cores s\u00e3o ferramentas poderosas de autoconhecimento, capazes de promover mais equil\u00edbrio e positividade no dia a dia.<\/p>\n","protected":false},"excerpt":{"rendered":"<p>A escolha de cores muitas vezes reflete nosso estado emocional, influenciando diretamente o humor e o bem-estar, como mostram pesquisas em psicologia das cores, podendo inclusive servir de sinal de alerta para sentimentos como ansiedade. Como o humor afeta a escolha de cores no cotidiano Nossas emo\u00e7\u00f5es do dia a dia impactam as tonalidades escolhidas [&hellip;]<\/p>\n","protected":false},"author":11,"featured_media":55592,"comment_status":"open","ping_status":"open","sticky":false,"template":"","format":"standard","meta":{"jnews-multi-image_gallery":[],"jnews_single_post":{"format":"standard"},"jnews_primary_category":[],"jnews_social_meta":[],"jnews_override_counter":[],"footnotes":""},"categories":[8819,1],"tags":[4947,711,1110,5155],"class_list":["post-123526","post","type-post","status-publish","format-standard","has-post-thumbnail","hentry","category-curiosidades","category-noticias","tag-ansiedade","tag-bem-estar","tag-cores","tag-psicologia"],"yoast_head":"<!-- This site is optimized with the Yoast SEO plugin v23.8 - https:\/\/yoast.com\/wordpress\/plugins\/seo\/ -->\n<title>As cores escolhidas por pessoas com ansiedade, segundo a psicologia - Estado de Minas - Em foco<\/title>\n<meta name=\"description\" content=\"Psic\u00f3logos revelam como a cor das roupas pode indicar ansiedade e at\u00e9 mudar seu humor. Descubra o que cada tom revela sobre voc\u00ea.\" \/>\n<meta name=\"robots\" content=\"index, follow, max-snippet:-1, max-image-preview:large, max-video-preview:-1\" \/>\n<link rel=\"canonical\" href=\"https:\/\/www.em.com.br\/emfoco\/2025\/11\/06\/as-cores-escolhidas-por-pessoas-com-ansiedade-segundo-a-psicologia\/\" \/>\n<meta property=\"og:locale\" content=\"pt_BR\" \/>\n<meta property=\"og:type\" content=\"article\" \/>\n<meta property=\"og:title\" content=\"As cores escolhidas por pessoas com ansiedade, segundo a psicologia - Estado de Minas - Em foco\" \/>\n<meta property=\"og:description\" content=\"Psic\u00f3logos revelam como a cor das roupas pode indicar ansiedade e at\u00e9 mudar seu humor. Descubra o que cada tom revela sobre voc\u00ea.\" \/>\n<meta property=\"og:url\" content=\"https:\/\/www.em.com.br\/emfoco\/2025\/11\/06\/as-cores-escolhidas-por-pessoas-com-ansiedade-segundo-a-psicologia\/\" \/>\n<meta property=\"og:site_name\" content=\"Estado de Minas - Em foco\" \/>\n<meta property=\"article:published_time\" content=\"2025-11-06T19:05:00+00:00\" \/>\n<meta property=\"article:modified_time\" content=\"2025-11-05T15:32:20+00:00\" \/>\n<meta property=\"og:image\" content=\"https:\/\/www.em.com.br\/emfoco\/wp-content\/uploads\/2025\/06\/solidao_1749061184953.jpg\" \/>\n\t<meta property=\"og:image:width\" content=\"1280\" \/>\n\t<meta property=\"og:image:height\" content=\"720\" \/>\n\t<meta property=\"og:image:type\" content=\"image\/jpeg\" \/>\n<meta name=\"author\" content=\"Andre\u0301 Rangel\u00a0\" \/>\n<meta name=\"twitter:card\" content=\"summary_large_image\" \/>\n<meta name=\"twitter:label1\" content=\"Escrito por\" \/>\n\t<meta name=\"twitter:data1\" content=\"Andre\u0301 Rangel\u00a0\" \/>\n\t<meta name=\"twitter:label2\" content=\"Est. tempo de leitura\" \/>\n\t<meta name=\"twitter:data2\" content=\"4 minutos\" \/>\n<!-- \/ Yoast SEO plugin. -->","yoast_head_json":{"title":"As cores escolhidas por pessoas com ansiedade, segundo a psicologia - Estado de Minas - Em foco","description":"Psic\u00f3logos revelam como a cor das roupas pode indicar ansiedade e at\u00e9 mudar seu humor. Descubra o que cada tom revela sobre voc\u00ea.","robots":{"index":"index","follow":"follow","max-snippet":"max-snippet:-1","max-image-preview":"max-image-preview:large","max-video-preview":"max-video-preview:-1"},"canonical":"https:\/\/www.em.com.br\/emfoco\/2025\/11\/06\/as-cores-escolhidas-por-pessoas-com-ansiedade-segundo-a-psicologia\/","og_locale":"pt_BR","og_type":"article","og_title":"As cores escolhidas por pessoas com ansiedade, segundo a psicologia - Estado de Minas - Em foco","og_description":"Psic\u00f3logos revelam como a cor das roupas pode indicar ansiedade e at\u00e9 mudar seu humor. Descubra o que cada tom revela sobre voc\u00ea.","og_url":"https:\/\/www.em.com.br\/emfoco\/2025\/11\/06\/as-cores-escolhidas-por-pessoas-com-ansiedade-segundo-a-psicologia\/","og_site_name":"Estado de Minas - Em foco","article_published_time":"2025-11-06T19:05:00+00:00","article_modified_time":"2025-11-05T15:32:20+00:00","og_image":[{"width":1280,"height":720,"url":"https:\/\/www.em.com.br\/emfoco\/wp-content\/uploads\/2025\/06\/solidao_1749061184953.jpg","type":"image\/jpeg"}],"author":"Andre\u0301 Rangel\u00a0","twitter_card":"summary_large_image","twitter_misc":{"Escrito por":"Andre\u0301 Rangel\u00a0","Est. tempo de leitura":"4 minutos"},"schema":{"@context":"https:\/\/schema.org","@graph":[{"@type":"WebPage","@id":"https:\/\/www.em.com.br\/emfoco\/2025\/11\/06\/as-cores-escolhidas-por-pessoas-com-ansiedade-segundo-a-psicologia\/","url":"https:\/\/www.em.com.br\/emfoco\/2025\/11\/06\/as-cores-escolhidas-por-pessoas-com-ansiedade-segundo-a-psicologia\/","name":"As cores escolhidas por pessoas com ansiedade, segundo a psicologia - Estado de Minas - Em foco","isPartOf":{"@id":"https:\/\/www.em.com.br\/emfoco\/#website"},"primaryImageOfPage":{"@id":"https:\/\/www.em.com.br\/emfoco\/2025\/11\/06\/as-cores-escolhidas-por-pessoas-com-ansiedade-segundo-a-psicologia\/#primaryimage"},"image":{"@id":"https:\/\/www.em.com.br\/emfoco\/2025\/11\/06\/as-cores-escolhidas-por-pessoas-com-ansiedade-segundo-a-psicologia\/#primaryimage"},"thumbnailUrl":"https:\/\/www.em.com.br\/emfoco\/wp-content\/uploads\/2025\/06\/solidao_1749061184953.jpg","datePublished":"2025-11-06T19:05:00+00:00","dateModified":"2025-11-05T15:32:20+00:00","author":{"@id":"https:\/\/www.em.com.br\/emfoco\/#\/schema\/person\/60eda09c1fedf0d6891f4cef4b60b8b8"},"description":"Psic\u00f3logos revelam como a cor das roupas pode indicar ansiedade e at\u00e9 mudar seu humor. Descubra o que cada tom revela sobre voc\u00ea.","breadcrumb":{"@id":"https:\/\/www.em.com.br\/emfoco\/2025\/11\/06\/as-cores-escolhidas-por-pessoas-com-ansiedade-segundo-a-psicologia\/#breadcrumb"},"inLanguage":"pt-BR","potentialAction":[{"@type":"ReadAction","target":["https:\/\/www.em.com.br\/emfoco\/2025\/11\/06\/as-cores-escolhidas-por-pessoas-com-ansiedade-segundo-a-psicologia\/"]}]},{"@type":"ImageObject","inLanguage":"pt-BR","@id":"https:\/\/www.em.com.br\/emfoco\/2025\/11\/06\/as-cores-escolhidas-por-pessoas-com-ansiedade-segundo-a-psicologia\/#primaryimage","url":"https:\/\/www.em.com.br\/emfoco\/wp-content\/uploads\/2025\/06\/solidao_1749061184953.jpg","contentUrl":"https:\/\/www.em.com.br\/emfoco\/wp-content\/uploads\/2025\/06\/solidao_1749061184953.jpg","width":1280,"height":720,"caption":"Solid\u00e3o - Cr\u00e9ditos: depositphotos.com \/ AllaSerebrina"},{"@type":"BreadcrumbList","@id":"https:\/\/www.em.com.br\/emfoco\/2025\/11\/06\/as-cores-escolhidas-por-pessoas-com-ansiedade-segundo-a-psicologia\/#breadcrumb","itemListElement":[{"@type":"ListItem","position":1,"name":"In\u00edcio","item":"https:\/\/www.em.com.br\/emfoco\/"},{"@type":"ListItem","position":2,"name":"As cores escolhidas por pessoas com ansiedade, segundo a psicologia"}]},{"@type":"WebSite","@id":"https:\/\/www.em.com.br\/emfoco\/#website","url":"https:\/\/www.em.com.br\/emfoco\/","name":"Estado de Minas - Em foco","description":"Acompanhe as \u00faltimas not\u00edcias e fique bem informado sobre tudo o que acontece em Minas Gerais, Brasil e no mundo.","potentialAction":[{"@type":"SearchAction","target":{"@type":"EntryPoint","urlTemplate":"https:\/\/www.em.com.br\/emfoco\/?s={search_term_string}"},"query-input":{"@type":"PropertyValueSpecification","valueRequired":true,"valueName":"search_term_string"}}],"inLanguage":"pt-BR"},{"@type":"Person","@id":"https:\/\/www.em.com.br\/emfoco\/#\/schema\/person\/60eda09c1fedf0d6891f4cef4b60b8b8","name":"Andre\u0301 Rangel\u00a0","image":{"@type":"ImageObject","inLanguage":"pt-BR","@id":"https:\/\/www.em.com.br\/emfoco\/#\/schema\/person\/image\/","url":"https:\/\/secure.gravatar.com\/avatar\/6234dc814c77c8ef6d8bba622c787efc?s=96&d=mm&r=g","contentUrl":"https:\/\/secure.gravatar.com\/avatar\/6234dc814c77c8ef6d8bba622c787efc?s=96&d=mm&r=g","caption":"Andre\u0301 Rangel\u00a0"},"url":"https:\/\/www.em.com.br\/emfoco\/author\/luizmyth\/"}]}},"_links":{"self":[{"href":"https:\/\/www.em.com.br\/emfoco\/wp-json\/wp\/v2\/posts\/123526","targetHints":{"allow":["GET"]}}],"collection":[{"href":"https:\/\/www.em.com.br\/emfoco\/wp-json\/wp\/v2\/posts"}],"about":[{"href":"https:\/\/www.em.com.br\/emfoco\/wp-json\/wp\/v2\/types\/post"}],"author":[{"embeddable":true,"href":"https:\/\/www.em.com.br\/emfoco\/wp-json\/wp\/v2\/users\/11"}],"replies":[{"embeddable":true,"href":"https:\/\/www.em.com.br\/emfoco\/wp-json\/wp\/v2\/comments?post=123526"}],"version-history":[{"count":3,"href":"https:\/\/www.em.com.br\/emfoco\/wp-json\/wp\/v2\/posts\/123526\/revisions"}],"predecessor-version":[{"id":123624,"href":"https:\/\/www.em.com.br\/emfoco\/wp-json\/wp\/v2\/posts\/123526\/revisions\/123624"}],"wp:featuredmedia":[{"embeddable":true,"href":"https:\/\/www.em.com.br\/emfoco\/wp-json\/wp\/v2\/media\/55592"}],"wp:attachment":[{"href":"https:\/\/www.em.com.br\/emfoco\/wp-json\/wp\/v2\/media?parent=123526"}],"wp:term":[{"taxonomy":"category","embeddable":true,"href":"https:\/\/www.em.com.br\/emfoco\/wp-json\/wp\/v2\/categories?post=123526"},{"taxonomy":"post_tag","embeddable":true,"href":"https:\/\/www.em.com.br\/emfoco\/wp-json\/wp\/v2\/tags?post=123526"}],"curies":[{"name":"wp","href":"https:\/\/api.w.org\/{rel}","templated":true}]}}