{"id":123524,"date":"2025-11-06T13:45:00","date_gmt":"2025-11-06T16:45:00","guid":{"rendered":"https:\/\/www.em.com.br\/emfoco\/?p=123524"},"modified":"2025-11-05T10:33:50","modified_gmt":"2025-11-05T13:33:50","slug":"mais-uma-marca-de-azeite-e-proibida-de-comercializar-seu-produto-devido-a-uma-grave-violacao-do-codigo-alimentar","status":"publish","type":"post","link":"https:\/\/www.em.com.br\/emfoco\/2025\/11\/06\/mais-uma-marca-de-azeite-e-proibida-de-comercializar-seu-produto-devido-a-uma-grave-violacao-do-codigo-alimentar\/","title":{"rendered":"Mais uma marca de azeite \u00e9 proibida de comercializar seu produto devido a uma\u00a0grave viola\u00e7\u00e3o do c\u00f3digo alimentar"},"content":{"rendered":"\n<p>A&nbsp;<strong>ANMAT<\/strong>&nbsp;ordenou o recolhimento imediato de um popular \u00f3leo de oliva devido a irregularidades graves detectadas no c\u00f3digo aliment\u00e1rio, evidenciando um perigo potencial \u00e0 sa\u00fade dos consumidores.<\/p>\n\n\n\n<h2 class=\"wp-block-heading\">Qual \u00f3leo de oliva foi proibido e por qu\u00ea?<\/h2>\n\n\n\n<p>Ap\u00f3s uma investiga\u00e7\u00e3o detalhada, a\u00a0<strong>ANMAT<\/strong>\u00a0detectou irregularidades no rotulamento do &#8220;Azeite virgem extra, marca:\u00a0<strong><a href=\"https:\/\/www.instagram.com\/olivos_de_arauco\/\" target=\"_blank\" rel=\"noreferrer noopener\">Olivos de Arauco<\/a><\/strong>, Origem: Departamento de Arauco, Prov\u00edncia de La Rioja, RNE n\u00ba 18000661, RNPA n\u00ba 18004900&#8243;. O produto, proveniente da\u00a0<strong>Prov\u00edncia de La Rioja<\/strong>, n\u00e3o estava em conformidade com as normas sanit\u00e1rias, tornando-se um risco \u00e0 sa\u00fade do p\u00fablico.<\/p>\n\n\n\n<p>O consumo desse \u00f3leo aumenta a preocupa\u00e7\u00e3o sobre a presen\u00e7a de produtos ap\u00f3crifos nas prateleiras e refor\u00e7a a necessidade de maior vigil\u00e2ncia dos consumidores quanto \u00e0 proced\u00eancia de alimentos industrializados.<\/p>\n\n\n\n<ul class=\"wp-block-list\">\n<li>Produto identificado como ap\u00f3crifo por falta de rotulagem correta ou registro incompat\u00edvel (RNE n\u00ba 18000661, RNPA n\u00ba 18004900)<\/li>\n\n\n\n<li>Impacto direto na sa\u00fade p\u00fablica devido a falhas na seguran\u00e7a alimentar<\/li>\n\n\n\n<li>Medidas preventivas j\u00e1 implementadas e recomenda\u00e7\u00f5es da ANMAT<\/li>\n<\/ul>\n\n\n\n<h2 class=\"wp-block-heading\">O que dizem as novas medidas anunciadas pela ANMAT?<\/h2>\n\n\n\n<p>A\u00a0<strong>ANMAT<\/strong>\u00a0anunciou a proibi\u00e7\u00e3o imediata da elabora\u00e7\u00e3o e venda deste \u00f3leo em todo o territ\u00f3rio nacional e em plataformas online. A decis\u00e3o baseou-se na impossibilidade de garantir a origem e a inocuidade do produto, especificamente em lotes identificados como &#8220;<a href=\"https:\/\/www.em.com.br\/emfoco\/2025\/10\/21\/duas-marcar-de-azeite-sao-proibidas-por-apresentar-informacoes-falsas\/\" target=\"_blank\" rel=\"noreferrer noopener\">Azeite <\/a>virgem extra, marca: Olivos de Arauco, Origem: Departamento de Arauco, Prov\u00edncia de La Rioja, RNE n\u00ba 18000661, RNPA n\u00ba 18004900&#8243;.<\/p>\n\n\n\n<figure class=\"wp-block-image\"><img decoding=\"async\" src=\"https:\/\/www.em.com.br\/emfoco\/wp-content\/uploads\/2025\/09\/azeite-supermercado_1757423392560-1024x576.jpg\" alt=\"\"\/><figcaption class=\"wp-element-caption\">Azeite com risco \u00e0 sa\u00fade &#8211; Cr\u00e9ditos: depositphotos.com \/ kasto<\/figcaption><\/figure>\n\n\n\n<p>Al\u00e9m disso, produtos com registro falso tamb\u00e9m foram proibidos, buscando fortalecer o controle sobre a seguran\u00e7a alimentar e evitar riscos \u00e0 sa\u00fade p\u00fablica.<\/p>\n\n\n\n<h2 class=\"wp-block-heading\">Como comparar produtos originais e falsificados?<\/h2>\n\n\n\n<p>Para auxiliar o consumidor, a&nbsp;<strong>ANMAT<\/strong>&nbsp;recomenda comparar produtos por meio das suas especifica\u00e7\u00f5es t\u00e9cnicas e r\u00f3tulos, especialmente conferindo dados como marca, origem e numera\u00e7\u00e3o de registros (RNE e RNPA). Caso haja suspeita ou d\u00favida em rela\u00e7\u00e3o \u00e0 originalidade, \u00e9 fundamental acionar os \u00f3rg\u00e3os de controle para garantir a seguran\u00e7a alimentar. Se os usu\u00e1rios apresentarem alguma das caracter\u00edsticas descritas, devem entrar em contato com os \u00f3rg\u00e3os de controle competentes por e-mail ou pelo site ANMAT Responde, acrescentaram.<\/p>\n\n\n\n<p>Em situa\u00e7\u00f5es suspeitas, consumidores devem contatar a ag\u00eancia pelo e-mail pesquisa@anmat.gob.ar, enviando fotos e uma descri\u00e7\u00e3o completa do produto para investiga\u00e7\u00e3o.<\/p>\n\n\n\n<h2 class=\"wp-block-heading\">Quais as principais recomenda\u00e7\u00f5es para evitar riscos?<\/h2>\n\n\n\n<p>Os recentes acontecimentos ressaltam a import\u00e2ncia de uma postura proativa do consumidor. Estar atento \u00e0 rotulagem, \u00e0 origem e \u00e0s normativas vigentes \u00e9 fundamental para prevenir a ingest\u00e3o de produtos perigosos.<\/p>\n\n\n\n<p>Veja a seguir as recomenda\u00e7\u00f5es-chave para garantir mais seguran\u00e7a na escolha e consumo de alimentos:<\/p>\n\n\n\n<ul class=\"wp-block-list\">\n<li>Verifique sempre r\u00f3tulos, origem (como Departamento de Arauco, Prov\u00edncia de La Rioja) e proced\u00eancia dos produtos antes de comprar, incluindo os registros RNE n\u00ba 18000661 e RNPA n\u00ba 18004900<\/li>\n\n\n\n<li>Compreenda e busque informa\u00e7\u00f5es sobre as normativas sanit\u00e1rias aplic\u00e1veis<\/li>\n\n\n\n<li>Reporte irregularidades e ajude a refor\u00e7ar o combate \u00e0 circula\u00e7\u00e3o de alimentos sem registro. Se identificar um produto suspeito \u2014 especialmente com os dados citados \u2014, entre em contato imediatamente com os \u00f3rg\u00e3os de controle competentes por e-mail ou pelo site ANMAT Responde<\/li>\n<\/ul>\n\n\n\n<p><\/p>\n","protected":false},"excerpt":{"rendered":"<p>A&nbsp;ANMAT&nbsp;ordenou o recolhimento imediato de um popular \u00f3leo de oliva devido a irregularidades graves detectadas no c\u00f3digo aliment\u00e1rio, evidenciando um perigo potencial \u00e0 sa\u00fade dos consumidores. Qual \u00f3leo de oliva foi proibido e por qu\u00ea? Ap\u00f3s uma investiga\u00e7\u00e3o detalhada, a\u00a0ANMAT\u00a0detectou irregularidades no rotulamento do &#8220;Azeite virgem extra, marca:\u00a0Olivos de Arauco, Origem: Departamento de Arauco, Prov\u00edncia [&hellip;]<\/p>\n","protected":false},"author":11,"featured_media":106778,"comment_status":"open","ping_status":"open","sticky":false,"template":"","format":"standard","meta":{"jnews-multi-image_gallery":[],"jnews_single_post":{"format":"standard"},"jnews_primary_category":[],"jnews_social_meta":[],"jnews_override_counter":[],"footnotes":""},"categories":[1,9053],"tags":[4584,2576,12664,12756],"class_list":["post-123524","post","type-post","status-publish","format-standard","has-post-thumbnail","hentry","category-noticias","category-saude","tag-azeite","tag-azeite-de-oliva","tag-azeite-de-oliva-falso","tag-saude-2"],"yoast_head":"<!-- This site is optimized with the Yoast SEO plugin v23.8 - https:\/\/yoast.com\/wordpress\/plugins\/seo\/ -->\n<title>Mais uma marca de azeite \u00e9 proibida de comercializar seu produto devido a uma\u00a0grave viola\u00e7\u00e3o do c\u00f3digo alimentar - Estado de Minas - Em foco<\/title>\n<meta name=\"description\" content=\"Voc\u00ea sabe se o azeite que consome \u00e9 verdadeiro? Azeite de oliva popular \u00e9 retirado das prateleiras, veja o motivo.\" \/>\n<meta name=\"robots\" content=\"index, follow, max-snippet:-1, max-image-preview:large, max-video-preview:-1\" \/>\n<link rel=\"canonical\" href=\"https:\/\/www.em.com.br\/emfoco\/2025\/11\/06\/mais-uma-marca-de-azeite-e-proibida-de-comercializar-seu-produto-devido-a-uma-grave-violacao-do-codigo-alimentar\/\" \/>\n<meta property=\"og:locale\" content=\"pt_BR\" \/>\n<meta property=\"og:type\" content=\"article\" \/>\n<meta property=\"og:title\" content=\"Mais uma marca de azeite \u00e9 proibida de comercializar seu produto devido a uma\u00a0grave viola\u00e7\u00e3o do c\u00f3digo alimentar - Estado de Minas - Em foco\" \/>\n<meta property=\"og:description\" content=\"Voc\u00ea sabe se o azeite que consome \u00e9 verdadeiro? Azeite de oliva popular \u00e9 retirado das prateleiras, veja o motivo.\" \/>\n<meta property=\"og:url\" content=\"https:\/\/www.em.com.br\/emfoco\/2025\/11\/06\/mais-uma-marca-de-azeite-e-proibida-de-comercializar-seu-produto-devido-a-uma-grave-violacao-do-codigo-alimentar\/\" \/>\n<meta property=\"og:site_name\" content=\"Estado de Minas - Em foco\" \/>\n<meta property=\"article:published_time\" content=\"2025-11-06T16:45:00+00:00\" \/>\n<meta property=\"article:modified_time\" content=\"2025-11-05T13:33:50+00:00\" \/>\n<meta property=\"og:image\" content=\"https:\/\/www.em.com.br\/emfoco\/wp-content\/uploads\/2025\/09\/Gemini_Generated_Image_xf5dxkxf5dxkxf5d-1.png\" \/>\n\t<meta property=\"og:image:width\" content=\"1280\" \/>\n\t<meta property=\"og:image:height\" content=\"720\" \/>\n\t<meta property=\"og:image:type\" content=\"image\/png\" \/>\n<meta name=\"author\" content=\"Andre\u0301 Rangel\u00a0\" \/>\n<meta name=\"twitter:card\" content=\"summary_large_image\" \/>\n<meta name=\"twitter:label1\" content=\"Escrito por\" \/>\n\t<meta name=\"twitter:data1\" content=\"Andre\u0301 Rangel\u00a0\" \/>\n\t<meta name=\"twitter:label2\" content=\"Est. tempo de leitura\" \/>\n\t<meta name=\"twitter:data2\" content=\"4 minutos\" \/>\n<!-- \/ Yoast SEO plugin. -->","yoast_head_json":{"title":"Mais uma marca de azeite \u00e9 proibida de comercializar seu produto devido a uma\u00a0grave viola\u00e7\u00e3o do c\u00f3digo alimentar - Estado de Minas - Em foco","description":"Voc\u00ea sabe se o azeite que consome \u00e9 verdadeiro? Azeite de oliva popular \u00e9 retirado das prateleiras, veja o motivo.","robots":{"index":"index","follow":"follow","max-snippet":"max-snippet:-1","max-image-preview":"max-image-preview:large","max-video-preview":"max-video-preview:-1"},"canonical":"https:\/\/www.em.com.br\/emfoco\/2025\/11\/06\/mais-uma-marca-de-azeite-e-proibida-de-comercializar-seu-produto-devido-a-uma-grave-violacao-do-codigo-alimentar\/","og_locale":"pt_BR","og_type":"article","og_title":"Mais uma marca de azeite \u00e9 proibida de comercializar seu produto devido a uma\u00a0grave viola\u00e7\u00e3o do c\u00f3digo alimentar - Estado de Minas - Em foco","og_description":"Voc\u00ea sabe se o azeite que consome \u00e9 verdadeiro? Azeite de oliva popular \u00e9 retirado das prateleiras, veja o motivo.","og_url":"https:\/\/www.em.com.br\/emfoco\/2025\/11\/06\/mais-uma-marca-de-azeite-e-proibida-de-comercializar-seu-produto-devido-a-uma-grave-violacao-do-codigo-alimentar\/","og_site_name":"Estado de Minas - Em foco","article_published_time":"2025-11-06T16:45:00+00:00","article_modified_time":"2025-11-05T13:33:50+00:00","og_image":[{"width":1280,"height":720,"url":"https:\/\/www.em.com.br\/emfoco\/wp-content\/uploads\/2025\/09\/Gemini_Generated_Image_xf5dxkxf5dxkxf5d-1.png","type":"image\/png"}],"author":"Andre\u0301 Rangel\u00a0","twitter_card":"summary_large_image","twitter_misc":{"Escrito por":"Andre\u0301 Rangel\u00a0","Est. tempo de leitura":"4 minutos"},"schema":{"@context":"https:\/\/schema.org","@graph":[{"@type":"WebPage","@id":"https:\/\/www.em.com.br\/emfoco\/2025\/11\/06\/mais-uma-marca-de-azeite-e-proibida-de-comercializar-seu-produto-devido-a-uma-grave-violacao-do-codigo-alimentar\/","url":"https:\/\/www.em.com.br\/emfoco\/2025\/11\/06\/mais-uma-marca-de-azeite-e-proibida-de-comercializar-seu-produto-devido-a-uma-grave-violacao-do-codigo-alimentar\/","name":"Mais uma marca de azeite \u00e9 proibida de comercializar seu produto devido a uma\u00a0grave viola\u00e7\u00e3o do c\u00f3digo alimentar - Estado de Minas - Em foco","isPartOf":{"@id":"https:\/\/www.em.com.br\/emfoco\/#website"},"primaryImageOfPage":{"@id":"https:\/\/www.em.com.br\/emfoco\/2025\/11\/06\/mais-uma-marca-de-azeite-e-proibida-de-comercializar-seu-produto-devido-a-uma-grave-violacao-do-codigo-alimentar\/#primaryimage"},"image":{"@id":"https:\/\/www.em.com.br\/emfoco\/2025\/11\/06\/mais-uma-marca-de-azeite-e-proibida-de-comercializar-seu-produto-devido-a-uma-grave-violacao-do-codigo-alimentar\/#primaryimage"},"thumbnailUrl":"https:\/\/www.em.com.br\/emfoco\/wp-content\/uploads\/2025\/09\/Gemini_Generated_Image_xf5dxkxf5dxkxf5d-1.png","datePublished":"2025-11-06T16:45:00+00:00","dateModified":"2025-11-05T13:33:50+00:00","author":{"@id":"https:\/\/www.em.com.br\/emfoco\/#\/schema\/person\/60eda09c1fedf0d6891f4cef4b60b8b8"},"description":"Voc\u00ea sabe se o azeite que consome \u00e9 verdadeiro? Azeite de oliva popular \u00e9 retirado das prateleiras, veja o motivo.","breadcrumb":{"@id":"https:\/\/www.em.com.br\/emfoco\/2025\/11\/06\/mais-uma-marca-de-azeite-e-proibida-de-comercializar-seu-produto-devido-a-uma-grave-violacao-do-codigo-alimentar\/#breadcrumb"},"inLanguage":"pt-BR","potentialAction":[{"@type":"ReadAction","target":["https:\/\/www.em.com.br\/emfoco\/2025\/11\/06\/mais-uma-marca-de-azeite-e-proibida-de-comercializar-seu-produto-devido-a-uma-grave-violacao-do-codigo-alimentar\/"]}]},{"@type":"ImageObject","inLanguage":"pt-BR","@id":"https:\/\/www.em.com.br\/emfoco\/2025\/11\/06\/mais-uma-marca-de-azeite-e-proibida-de-comercializar-seu-produto-devido-a-uma-grave-violacao-do-codigo-alimentar\/#primaryimage","url":"https:\/\/www.em.com.br\/emfoco\/wp-content\/uploads\/2025\/09\/Gemini_Generated_Image_xf5dxkxf5dxkxf5d-1.png","contentUrl":"https:\/\/www.em.com.br\/emfoco\/wp-content\/uploads\/2025\/09\/Gemini_Generated_Image_xf5dxkxf5dxkxf5d-1.png","width":1280,"height":720,"caption":"Produto proibido por irregularidades - Cr\u00e9ditos: depositphotos.com \/ Yuliasis"},{"@type":"BreadcrumbList","@id":"https:\/\/www.em.com.br\/emfoco\/2025\/11\/06\/mais-uma-marca-de-azeite-e-proibida-de-comercializar-seu-produto-devido-a-uma-grave-violacao-do-codigo-alimentar\/#breadcrumb","itemListElement":[{"@type":"ListItem","position":1,"name":"In\u00edcio","item":"https:\/\/www.em.com.br\/emfoco\/"},{"@type":"ListItem","position":2,"name":"Mais uma marca de azeite \u00e9 proibida de comercializar seu produto devido a uma\u00a0grave viola\u00e7\u00e3o do c\u00f3digo alimentar"}]},{"@type":"WebSite","@id":"https:\/\/www.em.com.br\/emfoco\/#website","url":"https:\/\/www.em.com.br\/emfoco\/","name":"Estado de Minas - Em foco","description":"Acompanhe as \u00faltimas not\u00edcias e fique bem informado sobre tudo o que acontece em Minas Gerais, Brasil e no mundo.","potentialAction":[{"@type":"SearchAction","target":{"@type":"EntryPoint","urlTemplate":"https:\/\/www.em.com.br\/emfoco\/?s={search_term_string}"},"query-input":{"@type":"PropertyValueSpecification","valueRequired":true,"valueName":"search_term_string"}}],"inLanguage":"pt-BR"},{"@type":"Person","@id":"https:\/\/www.em.com.br\/emfoco\/#\/schema\/person\/60eda09c1fedf0d6891f4cef4b60b8b8","name":"Andre\u0301 Rangel\u00a0","image":{"@type":"ImageObject","inLanguage":"pt-BR","@id":"https:\/\/www.em.com.br\/emfoco\/#\/schema\/person\/image\/","url":"https:\/\/secure.gravatar.com\/avatar\/6234dc814c77c8ef6d8bba622c787efc?s=96&d=mm&r=g","contentUrl":"https:\/\/secure.gravatar.com\/avatar\/6234dc814c77c8ef6d8bba622c787efc?s=96&d=mm&r=g","caption":"Andre\u0301 Rangel\u00a0"},"url":"https:\/\/www.em.com.br\/emfoco\/author\/luizmyth\/"}]}},"_links":{"self":[{"href":"https:\/\/www.em.com.br\/emfoco\/wp-json\/wp\/v2\/posts\/123524","targetHints":{"allow":["GET"]}}],"collection":[{"href":"https:\/\/www.em.com.br\/emfoco\/wp-json\/wp\/v2\/posts"}],"about":[{"href":"https:\/\/www.em.com.br\/emfoco\/wp-json\/wp\/v2\/types\/post"}],"author":[{"embeddable":true,"href":"https:\/\/www.em.com.br\/emfoco\/wp-json\/wp\/v2\/users\/11"}],"replies":[{"embeddable":true,"href":"https:\/\/www.em.com.br\/emfoco\/wp-json\/wp\/v2\/comments?post=123524"}],"version-history":[{"count":4,"href":"https:\/\/www.em.com.br\/emfoco\/wp-json\/wp\/v2\/posts\/123524\/revisions"}],"predecessor-version":[{"id":123599,"href":"https:\/\/www.em.com.br\/emfoco\/wp-json\/wp\/v2\/posts\/123524\/revisions\/123599"}],"wp:featuredmedia":[{"embeddable":true,"href":"https:\/\/www.em.com.br\/emfoco\/wp-json\/wp\/v2\/media\/106778"}],"wp:attachment":[{"href":"https:\/\/www.em.com.br\/emfoco\/wp-json\/wp\/v2\/media?parent=123524"}],"wp:term":[{"taxonomy":"category","embeddable":true,"href":"https:\/\/www.em.com.br\/emfoco\/wp-json\/wp\/v2\/categories?post=123524"},{"taxonomy":"post_tag","embeddable":true,"href":"https:\/\/www.em.com.br\/emfoco\/wp-json\/wp\/v2\/tags?post=123524"}],"curies":[{"name":"wp","href":"https:\/\/api.w.org\/{rel}","templated":true}]}}