{"id":123508,"date":"2025-11-06T10:05:40","date_gmt":"2025-11-06T13:05:40","guid":{"rendered":"https:\/\/www.em.com.br\/emfoco\/?p=123508"},"modified":"2025-11-05T10:06:09","modified_gmt":"2025-11-05T13:06:09","slug":"um-shopping-famoso-fecha-todas-as-portas-apos-30-anos-e-muitos-perguntam-o-que-acontecera-com-as-lojas","status":"publish","type":"post","link":"https:\/\/www.em.com.br\/emfoco\/2025\/11\/06\/um-shopping-famoso-fecha-todas-as-portas-apos-30-anos-e-muitos-perguntam-o-que-acontecera-com-as-lojas\/","title":{"rendered":"Um shopping famoso fecha todas as portas ap\u00f3s 30 anos, e muitos perguntam: o que acontecer\u00e1 com as lojas?"},"content":{"rendered":"\n<p>Ap\u00f3s tr\u00eas d\u00e9cadas no cotidiano de moradores e turistas, o&nbsp;<strong>shopping Portal Palermo<\/strong>&nbsp;encerrar\u00e1 suas atividades no cora\u00e7\u00e3o de&nbsp;<strong>Palermo Chico<\/strong>, marcando um importante cap\u00edtulo na hist\u00f3ria da&nbsp;<strong>Cidade de Buenos Aires<\/strong>.<\/p>\n\n\n\n<h2 class=\"wp-block-heading\">Por que o shopping Portal Palermo ser\u00e1 fechado?<\/h2>\n\n\n\n<p><strong>A decis\u00e3o de encerrar o<\/strong><a href=\"https:\/\/www.instagram.com\/portalpalermoshopping\/\" target=\"_blank\" rel=\"noreferrer noopener\"><strong> Portal Palermo<\/strong>\u00a0<\/a>aconteceu ap\u00f3s uma licita\u00e7\u00e3o feita pelo governo, na qual o terreno foi adjudicado \u00e0\u00a0<strong>Consultatio<\/strong>. A proposta vencedora foi de US$ 127 milh\u00f5es, superando outros concorrentes e dando in\u00edcio \u00e0 transi\u00e7\u00e3o administrativa conduzida pela atual gestora, a\u00a0<strong>Cencosud<\/strong>.<\/p>\n\n\n\n<p>A previs\u00e3o de fechamento definitivo \u00e9 para dezembro de 2026. O terreno passar\u00e1 ent\u00e3o por uma grande transforma\u00e7\u00e3o urbana, conforme planejado pela nova propriet\u00e1ria.<\/p>\n\n\n\n<h2 class=\"wp-block-heading\">Qual \u00e9 o legado do Portal Palermo no bairro?<\/h2>\n\n\n\n<p>Desde sua inaugura\u00e7\u00e3o em 1996, o&nbsp;<strong>Portal Palermo<\/strong>&nbsp;teve papel essencial na integra\u00e7\u00e3o cultural e social do bairro. Tornou-se refer\u00eancia como local de conviv\u00eancia, ao unir com\u00e9rcio, gastronomia e servi\u00e7os de maneira inovadora.<\/p>\n\n\n\n<p>Ao longo dos anos, consolidou-se como ponto de encontro tanto para moradores quanto para visitantes. Conhe\u00e7a, abaixo, alguns dos fatores que contribu\u00edram para essa import\u00e2ncia:<\/p>\n\n\n\n<ul class=\"wp-block-list\">\n<li>Ponto de refer\u00eancia e centralidade no bairro.<\/li>\n\n\n\n<li>Oferta ampla de lazer, servi\u00e7os e conveni\u00eancia.<\/li>\n\n\n\n<li>Promo\u00e7\u00e3o da diversidade social em&nbsp;<strong>Palermo Chico<\/strong>.<\/li>\n<\/ul>\n\n\n\n<h2 class=\"wp-block-heading\">Quais s\u00e3o os planos para o terreno ap\u00f3s o fechamento do shopping?<\/h2>\n\n\n\n<p>A&nbsp;<strong>Consultatio<\/strong>&nbsp;prev\u00ea uma reconfigura\u00e7\u00e3o total do espa\u00e7o, transformando o local em um novo polo urbano de uso misto, com resid\u00eancias e \u00e1reas comerciais integradas ao bairro.<\/p>\n\n\n\n<p>O projeto busca harmonizar design, arte e arquitetura, promovendo uma revitaliza\u00e7\u00e3o do entorno e acompanhando tend\u00eancias contempor\u00e2neas de&nbsp;<strong>Buenos Aires<\/strong>.<\/p>\n\n\n\n<figure class=\"wp-block-image\"><img decoding=\"async\" src=\"https:\/\/www.em.com.br\/emfoco\/wp-content\/uploads\/2025\/09\/shopping_1759109813079-1024x576.jpg\" alt=\"\"\/><figcaption class=\"wp-element-caption\">Shopping encerrar\u00e1 atividades at\u00e9 2026 &#8211; Cr\u00e9ditos: depositphotos.com \/ sergeypeterman<\/figcaption><\/figure>\n\n\n\n<h2 class=\"wp-block-heading\">O que ir\u00e1 acontecer com as lojas do Portal Palermo?<\/h2>\n\n\n\n<p>As lojas atualmente no&nbsp;<strong>Portal Palermo<\/strong>&nbsp;dever\u00e3o encerrar suas atividades progressivamente at\u00e9 dezembro de 2026, respeitando os prazos do processo de transi\u00e7\u00e3o.<\/p>\n\n\n\n<p>Muitas dessas lojas j\u00e1 buscam aloca\u00e7\u00e3o em outros centros comerciais da cidade, enquanto outras consideram migrar para o formato online ou para novos pontos f\u00edsicos, adaptando-se ao novo cen\u00e1rio.<\/p>\n\n\n\n<p>Leia tamb\u00e9m: <a href=\"https:\/\/www.em.com.br\/emfoco\/2025\/11\/04\/uma-adorada-rede-de-donuts-entrou-com-pedido-de-falencia-apos-mais-de-60-anos-de-atividade\/\" target=\"_blank\" rel=\"noreferrer noopener\">Uma adorada rede de donuts entrou com pedido de fal\u00eancia ap\u00f3s mais de 60 anos de atividade<\/a><\/p>\n\n\n\n<h2 class=\"wp-block-heading\">Como ser\u00e1 o impacto urbano e cultural do encerramento do Portal Palermo?<\/h2>\n\n\n\n<p>O fechamento do&nbsp;<strong>Portal Palermo<\/strong>&nbsp;promove discuss\u00f5es sobre o desenvolvimento urbano e a preserva\u00e7\u00e3o das mem\u00f3rias coletivas na regi\u00e3o. H\u00e1 expectativas de que seu legado continue vivo por meio de novos projetos integrados ao cotidiano do bairro.<\/p>\n\n\n\n<p>O fim do centro comercial representa oportunidades de renova\u00e7\u00e3o urbana e social. Listamos abaixo algumas consequ\u00eancias esperadas deste novo ciclo:<\/p>\n\n\n\n<ul class=\"wp-block-list\">\n<li>O espa\u00e7o pode gerar avan\u00e7os urban\u00edsticos e mais op\u00e7\u00f5es para os moradores.<\/li>\n\n\n\n<li>H\u00e1 possibilidades de novos investimentos e impacto arquitet\u00f4nico positivo.<\/li>\n\n\n\n<li>A mem\u00f3ria coletiva do shopping tende a influenciar projetos futuros na regi\u00e3o.<\/li>\n<\/ul>\n","protected":false},"excerpt":{"rendered":"<p>Ap\u00f3s tr\u00eas d\u00e9cadas no cotidiano de moradores e turistas, o&nbsp;shopping Portal Palermo&nbsp;encerrar\u00e1 suas atividades no cora\u00e7\u00e3o de&nbsp;Palermo Chico, marcando um importante cap\u00edtulo na hist\u00f3ria da&nbsp;Cidade de Buenos Aires. Por que o shopping Portal Palermo ser\u00e1 fechado? A decis\u00e3o de encerrar o Portal Palermo\u00a0aconteceu ap\u00f3s uma licita\u00e7\u00e3o feita pelo governo, na qual o terreno foi adjudicado [&hellip;]<\/p>\n","protected":false},"author":11,"featured_media":123590,"comment_status":"open","ping_status":"open","sticky":false,"template":"","format":"standard","meta":{"jnews-multi-image_gallery":[],"jnews_single_post":{"format":"standard"},"jnews_primary_category":[],"jnews_social_meta":[],"jnews_override_counter":[],"footnotes":""},"categories":[28,1],"tags":[5478,10179,15552],"class_list":["post-123508","post","type-post","status-publish","format-standard","has-post-thumbnail","hentry","category-economia","category-noticias","tag-falencia","tag-fechamento","tag-shopping"],"yoast_head":"<!-- This site is optimized with the Yoast SEO plugin v23.8 - https:\/\/yoast.com\/wordpress\/plugins\/seo\/ -->\n<title>Um shopping famoso fecha todas as portas ap\u00f3s 30 anos, e muitos perguntam: o que acontecer\u00e1 com as lojas? - Estado de Minas - Em foco<\/title>\n<meta name=\"description\" content=\"Ap\u00f3s 30 anos de hist\u00f3ria, o shopping Portal Palermo ser\u00e1 fechado at\u00e9 2026. Veja o que vai surgir no local.\" \/>\n<meta name=\"robots\" content=\"index, follow, max-snippet:-1, max-image-preview:large, max-video-preview:-1\" \/>\n<link rel=\"canonical\" href=\"https:\/\/www.em.com.br\/emfoco\/2025\/11\/06\/um-shopping-famoso-fecha-todas-as-portas-apos-30-anos-e-muitos-perguntam-o-que-acontecera-com-as-lojas\/\" \/>\n<meta property=\"og:locale\" content=\"pt_BR\" \/>\n<meta property=\"og:type\" content=\"article\" \/>\n<meta property=\"og:title\" content=\"Um shopping famoso fecha todas as portas ap\u00f3s 30 anos, e muitos perguntam: o que acontecer\u00e1 com as lojas? - Estado de Minas - Em foco\" \/>\n<meta property=\"og:description\" content=\"Ap\u00f3s 30 anos de hist\u00f3ria, o shopping Portal Palermo ser\u00e1 fechado at\u00e9 2026. Veja o que vai surgir no local.\" \/>\n<meta property=\"og:url\" content=\"https:\/\/www.em.com.br\/emfoco\/2025\/11\/06\/um-shopping-famoso-fecha-todas-as-portas-apos-30-anos-e-muitos-perguntam-o-que-acontecera-com-as-lojas\/\" \/>\n<meta property=\"og:site_name\" content=\"Estado de Minas - Em foco\" \/>\n<meta property=\"article:published_time\" content=\"2025-11-06T13:05:40+00:00\" \/>\n<meta property=\"article:modified_time\" content=\"2025-11-05T13:06:09+00:00\" \/>\n<meta property=\"og:image\" content=\"https:\/\/www.em.com.br\/emfoco\/wp-content\/uploads\/2025\/11\/Shopping-fechado_1762351457109.jpg\" \/>\n\t<meta property=\"og:image:width\" content=\"1280\" \/>\n\t<meta property=\"og:image:height\" content=\"720\" \/>\n\t<meta property=\"og:image:type\" content=\"image\/jpeg\" \/>\n<meta name=\"author\" content=\"Andre\u0301 Rangel\u00a0\" \/>\n<meta name=\"twitter:card\" content=\"summary_large_image\" \/>\n<meta name=\"twitter:label1\" content=\"Escrito por\" \/>\n\t<meta name=\"twitter:data1\" content=\"Andre\u0301 Rangel\u00a0\" \/>\n\t<meta name=\"twitter:label2\" content=\"Est. tempo de leitura\" \/>\n\t<meta name=\"twitter:data2\" content=\"3 minutos\" \/>\n<!-- \/ Yoast SEO plugin. -->","yoast_head_json":{"title":"Um shopping famoso fecha todas as portas ap\u00f3s 30 anos, e muitos perguntam: o que acontecer\u00e1 com as lojas? - Estado de Minas - Em foco","description":"Ap\u00f3s 30 anos de hist\u00f3ria, o shopping Portal Palermo ser\u00e1 fechado at\u00e9 2026. Veja o que vai surgir no local.","robots":{"index":"index","follow":"follow","max-snippet":"max-snippet:-1","max-image-preview":"max-image-preview:large","max-video-preview":"max-video-preview:-1"},"canonical":"https:\/\/www.em.com.br\/emfoco\/2025\/11\/06\/um-shopping-famoso-fecha-todas-as-portas-apos-30-anos-e-muitos-perguntam-o-que-acontecera-com-as-lojas\/","og_locale":"pt_BR","og_type":"article","og_title":"Um shopping famoso fecha todas as portas ap\u00f3s 30 anos, e muitos perguntam: o que acontecer\u00e1 com as lojas? - Estado de Minas - Em foco","og_description":"Ap\u00f3s 30 anos de hist\u00f3ria, o shopping Portal Palermo ser\u00e1 fechado at\u00e9 2026. Veja o que vai surgir no local.","og_url":"https:\/\/www.em.com.br\/emfoco\/2025\/11\/06\/um-shopping-famoso-fecha-todas-as-portas-apos-30-anos-e-muitos-perguntam-o-que-acontecera-com-as-lojas\/","og_site_name":"Estado de Minas - Em foco","article_published_time":"2025-11-06T13:05:40+00:00","article_modified_time":"2025-11-05T13:06:09+00:00","og_image":[{"width":1280,"height":720,"url":"https:\/\/www.em.com.br\/emfoco\/wp-content\/uploads\/2025\/11\/Shopping-fechado_1762351457109.jpg","type":"image\/jpeg"}],"author":"Andre\u0301 Rangel\u00a0","twitter_card":"summary_large_image","twitter_misc":{"Escrito por":"Andre\u0301 Rangel\u00a0","Est. tempo de leitura":"3 minutos"},"schema":{"@context":"https:\/\/schema.org","@graph":[{"@type":"WebPage","@id":"https:\/\/www.em.com.br\/emfoco\/2025\/11\/06\/um-shopping-famoso-fecha-todas-as-portas-apos-30-anos-e-muitos-perguntam-o-que-acontecera-com-as-lojas\/","url":"https:\/\/www.em.com.br\/emfoco\/2025\/11\/06\/um-shopping-famoso-fecha-todas-as-portas-apos-30-anos-e-muitos-perguntam-o-que-acontecera-com-as-lojas\/","name":"Um shopping famoso fecha todas as portas ap\u00f3s 30 anos, e muitos perguntam: o que acontecer\u00e1 com as lojas? - Estado de Minas - Em foco","isPartOf":{"@id":"https:\/\/www.em.com.br\/emfoco\/#website"},"primaryImageOfPage":{"@id":"https:\/\/www.em.com.br\/emfoco\/2025\/11\/06\/um-shopping-famoso-fecha-todas-as-portas-apos-30-anos-e-muitos-perguntam-o-que-acontecera-com-as-lojas\/#primaryimage"},"image":{"@id":"https:\/\/www.em.com.br\/emfoco\/2025\/11\/06\/um-shopping-famoso-fecha-todas-as-portas-apos-30-anos-e-muitos-perguntam-o-que-acontecera-com-as-lojas\/#primaryimage"},"thumbnailUrl":"https:\/\/www.em.com.br\/emfoco\/wp-content\/uploads\/2025\/11\/Shopping-fechado_1762351457109.jpg","datePublished":"2025-11-06T13:05:40+00:00","dateModified":"2025-11-05T13:06:09+00:00","author":{"@id":"https:\/\/www.em.com.br\/emfoco\/#\/schema\/person\/60eda09c1fedf0d6891f4cef4b60b8b8"},"description":"Ap\u00f3s 30 anos de hist\u00f3ria, o shopping Portal Palermo ser\u00e1 fechado at\u00e9 2026. Veja o que vai surgir no local.","breadcrumb":{"@id":"https:\/\/www.em.com.br\/emfoco\/2025\/11\/06\/um-shopping-famoso-fecha-todas-as-portas-apos-30-anos-e-muitos-perguntam-o-que-acontecera-com-as-lojas\/#breadcrumb"},"inLanguage":"pt-BR","potentialAction":[{"@type":"ReadAction","target":["https:\/\/www.em.com.br\/emfoco\/2025\/11\/06\/um-shopping-famoso-fecha-todas-as-portas-apos-30-anos-e-muitos-perguntam-o-que-acontecera-com-as-lojas\/"]}]},{"@type":"ImageObject","inLanguage":"pt-BR","@id":"https:\/\/www.em.com.br\/emfoco\/2025\/11\/06\/um-shopping-famoso-fecha-todas-as-portas-apos-30-anos-e-muitos-perguntam-o-que-acontecera-com-as-lojas\/#primaryimage","url":"https:\/\/www.em.com.br\/emfoco\/wp-content\/uploads\/2025\/11\/Shopping-fechado_1762351457109.jpg","contentUrl":"https:\/\/www.em.com.br\/emfoco\/wp-content\/uploads\/2025\/11\/Shopping-fechado_1762351457109.jpg","width":1280,"height":720,"caption":"Fechamento marca nova fase - Cr\u00e9ditos: depositphotos.com \/ KhunTa"},{"@type":"BreadcrumbList","@id":"https:\/\/www.em.com.br\/emfoco\/2025\/11\/06\/um-shopping-famoso-fecha-todas-as-portas-apos-30-anos-e-muitos-perguntam-o-que-acontecera-com-as-lojas\/#breadcrumb","itemListElement":[{"@type":"ListItem","position":1,"name":"In\u00edcio","item":"https:\/\/www.em.com.br\/emfoco\/"},{"@type":"ListItem","position":2,"name":"Um shopping famoso fecha todas as portas ap\u00f3s 30 anos, e muitos perguntam: o que acontecer\u00e1 com as lojas?"}]},{"@type":"WebSite","@id":"https:\/\/www.em.com.br\/emfoco\/#website","url":"https:\/\/www.em.com.br\/emfoco\/","name":"Estado de Minas - Em foco","description":"Acompanhe as \u00faltimas not\u00edcias e fique bem informado sobre tudo o que acontece em Minas Gerais, Brasil e no mundo.","potentialAction":[{"@type":"SearchAction","target":{"@type":"EntryPoint","urlTemplate":"https:\/\/www.em.com.br\/emfoco\/?s={search_term_string}"},"query-input":{"@type":"PropertyValueSpecification","valueRequired":true,"valueName":"search_term_string"}}],"inLanguage":"pt-BR"},{"@type":"Person","@id":"https:\/\/www.em.com.br\/emfoco\/#\/schema\/person\/60eda09c1fedf0d6891f4cef4b60b8b8","name":"Andre\u0301 Rangel\u00a0","image":{"@type":"ImageObject","inLanguage":"pt-BR","@id":"https:\/\/www.em.com.br\/emfoco\/#\/schema\/person\/image\/","url":"https:\/\/secure.gravatar.com\/avatar\/6234dc814c77c8ef6d8bba622c787efc?s=96&d=mm&r=g","contentUrl":"https:\/\/secure.gravatar.com\/avatar\/6234dc814c77c8ef6d8bba622c787efc?s=96&d=mm&r=g","caption":"Andre\u0301 Rangel\u00a0"},"url":"https:\/\/www.em.com.br\/emfoco\/author\/luizmyth\/"}]}},"_links":{"self":[{"href":"https:\/\/www.em.com.br\/emfoco\/wp-json\/wp\/v2\/posts\/123508","targetHints":{"allow":["GET"]}}],"collection":[{"href":"https:\/\/www.em.com.br\/emfoco\/wp-json\/wp\/v2\/posts"}],"about":[{"href":"https:\/\/www.em.com.br\/emfoco\/wp-json\/wp\/v2\/types\/post"}],"author":[{"embeddable":true,"href":"https:\/\/www.em.com.br\/emfoco\/wp-json\/wp\/v2\/users\/11"}],"replies":[{"embeddable":true,"href":"https:\/\/www.em.com.br\/emfoco\/wp-json\/wp\/v2\/comments?post=123508"}],"version-history":[{"count":2,"href":"https:\/\/www.em.com.br\/emfoco\/wp-json\/wp\/v2\/posts\/123508\/revisions"}],"predecessor-version":[{"id":123591,"href":"https:\/\/www.em.com.br\/emfoco\/wp-json\/wp\/v2\/posts\/123508\/revisions\/123591"}],"wp:featuredmedia":[{"embeddable":true,"href":"https:\/\/www.em.com.br\/emfoco\/wp-json\/wp\/v2\/media\/123590"}],"wp:attachment":[{"href":"https:\/\/www.em.com.br\/emfoco\/wp-json\/wp\/v2\/media?parent=123508"}],"wp:term":[{"taxonomy":"category","embeddable":true,"href":"https:\/\/www.em.com.br\/emfoco\/wp-json\/wp\/v2\/categories?post=123508"},{"taxonomy":"post_tag","embeddable":true,"href":"https:\/\/www.em.com.br\/emfoco\/wp-json\/wp\/v2\/tags?post=123508"}],"curies":[{"name":"wp","href":"https:\/\/api.w.org\/{rel}","templated":true}]}}