{"id":123460,"date":"2025-11-06T18:05:00","date_gmt":"2025-11-06T21:05:00","guid":{"rendered":"https:\/\/www.em.com.br\/emfoco\/?p=123460"},"modified":"2025-11-04T19:10:29","modified_gmt":"2025-11-04T22:10:29","slug":"a-capital-amazonica-que-guarda-os-segredos-da-floresta-e-da-cultura-brasileira","status":"publish","type":"post","link":"https:\/\/www.em.com.br\/emfoco\/2025\/11\/06\/a-capital-amazonica-que-guarda-os-segredos-da-floresta-e-da-cultura-brasileira\/","title":{"rendered":"A capital amaz\u00f4nica que guarda os segredos da floresta e da cultura brasileira"},"content":{"rendered":"\n<p>Entre rios imponentes e o cora\u00e7\u00e3o verde do Brasil, <strong>Manaus<\/strong>, capital do <strong>Amazonas<\/strong>, \u00e9 uma cidade onde a natureza e a hist\u00f3ria caminham lado a lado. Cercada pela floresta amaz\u00f4nica e \u00e0s margens do <strong>Rio Negro<\/strong>, a metr\u00f3pole \u00e9 porta de entrada para uma das regi\u00f5es mais fascinantes do planeta. Pr\u00f3xima a <strong>Iranduba<\/strong> e <strong>Presidente Figueiredo<\/strong>, Manaus une modernidade, cultura e biodiversidade em um s\u00f3 destino.<\/p>\n\n\n\n<h3 class=\"wp-block-heading\">Vale a pena morar em Manaus?<\/h3>\n\n\n\n<p>Sim, e cada vez mais pessoas descobrem isso. <a href=\"https:\/\/www.manaus.am.gov.br\/\" target=\"_blank\" rel=\"noreferrer noopener\"><strong>Manaus<\/strong> <\/a>\u00e9 um centro urbano din\u00e2mico com qualidade de vida crescente, acesso a servi\u00e7os e forte liga\u00e7\u00e3o com a natureza. Segundo o <strong>Instituto Brasileiro de Geografia e Estat\u00edstica (IBGE, 2025)<\/strong>, a cidade mant\u00e9m um ritmo econ\u00f4mico s\u00f3lido, impulsionado pela <strong>Zona Franca de Manaus<\/strong>, que atrai investimentos e gera empregos.<\/p>\n\n\n\n<ul class=\"wp-block-list\">\n<li>Contato direto com a natureza e op\u00e7\u00f5es de lazer ecol\u00f3gico<\/li>\n\n\n\n<li>Crescente valoriza\u00e7\u00e3o cultural e art\u00edstica<\/li>\n<\/ul>\n\n\n\n<h3 class=\"wp-block-heading\">Vale a pena visitar Manaus?<\/h3>\n\n\n\n<p>Sem d\u00favida. Visitar Manaus \u00e9 vivenciar o encontro entre a natureza e a cultura amaz\u00f4nica. A cidade oferece experi\u00eancias que v\u00e3o muito al\u00e9m do turismo convencional \u2014 \u00e9 um mergulho na hist\u00f3ria do Brasil e na riqueza ambiental da Amaz\u00f4nia. De acordo com o <strong>Minist\u00e9rio do Turismo (2025)<\/strong>, o destino \u00e9 um dos principais polos de ecoturismo e turismo de aventura do pa\u00eds.<\/p>\n\n\n\n<p><strong>Principais pontos tur\u00edsticos de Manaus:<\/strong><\/p>\n\n\n\n<ul class=\"wp-block-list\">\n<li><strong>Teatro Amazonas<\/strong> \u2013 s\u00edmbolo da era do ciclo da borracha, com arquitetura neocl\u00e1ssica.<\/li>\n\n\n\n<li><strong>Encontro das \u00c1guas<\/strong> \u2013 fen\u00f4meno natural onde os rios Negro e Solim\u00f5es correm lado a lado sem se misturar.<\/li>\n\n\n\n<li><strong>Mercado Municipal Adolpho Lisboa<\/strong> \u2013 patrim\u00f4nio hist\u00f3rico inspirado no mercado Les Halles de Paris.<\/li>\n\n\n\n<li><strong>Museu da Amaz\u00f4nia (MUSA)<\/strong> \u2013 trilhas suspensas e torre de observa\u00e7\u00e3o na floresta.<\/li>\n\n\n\n<li><strong>Praia da Ponta Negra<\/strong> \u2013 balne\u00e1rio urbano \u00e0s margens do Rio Negro.<\/li>\n<\/ul>\n\n\n\n<p>O <strong>TripAdvisor (2025)<\/strong> destaca Manaus como um dos destinos mais aut\u00eanticos do Brasil, onde o visitante pode viver experi\u00eancias \u00fanicas de natureza, gastronomia e cultura local.<\/p>\n\n\n\n<figure class=\"wp-block-embed is-type-video is-provider-youtube wp-block-embed-youtube wp-embed-aspect-16-9 wp-has-aspect-ratio\"><div class=\"wp-block-embed__wrapper\">\n<div class=\"jeg_video_container jeg_video_content\"><iframe loading=\"lazy\" title=\"Manaus, Amazonas Brazil in 4K Drone Video| World in 4K\" width=\"500\" height=\"281\" src=\"https:\/\/www.youtube.com\/embed\/tGR-MiFsXPc?feature=oembed\" frameborder=\"0\" allow=\"accelerometer; autoplay; clipboard-write; encrypted-media; gyroscope; picture-in-picture; web-share\" referrerpolicy=\"strict-origin-when-cross-origin\" allowfullscreen><\/iframe><\/div>\n<\/div><\/figure>\n\n\n\n<h3 class=\"wp-block-heading\">O clima de Manaus<\/h3>\n\n\n\n<p>Segundo o <strong>Climatempo (2025)<\/strong>, o clima de Manaus \u00e9 equatorial \u00famido, com altas temperaturas durante todo o ano e chuvas frequentes. A m\u00e9dia anual \u00e9 de <strong>28 \u00b0C<\/strong>, com picos de calor nos meses de setembro e outubro.<\/p>\n\n\n\n<figure class=\"wp-block-table\"><table class=\"has-fixed-layout\"><thead><tr><th>Esta\u00e7\u00e3o<\/th><th>Temperatura m\u00e9dia<\/th><th>Caracter\u00edsticas<\/th><\/tr><\/thead><tbody><tr><td>Ver\u00e3o (dez\u2013mar)<\/td><td>29 \u00b0C<\/td><td>Per\u00edodo de chuvas intensas e flora\u00e7\u00e3o exuberante<\/td><\/tr><tr><td>Outono (abr\u2013jun)<\/td><td>27 \u00b0C<\/td><td>Redu\u00e7\u00e3o das chuvas e clima mais agrad\u00e1vel<\/td><\/tr><tr><td>Inverno (jul\u2013set)<\/td><td>28 \u00b0C<\/td><td>\u00c9poca mais seca, ideal para passeios fluviais<\/td><\/tr><tr><td>Primavera (out\u2013nov)<\/td><td>30 \u00b0C<\/td><td>Temperaturas elevadas e rios mais baixos<\/td><\/tr><\/tbody><\/table><\/figure>\n\n\n\n<h3 class=\"wp-block-heading\">Qual \u00e9 a melhor \u00e9poca para visitar Manaus?<\/h3>\n\n\n\n<p>A melhor \u00e9poca para visitar Manaus \u00e9 entre <strong>junho e novembro<\/strong>, durante o per\u00edodo de estiagem, quando as \u00e1guas dos rios est\u00e3o mais baixas e as praias fluviais aparecem. \u00c9 o momento ideal para observar a fauna e realizar passeios de barco.<\/p>\n\n\n\n<figure class=\"wp-block-table\"><table class=\"has-fixed-layout\"><thead><tr><th>M\u00eas<\/th><th>Clima predominante<\/th><th>Atividades recomendadas<\/th><\/tr><\/thead><tbody><tr><td>Janeiro\u2013Mar\u00e7o<\/td><td>Chuvoso<\/td><td>Trilhas na floresta e turismo cultural<\/td><\/tr><tr><td>Abril\u2013Maio<\/td><td>Transi\u00e7\u00e3o<\/td><td>Observa\u00e7\u00e3o da natureza e festivais regionais<\/td><\/tr><tr><td>Junho\u2013Setembro<\/td><td>Seco<\/td><td>Passeios de barco e praias fluviais<\/td><\/tr><tr><td>Outubro\u2013Dezembro<\/td><td>Calor intenso<\/td><td>Experi\u00eancias gastron\u00f4micas e culturais<\/td><\/tr><\/tbody><\/table><\/figure>\n\n\n\n<blockquote class=\"tiktok-embed\" cite=\"https:\/\/www.tiktok.com\/@explorar_br\/video\/7370733647630208262\" data-video-id=\"7370733647630208262\" style=\"max-width: 605px;min-width: 325px;\" > <section> <a target=\"_blank\" title=\"@explorar_br\" href=\"https:\/\/www.tiktok.com\/@explorar_br?refer=embed\">@explorar_br<\/a> Explore Manaus, a capital do Amazonas, onde a selva se encontra com a cidade, em um cen\u00e1rio de biodiversidade incr\u00edvel e cultura vibrante! \ud83c\udf3f\ud83c\udfd9\ufe0f <a title=\"manaus\" target=\"_blank\" href=\"https:\/\/www.tiktok.com\/tag\/manaus?refer=embed\">#Manaus<\/a> <a title=\"amazonas\" target=\"_blank\" href=\"https:\/\/www.tiktok.com\/tag\/amazonas?refer=embed\">#Amazonas<\/a> <a title=\"brasil\ud83c\udde7\ud83c\uddf7\" target=\"_blank\" href=\"https:\/\/www.tiktok.com\/tag\/brasil%F0%9F%87%A7%F0%9F%87%B7?refer=embed\">#brasil\ud83c\udde7\ud83c\uddf7<\/a> <a title=\"curiosidade\" target=\"_blank\" href=\"https:\/\/www.tiktok.com\/tag\/curiosidade?refer=embed\">#curiosidade<\/a> <a title=\"cidadesbrasileiras\" target=\"_blank\" href=\"https:\/\/www.tiktok.com\/tag\/cidadesbrasileiras?refer=embed\">#cidadesbrasileiras<\/a> <a title=\"turismo\" target=\"_blank\" href=\"https:\/\/www.tiktok.com\/tag\/turismo?refer=embed\">#turismo<\/a> <a title=\"viagem\" target=\"_blank\" href=\"https:\/\/www.tiktok.com\/tag\/viagem?refer=embed\">#viagem<\/a> <a title=\"explorar\" target=\"_blank\" href=\"https:\/\/www.tiktok.com\/tag\/explorar?refer=embed\">#explorar<\/a> <a title=\"fyp\" target=\"_blank\" href=\"https:\/\/www.tiktok.com\/tag\/fyp?refer=embed\">#fyp<\/a> <a target=\"_blank\" title=\"\u266c som original  - Explorando o Brasil \ud83c\udde7\ud83c\uddf7\" href=\"https:\/\/www.tiktok.com\/music\/som-original-Explorando-o-Brasil-\ud83c\udde7\ud83c\uddf7-7370738569704524550?refer=embed\">\u266c som original  &#8211; Explorando o Brasil \ud83c\udde7\ud83c\uddf7<\/a> <\/section> <\/blockquote> <script async src=\"https:\/\/www.tiktok.com\/embed.js\"><\/script>\n\n\n\n<p>Leia tamb\u00e9m: <strong><a href=\"https:\/\/www.em.com.br\/emfoco\/2025\/10\/16\/o-destino-no-interior-de-sao-paulo-que-parece-ter-saido-de-um-conto-europeu\/\" target=\"_blank\" rel=\"noreferrer noopener\">O destino no interior de S\u00e3o Paulo que parece ter sa\u00eddo de um conto europeu<\/a><\/strong><\/p>\n\n\n\n<h3 class=\"wp-block-heading\">Segredos e curiosidades de Manaus<\/h3>\n\n\n\n<ul class=\"wp-block-list\">\n<li>O <strong>Teatro Amazonas<\/strong> foi constru\u00eddo em 1896 com materiais importados da Europa, incluindo m\u00e1rmore italiano e ferro ingl\u00eas.<\/li>\n\n\n\n<li>O <strong>Encontro das \u00c1guas<\/strong> \u00e9 vis\u00edvel at\u00e9 do espa\u00e7o, devido \u00e0 diferen\u00e7a de temperatura e densidade entre os rios.<\/li>\n\n\n\n<li>A cidade abriga o <strong>Bosque da Ci\u00eancia<\/strong>, mantido pelo <strong>Instituto Nacional de Pesquisas da Amaz\u00f4nia (INPA)<\/strong>, com esp\u00e9cies como o peixe-boi e a ariranha.<\/li>\n\n\n\n<li>Manaus foi reconhecida pela <strong>UNESCO (2023)<\/strong> como uma das Cidades Criativas na categoria Gastronomia.<\/li>\n\n\n\n<li>O festival folcl\u00f3rico do <strong>Boi-Bumb\u00e1<\/strong>, que ocorre em <strong>Parintins<\/strong>, tem forte liga\u00e7\u00e3o cultural com a capital.<\/li>\n<\/ul>\n\n\n\n<h3 class=\"wp-block-heading\">Onde se hospedar em Manaus?<\/h3>\n\n\n\n<p>A cidade conta com hospedagens que v\u00e3o desde hot\u00e9is de selva at\u00e9 resorts urbanos. Pr\u00f3ximo ao <strong>Centro Hist\u00f3rico<\/strong>, est\u00e3o op\u00e7\u00f5es como o <strong>Hotel Villa Amaz\u00f4nia<\/strong> e o <strong>Juma \u00d3pera Hotel<\/strong>, ambos com vista para o Teatro Amazonas. Para quem busca experi\u00eancias imersivas, os <strong>lodges fluviais<\/strong> na regi\u00e3o do <strong>Rio Negro<\/strong> oferecem contato direto com a natureza.<\/p>\n\n\n\n<p>De acordo com o <strong>Booking (2025)<\/strong>, os lodges mais bem avaliados incluem o <strong>Amazon Ecopark Jungle Lodge<\/strong> e o <strong>Anavilhanas Jungle Lodge<\/strong>, refer\u00eancias em turismo sustent\u00e1vel na regi\u00e3o.<\/p>\n\n\n\n<h3 class=\"wp-block-heading\">O que torna Manaus especial<\/h3>\n\n\n\n<p><strong>Manaus<\/strong> \u00e9 o ponto de encontro entre civiliza\u00e7\u00e3o e natureza, uma cidade que pulsa cultura, biodiversidade e tradi\u00e7\u00e3o. Seja navegando pelos rios, explorando a floresta ou apreciando um espet\u00e1culo no Teatro Amazonas, a experi\u00eancia \u00e9 sempre inesquec\u00edvel.<\/p>\n\n\n\n<ul class=\"wp-block-list\">\n<li>Cultura amaz\u00f4nica viva e aut\u00eantica<\/li>\n\n\n\n<li>Natureza exuberante e biodiversidade \u00fanica<\/li>\n\n\n\n<li>Experi\u00eancias culturais e gastron\u00f4micas inigual\u00e1veis<\/li>\n<\/ul>\n\n\n\n<p><strong>Deixe-se surpreender pelos encantos de Manaus no Amazonas e viva momentos especiais.<\/strong><\/p>\n","protected":false},"excerpt":{"rendered":"<p>Entre rios imponentes e o cora\u00e7\u00e3o verde do Brasil, Manaus, capital do Amazonas, \u00e9 uma cidade onde a natureza e a hist\u00f3ria caminham lado a lado. Cercada pela floresta amaz\u00f4nica e \u00e0s margens do Rio Negro, a metr\u00f3pole \u00e9 porta de entrada para uma das regi\u00f5es mais fascinantes do planeta. Pr\u00f3xima a Iranduba e Presidente [&hellip;]<\/p>\n","protected":false},"author":13,"featured_media":41137,"comment_status":"open","ping_status":"open","sticky":false,"template":"","format":"standard","meta":{"jnews-multi-image_gallery":[],"jnews_single_post":{"format":"standard"},"jnews_primary_category":[],"jnews_social_meta":[],"jnews_override_counter":[],"footnotes":""},"categories":[26],"tags":[3937,2896,210,18446],"class_list":["post-123460","post","type-post","status-publish","format-standard","has-post-thumbnail","hentry","category-cidades","tag-amazonas","tag-destinos-turisticos","tag-manaus","tag-viagens-nacionais"],"yoast_head":"<!-- This site is optimized with the Yoast SEO plugin v23.8 - https:\/\/yoast.com\/wordpress\/plugins\/seo\/ -->\n<title>A capital amaz\u00f4nica que guarda os segredos da floresta e da cultura brasileira - Estado de Minas - Em foco<\/title>\n<meta name=\"description\" content=\"Cultura viva, rios imensos e floresta ao redor fazem desta capital uma das experi\u00eancias mais marcantes e aut\u00eanticas do Brasil.\" \/>\n<meta name=\"robots\" content=\"index, follow, max-snippet:-1, max-image-preview:large, max-video-preview:-1\" \/>\n<link rel=\"canonical\" href=\"https:\/\/www.em.com.br\/emfoco\/2025\/11\/06\/a-capital-amazonica-que-guarda-os-segredos-da-floresta-e-da-cultura-brasileira\/\" \/>\n<meta property=\"og:locale\" content=\"pt_BR\" \/>\n<meta property=\"og:type\" content=\"article\" \/>\n<meta property=\"og:title\" content=\"A capital amaz\u00f4nica que guarda os segredos da floresta e da cultura brasileira - Estado de Minas - Em foco\" \/>\n<meta property=\"og:description\" content=\"Cultura viva, rios imensos e floresta ao redor fazem desta capital uma das experi\u00eancias mais marcantes e aut\u00eanticas do Brasil.\" \/>\n<meta property=\"og:url\" content=\"https:\/\/www.em.com.br\/emfoco\/2025\/11\/06\/a-capital-amazonica-que-guarda-os-segredos-da-floresta-e-da-cultura-brasileira\/\" \/>\n<meta property=\"og:site_name\" content=\"Estado de Minas - Em foco\" \/>\n<meta property=\"article:published_time\" content=\"2025-11-06T21:05:00+00:00\" \/>\n<meta property=\"article:modified_time\" content=\"2025-11-04T22:10:29+00:00\" \/>\n<meta property=\"og:image\" content=\"https:\/\/www.em.com.br\/emfoco\/wp-content\/uploads\/2025\/04\/Manaus-Brasil_1745498970005.jpg\" \/>\n\t<meta property=\"og:image:width\" content=\"1280\" \/>\n\t<meta property=\"og:image:height\" content=\"720\" \/>\n\t<meta property=\"og:image:type\" content=\"image\/jpeg\" \/>\n<meta name=\"author\" content=\"Gabriel Martins\" \/>\n<meta name=\"twitter:card\" content=\"summary_large_image\" \/>\n<meta name=\"twitter:label1\" content=\"Escrito por\" \/>\n\t<meta name=\"twitter:data1\" content=\"Gabriel Martins\" \/>\n\t<meta name=\"twitter:label2\" content=\"Est. tempo de leitura\" \/>\n\t<meta name=\"twitter:data2\" content=\"5 minutos\" \/>\n<!-- \/ Yoast SEO plugin. -->","yoast_head_json":{"title":"A capital amaz\u00f4nica que guarda os segredos da floresta e da cultura brasileira - Estado de Minas - Em foco","description":"Cultura viva, rios imensos e floresta ao redor fazem desta capital uma das experi\u00eancias mais marcantes e aut\u00eanticas do Brasil.","robots":{"index":"index","follow":"follow","max-snippet":"max-snippet:-1","max-image-preview":"max-image-preview:large","max-video-preview":"max-video-preview:-1"},"canonical":"https:\/\/www.em.com.br\/emfoco\/2025\/11\/06\/a-capital-amazonica-que-guarda-os-segredos-da-floresta-e-da-cultura-brasileira\/","og_locale":"pt_BR","og_type":"article","og_title":"A capital amaz\u00f4nica que guarda os segredos da floresta e da cultura brasileira - Estado de Minas - Em foco","og_description":"Cultura viva, rios imensos e floresta ao redor fazem desta capital uma das experi\u00eancias mais marcantes e aut\u00eanticas do Brasil.","og_url":"https:\/\/www.em.com.br\/emfoco\/2025\/11\/06\/a-capital-amazonica-que-guarda-os-segredos-da-floresta-e-da-cultura-brasileira\/","og_site_name":"Estado de Minas - Em foco","article_published_time":"2025-11-06T21:05:00+00:00","article_modified_time":"2025-11-04T22:10:29+00:00","og_image":[{"width":1280,"height":720,"url":"https:\/\/www.em.com.br\/emfoco\/wp-content\/uploads\/2025\/04\/Manaus-Brasil_1745498970005.jpg","type":"image\/jpeg"}],"author":"Gabriel Martins","twitter_card":"summary_large_image","twitter_misc":{"Escrito por":"Gabriel Martins","Est. tempo de leitura":"5 minutos"},"schema":{"@context":"https:\/\/schema.org","@graph":[{"@type":"WebPage","@id":"https:\/\/www.em.com.br\/emfoco\/2025\/11\/06\/a-capital-amazonica-que-guarda-os-segredos-da-floresta-e-da-cultura-brasileira\/","url":"https:\/\/www.em.com.br\/emfoco\/2025\/11\/06\/a-capital-amazonica-que-guarda-os-segredos-da-floresta-e-da-cultura-brasileira\/","name":"A capital amaz\u00f4nica que guarda os segredos da floresta e da cultura brasileira - Estado de Minas - Em foco","isPartOf":{"@id":"https:\/\/www.em.com.br\/emfoco\/#website"},"primaryImageOfPage":{"@id":"https:\/\/www.em.com.br\/emfoco\/2025\/11\/06\/a-capital-amazonica-que-guarda-os-segredos-da-floresta-e-da-cultura-brasileira\/#primaryimage"},"image":{"@id":"https:\/\/www.em.com.br\/emfoco\/2025\/11\/06\/a-capital-amazonica-que-guarda-os-segredos-da-floresta-e-da-cultura-brasileira\/#primaryimage"},"thumbnailUrl":"https:\/\/www.em.com.br\/emfoco\/wp-content\/uploads\/2025\/04\/Manaus-Brasil_1745498970005.jpg","datePublished":"2025-11-06T21:05:00+00:00","dateModified":"2025-11-04T22:10:29+00:00","author":{"@id":"https:\/\/www.em.com.br\/emfoco\/#\/schema\/person\/1c9ddeab18b98abeffef834667bcf08a"},"description":"Cultura viva, rios imensos e floresta ao redor fazem desta capital uma das experi\u00eancias mais marcantes e aut\u00eanticas do Brasil.","breadcrumb":{"@id":"https:\/\/www.em.com.br\/emfoco\/2025\/11\/06\/a-capital-amazonica-que-guarda-os-segredos-da-floresta-e-da-cultura-brasileira\/#breadcrumb"},"inLanguage":"pt-BR","potentialAction":[{"@type":"ReadAction","target":["https:\/\/www.em.com.br\/emfoco\/2025\/11\/06\/a-capital-amazonica-que-guarda-os-segredos-da-floresta-e-da-cultura-brasileira\/"]}]},{"@type":"ImageObject","inLanguage":"pt-BR","@id":"https:\/\/www.em.com.br\/emfoco\/2025\/11\/06\/a-capital-amazonica-que-guarda-os-segredos-da-floresta-e-da-cultura-brasileira\/#primaryimage","url":"https:\/\/www.em.com.br\/emfoco\/wp-content\/uploads\/2025\/04\/Manaus-Brasil_1745498970005.jpg","contentUrl":"https:\/\/www.em.com.br\/emfoco\/wp-content\/uploads\/2025\/04\/Manaus-Brasil_1745498970005.jpg","width":1280,"height":720,"caption":"Manaus - Cr\u00e9ditos: depositphotos.com \/ A.Paes"},{"@type":"BreadcrumbList","@id":"https:\/\/www.em.com.br\/emfoco\/2025\/11\/06\/a-capital-amazonica-que-guarda-os-segredos-da-floresta-e-da-cultura-brasileira\/#breadcrumb","itemListElement":[{"@type":"ListItem","position":1,"name":"In\u00edcio","item":"https:\/\/www.em.com.br\/emfoco\/"},{"@type":"ListItem","position":2,"name":"A capital amaz\u00f4nica que guarda os segredos da floresta e da cultura brasileira"}]},{"@type":"WebSite","@id":"https:\/\/www.em.com.br\/emfoco\/#website","url":"https:\/\/www.em.com.br\/emfoco\/","name":"Estado de Minas - Em foco","description":"Acompanhe as \u00faltimas not\u00edcias e fique bem informado sobre tudo o que acontece em Minas Gerais, Brasil e no mundo.","potentialAction":[{"@type":"SearchAction","target":{"@type":"EntryPoint","urlTemplate":"https:\/\/www.em.com.br\/emfoco\/?s={search_term_string}"},"query-input":{"@type":"PropertyValueSpecification","valueRequired":true,"valueName":"search_term_string"}}],"inLanguage":"pt-BR"},{"@type":"Person","@id":"https:\/\/www.em.com.br\/emfoco\/#\/schema\/person\/1c9ddeab18b98abeffef834667bcf08a","name":"Gabriel Martins","image":{"@type":"ImageObject","inLanguage":"pt-BR","@id":"https:\/\/www.em.com.br\/emfoco\/#\/schema\/person\/image\/","url":"https:\/\/secure.gravatar.com\/avatar\/f0f1e2efdfd88f1ad2cb08c5c2731e50?s=96&d=mm&r=g","contentUrl":"https:\/\/secure.gravatar.com\/avatar\/f0f1e2efdfd88f1ad2cb08c5c2731e50?s=96&d=mm&r=g","caption":"Gabriel Martins"},"sameAs":["https:\/\/www.em.com.br\/emfoco\/"],"url":"https:\/\/www.em.com.br\/emfoco\/author\/gabrielmartinsmyth\/"}]}},"_links":{"self":[{"href":"https:\/\/www.em.com.br\/emfoco\/wp-json\/wp\/v2\/posts\/123460","targetHints":{"allow":["GET"]}}],"collection":[{"href":"https:\/\/www.em.com.br\/emfoco\/wp-json\/wp\/v2\/posts"}],"about":[{"href":"https:\/\/www.em.com.br\/emfoco\/wp-json\/wp\/v2\/types\/post"}],"author":[{"embeddable":true,"href":"https:\/\/www.em.com.br\/emfoco\/wp-json\/wp\/v2\/users\/13"}],"replies":[{"embeddable":true,"href":"https:\/\/www.em.com.br\/emfoco\/wp-json\/wp\/v2\/comments?post=123460"}],"version-history":[{"count":1,"href":"https:\/\/www.em.com.br\/emfoco\/wp-json\/wp\/v2\/posts\/123460\/revisions"}],"predecessor-version":[{"id":123466,"href":"https:\/\/www.em.com.br\/emfoco\/wp-json\/wp\/v2\/posts\/123460\/revisions\/123466"}],"wp:featuredmedia":[{"embeddable":true,"href":"https:\/\/www.em.com.br\/emfoco\/wp-json\/wp\/v2\/media\/41137"}],"wp:attachment":[{"href":"https:\/\/www.em.com.br\/emfoco\/wp-json\/wp\/v2\/media?parent=123460"}],"wp:term":[{"taxonomy":"category","embeddable":true,"href":"https:\/\/www.em.com.br\/emfoco\/wp-json\/wp\/v2\/categories?post=123460"},{"taxonomy":"post_tag","embeddable":true,"href":"https:\/\/www.em.com.br\/emfoco\/wp-json\/wp\/v2\/tags?post=123460"}],"curies":[{"name":"wp","href":"https:\/\/api.w.org\/{rel}","templated":true}]}}