{"id":123274,"date":"2025-11-06T16:15:00","date_gmt":"2025-11-06T19:15:00","guid":{"rendered":"https:\/\/www.em.com.br\/emfoco\/?p=123274"},"modified":"2025-11-05T19:16:52","modified_gmt":"2025-11-05T22:16:52","slug":"sinais-que-indicam-infestacao-de-abelhas-e-como-eliminar-com-seguranca","status":"publish","type":"post","link":"https:\/\/www.em.com.br\/emfoco\/2025\/11\/06\/sinais-que-indicam-infestacao-de-abelhas-e-como-eliminar-com-seguranca\/","title":{"rendered":"Sinais que indicam infesta\u00e7\u00e3o de abelhas e como eliminar com seguran\u00e7a"},"content":{"rendered":"\n<p>Se uma <strong>praga de abelhas<\/strong> come\u00e7a a aparecer em janelas, quintais ou frestas de telhado, ignorar n\u00e3o \u00e9 boa ideia. Esses insetos se organizam r\u00e1pido, constroem ninhos e exigem a\u00e7\u00f5es direcionadas. Estudos indicam que existem milhares de esp\u00e9cies, com comportamentos completamente diferentes.<\/p>\n\n\n\n<h2 class=\"wp-block-heading\">Quais sinais indicam que existe um ninho ativo na sua casa?<\/h2>\n\n\n\n<p>O primeiro ind\u00edcio costuma ser o <strong>zumbido agudo<\/strong> que vem de lugares espec\u00edficos e se intensifica com o passar dos dias. Esse som n\u00e3o \u00e9 aleat\u00f3rio: ele sinaliza refor\u00e7o estrutural de ninho em expans\u00e3o, principalmente em casas com frestas e madeiras expostas.<\/p>\n\n\n\n<p>Outro sinal comum \u00e9 a madeira danificada ou pequenos furos, resultado do desgaste provocado por insetos que buscam abrigo para col\u00f4nia. Mesmo encontrar indiv\u00edduos j\u00e1 mortos perto de portas ou janelas \u00e9 alerta, porque indica <strong>col\u00f4nia pr\u00f3xima<\/strong>.<\/p>\n\n\n\n<figure class=\"wp-block-image size-large\"><img loading=\"lazy\" decoding=\"async\" width=\"1024\" height=\"576\" src=\"https:\/\/www.em.com.br\/emfoco\/wp-content\/uploads\/2025\/11\/Abelhas-em-casa_1762281149926-1024x576.jpg\" alt=\"Sinais que indicam infesta\u00e7\u00e3o de abelhas e como eliminar com seguran\u00e7a\" class=\"wp-image-123294\" srcset=\"https:\/\/www.em.com.br\/emfoco\/wp-content\/uploads\/2025\/11\/Abelhas-em-casa_1762281149926-1024x576.jpg 1024w, https:\/\/www.em.com.br\/emfoco\/wp-content\/uploads\/2025\/11\/Abelhas-em-casa_1762281149926-300x169.jpg 300w, https:\/\/www.em.com.br\/emfoco\/wp-content\/uploads\/2025\/11\/Abelhas-em-casa_1762281149926-768x432.jpg 768w, https:\/\/www.em.com.br\/emfoco\/wp-content\/uploads\/2025\/11\/Abelhas-em-casa_1762281149926-750x422.jpg 750w, https:\/\/www.em.com.br\/emfoco\/wp-content\/uploads\/2025\/11\/Abelhas-em-casa_1762281149926-1140x641.jpg 1140w, https:\/\/www.em.com.br\/emfoco\/wp-content\/uploads\/2025\/11\/Abelhas-em-casa_1762281149926.jpg 1280w\" sizes=\"auto, (max-width: 1024px) 100vw, 1024px\" \/><figcaption class=\"wp-element-caption\">Zumbido localizado indica expans\u00e3o estrutural real do ninho &#8211; Cr\u00e9ditos: depositphotos.com \/ drutska<\/figcaption><\/figure>\n\n\n\n<p><em>Leia mais: <strong><a href=\"https:\/\/www.em.com.br\/emfoco\/2025\/10\/28\/como-esta-planta-pode-ser-mais-eficaz-que-repelentes-quimicos-contra-insetos\/\" target=\"_blank\" rel=\"noreferrer noopener\">Como esta planta pode ser mais eficaz que repelentes qu\u00edmicos contra insetos<\/a><\/strong><\/em><\/p>\n\n\n\n<h2 class=\"wp-block-heading\">Quais insetos dessa praga voc\u00ea pode estar enfrentando?<\/h2>\n\n\n\n<p>Os especialistas do <strong><a href=\"https:\/\/www.goodhousekeeping.com\/\" target=\"_blank\" rel=\"noreferrer noopener\">Good House Keeping<\/a><\/strong> destacam que os tipos variam muito, e isso interfere diretamente na forma de combate. No Brasil, tr\u00eas s\u00e3o os mais relatados em resid\u00eancias e \u00e1reas externas pr\u00f3ximas \u00e0 vegeta\u00e7\u00e3o.<\/p>\n\n\n\n<ul class=\"wp-block-list\">\n<li><strong>Marimbondo-cavalo<\/strong> \u2014 ferroada muito dolorosa<\/li>\n\n\n\n<li><strong>Abelha europeia<\/strong> \u2014 forma col\u00f4nias extensas<\/li>\n\n\n\n<li><strong>Marimbondo preto<\/strong> \u2014 costuma defender ninho em grupo<\/li>\n<\/ul>\n\n\n\n<h2 class=\"wp-block-heading\">Quando chamar especialista e quando tentar controlar sozinho?<\/h2>\n\n\n\n<p>Se o ninho est\u00e1 dentro do telhado ou em altura, contratar empresa com <strong>equipamento de prote\u00e7\u00e3o<\/strong> \u00e9 obrigat\u00f3rio, porque o ataque coletivo pode causar risco real, principalmente em pessoas al\u00e9rgicas e em casas com idosos ou crian\u00e7as pequenas.<\/p>\n\n\n\n<p>Se o foco est\u00e1 pequeno, d\u00e1 para testar alternativas caseiras. Segundo <strong>Chris Walker<\/strong>, especialista ouvido pelo Good House Keeping, <strong>sab\u00e3o l\u00edquido<\/strong> em borrifador obstrui poros respirat\u00f3rios destes insetos e reduz a mobilidade quase instantaneamente.<\/p>\n\n\n\n<figure class=\"wp-block-image size-large\"><img loading=\"lazy\" decoding=\"async\" width=\"1024\" height=\"576\" src=\"https:\/\/www.em.com.br\/emfoco\/wp-content\/uploads\/2025\/11\/cuidados-com-abelha_1762281249276-1024x576.jpg\" alt=\"Sinais que indicam infesta\u00e7\u00e3o de abelhas e como eliminar com seguran\u00e7a\" class=\"wp-image-123295\" srcset=\"https:\/\/www.em.com.br\/emfoco\/wp-content\/uploads\/2025\/11\/cuidados-com-abelha_1762281249276-1024x576.jpg 1024w, https:\/\/www.em.com.br\/emfoco\/wp-content\/uploads\/2025\/11\/cuidados-com-abelha_1762281249276-300x169.jpg 300w, https:\/\/www.em.com.br\/emfoco\/wp-content\/uploads\/2025\/11\/cuidados-com-abelha_1762281249276-768x432.jpg 768w, https:\/\/www.em.com.br\/emfoco\/wp-content\/uploads\/2025\/11\/cuidados-com-abelha_1762281249276-750x422.jpg 750w, https:\/\/www.em.com.br\/emfoco\/wp-content\/uploads\/2025\/11\/cuidados-com-abelha_1762281249276-1140x641.jpg 1140w, https:\/\/www.em.com.br\/emfoco\/wp-content\/uploads\/2025\/11\/cuidados-com-abelha_1762281249276.jpg 1280w\" sizes=\"auto, (max-width: 1024px) 100vw, 1024px\" \/><figcaption class=\"wp-element-caption\">Estruturas altas exigem empresa especializada com prote\u00e7\u00e3o adequada &#8211; Cr\u00e9ditos: depositphotos.com \/ macondos<\/figcaption><\/figure>\n\n\n\n<h2 class=\"wp-block-heading\">Quais a\u00e7\u00f5es imediatas aplicar hoje no seu quintal?<\/h2>\n\n\n\n<p>Para come\u00e7ar agora, mapeie ru\u00eddos frequentes em paredes, beirais e vigas de madeira, e concentre ali as primeiras medidas, porque o ponto de maior <strong>zumbido sustentado<\/strong> indica base de col\u00f4nia e dire\u00e7\u00e3o de entrada e sa\u00edda dos insetos.<\/p>\n\n\n\n<ul class=\"wp-block-list\">\n<li>Use mistura de detergente com \u00e1gua em borrifador<\/li>\n\n\n\n<li>Utilize spray espec\u00edfico para insetos voadores<\/li>\n\n\n\n<li>Nunca toque em estruturas de ninho com as m\u00e3os<\/li>\n<\/ul>\n\n\n\n<p><\/p>\n","protected":false},"excerpt":{"rendered":"<p>Se uma praga de abelhas come\u00e7a a aparecer em janelas, quintais ou frestas de telhado, ignorar n\u00e3o \u00e9 boa ideia. Esses insetos se organizam r\u00e1pido, constroem ninhos e exigem a\u00e7\u00f5es direcionadas. Estudos indicam que existem milhares de esp\u00e9cies, com comportamentos completamente diferentes. Quais sinais indicam que existe um ninho ativo na sua casa? O primeiro [&hellip;]<\/p>\n","protected":false},"author":13,"featured_media":123293,"comment_status":"open","ping_status":"open","sticky":false,"template":"","format":"standard","meta":{"jnews-multi-image_gallery":[],"jnews_single_post":{"format":"standard"},"jnews_primary_category":[],"jnews_social_meta":[],"jnews_override_counter":[],"footnotes":""},"categories":[8819],"tags":[6030,18431,15716],"class_list":["post-123274","post","type-post","status-publish","format-standard","has-post-thumbnail","hentry","category-curiosidades","tag-abelhas","tag-infestacao-de-insetos","tag-vespas"],"yoast_head":"<!-- This site is optimized with the Yoast SEO plugin v23.8 - https:\/\/yoast.com\/wordpress\/plugins\/seo\/ -->\n<title>Sinais que indicam infesta\u00e7\u00e3o de abelhas e como eliminar com seguran\u00e7a - Estado de Minas - Em foco<\/title>\n<meta name=\"description\" content=\"Casas com frestas e ru\u00eddos agudos precisam de aten\u00e7\u00e3o. Saiba como identificar o foco e o que fazer antes que a situa\u00e7\u00e3o fique perigosa.\" \/>\n<meta name=\"robots\" content=\"index, follow, max-snippet:-1, max-image-preview:large, max-video-preview:-1\" \/>\n<link rel=\"canonical\" href=\"https:\/\/www.em.com.br\/emfoco\/2025\/11\/06\/sinais-que-indicam-infestacao-de-abelhas-e-como-eliminar-com-seguranca\/\" \/>\n<meta property=\"og:locale\" content=\"pt_BR\" \/>\n<meta property=\"og:type\" content=\"article\" \/>\n<meta property=\"og:title\" content=\"Sinais que indicam infesta\u00e7\u00e3o de abelhas e como eliminar com seguran\u00e7a - Estado de Minas - Em foco\" \/>\n<meta property=\"og:description\" content=\"Casas com frestas e ru\u00eddos agudos precisam de aten\u00e7\u00e3o. Saiba como identificar o foco e o que fazer antes que a situa\u00e7\u00e3o fique perigosa.\" \/>\n<meta property=\"og:url\" content=\"https:\/\/www.em.com.br\/emfoco\/2025\/11\/06\/sinais-que-indicam-infestacao-de-abelhas-e-como-eliminar-com-seguranca\/\" \/>\n<meta property=\"og:site_name\" content=\"Estado de Minas - Em foco\" \/>\n<meta property=\"article:published_time\" content=\"2025-11-06T19:15:00+00:00\" \/>\n<meta property=\"article:modified_time\" content=\"2025-11-05T22:16:52+00:00\" \/>\n<meta property=\"og:image\" content=\"https:\/\/www.em.com.br\/emfoco\/wp-content\/uploads\/2025\/11\/Abelhas-em-casa_1762281127223.jpg\" \/>\n\t<meta property=\"og:image:width\" content=\"1280\" \/>\n\t<meta property=\"og:image:height\" content=\"720\" \/>\n\t<meta property=\"og:image:type\" content=\"image\/jpeg\" \/>\n<meta name=\"author\" content=\"Gabriel Martins\" \/>\n<meta name=\"twitter:card\" content=\"summary_large_image\" \/>\n<meta name=\"twitter:label1\" content=\"Escrito por\" \/>\n\t<meta name=\"twitter:data1\" content=\"Gabriel Martins\" \/>\n\t<meta name=\"twitter:label2\" content=\"Est. tempo de leitura\" \/>\n\t<meta name=\"twitter:data2\" content=\"3 minutos\" \/>\n<!-- \/ Yoast SEO plugin. -->","yoast_head_json":{"title":"Sinais que indicam infesta\u00e7\u00e3o de abelhas e como eliminar com seguran\u00e7a - Estado de Minas - Em foco","description":"Casas com frestas e ru\u00eddos agudos precisam de aten\u00e7\u00e3o. Saiba como identificar o foco e o que fazer antes que a situa\u00e7\u00e3o fique perigosa.","robots":{"index":"index","follow":"follow","max-snippet":"max-snippet:-1","max-image-preview":"max-image-preview:large","max-video-preview":"max-video-preview:-1"},"canonical":"https:\/\/www.em.com.br\/emfoco\/2025\/11\/06\/sinais-que-indicam-infestacao-de-abelhas-e-como-eliminar-com-seguranca\/","og_locale":"pt_BR","og_type":"article","og_title":"Sinais que indicam infesta\u00e7\u00e3o de abelhas e como eliminar com seguran\u00e7a - Estado de Minas - Em foco","og_description":"Casas com frestas e ru\u00eddos agudos precisam de aten\u00e7\u00e3o. Saiba como identificar o foco e o que fazer antes que a situa\u00e7\u00e3o fique perigosa.","og_url":"https:\/\/www.em.com.br\/emfoco\/2025\/11\/06\/sinais-que-indicam-infestacao-de-abelhas-e-como-eliminar-com-seguranca\/","og_site_name":"Estado de Minas - Em foco","article_published_time":"2025-11-06T19:15:00+00:00","article_modified_time":"2025-11-05T22:16:52+00:00","og_image":[{"width":1280,"height":720,"url":"https:\/\/www.em.com.br\/emfoco\/wp-content\/uploads\/2025\/11\/Abelhas-em-casa_1762281127223.jpg","type":"image\/jpeg"}],"author":"Gabriel Martins","twitter_card":"summary_large_image","twitter_misc":{"Escrito por":"Gabriel Martins","Est. tempo de leitura":"3 minutos"},"schema":{"@context":"https:\/\/schema.org","@graph":[{"@type":"WebPage","@id":"https:\/\/www.em.com.br\/emfoco\/2025\/11\/06\/sinais-que-indicam-infestacao-de-abelhas-e-como-eliminar-com-seguranca\/","url":"https:\/\/www.em.com.br\/emfoco\/2025\/11\/06\/sinais-que-indicam-infestacao-de-abelhas-e-como-eliminar-com-seguranca\/","name":"Sinais que indicam infesta\u00e7\u00e3o de abelhas e como eliminar com seguran\u00e7a - Estado de Minas - Em foco","isPartOf":{"@id":"https:\/\/www.em.com.br\/emfoco\/#website"},"primaryImageOfPage":{"@id":"https:\/\/www.em.com.br\/emfoco\/2025\/11\/06\/sinais-que-indicam-infestacao-de-abelhas-e-como-eliminar-com-seguranca\/#primaryimage"},"image":{"@id":"https:\/\/www.em.com.br\/emfoco\/2025\/11\/06\/sinais-que-indicam-infestacao-de-abelhas-e-como-eliminar-com-seguranca\/#primaryimage"},"thumbnailUrl":"https:\/\/www.em.com.br\/emfoco\/wp-content\/uploads\/2025\/11\/Abelhas-em-casa_1762281127223.jpg","datePublished":"2025-11-06T19:15:00+00:00","dateModified":"2025-11-05T22:16:52+00:00","author":{"@id":"https:\/\/www.em.com.br\/emfoco\/#\/schema\/person\/1c9ddeab18b98abeffef834667bcf08a"},"description":"Casas com frestas e ru\u00eddos agudos precisam de aten\u00e7\u00e3o. Saiba como identificar o foco e o que fazer antes que a situa\u00e7\u00e3o fique perigosa.","breadcrumb":{"@id":"https:\/\/www.em.com.br\/emfoco\/2025\/11\/06\/sinais-que-indicam-infestacao-de-abelhas-e-como-eliminar-com-seguranca\/#breadcrumb"},"inLanguage":"pt-BR","potentialAction":[{"@type":"ReadAction","target":["https:\/\/www.em.com.br\/emfoco\/2025\/11\/06\/sinais-que-indicam-infestacao-de-abelhas-e-como-eliminar-com-seguranca\/"]}]},{"@type":"ImageObject","inLanguage":"pt-BR","@id":"https:\/\/www.em.com.br\/emfoco\/2025\/11\/06\/sinais-que-indicam-infestacao-de-abelhas-e-como-eliminar-com-seguranca\/#primaryimage","url":"https:\/\/www.em.com.br\/emfoco\/wp-content\/uploads\/2025\/11\/Abelhas-em-casa_1762281127223.jpg","contentUrl":"https:\/\/www.em.com.br\/emfoco\/wp-content\/uploads\/2025\/11\/Abelhas-em-casa_1762281127223.jpg","width":1280,"height":720,"caption":"Infesta\u00e7\u00e3o de abelhas exige a\u00e7\u00e3o direcionada r\u00e1pida para evitar risco - Cr\u00e9ditos: depositphotos.com \/ rayman-82@hotmail.com"},{"@type":"BreadcrumbList","@id":"https:\/\/www.em.com.br\/emfoco\/2025\/11\/06\/sinais-que-indicam-infestacao-de-abelhas-e-como-eliminar-com-seguranca\/#breadcrumb","itemListElement":[{"@type":"ListItem","position":1,"name":"In\u00edcio","item":"https:\/\/www.em.com.br\/emfoco\/"},{"@type":"ListItem","position":2,"name":"Sinais que indicam infesta\u00e7\u00e3o de abelhas e como eliminar com seguran\u00e7a"}]},{"@type":"WebSite","@id":"https:\/\/www.em.com.br\/emfoco\/#website","url":"https:\/\/www.em.com.br\/emfoco\/","name":"Estado de Minas - Em foco","description":"Acompanhe as \u00faltimas not\u00edcias e fique bem informado sobre tudo o que acontece em Minas Gerais, Brasil e no mundo.","potentialAction":[{"@type":"SearchAction","target":{"@type":"EntryPoint","urlTemplate":"https:\/\/www.em.com.br\/emfoco\/?s={search_term_string}"},"query-input":{"@type":"PropertyValueSpecification","valueRequired":true,"valueName":"search_term_string"}}],"inLanguage":"pt-BR"},{"@type":"Person","@id":"https:\/\/www.em.com.br\/emfoco\/#\/schema\/person\/1c9ddeab18b98abeffef834667bcf08a","name":"Gabriel Martins","image":{"@type":"ImageObject","inLanguage":"pt-BR","@id":"https:\/\/www.em.com.br\/emfoco\/#\/schema\/person\/image\/","url":"https:\/\/secure.gravatar.com\/avatar\/f0f1e2efdfd88f1ad2cb08c5c2731e50?s=96&d=mm&r=g","contentUrl":"https:\/\/secure.gravatar.com\/avatar\/f0f1e2efdfd88f1ad2cb08c5c2731e50?s=96&d=mm&r=g","caption":"Gabriel Martins"},"sameAs":["https:\/\/www.em.com.br\/emfoco\/"],"url":"https:\/\/www.em.com.br\/emfoco\/author\/gabrielmartinsmyth\/"}]}},"_links":{"self":[{"href":"https:\/\/www.em.com.br\/emfoco\/wp-json\/wp\/v2\/posts\/123274","targetHints":{"allow":["GET"]}}],"collection":[{"href":"https:\/\/www.em.com.br\/emfoco\/wp-json\/wp\/v2\/posts"}],"about":[{"href":"https:\/\/www.em.com.br\/emfoco\/wp-json\/wp\/v2\/types\/post"}],"author":[{"embeddable":true,"href":"https:\/\/www.em.com.br\/emfoco\/wp-json\/wp\/v2\/users\/13"}],"replies":[{"embeddable":true,"href":"https:\/\/www.em.com.br\/emfoco\/wp-json\/wp\/v2\/comments?post=123274"}],"version-history":[{"count":2,"href":"https:\/\/www.em.com.br\/emfoco\/wp-json\/wp\/v2\/posts\/123274\/revisions"}],"predecessor-version":[{"id":123965,"href":"https:\/\/www.em.com.br\/emfoco\/wp-json\/wp\/v2\/posts\/123274\/revisions\/123965"}],"wp:featuredmedia":[{"embeddable":true,"href":"https:\/\/www.em.com.br\/emfoco\/wp-json\/wp\/v2\/media\/123293"}],"wp:attachment":[{"href":"https:\/\/www.em.com.br\/emfoco\/wp-json\/wp\/v2\/media?parent=123274"}],"wp:term":[{"taxonomy":"category","embeddable":true,"href":"https:\/\/www.em.com.br\/emfoco\/wp-json\/wp\/v2\/categories?post=123274"},{"taxonomy":"post_tag","embeddable":true,"href":"https:\/\/www.em.com.br\/emfoco\/wp-json\/wp\/v2\/tags?post=123274"}],"curies":[{"name":"wp","href":"https:\/\/api.w.org\/{rel}","templated":true}]}}