{"id":123144,"date":"2025-11-05T14:15:00","date_gmt":"2025-11-05T17:15:00","guid":{"rendered":"https:\/\/www.em.com.br\/emfoco\/?p=123144"},"modified":"2025-11-04T17:34:09","modified_gmt":"2025-11-04T20:34:09","slug":"tarifa-social-da-desconto-de-ate-65-na-conta-de-luz","status":"publish","type":"post","link":"https:\/\/www.em.com.br\/emfoco\/2025\/11\/05\/tarifa-social-da-desconto-de-ate-65-na-conta-de-luz\/","title":{"rendered":"Tarifa Social d\u00e1 desconto de at\u00e9 65% na conta de luz"},"content":{"rendered":"\n<p>A <strong>tarifa social de \u00e1gua e luz no Brasil <\/strong>\u00e9 um benef\u00edcio fundamental para fam\u00edlias de baixa renda, pois permite descontos significativos nas contas desses servi\u00e7os essenciais, proporcionando mais dignidade e al\u00edvio no or\u00e7amento familiar.<\/p>\n\n\n\n<h2 class=\"wp-block-heading\">Quem pode receber a tarifa social?<\/h2>\n\n\n\n<p>O benef\u00edcio \u00e9 destinado a fam\u00edlias registradas no <strong>Cadastro \u00danico para Programas Sociais do Governo Federal<\/strong> (Cad\u00danico) e atende pessoas em condi\u00e7\u00f5es de vulnerabilidade econ\u00f4mica. Os crit\u00e9rios oficiais envolvem renda per capita de at\u00e9 meio sal\u00e1rio m\u00ednimo, idosos acima de 65 anos ou pessoas com defici\u00eancia que recebem o <strong>BPC<\/strong>, e fam\u00edlias do <strong>Bolsa Fam\u00edlia<\/strong>.<\/p>\n\n\n\n<p>Em certos casos, regras locais tamb\u00e9m podem influenciar a participa\u00e7\u00e3o, sendo importante que cada fam\u00edlia confira as exig\u00eancias na sua regi\u00e3o antes de iniciar o processo de solicita\u00e7\u00e3o. Al\u00e9m disso, algumas concession\u00e1rias podem oferecer sistemas de pr\u00e9-cadastro online, otimizando o processo para os interessados.<\/p>\n\n\n<div class=\"wp-block-image\">\n<figure class=\"aligncenter size-large\"><img loading=\"lazy\" decoding=\"async\" width=\"1024\" height=\"576\" src=\"https:\/\/www.em.com.br\/emfoco\/wp-content\/uploads\/2025\/10\/conta_1757114415771-1024x576.jpg\" alt=\"Como se preparar para o fim de ano sem ficar no vermelho\" class=\"wp-image-113845\" srcset=\"https:\/\/www.em.com.br\/emfoco\/wp-content\/uploads\/2025\/10\/conta_1757114415771-1024x576.jpg 1024w, https:\/\/www.em.com.br\/emfoco\/wp-content\/uploads\/2025\/10\/conta_1757114415771-300x169.jpg 300w, https:\/\/www.em.com.br\/emfoco\/wp-content\/uploads\/2025\/10\/conta_1757114415771-768x432.jpg 768w, https:\/\/www.em.com.br\/emfoco\/wp-content\/uploads\/2025\/10\/conta_1757114415771-750x422.jpg 750w, https:\/\/www.em.com.br\/emfoco\/wp-content\/uploads\/2025\/10\/conta_1757114415771-1140x641.jpg 1140w, https:\/\/www.em.com.br\/emfoco\/wp-content\/uploads\/2025\/10\/conta_1757114415771.jpg 1280w\" sizes=\"auto, (max-width: 1024px) 100vw, 1024px\" \/><figcaption class=\"wp-element-caption\">Desconto de at\u00e9 65% na conta de luz oferecido pela Tarifa Social de energia el\u00e9trica &#8211; Cr\u00e9ditos: depositphotos.com \/ EdZbarzhyvetsky<\/figcaption><\/figure><\/div>\n\n\n<h2 class=\"wp-block-heading\">Como pedir a tarifa social facilmente?<\/h2>\n\n\n\n<p>A solicita\u00e7\u00e3o come\u00e7a junto \u00e0 concession\u00e1ria de \u00e1gua ou energia da regi\u00e3o. Antes disso, \u00e9 necess\u00e1rio reunir toda a documenta\u00e7\u00e3o exigida e se certificar de que os crit\u00e9rios do programa federal e locais s\u00e3o atendidos para garantir o direito ao benef\u00edcio.<\/p>\n\n\n\n<p>Para facilitar a solicita\u00e7\u00e3o, confira os principais documentos que devem ser apresentados na hora do cadastro:<\/p>\n\n\n\n<ul class=\"wp-block-list\">\n<li>N\u00famero de Identifica\u00e7\u00e3o Social (NIS) atualizado;<\/li>\n\n\n\n<li>Documento de identidade com foto (RG e CPF);<\/li>\n\n\n\n<li>Fatura recente da conta de \u00e1gua ou luz;<\/li>\n\n\n\n<li>Comprovante de resid\u00eancia atualizado.<\/li>\n<\/ul>\n\n\n\n<p>Leia mais: <a href=\"https:\/\/www.em.com.br\/emfoco\/2025\/11\/02\/novo-beneficio-do-governo-tem-como-objetivo-reformar-sua-casa\/\" target=\"_blank\" rel=\"noreferrer noopener\">Novo benef\u00edcio do governo tem como objetivo reformar sua casa<\/a><\/p>\n\n\n\n<h2 class=\"wp-block-heading\">Que vantagens a tarifa social oferece?<\/h2>\n\n\n<div class=\"wp-block-image\">\n<figure class=\"aligncenter size-large\"><img loading=\"lazy\" decoding=\"async\" width=\"1024\" height=\"576\" src=\"https:\/\/www.em.com.br\/emfoco\/wp-content\/uploads\/2025\/10\/falta-de-energia_1757187724600-1024x576.jpg\" alt=\"Como identificar falhas el\u00e9tricas e evitar acidentes dom\u00e9sticos\" class=\"wp-image-115195\" srcset=\"https:\/\/www.em.com.br\/emfoco\/wp-content\/uploads\/2025\/10\/falta-de-energia_1757187724600-1024x576.jpg 1024w, https:\/\/www.em.com.br\/emfoco\/wp-content\/uploads\/2025\/10\/falta-de-energia_1757187724600-300x169.jpg 300w, https:\/\/www.em.com.br\/emfoco\/wp-content\/uploads\/2025\/10\/falta-de-energia_1757187724600-768x432.jpg 768w, https:\/\/www.em.com.br\/emfoco\/wp-content\/uploads\/2025\/10\/falta-de-energia_1757187724600-750x422.jpg 750w, https:\/\/www.em.com.br\/emfoco\/wp-content\/uploads\/2025\/10\/falta-de-energia_1757187724600-1140x641.jpg 1140w, https:\/\/www.em.com.br\/emfoco\/wp-content\/uploads\/2025\/10\/falta-de-energia_1757187724600.jpg 1280w\" sizes=\"auto, (max-width: 1024px) 100vw, 1024px\" \/><figcaption class=\"wp-element-caption\">Desconto de at\u00e9 65% na conta de luz oferecido pela Tarifa Social de energia el\u00e9trica &#8211; Cr\u00e9ditos: depositphotos.com \/ yanishevska.photo<\/figcaption><\/figure><\/div>\n\n\n<p>O desconto da tarifa social pode chegar a <strong>at\u00e9 65% <\/strong>na conta de energia, dependendo do consumo mensal e perfil socioecon\u00f4mico. Para a conta de \u00e1gua, a redu\u00e7\u00e3o \u00e9 proporcional ao consumo, incentivando o uso consciente dos recursos. Em algumas cidades, podem existir programas complementares que ampliam os descontos ou incluem outros servi\u00e7os essenciais.<\/p>\n\n\n\n<p>Al\u00e9m da economia direta, o programa permite que as fam\u00edlias direcionem seus recursos para \u00e1reas como alimenta\u00e7\u00e3o e sa\u00fade, promovendo seguran\u00e7a financeira e melhor qualidade de vida.<\/p>\n\n\n\n<p>Leia mais: <a href=\"https:\/\/www.em.com.br\/emfoco\/2025\/10\/31\/caixa-tem-permite-consultar-o-beneficio-do-vale-gas-sem-sair-de-casa\/\" target=\"_blank\" rel=\"noreferrer noopener\">Caixa Tem permite consultar o benef\u00edcio do Vale-G\u00e1s sem sair de casa<\/a><\/p>\n\n\n\n<h2 class=\"wp-block-heading\">Por que manter o Cad\u00danico atualizado?<\/h2>\n\n\n\n<p>O <strong><a href=\"https:\/\/www.gov.br\/pt-br\/servicos\/consultar-dados-do-cadastro-unico-cadunico\" target=\"_blank\" rel=\"noreferrer noopener\">Cad\u00danico <\/a><\/strong>n\u00e3o serve apenas para obter a tarifa social, mas garante acesso a outras pol\u00edticas assistenciais. Estar inscrito e manter os dados atualizados amplia as oportunidades de inclus\u00e3o em diferentes benef\u00edcios do governo.<\/p>\n\n\n\n<p>Manter as informa\u00e7\u00f5es corretas favorece a identifica\u00e7\u00e3o e a avalia\u00e7\u00e3o das necessidades familiares por parte do poder p\u00fablico, tornando as a\u00e7\u00f5es de assist\u00eancia mais eficientes e efetivas. Sempre confira o prazo de atualiza\u00e7\u00e3o cadastral para n\u00e3o perder nenhum benef\u00edcio.<\/p>\n","protected":false},"excerpt":{"rendered":"<p>A tarifa social de \u00e1gua e luz no Brasil \u00e9 um benef\u00edcio fundamental para fam\u00edlias de baixa renda, pois permite descontos significativos nas contas desses servi\u00e7os essenciais, proporcionando mais dignidade e al\u00edvio no or\u00e7amento familiar. Quem pode receber a tarifa social? O benef\u00edcio \u00e9 destinado a fam\u00edlias registradas no Cadastro \u00danico para Programas Sociais do [&hellip;]<\/p>\n","protected":false},"author":20,"featured_media":57984,"comment_status":"open","ping_status":"open","sticky":false,"template":"","format":"standard","meta":{"jnews-multi-image_gallery":[],"jnews_single_post":{"format":"standard"},"jnews_primary_category":[],"jnews_social_meta":[],"jnews_override_counter":[],"footnotes":""},"categories":[28,1],"tags":[18413,590,1016],"class_list":["post-123144","post","type-post","status-publish","format-standard","has-post-thumbnail","hentry","category-economia","category-noticias","tag-agua-e-luz","tag-desconto","tag-tarifa-social"],"yoast_head":"<!-- This site is optimized with the Yoast SEO plugin v23.8 - https:\/\/yoast.com\/wordpress\/plugins\/seo\/ -->\n<title>Tarifa Social d\u00e1 desconto de at\u00e9 65% na conta de luz - Estado de Minas - Em foco<\/title>\n<meta name=\"description\" content=\"A Tarifa Social oferece desconto de at\u00e9 65% na conta de luz, ajudando fam\u00edlias de baixa renda a economizar e manter a energia mais acess\u00edvel.\" \/>\n<meta name=\"robots\" content=\"index, follow, max-snippet:-1, max-image-preview:large, max-video-preview:-1\" \/>\n<link rel=\"canonical\" href=\"https:\/\/www.em.com.br\/emfoco\/2025\/11\/05\/tarifa-social-da-desconto-de-ate-65-na-conta-de-luz\/\" \/>\n<meta property=\"og:locale\" content=\"pt_BR\" \/>\n<meta property=\"og:type\" content=\"article\" \/>\n<meta property=\"og:title\" content=\"Tarifa Social d\u00e1 desconto de at\u00e9 65% na conta de luz - Estado de Minas - Em foco\" \/>\n<meta property=\"og:description\" content=\"A Tarifa Social oferece desconto de at\u00e9 65% na conta de luz, ajudando fam\u00edlias de baixa renda a economizar e manter a energia mais acess\u00edvel.\" \/>\n<meta property=\"og:url\" content=\"https:\/\/www.em.com.br\/emfoco\/2025\/11\/05\/tarifa-social-da-desconto-de-ate-65-na-conta-de-luz\/\" \/>\n<meta property=\"og:site_name\" content=\"Estado de Minas - Em foco\" \/>\n<meta property=\"article:published_time\" content=\"2025-11-05T17:15:00+00:00\" \/>\n<meta property=\"article:modified_time\" content=\"2025-11-04T20:34:09+00:00\" \/>\n<meta property=\"og:image\" content=\"https:\/\/www.em.com.br\/emfoco\/wp-content\/uploads\/2025\/06\/conta-de-luz_1749504401486.jpg\" \/>\n\t<meta property=\"og:image:width\" content=\"1280\" \/>\n\t<meta property=\"og:image:height\" content=\"720\" \/>\n\t<meta property=\"og:image:type\" content=\"image\/jpeg\" \/>\n<meta name=\"author\" content=\"Ingrid Diniz\" \/>\n<meta name=\"twitter:card\" content=\"summary_large_image\" \/>\n<meta name=\"twitter:label1\" content=\"Escrito por\" \/>\n\t<meta name=\"twitter:data1\" content=\"Ingrid Diniz\" \/>\n\t<meta name=\"twitter:label2\" content=\"Est. tempo de leitura\" \/>\n\t<meta name=\"twitter:data2\" content=\"4 minutos\" \/>\n<!-- \/ Yoast SEO plugin. -->","yoast_head_json":{"title":"Tarifa Social d\u00e1 desconto de at\u00e9 65% na conta de luz - Estado de Minas - Em foco","description":"A Tarifa Social oferece desconto de at\u00e9 65% na conta de luz, ajudando fam\u00edlias de baixa renda a economizar e manter a energia mais acess\u00edvel.","robots":{"index":"index","follow":"follow","max-snippet":"max-snippet:-1","max-image-preview":"max-image-preview:large","max-video-preview":"max-video-preview:-1"},"canonical":"https:\/\/www.em.com.br\/emfoco\/2025\/11\/05\/tarifa-social-da-desconto-de-ate-65-na-conta-de-luz\/","og_locale":"pt_BR","og_type":"article","og_title":"Tarifa Social d\u00e1 desconto de at\u00e9 65% na conta de luz - Estado de Minas - Em foco","og_description":"A Tarifa Social oferece desconto de at\u00e9 65% na conta de luz, ajudando fam\u00edlias de baixa renda a economizar e manter a energia mais acess\u00edvel.","og_url":"https:\/\/www.em.com.br\/emfoco\/2025\/11\/05\/tarifa-social-da-desconto-de-ate-65-na-conta-de-luz\/","og_site_name":"Estado de Minas - Em foco","article_published_time":"2025-11-05T17:15:00+00:00","article_modified_time":"2025-11-04T20:34:09+00:00","og_image":[{"width":1280,"height":720,"url":"https:\/\/www.em.com.br\/emfoco\/wp-content\/uploads\/2025\/06\/conta-de-luz_1749504401486.jpg","type":"image\/jpeg"}],"author":"Ingrid Diniz","twitter_card":"summary_large_image","twitter_misc":{"Escrito por":"Ingrid Diniz","Est. tempo de leitura":"4 minutos"},"schema":{"@context":"https:\/\/schema.org","@graph":[{"@type":"WebPage","@id":"https:\/\/www.em.com.br\/emfoco\/2025\/11\/05\/tarifa-social-da-desconto-de-ate-65-na-conta-de-luz\/","url":"https:\/\/www.em.com.br\/emfoco\/2025\/11\/05\/tarifa-social-da-desconto-de-ate-65-na-conta-de-luz\/","name":"Tarifa Social d\u00e1 desconto de at\u00e9 65% na conta de luz - Estado de Minas - Em foco","isPartOf":{"@id":"https:\/\/www.em.com.br\/emfoco\/#website"},"primaryImageOfPage":{"@id":"https:\/\/www.em.com.br\/emfoco\/2025\/11\/05\/tarifa-social-da-desconto-de-ate-65-na-conta-de-luz\/#primaryimage"},"image":{"@id":"https:\/\/www.em.com.br\/emfoco\/2025\/11\/05\/tarifa-social-da-desconto-de-ate-65-na-conta-de-luz\/#primaryimage"},"thumbnailUrl":"https:\/\/www.em.com.br\/emfoco\/wp-content\/uploads\/2025\/06\/conta-de-luz_1749504401486.jpg","datePublished":"2025-11-05T17:15:00+00:00","dateModified":"2025-11-04T20:34:09+00:00","author":{"@id":"https:\/\/www.em.com.br\/emfoco\/#\/schema\/person\/649e610b4eb8fff87ff394e54fe17b2b"},"description":"A Tarifa Social oferece desconto de at\u00e9 65% na conta de luz, ajudando fam\u00edlias de baixa renda a economizar e manter a energia mais acess\u00edvel.","breadcrumb":{"@id":"https:\/\/www.em.com.br\/emfoco\/2025\/11\/05\/tarifa-social-da-desconto-de-ate-65-na-conta-de-luz\/#breadcrumb"},"inLanguage":"pt-BR","potentialAction":[{"@type":"ReadAction","target":["https:\/\/www.em.com.br\/emfoco\/2025\/11\/05\/tarifa-social-da-desconto-de-ate-65-na-conta-de-luz\/"]}]},{"@type":"ImageObject","inLanguage":"pt-BR","@id":"https:\/\/www.em.com.br\/emfoco\/2025\/11\/05\/tarifa-social-da-desconto-de-ate-65-na-conta-de-luz\/#primaryimage","url":"https:\/\/www.em.com.br\/emfoco\/wp-content\/uploads\/2025\/06\/conta-de-luz_1749504401486.jpg","contentUrl":"https:\/\/www.em.com.br\/emfoco\/wp-content\/uploads\/2025\/06\/conta-de-luz_1749504401486.jpg","width":1280,"height":720,"caption":"Dicas f\u00e1ceis para economizar energia e reduzir luz - Cr\u00e9ditos: depositphotos.com \/ volgariver"},{"@type":"BreadcrumbList","@id":"https:\/\/www.em.com.br\/emfoco\/2025\/11\/05\/tarifa-social-da-desconto-de-ate-65-na-conta-de-luz\/#breadcrumb","itemListElement":[{"@type":"ListItem","position":1,"name":"In\u00edcio","item":"https:\/\/www.em.com.br\/emfoco\/"},{"@type":"ListItem","position":2,"name":"Tarifa Social d\u00e1 desconto de at\u00e9 65% na conta de luz"}]},{"@type":"WebSite","@id":"https:\/\/www.em.com.br\/emfoco\/#website","url":"https:\/\/www.em.com.br\/emfoco\/","name":"Estado de Minas - Em foco","description":"Acompanhe as \u00faltimas not\u00edcias e fique bem informado sobre tudo o que acontece em Minas Gerais, Brasil e no mundo.","potentialAction":[{"@type":"SearchAction","target":{"@type":"EntryPoint","urlTemplate":"https:\/\/www.em.com.br\/emfoco\/?s={search_term_string}"},"query-input":{"@type":"PropertyValueSpecification","valueRequired":true,"valueName":"search_term_string"}}],"inLanguage":"pt-BR"},{"@type":"Person","@id":"https:\/\/www.em.com.br\/emfoco\/#\/schema\/person\/649e610b4eb8fff87ff394e54fe17b2b","name":"Ingrid Diniz","image":{"@type":"ImageObject","inLanguage":"pt-BR","@id":"https:\/\/www.em.com.br\/emfoco\/#\/schema\/person\/image\/","url":"https:\/\/secure.gravatar.com\/avatar\/a3baa1449ec5c39b4c42babc9d4f3951?s=96&d=mm&r=g","contentUrl":"https:\/\/secure.gravatar.com\/avatar\/a3baa1449ec5c39b4c42babc9d4f3951?s=96&d=mm&r=g","caption":"Ingrid Diniz"},"sameAs":["https:\/\/www.em.com.br\/"],"url":"https:\/\/www.em.com.br\/emfoco\/author\/ingridmyth\/"}]}},"_links":{"self":[{"href":"https:\/\/www.em.com.br\/emfoco\/wp-json\/wp\/v2\/posts\/123144","targetHints":{"allow":["GET"]}}],"collection":[{"href":"https:\/\/www.em.com.br\/emfoco\/wp-json\/wp\/v2\/posts"}],"about":[{"href":"https:\/\/www.em.com.br\/emfoco\/wp-json\/wp\/v2\/types\/post"}],"author":[{"embeddable":true,"href":"https:\/\/www.em.com.br\/emfoco\/wp-json\/wp\/v2\/users\/20"}],"replies":[{"embeddable":true,"href":"https:\/\/www.em.com.br\/emfoco\/wp-json\/wp\/v2\/comments?post=123144"}],"version-history":[{"count":2,"href":"https:\/\/www.em.com.br\/emfoco\/wp-json\/wp\/v2\/posts\/123144\/revisions"}],"predecessor-version":[{"id":123399,"href":"https:\/\/www.em.com.br\/emfoco\/wp-json\/wp\/v2\/posts\/123144\/revisions\/123399"}],"wp:featuredmedia":[{"embeddable":true,"href":"https:\/\/www.em.com.br\/emfoco\/wp-json\/wp\/v2\/media\/57984"}],"wp:attachment":[{"href":"https:\/\/www.em.com.br\/emfoco\/wp-json\/wp\/v2\/media?parent=123144"}],"wp:term":[{"taxonomy":"category","embeddable":true,"href":"https:\/\/www.em.com.br\/emfoco\/wp-json\/wp\/v2\/categories?post=123144"},{"taxonomy":"post_tag","embeddable":true,"href":"https:\/\/www.em.com.br\/emfoco\/wp-json\/wp\/v2\/tags?post=123144"}],"curies":[{"name":"wp","href":"https:\/\/api.w.org\/{rel}","templated":true}]}}