{"id":123143,"date":"2025-11-05T12:25:00","date_gmt":"2025-11-05T15:25:00","guid":{"rendered":"https:\/\/www.em.com.br\/emfoco\/?p=123143"},"modified":"2025-11-04T14:38:52","modified_gmt":"2025-11-04T17:38:52","slug":"aprenda-a-atualizar-o-cadunico-no-cras-e-nao-perca-seus-beneficios-sociais","status":"publish","type":"post","link":"https:\/\/www.em.com.br\/emfoco\/2025\/11\/05\/aprenda-a-atualizar-o-cadunico-no-cras-e-nao-perca-seus-beneficios-sociais\/","title":{"rendered":"Aprenda a atualizar o Cad\u00danico no CRAS e n\u00e3o perca seus benef\u00edcios sociais"},"content":{"rendered":"\n<p>O <strong>Cadastro \u00danico para Programas Sociais do Governo Federal<\/strong>, conhecido como <strong>Cadastro \u00danico<\/strong>, \u00e9 fundamental para identificar e caracterizar fam\u00edlias de baixa renda no <strong>Brasil<\/strong>, sendo essencial ao acesso a diversos <strong>benef\u00edcios sociais<\/strong>, como o <strong>Bolsa Fam\u00edlia e a Tarifa Social de Energia El\u00e9trica<\/strong>. Al\u00e9m de permitir o planejamento de pol\u00edticas p\u00fablicas para a popula\u00e7\u00e3o mais vulner\u00e1vel, tamb\u00e9m contribui para o fortalecimento da cidadania dessas fam\u00edlias.<\/p>\n\n\n\n<h2 class=\"wp-block-heading\">O que \u00e9 o Cadastro \u00danico?<\/h2>\n\n\n<div class=\"wp-block-image\">\n<figure class=\"aligncenter size-large\"><img loading=\"lazy\" decoding=\"async\" width=\"1024\" height=\"576\" src=\"https:\/\/www.em.com.br\/emfoco\/wp-content\/uploads\/2025\/07\/imposto_1753155461064-1024x576.jpg\" alt=\"Restitui\u00e7\u00e3o do 5\u00b0 lote do IR foi cancelado? Entenda melhor\" class=\"wp-image-79991\" srcset=\"https:\/\/www.em.com.br\/emfoco\/wp-content\/uploads\/2025\/07\/imposto_1753155461064-1024x576.jpg 1024w, https:\/\/www.em.com.br\/emfoco\/wp-content\/uploads\/2025\/07\/imposto_1753155461064-300x169.jpg 300w, https:\/\/www.em.com.br\/emfoco\/wp-content\/uploads\/2025\/07\/imposto_1753155461064-768x432.jpg 768w, https:\/\/www.em.com.br\/emfoco\/wp-content\/uploads\/2025\/07\/imposto_1753155461064-750x422.jpg 750w, https:\/\/www.em.com.br\/emfoco\/wp-content\/uploads\/2025\/07\/imposto_1753155461064-1140x641.jpg 1140w, https:\/\/www.em.com.br\/emfoco\/wp-content\/uploads\/2025\/07\/imposto_1753155461064.jpg 1280w\" sizes=\"auto, (max-width: 1024px) 100vw, 1024px\" \/><figcaption class=\"wp-element-caption\">Atualiza\u00e7\u00e3o do Cad\u00danico no CRAS garante acesso cont\u00ednuo aos benef\u00edcios sociais &#8211; Cr\u00e9ditos: depositphotos.com \/ VadimVasenin<\/figcaption><\/figure><\/div>\n\n\n<p>O <strong>Cadastro \u00danico<\/strong> \u00e9 um banco de dados do governo que re\u00fane informa\u00e7\u00f5es socioecon\u00f4micas das fam\u00edlias brasileiras de baixa renda, definidas pela renda mensal de at\u00e9 meio sal\u00e1rio m\u00ednimo por pessoa ou tr\u00eas sal\u00e1rios m\u00ednimos no total. Com essas informa\u00e7\u00f5es, o governo consegue entender o perfil social das fam\u00edlias e aprimorar a distribui\u00e7\u00e3o dos <strong>programas sociais<\/strong>.<\/p>\n\n\n\n<p>As informa\u00e7\u00f5es abrangem aspectos como n\u00famero de membros, escolaridade, trabalho, renda e caracter\u00edsticas do domic\u00edlio. A inscri\u00e7\u00e3o \u00e9 feita presencialmente em unidades do <strong>Centro de Refer\u00eancia de Assist\u00eancia Social <\/strong>(CRAS) ou outros postos autorizados pelas prefeituras. Atualmente, o <strong>Cadastro \u00danico<\/strong> tamb\u00e9m \u00e9 utilizado para sele\u00e7\u00e3o em novos programas sociais, como <strong>Aux\u00edlio G\u00e1s e Benef\u00edcio de Presta\u00e7\u00e3o Continuada<\/strong> (BPC), refor\u00e7ando sua import\u00e2ncia para a inclus\u00e3o social.<\/p>\n\n\n\n<h2 class=\"wp-block-heading\">Por que manter o Cadastro atualizado?<\/h2>\n\n\n\n<p>Manter as informa\u00e7\u00f5es do <strong><a href=\"https:\/\/www.gov.br\/pt-br\/servicos\/consultar-dados-do-cadastro-unico-cadunico\" target=\"_blank\" rel=\"noreferrer noopener\">Cadastro \u00danico<\/a><\/strong> em dia \u00e9 indispens\u00e1vel para garantir a continuidade dos benef\u00edcios governamentais. Mudan\u00e7as de endere\u00e7o, renda, trabalho, composi\u00e7\u00e3o familiar ou outras altera\u00e7\u00f5es devem ser comunicadas rapidamente para evitar a suspens\u00e3o dos aux\u00edlios.<\/p>\n\n\n\n<p>Essa atualiza\u00e7\u00e3o constante, obrigat\u00f3ria nos prazos exigidos, ajuda o governo a direcionar corretamente os benef\u00edcios, reduzindo fraudes e desperd\u00edcio de recursos. O processo garante que somente as fam\u00edlias que realmente precisam recebam atendimento priorit\u00e1rio. Vale lembrar que, se o cadastro ficar desatualizado por mais de dois anos, a fam\u00edlia corre o risco de ter o acesso a todos os benef\u00edcios bloqueado at\u00e9 que a situa\u00e7\u00e3o seja regularizada.<\/p>\n\n\n\n<p>Leia mais: <a href=\"https:\/\/www.em.com.br\/emfoco\/2025\/11\/01\/tablet-vs-notebook-entenda-qual-dispositivo-tem-melhor-custo-beneficio-no-estudo\/\" target=\"_blank\" rel=\"noreferrer noopener\">Tablet vs notebook, entenda qual dispositivo tem melhor custo-benef\u00edcio no estudo<\/a><\/p>\n\n\n\n<h2 class=\"wp-block-heading\">Como fazer a atualiza\u00e7\u00e3o corretamente?<\/h2>\n\n\n<div class=\"wp-block-image\">\n<figure class=\"aligncenter size-large\"><img loading=\"lazy\" decoding=\"async\" width=\"1024\" height=\"576\" src=\"https:\/\/www.em.com.br\/emfoco\/wp-content\/uploads\/2025\/10\/notebook_1761125745321-1024x576.jpg\" alt=\"\" class=\"wp-image-121574\" srcset=\"https:\/\/www.em.com.br\/emfoco\/wp-content\/uploads\/2025\/10\/notebook_1761125745321-1024x576.jpg 1024w, https:\/\/www.em.com.br\/emfoco\/wp-content\/uploads\/2025\/10\/notebook_1761125745321-300x169.jpg 300w, https:\/\/www.em.com.br\/emfoco\/wp-content\/uploads\/2025\/10\/notebook_1761125745321-768x432.jpg 768w, https:\/\/www.em.com.br\/emfoco\/wp-content\/uploads\/2025\/10\/notebook_1761125745321-750x422.jpg 750w, https:\/\/www.em.com.br\/emfoco\/wp-content\/uploads\/2025\/10\/notebook_1761125745321-1140x641.jpg 1140w, https:\/\/www.em.com.br\/emfoco\/wp-content\/uploads\/2025\/10\/notebook_1761125745321.jpg 1280w\" sizes=\"auto, (max-width: 1024px) 100vw, 1024px\" \/><figcaption class=\"wp-element-caption\">Atualiza\u00e7\u00e3o do Cad\u00danico no CRAS garante acesso cont\u00ednuo aos benef\u00edcios sociais &#8211; Cr\u00e9ditos: depositphotos.com \/ AndrewLozovyi<\/figcaption><\/figure><\/div>\n\n\n<p>Se voc\u00ea precisa atualizar seus dados no <strong>Cadastro \u00danico<\/strong>, saiba que o procedimento \u00e9 simples e exige aten\u00e7\u00e3o. \u00c9 importante reunir todos os documentos antes de procurar o atendimento, prezando sempre pela veracidade das informa\u00e7\u00f5es prestadas.<\/p>\n\n\n\n<p>A seguir, confira de maneira resumida o passo a passo para atualizar seu <strong>Cadastro \u00danico<\/strong> com seguran\u00e7a:<\/p>\n\n\n\n<ul class=\"wp-block-list\">\n<li><strong>Identificar a necessidade de atualiza\u00e7\u00e3o:<\/strong> Procure o \u00f3rg\u00e3o respons\u00e1vel no seu munic\u00edpio quando houver qualquer altera\u00e7\u00e3o relevante.<\/li>\n\n\n\n<li><strong>Reunir documentos necess\u00e1rios:<\/strong> Leve CPF, RG, t\u00edtulo de eleitor e comprovante de resid\u00eancia de todos os membros da fam\u00edlia.<\/li>\n\n\n\n<li><strong>Dirigir-se ao CRAS:<\/strong> Fa\u00e7a a atualiza\u00e7\u00e3o em postos autorizados, onde um agente corrigir\u00e1 os dados no sistema.<\/li>\n\n\n\n<li><strong>Realizar a atualiza\u00e7\u00e3o:<\/strong> Informe os dados corretamente para n\u00e3o comprometer o recebimento de benef\u00edcios.<\/li>\n\n\n\n<li><strong>Acompanhar a situa\u00e7\u00e3o:<\/strong> Ap\u00f3s atualizar, fique atento a confirma\u00e7\u00f5es e poss\u00edveis solicita\u00e7\u00f5es de ajustes do munic\u00edpio.<\/li>\n<\/ul>\n\n\n\n<p>Leia mais: <a href=\"https:\/\/www.em.com.br\/emfoco\/2025\/11\/02\/novo-beneficio-do-governo-tem-como-objetivo-reformar-sua-casa\/\" target=\"_blank\" rel=\"noreferrer noopener\">Novo benef\u00edcio do governo tem como objetivo reformar sua casa<\/a><\/p>\n\n\n\n<h2 class=\"wp-block-heading\">Por que o Cadastro \u00danico \u00e9 t\u00e3o importante?<\/h2>\n\n\n\n<p>O <strong>Cadastro \u00danico<\/strong> n\u00e3o \u00e9 apenas uma exig\u00eancia burocr\u00e1tica. Ele desempenha um papel essencial na implementa\u00e7\u00e3o de pol\u00edticas p\u00fablicas eficazes, promovendo a <strong>redu\u00e7\u00e3o da pobreza<\/strong> e ampliando o acesso da popula\u00e7\u00e3o vulner\u00e1vel aos seus direitos sociais.<\/p>\n\n\n\n<p>A atualiza\u00e7\u00e3o frequente dos dados garante que as fam\u00edlias continuem sendo atendidas conforme suas necessidades evoluem, criando um v\u00ednculo direto entre o cidad\u00e3o e o poder p\u00fablico e assegurando maior justi\u00e7a e desenvolvimento social. Al\u00e9m disso, a participa\u00e7\u00e3o no <strong>Cadastro \u00danico<\/strong> tamb\u00e9m viabiliza o acesso a outros benef\u00edcios futuros, e pode facilitar o acesso a pol\u00edticas estaduais ou municipais de habita\u00e7\u00e3o, educa\u00e7\u00e3o e sa\u00fade.<\/p>\n","protected":false},"excerpt":{"rendered":"<p>O Cadastro \u00danico para Programas Sociais do Governo Federal, conhecido como Cadastro \u00danico, \u00e9 fundamental para identificar e caracterizar fam\u00edlias de baixa renda no Brasil, sendo essencial ao acesso a diversos benef\u00edcios sociais, como o Bolsa Fam\u00edlia e a Tarifa Social de Energia El\u00e9trica. Al\u00e9m de permitir o planejamento de pol\u00edticas p\u00fablicas para a popula\u00e7\u00e3o [&hellip;]<\/p>\n","protected":false},"author":20,"featured_media":85843,"comment_status":"open","ping_status":"open","sticky":false,"template":"","format":"standard","meta":{"jnews-multi-image_gallery":[],"jnews_single_post":{"format":"standard"},"jnews_primary_category":[],"jnews_social_meta":[],"jnews_override_counter":[],"footnotes":""},"categories":[28,1],"tags":[16524,256,12081],"class_list":["post-123143","post","type-post","status-publish","format-standard","has-post-thumbnail","hentry","category-economia","category-noticias","tag-atualizacao-cadastral","tag-beneficios","tag-cadastro-unico-2"],"yoast_head":"<!-- This site is optimized with the Yoast SEO plugin v23.8 - https:\/\/yoast.com\/wordpress\/plugins\/seo\/ -->\n<title>Aprenda a atualizar o Cad\u00danico no CRAS e n\u00e3o perca seus benef\u00edcios sociais - Estado de Minas - Em foco<\/title>\n<meta name=\"description\" content=\"Atualize seu Cad\u00danico no CRAS de forma correta e dentro do prazo para garantir que seus benef\u00edcios sociais continuem ativos sem interrup\u00e7\u00f5es.\" \/>\n<meta name=\"robots\" content=\"index, follow, max-snippet:-1, max-image-preview:large, max-video-preview:-1\" \/>\n<link rel=\"canonical\" href=\"https:\/\/www.em.com.br\/emfoco\/2025\/11\/05\/aprenda-a-atualizar-o-cadunico-no-cras-e-nao-perca-seus-beneficios-sociais\/\" \/>\n<meta property=\"og:locale\" content=\"pt_BR\" \/>\n<meta property=\"og:type\" content=\"article\" \/>\n<meta property=\"og:title\" content=\"Aprenda a atualizar o Cad\u00danico no CRAS e n\u00e3o perca seus benef\u00edcios sociais - Estado de Minas - Em foco\" \/>\n<meta property=\"og:description\" content=\"Atualize seu Cad\u00danico no CRAS de forma correta e dentro do prazo para garantir que seus benef\u00edcios sociais continuem ativos sem interrup\u00e7\u00f5es.\" \/>\n<meta property=\"og:url\" content=\"https:\/\/www.em.com.br\/emfoco\/2025\/11\/05\/aprenda-a-atualizar-o-cadunico-no-cras-e-nao-perca-seus-beneficios-sociais\/\" \/>\n<meta property=\"og:site_name\" content=\"Estado de Minas - Em foco\" \/>\n<meta property=\"article:published_time\" content=\"2025-11-05T15:25:00+00:00\" \/>\n<meta property=\"article:modified_time\" content=\"2025-11-04T17:38:52+00:00\" \/>\n<meta property=\"og:image\" content=\"https:\/\/www.em.com.br\/emfoco\/wp-content\/uploads\/2025\/08\/dinheiro-bandeira-do-brasil_1754133548856.jpg\" \/>\n\t<meta property=\"og:image:width\" content=\"1280\" \/>\n\t<meta property=\"og:image:height\" content=\"720\" \/>\n\t<meta property=\"og:image:type\" content=\"image\/jpeg\" \/>\n<meta name=\"author\" content=\"Ingrid Diniz\" \/>\n<meta name=\"twitter:card\" content=\"summary_large_image\" \/>\n<meta name=\"twitter:label1\" content=\"Escrito por\" \/>\n\t<meta name=\"twitter:data1\" content=\"Ingrid Diniz\" \/>\n\t<meta name=\"twitter:label2\" content=\"Est. tempo de leitura\" \/>\n\t<meta name=\"twitter:data2\" content=\"4 minutos\" \/>\n<!-- \/ Yoast SEO plugin. -->","yoast_head_json":{"title":"Aprenda a atualizar o Cad\u00danico no CRAS e n\u00e3o perca seus benef\u00edcios sociais - Estado de Minas - Em foco","description":"Atualize seu Cad\u00danico no CRAS de forma correta e dentro do prazo para garantir que seus benef\u00edcios sociais continuem ativos sem interrup\u00e7\u00f5es.","robots":{"index":"index","follow":"follow","max-snippet":"max-snippet:-1","max-image-preview":"max-image-preview:large","max-video-preview":"max-video-preview:-1"},"canonical":"https:\/\/www.em.com.br\/emfoco\/2025\/11\/05\/aprenda-a-atualizar-o-cadunico-no-cras-e-nao-perca-seus-beneficios-sociais\/","og_locale":"pt_BR","og_type":"article","og_title":"Aprenda a atualizar o Cad\u00danico no CRAS e n\u00e3o perca seus benef\u00edcios sociais - Estado de Minas - Em foco","og_description":"Atualize seu Cad\u00danico no CRAS de forma correta e dentro do prazo para garantir que seus benef\u00edcios sociais continuem ativos sem interrup\u00e7\u00f5es.","og_url":"https:\/\/www.em.com.br\/emfoco\/2025\/11\/05\/aprenda-a-atualizar-o-cadunico-no-cras-e-nao-perca-seus-beneficios-sociais\/","og_site_name":"Estado de Minas - Em foco","article_published_time":"2025-11-05T15:25:00+00:00","article_modified_time":"2025-11-04T17:38:52+00:00","og_image":[{"width":1280,"height":720,"url":"https:\/\/www.em.com.br\/emfoco\/wp-content\/uploads\/2025\/08\/dinheiro-bandeira-do-brasil_1754133548856.jpg","type":"image\/jpeg"}],"author":"Ingrid Diniz","twitter_card":"summary_large_image","twitter_misc":{"Escrito por":"Ingrid Diniz","Est. tempo de leitura":"4 minutos"},"schema":{"@context":"https:\/\/schema.org","@graph":[{"@type":"WebPage","@id":"https:\/\/www.em.com.br\/emfoco\/2025\/11\/05\/aprenda-a-atualizar-o-cadunico-no-cras-e-nao-perca-seus-beneficios-sociais\/","url":"https:\/\/www.em.com.br\/emfoco\/2025\/11\/05\/aprenda-a-atualizar-o-cadunico-no-cras-e-nao-perca-seus-beneficios-sociais\/","name":"Aprenda a atualizar o Cad\u00danico no CRAS e n\u00e3o perca seus benef\u00edcios sociais - Estado de Minas - Em foco","isPartOf":{"@id":"https:\/\/www.em.com.br\/emfoco\/#website"},"primaryImageOfPage":{"@id":"https:\/\/www.em.com.br\/emfoco\/2025\/11\/05\/aprenda-a-atualizar-o-cadunico-no-cras-e-nao-perca-seus-beneficios-sociais\/#primaryimage"},"image":{"@id":"https:\/\/www.em.com.br\/emfoco\/2025\/11\/05\/aprenda-a-atualizar-o-cadunico-no-cras-e-nao-perca-seus-beneficios-sociais\/#primaryimage"},"thumbnailUrl":"https:\/\/www.em.com.br\/emfoco\/wp-content\/uploads\/2025\/08\/dinheiro-bandeira-do-brasil_1754133548856.jpg","datePublished":"2025-11-05T15:25:00+00:00","dateModified":"2025-11-04T17:38:52+00:00","author":{"@id":"https:\/\/www.em.com.br\/emfoco\/#\/schema\/person\/649e610b4eb8fff87ff394e54fe17b2b"},"description":"Atualize seu Cad\u00danico no CRAS de forma correta e dentro do prazo para garantir que seus benef\u00edcios sociais continuem ativos sem interrup\u00e7\u00f5es.","breadcrumb":{"@id":"https:\/\/www.em.com.br\/emfoco\/2025\/11\/05\/aprenda-a-atualizar-o-cadunico-no-cras-e-nao-perca-seus-beneficios-sociais\/#breadcrumb"},"inLanguage":"pt-BR","potentialAction":[{"@type":"ReadAction","target":["https:\/\/www.em.com.br\/emfoco\/2025\/11\/05\/aprenda-a-atualizar-o-cadunico-no-cras-e-nao-perca-seus-beneficios-sociais\/"]}]},{"@type":"ImageObject","inLanguage":"pt-BR","@id":"https:\/\/www.em.com.br\/emfoco\/2025\/11\/05\/aprenda-a-atualizar-o-cadunico-no-cras-e-nao-perca-seus-beneficios-sociais\/#primaryimage","url":"https:\/\/www.em.com.br\/emfoco\/wp-content\/uploads\/2025\/08\/dinheiro-bandeira-do-brasil_1754133548856.jpg","contentUrl":"https:\/\/www.em.com.br\/emfoco\/wp-content\/uploads\/2025\/08\/dinheiro-bandeira-do-brasil_1754133548856.jpg","width":1280,"height":720,"caption":"Calend\u00e1rio fixo do PIS\/Pasep 2026 e direito ao abono - Cr\u00e9ditos: depositphotos.com \/ gustavomello162.hotmail.com"},{"@type":"BreadcrumbList","@id":"https:\/\/www.em.com.br\/emfoco\/2025\/11\/05\/aprenda-a-atualizar-o-cadunico-no-cras-e-nao-perca-seus-beneficios-sociais\/#breadcrumb","itemListElement":[{"@type":"ListItem","position":1,"name":"In\u00edcio","item":"https:\/\/www.em.com.br\/emfoco\/"},{"@type":"ListItem","position":2,"name":"Aprenda a atualizar o Cad\u00danico no CRAS e n\u00e3o perca seus benef\u00edcios sociais"}]},{"@type":"WebSite","@id":"https:\/\/www.em.com.br\/emfoco\/#website","url":"https:\/\/www.em.com.br\/emfoco\/","name":"Estado de Minas - Em foco","description":"Acompanhe as \u00faltimas not\u00edcias e fique bem informado sobre tudo o que acontece em Minas Gerais, Brasil e no mundo.","potentialAction":[{"@type":"SearchAction","target":{"@type":"EntryPoint","urlTemplate":"https:\/\/www.em.com.br\/emfoco\/?s={search_term_string}"},"query-input":{"@type":"PropertyValueSpecification","valueRequired":true,"valueName":"search_term_string"}}],"inLanguage":"pt-BR"},{"@type":"Person","@id":"https:\/\/www.em.com.br\/emfoco\/#\/schema\/person\/649e610b4eb8fff87ff394e54fe17b2b","name":"Ingrid Diniz","image":{"@type":"ImageObject","inLanguage":"pt-BR","@id":"https:\/\/www.em.com.br\/emfoco\/#\/schema\/person\/image\/","url":"https:\/\/secure.gravatar.com\/avatar\/a3baa1449ec5c39b4c42babc9d4f3951?s=96&d=mm&r=g","contentUrl":"https:\/\/secure.gravatar.com\/avatar\/a3baa1449ec5c39b4c42babc9d4f3951?s=96&d=mm&r=g","caption":"Ingrid Diniz"},"sameAs":["https:\/\/www.em.com.br\/"],"url":"https:\/\/www.em.com.br\/emfoco\/author\/ingridmyth\/"}]}},"_links":{"self":[{"href":"https:\/\/www.em.com.br\/emfoco\/wp-json\/wp\/v2\/posts\/123143","targetHints":{"allow":["GET"]}}],"collection":[{"href":"https:\/\/www.em.com.br\/emfoco\/wp-json\/wp\/v2\/posts"}],"about":[{"href":"https:\/\/www.em.com.br\/emfoco\/wp-json\/wp\/v2\/types\/post"}],"author":[{"embeddable":true,"href":"https:\/\/www.em.com.br\/emfoco\/wp-json\/wp\/v2\/users\/20"}],"replies":[{"embeddable":true,"href":"https:\/\/www.em.com.br\/emfoco\/wp-json\/wp\/v2\/comments?post=123143"}],"version-history":[{"count":1,"href":"https:\/\/www.em.com.br\/emfoco\/wp-json\/wp\/v2\/posts\/123143\/revisions"}],"predecessor-version":[{"id":123236,"href":"https:\/\/www.em.com.br\/emfoco\/wp-json\/wp\/v2\/posts\/123143\/revisions\/123236"}],"wp:featuredmedia":[{"embeddable":true,"href":"https:\/\/www.em.com.br\/emfoco\/wp-json\/wp\/v2\/media\/85843"}],"wp:attachment":[{"href":"https:\/\/www.em.com.br\/emfoco\/wp-json\/wp\/v2\/media?parent=123143"}],"wp:term":[{"taxonomy":"category","embeddable":true,"href":"https:\/\/www.em.com.br\/emfoco\/wp-json\/wp\/v2\/categories?post=123143"},{"taxonomy":"post_tag","embeddable":true,"href":"https:\/\/www.em.com.br\/emfoco\/wp-json\/wp\/v2\/tags?post=123143"}],"curies":[{"name":"wp","href":"https:\/\/api.w.org\/{rel}","templated":true}]}}