{"id":123067,"date":"2025-11-04T17:00:00","date_gmt":"2025-11-04T20:00:00","guid":{"rendered":"https:\/\/www.em.com.br\/emfoco\/?p=123067"},"modified":"2025-11-04T12:33:32","modified_gmt":"2025-11-04T15:33:32","slug":"tribunal-determinou-que-um-imovel-nao-pode-ser-arrematado-por-menos-de-50-de-seu-valor-sob-pena-de-causar-um-prejuizo","status":"publish","type":"post","link":"https:\/\/www.em.com.br\/emfoco\/2025\/11\/04\/tribunal-determinou-que-um-imovel-nao-pode-ser-arrematado-por-menos-de-50-de-seu-valor-sob-pena-de-causar-um-prejuizo\/","title":{"rendered":"Tribunal determinou que um im\u00f3vel n\u00e3o pode ser arrematado por menos de 50% de seu valor, sob pena de causar um preju\u00edzo\u00a0"},"content":{"rendered":"\n<p>A arremata\u00e7\u00e3o de&nbsp;<strong>im\u00f3veis em leil\u00f5es<\/strong>&nbsp;\u00e9 um procedimento que exige respeito a regras espec\u00edficas, principalmente quanto ao valor m\u00ednimo de venda, sendo uma garantia de justi\u00e7a no processo e de prote\u00e7\u00e3o ao devedor diante de poss\u00edveis preju\u00edzos.<\/p>\n\n\n\n<h2 class=\"wp-block-heading\">Por que existe um valor m\u00ednimo para arrematar im\u00f3veis em leil\u00f5es<\/h2>\n\n\n\n<p>A&nbsp;<strong>legisla\u00e7\u00e3o brasileira<\/strong>&nbsp;n\u00e3o permite que um im\u00f3vel seja arrematado por quantia inferior a 50% do seu valor de avalia\u00e7\u00e3o. Essa exig\u00eancia est\u00e1 presente no C\u00f3digo de Processo Civil, garantindo maior equil\u00edbrio nas rela\u00e7\u00f5es judiciais e prote\u00e7\u00e3o ao devedor.<\/p>\n\n\n\n<p>Al\u00e9m disso, o valor m\u00ednimo contribui para a moralidade e seguran\u00e7a das transa\u00e7\u00f5es em leil\u00f5es judiciais, evitando aliena\u00e7\u00f5es por pre\u00e7os insignificantes e desproporcionais.<\/p>\n\n\n\n<h2 class=\"wp-block-heading\">Como o STJ define e aplica o conceito de pre\u00e7o vil em leil\u00f5es<\/h2>\n\n\n\n<p>O&nbsp;<strong>Superior Tribunal de Justi\u00e7a<\/strong>&nbsp;tem entendimento consolidado sobre o conceito de pre\u00e7o vil, determinando que nenhuma arremata\u00e7\u00e3o pode acontecer por menos de 50% do valor avaliado do im\u00f3vel.<\/p>\n\n\n\n<p>Essa diretriz visa aumentar a seguran\u00e7a jur\u00eddica nas execu\u00e7\u00f5es e impedir preju\u00edzo excessivo ao devedor, conforme decis\u00f5es recentes do tribunal.<\/p>\n\n\n\n<figure class=\"wp-block-image size-large\"><img loading=\"lazy\" decoding=\"async\" width=\"1024\" height=\"576\" src=\"https:\/\/www.em.com.br\/emfoco\/wp-content\/uploads\/2025\/11\/leilao-de-imovel_1762229123056-1024x576.jpg\" alt=\"\" class=\"wp-image-123070\" srcset=\"https:\/\/www.em.com.br\/emfoco\/wp-content\/uploads\/2025\/11\/leilao-de-imovel_1762229123056-1024x576.jpg 1024w, https:\/\/www.em.com.br\/emfoco\/wp-content\/uploads\/2025\/11\/leilao-de-imovel_1762229123056-300x169.jpg 300w, https:\/\/www.em.com.br\/emfoco\/wp-content\/uploads\/2025\/11\/leilao-de-imovel_1762229123056-768x432.jpg 768w, https:\/\/www.em.com.br\/emfoco\/wp-content\/uploads\/2025\/11\/leilao-de-imovel_1762229123056-750x422.jpg 750w, https:\/\/www.em.com.br\/emfoco\/wp-content\/uploads\/2025\/11\/leilao-de-imovel_1762229123056-1140x641.jpg 1140w, https:\/\/www.em.com.br\/emfoco\/wp-content\/uploads\/2025\/11\/leilao-de-imovel_1762229123056.jpg 1280w\" sizes=\"auto, (max-width: 1024px) 100vw, 1024px\" \/><figcaption class=\"wp-element-caption\">STJ reafirma que im\u00f3vel n\u00e3o pode ser arrematado por menos de 50% do valor avaliado &#8211; Cr\u00e9ditos: depositphotos.com \/ AndrewLozovyi<\/figcaption><\/figure>\n\n\n\n<h2 class=\"wp-block-heading\">O que diz a decis\u00e3o sobre o leil\u00e3o anulado por valor inferior ao m\u00ednimo<\/h2>\n\n\n\n<p>No caso em an\u00e1lise, o ministro\u00a0<strong>Marco Buzzi<\/strong>\u00a0ressaltou que, mesmo para im\u00f3veis sob a <a href=\"https:\/\/www.planalto.gov.br\/ccivil_03\/leis\/l9514.htm\" target=\"_blank\" rel=\"noreferrer noopener\">Lei 9.514\/1997<\/a>, a venda n\u00e3o pode ocorrer por valor inferior \u00e0 metade da avalia\u00e7\u00e3o.<\/p>\n\n\n\n<p><a href=\"https:\/\/www.conjur.com.br\/wp-content\/uploads\/2025\/10\/stj_dje_20251002_0_50998651-1.pdf\" target=\"_blank\" rel=\"noreferrer noopener\">A decis\u00e3o \u00e9 emblem\u00e1tica e refor\u00e7a que o princ\u00edpio da prote\u00e7\u00e3o ao devedor <\/a>deve ser observado tanto em leil\u00f5es judiciais quanto extrajudiciais, inclusive em situa\u00e7\u00f5es de aliena\u00e7\u00e3o fiduci\u00e1ria de im\u00f3veis.<\/p>\n\n\n\n<h2 class=\"wp-block-heading\">Quais argumentos fundamentaram o pedido de anula\u00e7\u00e3o do leil\u00e3o<\/h2>\n\n\n\n<p>No processo que motivou a decis\u00e3o do STJ, os autores argumentaram que o im\u00f3vel havia sido vendido por apenas 39,8% do seu valor, o que representava preju\u00edzo e injusti\u00e7a. Para contextualizar essa alega\u00e7\u00e3o, apresentaram fundamentos jur\u00eddicos claros:<\/p>\n\n\n\n<ul class=\"wp-block-list\">\n<li>Venda por percentual muito abaixo do valor de avalia\u00e7\u00e3o;<\/li>\n\n\n\n<li>Desrespeito \u00e0s normas legais de prote\u00e7\u00e3o ao devedor;<\/li>\n\n\n\n<li>Risco de enfraquecimento da credibilidade dos leil\u00f5es judiciais e extrajudiciais.<\/li>\n<\/ul>\n\n\n\n<h2 class=\"wp-block-heading\">Qual a import\u00e2ncia da decis\u00e3o do STJ para a prote\u00e7\u00e3o do devedor<\/h2>\n\n\n\n<p>A decis\u00e3o do&nbsp;<strong>STJ<\/strong>&nbsp;destaca a relev\u00e2ncia do valor m\u00ednimo como garantia aos direitos do devedor fiduciante, estabelecendo que a medida n\u00e3o \u00e9 meramente formal, mas essencial para assegurar transa\u00e7\u00f5es justas.<\/p>\n\n\n\n<p>A ado\u00e7\u00e3o dessa orienta\u00e7\u00e3o fortalece o controle e a auditoria dos processos, promovendo a confian\u00e7a no sistema de leil\u00f5es e inibindo pr\u00e1ticas lesivas.<\/p>\n\n\n\n<p><strong>Fonte:<\/strong>\u00a0<a href=\"https:\/\/www.conjur.com.br\/2025-nov-02\/imovel-nao-pode-ser-arrematado-por-menos-de-50-de-seu-valor-diz-stj\/\" target=\"_blank\" rel=\"noreferrer noopener\">Conjur<\/a><\/p>\n\n\n\n<p><\/p>\n","protected":false},"excerpt":{"rendered":"<p>A arremata\u00e7\u00e3o de&nbsp;im\u00f3veis em leil\u00f5es&nbsp;\u00e9 um procedimento que exige respeito a regras espec\u00edficas, principalmente quanto ao valor m\u00ednimo de venda, sendo uma garantia de justi\u00e7a no processo e de prote\u00e7\u00e3o ao devedor diante de poss\u00edveis preju\u00edzos. Por que existe um valor m\u00ednimo para arrematar im\u00f3veis em leil\u00f5es A&nbsp;legisla\u00e7\u00e3o brasileira&nbsp;n\u00e3o permite que um im\u00f3vel seja arrematado [&hellip;]<\/p>\n","protected":false},"author":11,"featured_media":123072,"comment_status":"open","ping_status":"open","sticky":false,"template":"","format":"standard","meta":{"jnews-multi-image_gallery":[],"jnews_single_post":{"format":"standard"},"jnews_primary_category":[],"jnews_social_meta":[],"jnews_override_counter":[],"footnotes":""},"categories":[28,1],"tags":[816,1633,16372,5956,4569,2247],"class_list":["post-123067","post","type-post","status-publish","format-standard","has-post-thumbnail","hentry","category-economia","category-noticias","tag-imoveis","tag-leilao","tag-leilao-de-imoveis","tag-stj","tag-valor","tag-vendas"],"yoast_head":"<!-- This site is optimized with the Yoast SEO plugin v23.8 - https:\/\/yoast.com\/wordpress\/plugins\/seo\/ -->\n<title>Tribunal determinou que um im\u00f3vel n\u00e3o pode ser arrematado por menos de 50% de seu valor, sob pena de causar um preju\u00edzo\u00a0 - Estado de Minas - Em foco<\/title>\n<meta name=\"description\" content=\"STJ decide que im\u00f3veis n\u00e3o podem ser arrematados por menos de 50% da avalia\u00e7\u00e3o, refor\u00e7ando prote\u00e7\u00e3o ao devedor.\" \/>\n<meta name=\"robots\" content=\"index, follow, max-snippet:-1, max-image-preview:large, max-video-preview:-1\" \/>\n<link rel=\"canonical\" href=\"https:\/\/www.em.com.br\/emfoco\/2025\/11\/04\/tribunal-determinou-que-um-imovel-nao-pode-ser-arrematado-por-menos-de-50-de-seu-valor-sob-pena-de-causar-um-prejuizo\/\" \/>\n<meta property=\"og:locale\" content=\"pt_BR\" \/>\n<meta property=\"og:type\" content=\"article\" \/>\n<meta property=\"og:title\" content=\"Tribunal determinou que um im\u00f3vel n\u00e3o pode ser arrematado por menos de 50% de seu valor, sob pena de causar um preju\u00edzo\u00a0 - Estado de Minas - Em foco\" \/>\n<meta property=\"og:description\" content=\"STJ decide que im\u00f3veis n\u00e3o podem ser arrematados por menos de 50% da avalia\u00e7\u00e3o, refor\u00e7ando prote\u00e7\u00e3o ao devedor.\" \/>\n<meta property=\"og:url\" content=\"https:\/\/www.em.com.br\/emfoco\/2025\/11\/04\/tribunal-determinou-que-um-imovel-nao-pode-ser-arrematado-por-menos-de-50-de-seu-valor-sob-pena-de-causar-um-prejuizo\/\" \/>\n<meta property=\"og:site_name\" content=\"Estado de Minas - Em foco\" \/>\n<meta property=\"article:published_time\" content=\"2025-11-04T20:00:00+00:00\" \/>\n<meta property=\"article:modified_time\" content=\"2025-11-04T15:33:32+00:00\" \/>\n<meta property=\"og:image\" content=\"https:\/\/www.em.com.br\/emfoco\/wp-content\/uploads\/2025\/11\/Gemini_Generated_Image_8k3p938k3p938k3p-1.png\" \/>\n\t<meta property=\"og:image:width\" content=\"1280\" \/>\n\t<meta property=\"og:image:height\" content=\"720\" \/>\n\t<meta property=\"og:image:type\" content=\"image\/png\" \/>\n<meta name=\"author\" content=\"Andre\u0301 Rangel\u00a0\" \/>\n<meta name=\"twitter:card\" content=\"summary_large_image\" \/>\n<meta name=\"twitter:label1\" content=\"Escrito por\" \/>\n\t<meta name=\"twitter:data1\" content=\"Andre\u0301 Rangel\u00a0\" \/>\n\t<meta name=\"twitter:label2\" content=\"Est. tempo de leitura\" \/>\n\t<meta name=\"twitter:data2\" content=\"3 minutos\" \/>\n<!-- \/ Yoast SEO plugin. -->","yoast_head_json":{"title":"Tribunal determinou que um im\u00f3vel n\u00e3o pode ser arrematado por menos de 50% de seu valor, sob pena de causar um preju\u00edzo\u00a0 - Estado de Minas - Em foco","description":"STJ decide que im\u00f3veis n\u00e3o podem ser arrematados por menos de 50% da avalia\u00e7\u00e3o, refor\u00e7ando prote\u00e7\u00e3o ao devedor.","robots":{"index":"index","follow":"follow","max-snippet":"max-snippet:-1","max-image-preview":"max-image-preview:large","max-video-preview":"max-video-preview:-1"},"canonical":"https:\/\/www.em.com.br\/emfoco\/2025\/11\/04\/tribunal-determinou-que-um-imovel-nao-pode-ser-arrematado-por-menos-de-50-de-seu-valor-sob-pena-de-causar-um-prejuizo\/","og_locale":"pt_BR","og_type":"article","og_title":"Tribunal determinou que um im\u00f3vel n\u00e3o pode ser arrematado por menos de 50% de seu valor, sob pena de causar um preju\u00edzo\u00a0 - Estado de Minas - Em foco","og_description":"STJ decide que im\u00f3veis n\u00e3o podem ser arrematados por menos de 50% da avalia\u00e7\u00e3o, refor\u00e7ando prote\u00e7\u00e3o ao devedor.","og_url":"https:\/\/www.em.com.br\/emfoco\/2025\/11\/04\/tribunal-determinou-que-um-imovel-nao-pode-ser-arrematado-por-menos-de-50-de-seu-valor-sob-pena-de-causar-um-prejuizo\/","og_site_name":"Estado de Minas - Em foco","article_published_time":"2025-11-04T20:00:00+00:00","article_modified_time":"2025-11-04T15:33:32+00:00","og_image":[{"width":1280,"height":720,"url":"https:\/\/www.em.com.br\/emfoco\/wp-content\/uploads\/2025\/11\/Gemini_Generated_Image_8k3p938k3p938k3p-1.png","type":"image\/png"}],"author":"Andre\u0301 Rangel\u00a0","twitter_card":"summary_large_image","twitter_misc":{"Escrito por":"Andre\u0301 Rangel\u00a0","Est. tempo de leitura":"3 minutos"},"schema":{"@context":"https:\/\/schema.org","@graph":[{"@type":"WebPage","@id":"https:\/\/www.em.com.br\/emfoco\/2025\/11\/04\/tribunal-determinou-que-um-imovel-nao-pode-ser-arrematado-por-menos-de-50-de-seu-valor-sob-pena-de-causar-um-prejuizo\/","url":"https:\/\/www.em.com.br\/emfoco\/2025\/11\/04\/tribunal-determinou-que-um-imovel-nao-pode-ser-arrematado-por-menos-de-50-de-seu-valor-sob-pena-de-causar-um-prejuizo\/","name":"Tribunal determinou que um im\u00f3vel n\u00e3o pode ser arrematado por menos de 50% de seu valor, sob pena de causar um preju\u00edzo\u00a0 - Estado de Minas - Em foco","isPartOf":{"@id":"https:\/\/www.em.com.br\/emfoco\/#website"},"primaryImageOfPage":{"@id":"https:\/\/www.em.com.br\/emfoco\/2025\/11\/04\/tribunal-determinou-que-um-imovel-nao-pode-ser-arrematado-por-menos-de-50-de-seu-valor-sob-pena-de-causar-um-prejuizo\/#primaryimage"},"image":{"@id":"https:\/\/www.em.com.br\/emfoco\/2025\/11\/04\/tribunal-determinou-que-um-imovel-nao-pode-ser-arrematado-por-menos-de-50-de-seu-valor-sob-pena-de-causar-um-prejuizo\/#primaryimage"},"thumbnailUrl":"https:\/\/www.em.com.br\/emfoco\/wp-content\/uploads\/2025\/11\/Gemini_Generated_Image_8k3p938k3p938k3p-1.png","datePublished":"2025-11-04T20:00:00+00:00","dateModified":"2025-11-04T15:33:32+00:00","author":{"@id":"https:\/\/www.em.com.br\/emfoco\/#\/schema\/person\/60eda09c1fedf0d6891f4cef4b60b8b8"},"description":"STJ decide que im\u00f3veis n\u00e3o podem ser arrematados por menos de 50% da avalia\u00e7\u00e3o, refor\u00e7ando prote\u00e7\u00e3o ao devedor.","breadcrumb":{"@id":"https:\/\/www.em.com.br\/emfoco\/2025\/11\/04\/tribunal-determinou-que-um-imovel-nao-pode-ser-arrematado-por-menos-de-50-de-seu-valor-sob-pena-de-causar-um-prejuizo\/#breadcrumb"},"inLanguage":"pt-BR","potentialAction":[{"@type":"ReadAction","target":["https:\/\/www.em.com.br\/emfoco\/2025\/11\/04\/tribunal-determinou-que-um-imovel-nao-pode-ser-arrematado-por-menos-de-50-de-seu-valor-sob-pena-de-causar-um-prejuizo\/"]}]},{"@type":"ImageObject","inLanguage":"pt-BR","@id":"https:\/\/www.em.com.br\/emfoco\/2025\/11\/04\/tribunal-determinou-que-um-imovel-nao-pode-ser-arrematado-por-menos-de-50-de-seu-valor-sob-pena-de-causar-um-prejuizo\/#primaryimage","url":"https:\/\/www.em.com.br\/emfoco\/wp-content\/uploads\/2025\/11\/Gemini_Generated_Image_8k3p938k3p938k3p-1.png","contentUrl":"https:\/\/www.em.com.br\/emfoco\/wp-content\/uploads\/2025\/11\/Gemini_Generated_Image_8k3p938k3p938k3p-1.png","width":1280,"height":720,"caption":"STJ pro\u00edbe venda de im\u00f3veis por menos da metade do valor"},{"@type":"BreadcrumbList","@id":"https:\/\/www.em.com.br\/emfoco\/2025\/11\/04\/tribunal-determinou-que-um-imovel-nao-pode-ser-arrematado-por-menos-de-50-de-seu-valor-sob-pena-de-causar-um-prejuizo\/#breadcrumb","itemListElement":[{"@type":"ListItem","position":1,"name":"In\u00edcio","item":"https:\/\/www.em.com.br\/emfoco\/"},{"@type":"ListItem","position":2,"name":"Tribunal determinou que um im\u00f3vel n\u00e3o pode ser arrematado por menos de 50% de seu valor, sob pena de causar um preju\u00edzo\u00a0"}]},{"@type":"WebSite","@id":"https:\/\/www.em.com.br\/emfoco\/#website","url":"https:\/\/www.em.com.br\/emfoco\/","name":"Estado de Minas - Em foco","description":"Acompanhe as \u00faltimas not\u00edcias e fique bem informado sobre tudo o que acontece em Minas Gerais, Brasil e no mundo.","potentialAction":[{"@type":"SearchAction","target":{"@type":"EntryPoint","urlTemplate":"https:\/\/www.em.com.br\/emfoco\/?s={search_term_string}"},"query-input":{"@type":"PropertyValueSpecification","valueRequired":true,"valueName":"search_term_string"}}],"inLanguage":"pt-BR"},{"@type":"Person","@id":"https:\/\/www.em.com.br\/emfoco\/#\/schema\/person\/60eda09c1fedf0d6891f4cef4b60b8b8","name":"Andre\u0301 Rangel\u00a0","image":{"@type":"ImageObject","inLanguage":"pt-BR","@id":"https:\/\/www.em.com.br\/emfoco\/#\/schema\/person\/image\/","url":"https:\/\/secure.gravatar.com\/avatar\/6234dc814c77c8ef6d8bba622c787efc?s=96&d=mm&r=g","contentUrl":"https:\/\/secure.gravatar.com\/avatar\/6234dc814c77c8ef6d8bba622c787efc?s=96&d=mm&r=g","caption":"Andre\u0301 Rangel\u00a0"},"url":"https:\/\/www.em.com.br\/emfoco\/author\/luizmyth\/"}]}},"_links":{"self":[{"href":"https:\/\/www.em.com.br\/emfoco\/wp-json\/wp\/v2\/posts\/123067","targetHints":{"allow":["GET"]}}],"collection":[{"href":"https:\/\/www.em.com.br\/emfoco\/wp-json\/wp\/v2\/posts"}],"about":[{"href":"https:\/\/www.em.com.br\/emfoco\/wp-json\/wp\/v2\/types\/post"}],"author":[{"embeddable":true,"href":"https:\/\/www.em.com.br\/emfoco\/wp-json\/wp\/v2\/users\/11"}],"replies":[{"embeddable":true,"href":"https:\/\/www.em.com.br\/emfoco\/wp-json\/wp\/v2\/comments?post=123067"}],"version-history":[{"count":1,"href":"https:\/\/www.em.com.br\/emfoco\/wp-json\/wp\/v2\/posts\/123067\/revisions"}],"predecessor-version":[{"id":123071,"href":"https:\/\/www.em.com.br\/emfoco\/wp-json\/wp\/v2\/posts\/123067\/revisions\/123071"}],"wp:featuredmedia":[{"embeddable":true,"href":"https:\/\/www.em.com.br\/emfoco\/wp-json\/wp\/v2\/media\/123072"}],"wp:attachment":[{"href":"https:\/\/www.em.com.br\/emfoco\/wp-json\/wp\/v2\/media?parent=123067"}],"wp:term":[{"taxonomy":"category","embeddable":true,"href":"https:\/\/www.em.com.br\/emfoco\/wp-json\/wp\/v2\/categories?post=123067"},{"taxonomy":"post_tag","embeddable":true,"href":"https:\/\/www.em.com.br\/emfoco\/wp-json\/wp\/v2\/tags?post=123067"}],"curies":[{"name":"wp","href":"https:\/\/api.w.org\/{rel}","templated":true}]}}