{"id":123026,"date":"2025-11-05T21:25:42","date_gmt":"2025-11-06T00:25:42","guid":{"rendered":"https:\/\/www.em.com.br\/emfoco\/?p=123026"},"modified":"2025-11-04T18:23:49","modified_gmt":"2025-11-04T21:23:49","slug":"moradores-estao-usando-casca-de-banana-nas-plantas-e-o-resultado-surpreende","status":"publish","type":"post","link":"https:\/\/www.em.com.br\/emfoco\/2025\/11\/05\/moradores-estao-usando-casca-de-banana-nas-plantas-e-o-resultado-surpreende\/","title":{"rendered":"Moradores est\u00e3o usando casca de banana nas plantas e o resultado surpreende"},"content":{"rendered":"\n<p>Ao consumir <b>banana<\/b>, a <b>casca <\/b>geralmente \u00e9 descartada, mas esse <b>res\u00edduo<\/b> pode se transformar em um eficiente aliado para <b>fortalecer plantas<\/b>, gra\u00e7as \u00e0 sua riqueza em <b>pot\u00e1ssio<\/b>, <b>f\u00f3sforo<\/b> e <b>c\u00e1lcio<\/b>, elementos essenciais para o <b>desenvolvimento radicular<\/b> e o <b>florescimento natural<\/b>.<\/p>\n\n\n\n<h2 class=\"wp-block-heading\">Como preparar o fertilizante natural de casca de banana para plantas<\/h2>\n\n\n\n<p>O preparo desse <b>adubo caseiro<\/b> \u00e9 simples e pode ser feito por qualquer pessoa. Basta juntar <b>cascas<\/b> de duas ou tr\u00eas bananas limpas, sem res\u00edduos de fruta, cortar em peda\u00e7os pequenos e bater no <b>liquidificador<\/b> com um copo de <b>\u00e1gua<\/b>.<\/p>\n\n\n\n<iframe loading=\"lazy\" width=\"560\" height=\"315\" src=\"https:\/\/www.youtube.com\/embed\/Z5lkJ6rzvOo?si=6u8z19P9KEr0bFkq\" title=\"YouTube video player\" frameborder=\"0\" allow=\"accelerometer; autoplay; clipboard-write; encrypted-media; gyroscope; picture-in-picture; web-share\" referrerpolicy=\"strict-origin-when-cross-origin\" allowfullscreen><\/iframe>\n\n\n\n<p>Ap\u00f3s obter uma <b>mistura homog\u00eanea<\/b>, aplique-a diretamente na <b>terra<\/b> ao redor das <b>ra\u00edzes das plantas<\/b> para garantir que os <b>nutrientes<\/b> sejam absorvidos de forma eficiente e segura para o desenvolvimento das mudas.<\/p>\n\n\n\n<h2 class=\"wp-block-heading\">Veja como usar o fertilizante de forma correta nas plantas<\/h2>\n\n\n\n<p>A <b>aplica\u00e7\u00e3o correta<\/b> do fertilizante potencializa seus benef\u00edcios e evita danos \u00e0s plantas. Lembre-se de despejar a mistura sempre na <b>base<\/b>, pr\u00f3ximo \u00e0s <b>ra\u00edzes<\/b>, e nunca sobre as <b>folhas mais delicadas<\/b>.<\/p>\n\n\n\n<p>Durante a <b>primavera<\/b> e o <b>ver\u00e3o<\/b>, quando as plantas necessitam de mais <b>nutrientes<\/b>, recomenda-se aplicar uma vez por semana para estimular um <b>crescimento saud\u00e1vel<\/b> e <b>vigoroso<\/b>.<\/p>\n\n\n\n<h2 class=\"wp-block-heading\">Quais cuidados s\u00e3o necess\u00e1rios ao utilizar este fertilizante nas plantas<\/h2>\n\n\n\n<p>Apesar dos <b>benef\u00edcios<\/b>, \u00e9 essencial tomar alguns <b>cuidados<\/b> para garantir bons resultados. O uso excessivo pode causar danos \u00e0s <b>ra\u00edzes<\/b> ou facilitar o aparecimento de <b>fungos<\/b>.<\/p>\n\n\n<div class=\"wp-block-image\">\n<figure class=\"aligncenter size-large\"><img loading=\"lazy\" decoding=\"async\" width=\"1024\" height=\"576\" src=\"https:\/\/www.em.com.br\/emfoco\/wp-content\/uploads\/2025\/03\/casca-de-banana_1740852400010-1024x576.jpg\" alt=\"Casca de banana no rosto! A nova tend\u00eancia de skincare vale a pena?\" class=\"wp-image-24320\" srcset=\"https:\/\/www.em.com.br\/emfoco\/wp-content\/uploads\/2025\/03\/casca-de-banana_1740852400010-1024x576.jpg 1024w, https:\/\/www.em.com.br\/emfoco\/wp-content\/uploads\/2025\/03\/casca-de-banana_1740852400010-300x169.jpg 300w, https:\/\/www.em.com.br\/emfoco\/wp-content\/uploads\/2025\/03\/casca-de-banana_1740852400010-768x432.jpg 768w, https:\/\/www.em.com.br\/emfoco\/wp-content\/uploads\/2025\/03\/casca-de-banana_1740852400010-750x422.jpg 750w, https:\/\/www.em.com.br\/emfoco\/wp-content\/uploads\/2025\/03\/casca-de-banana_1740852400010-1140x641.jpg 1140w, https:\/\/www.em.com.br\/emfoco\/wp-content\/uploads\/2025\/03\/casca-de-banana_1740852400010.jpg 1280w\" sizes=\"auto, (max-width: 1024px) 100vw, 1024px\" \/><figcaption class=\"wp-element-caption\">Sempre aplique no solo, evitando folhas &#8211; Cr\u00e9ditos: depositphotos.com \/ valzan<\/figcaption><\/figure><\/div>\n\n\n<p>Veja algumas <b>precau\u00e7\u00f5es fundamentais<\/b> para aproveitar o fertilizante de modo seguro:<\/p>\n\n\n\n<ul class=\"wp-block-list\">\n<li>Sempre aplique no <b>solo<\/b>, evitando <b>folhas<\/b>;<\/li>\n\n\n\n<li>Remova <b>res\u00edduos de fruta<\/b> para n\u00e3o atrair <b>insetos<\/b>;<\/li>\n\n\n\n<li>Evite exageros para n\u00e3o prejudicar a planta com <b>excesso de nutrientes<\/b>;<\/li>\n\n\n\n<li>Utilize <b>cascas frescas<\/b> e limpas.<\/li>\n<\/ul>\n\n\n\n<h2 class=\"wp-block-heading\">Como potencializar o adubo natural com cascas de outras frutas<\/h2>\n\n\n\n<p>\u00c9 poss\u00edvel <b>enriquecer<\/b> ainda mais o fertilizante natural adicionando <b>cascas de frutas<\/b> como <b>laranja<\/b> ou <b>lim\u00e3o<\/b>, que trazem minerais extras para as plantas. Outra dica interessante \u00e9 adicionar um pouco de <b>borra de caf\u00e9<\/b>, que contribui com <b>mat\u00e9ria org\u00e2nica<\/b> e melhora a <b>estrutura do solo<\/b>.<\/p>\n\n\n\n<p>Sempre <b>armazene<\/b> essas misturas na <b>geladeira<\/b> em um <b>frasco fechado<\/b> por at\u00e9 tr\u00eas dias se n\u00e3o for utiliz\u00e1-las imediatamente, mantendo a <b>qualidade do adubo<\/b>.<\/p>\n\n\n\n<iframe loading=\"lazy\" width=\"560\" height=\"315\" src=\"https:\/\/www.youtube.com\/embed\/u6pg-O0Pi4Y?si=Qea0dlp3AOQdBCw7\" title=\"YouTube video player\" frameborder=\"0\" allow=\"accelerometer; autoplay; clipboard-write; encrypted-media; gyroscope; picture-in-picture; web-share\" referrerpolicy=\"strict-origin-when-cross-origin\" allowfullscreen><\/iframe>\n\n\n\n<h2 class=\"wp-block-heading\">Por que a aduba\u00e7\u00e3o natural \u00e9 um complemento e n\u00e3o substitui outros cuidados<\/h2>\n\n\n\n<p>\u00c9 importante ressaltar que <a href=\"https:\/\/rehagro.com.br\/blog\/materia-organica-no-solo\/\" target=\"_blank\" rel=\"noopener\">fertilizantes<\/a><b> naturais<\/b> devem complementar pr\u00e1ticas como <b>irriga\u00e7\u00e3o adequada<\/b>, <b>exposi\u00e7\u00e3o \u00e0 luz solar<\/b> e <b>controle de pragas<\/b> para garantir o desenvolvimento saud\u00e1vel das plantas.<\/p>\n\n\n\n<p>Adotando essas <b>orienta\u00e7\u00f5es<\/b>, voc\u00ea aproveita <b>res\u00edduos dom\u00e9sticos<\/b> e ainda cuida das suas plantas de forma <b>sustent\u00e1vel<\/b> e <b>econ\u00f4mica<\/b>.<\/p>\n\n\n\n<p>Leia tamb\u00e9m:&nbsp;<a href=\"https:\/\/www.em.com.br\/emfoco\/2025\/11\/04\/o-erro-comum-ao-plantar-sementes-compradas-no-mercado-que-impede-seu-mamao-de-dar-frutos\/\" target=\"_blank\" rel=\"noopener\">O erro comum ao plantar sementes compradas no mercado que impede seu mam\u00e3o de dar frutos<\/a><\/p>\n","protected":false},"excerpt":{"rendered":"<p>Ao consumir banana, a casca geralmente \u00e9 descartada, mas esse res\u00edduo pode se transformar em um eficiente aliado para fortalecer plantas, gra\u00e7as \u00e0 sua riqueza em pot\u00e1ssio, f\u00f3sforo e c\u00e1lcio, elementos essenciais para o desenvolvimento radicular e o florescimento natural. Como preparar o fertilizante natural de casca de banana para plantas O preparo desse adubo [&hellip;]<\/p>\n","protected":false},"author":9,"featured_media":123363,"comment_status":"open","ping_status":"open","sticky":false,"template":"","format":"standard","meta":{"jnews-multi-image_gallery":[],"jnews_single_post":{"format":"standard"},"jnews_primary_category":[],"jnews_social_meta":[],"jnews_override_counter":[],"footnotes":""},"categories":[8819,1],"tags":[1914,5800,18402],"class_list":["post-123026","post","type-post","status-publish","format-standard","has-post-thumbnail","hentry","category-curiosidades","category-noticias","tag-banana","tag-casca-de-banana","tag-cultivo-de-planta"],"yoast_head":"<!-- This site is optimized with the Yoast SEO plugin v23.8 - https:\/\/yoast.com\/wordpress\/plugins\/seo\/ -->\n<title>Moradores est\u00e3o usando casca de banana nas plantas e o resultado surpreende<\/title>\n<meta name=\"description\" content=\"Fortale\u00e7a suas plantas com um fertilizante natural feito com cascas de frutas. Saiba como preparar a mistura e os cuidados necess\u00e1rios.\" \/>\n<meta name=\"robots\" content=\"index, follow, max-snippet:-1, max-image-preview:large, max-video-preview:-1\" \/>\n<link rel=\"canonical\" href=\"https:\/\/www.em.com.br\/emfoco\/2025\/11\/05\/moradores-estao-usando-casca-de-banana-nas-plantas-e-o-resultado-surpreende\/\" \/>\n<meta property=\"og:locale\" content=\"pt_BR\" \/>\n<meta property=\"og:type\" content=\"article\" \/>\n<meta property=\"og:title\" content=\"Moradores est\u00e3o usando casca de banana nas plantas e o resultado surpreende\" \/>\n<meta property=\"og:description\" content=\"Fortale\u00e7a suas plantas com um fertilizante natural feito com cascas de frutas. Saiba como preparar a mistura e os cuidados necess\u00e1rios.\" \/>\n<meta property=\"og:url\" content=\"https:\/\/www.em.com.br\/emfoco\/2025\/11\/05\/moradores-estao-usando-casca-de-banana-nas-plantas-e-o-resultado-surpreende\/\" \/>\n<meta property=\"og:site_name\" content=\"Estado de Minas - Em foco\" \/>\n<meta property=\"article:published_time\" content=\"2025-11-06T00:25:42+00:00\" \/>\n<meta property=\"article:modified_time\" content=\"2025-11-04T21:23:49+00:00\" \/>\n<meta property=\"og:image\" content=\"https:\/\/www.em.com.br\/emfoco\/wp-content\/uploads\/2025\/11\/Design-sem-nome-38.png\" \/>\n\t<meta property=\"og:image:width\" content=\"1280\" \/>\n\t<meta property=\"og:image:height\" content=\"720\" \/>\n\t<meta property=\"og:image:type\" content=\"image\/png\" \/>\n<meta name=\"author\" content=\"Daniely Cardoso\" \/>\n<meta name=\"twitter:card\" content=\"summary_large_image\" \/>\n<meta name=\"twitter:label1\" content=\"Escrito por\" \/>\n\t<meta name=\"twitter:data1\" content=\"Daniely Cardoso\" \/>\n\t<meta name=\"twitter:label2\" content=\"Est. tempo de leitura\" \/>\n\t<meta name=\"twitter:data2\" content=\"3 minutos\" \/>\n<!-- \/ Yoast SEO plugin. -->","yoast_head_json":{"title":"Moradores est\u00e3o usando casca de banana nas plantas e o resultado surpreende","description":"Fortale\u00e7a suas plantas com um fertilizante natural feito com cascas de frutas. Saiba como preparar a mistura e os cuidados necess\u00e1rios.","robots":{"index":"index","follow":"follow","max-snippet":"max-snippet:-1","max-image-preview":"max-image-preview:large","max-video-preview":"max-video-preview:-1"},"canonical":"https:\/\/www.em.com.br\/emfoco\/2025\/11\/05\/moradores-estao-usando-casca-de-banana-nas-plantas-e-o-resultado-surpreende\/","og_locale":"pt_BR","og_type":"article","og_title":"Moradores est\u00e3o usando casca de banana nas plantas e o resultado surpreende","og_description":"Fortale\u00e7a suas plantas com um fertilizante natural feito com cascas de frutas. Saiba como preparar a mistura e os cuidados necess\u00e1rios.","og_url":"https:\/\/www.em.com.br\/emfoco\/2025\/11\/05\/moradores-estao-usando-casca-de-banana-nas-plantas-e-o-resultado-surpreende\/","og_site_name":"Estado de Minas - Em foco","article_published_time":"2025-11-06T00:25:42+00:00","article_modified_time":"2025-11-04T21:23:49+00:00","og_image":[{"width":1280,"height":720,"url":"https:\/\/www.em.com.br\/emfoco\/wp-content\/uploads\/2025\/11\/Design-sem-nome-38.png","type":"image\/png"}],"author":"Daniely Cardoso","twitter_card":"summary_large_image","twitter_misc":{"Escrito por":"Daniely Cardoso","Est. tempo de leitura":"3 minutos"},"schema":{"@context":"https:\/\/schema.org","@graph":[{"@type":"WebPage","@id":"https:\/\/www.em.com.br\/emfoco\/2025\/11\/05\/moradores-estao-usando-casca-de-banana-nas-plantas-e-o-resultado-surpreende\/","url":"https:\/\/www.em.com.br\/emfoco\/2025\/11\/05\/moradores-estao-usando-casca-de-banana-nas-plantas-e-o-resultado-surpreende\/","name":"Moradores est\u00e3o usando casca de banana nas plantas e o resultado surpreende","isPartOf":{"@id":"https:\/\/www.em.com.br\/emfoco\/#website"},"primaryImageOfPage":{"@id":"https:\/\/www.em.com.br\/emfoco\/2025\/11\/05\/moradores-estao-usando-casca-de-banana-nas-plantas-e-o-resultado-surpreende\/#primaryimage"},"image":{"@id":"https:\/\/www.em.com.br\/emfoco\/2025\/11\/05\/moradores-estao-usando-casca-de-banana-nas-plantas-e-o-resultado-surpreende\/#primaryimage"},"thumbnailUrl":"https:\/\/www.em.com.br\/emfoco\/wp-content\/uploads\/2025\/11\/Design-sem-nome-38.png","datePublished":"2025-11-06T00:25:42+00:00","dateModified":"2025-11-04T21:23:49+00:00","author":{"@id":"https:\/\/www.em.com.br\/emfoco\/#\/schema\/person\/0a8186d72f2c3a5c6276d90b41f271a0"},"description":"Fortale\u00e7a suas plantas com um fertilizante natural feito com cascas de frutas. Saiba como preparar a mistura e os cuidados necess\u00e1rios.","breadcrumb":{"@id":"https:\/\/www.em.com.br\/emfoco\/2025\/11\/05\/moradores-estao-usando-casca-de-banana-nas-plantas-e-o-resultado-surpreende\/#breadcrumb"},"inLanguage":"pt-BR","potentialAction":[{"@type":"ReadAction","target":["https:\/\/www.em.com.br\/emfoco\/2025\/11\/05\/moradores-estao-usando-casca-de-banana-nas-plantas-e-o-resultado-surpreende\/"]}]},{"@type":"ImageObject","inLanguage":"pt-BR","@id":"https:\/\/www.em.com.br\/emfoco\/2025\/11\/05\/moradores-estao-usando-casca-de-banana-nas-plantas-e-o-resultado-surpreende\/#primaryimage","url":"https:\/\/www.em.com.br\/emfoco\/wp-content\/uploads\/2025\/11\/Design-sem-nome-38.png","contentUrl":"https:\/\/www.em.com.br\/emfoco\/wp-content\/uploads\/2025\/11\/Design-sem-nome-38.png","width":1280,"height":720,"caption":"A aplica\u00e7\u00e3o correta do fertilizante potencializa seus benef\u00edcios e evita danos \u00e0s plantas"},{"@type":"BreadcrumbList","@id":"https:\/\/www.em.com.br\/emfoco\/2025\/11\/05\/moradores-estao-usando-casca-de-banana-nas-plantas-e-o-resultado-surpreende\/#breadcrumb","itemListElement":[{"@type":"ListItem","position":1,"name":"In\u00edcio","item":"https:\/\/www.em.com.br\/emfoco\/"},{"@type":"ListItem","position":2,"name":"Moradores est\u00e3o usando casca de banana nas plantas e o resultado surpreende"}]},{"@type":"WebSite","@id":"https:\/\/www.em.com.br\/emfoco\/#website","url":"https:\/\/www.em.com.br\/emfoco\/","name":"Estado de Minas - Em foco","description":"Acompanhe as \u00faltimas not\u00edcias e fique bem informado sobre tudo o que acontece em Minas Gerais, Brasil e no mundo.","potentialAction":[{"@type":"SearchAction","target":{"@type":"EntryPoint","urlTemplate":"https:\/\/www.em.com.br\/emfoco\/?s={search_term_string}"},"query-input":{"@type":"PropertyValueSpecification","valueRequired":true,"valueName":"search_term_string"}}],"inLanguage":"pt-BR"},{"@type":"Person","@id":"https:\/\/www.em.com.br\/emfoco\/#\/schema\/person\/0a8186d72f2c3a5c6276d90b41f271a0","name":"Daniely Cardoso","image":{"@type":"ImageObject","inLanguage":"pt-BR","@id":"https:\/\/www.em.com.br\/emfoco\/#\/schema\/person\/image\/","url":"https:\/\/secure.gravatar.com\/avatar\/4b80ddbd124d1f071b626d52d62e5dff?s=96&d=mm&r=g","contentUrl":"https:\/\/secure.gravatar.com\/avatar\/4b80ddbd124d1f071b626d52d62e5dff?s=96&d=mm&r=g","caption":"Daniely Cardoso"},"url":"https:\/\/www.em.com.br\/emfoco\/author\/danielymyth\/"}]}},"_links":{"self":[{"href":"https:\/\/www.em.com.br\/emfoco\/wp-json\/wp\/v2\/posts\/123026","targetHints":{"allow":["GET"]}}],"collection":[{"href":"https:\/\/www.em.com.br\/emfoco\/wp-json\/wp\/v2\/posts"}],"about":[{"href":"https:\/\/www.em.com.br\/emfoco\/wp-json\/wp\/v2\/types\/post"}],"author":[{"embeddable":true,"href":"https:\/\/www.em.com.br\/emfoco\/wp-json\/wp\/v2\/users\/9"}],"replies":[{"embeddable":true,"href":"https:\/\/www.em.com.br\/emfoco\/wp-json\/wp\/v2\/comments?post=123026"}],"version-history":[{"count":4,"href":"https:\/\/www.em.com.br\/emfoco\/wp-json\/wp\/v2\/posts\/123026\/revisions"}],"predecessor-version":[{"id":123438,"href":"https:\/\/www.em.com.br\/emfoco\/wp-json\/wp\/v2\/posts\/123026\/revisions\/123438"}],"wp:featuredmedia":[{"embeddable":true,"href":"https:\/\/www.em.com.br\/emfoco\/wp-json\/wp\/v2\/media\/123363"}],"wp:attachment":[{"href":"https:\/\/www.em.com.br\/emfoco\/wp-json\/wp\/v2\/media?parent=123026"}],"wp:term":[{"taxonomy":"category","embeddable":true,"href":"https:\/\/www.em.com.br\/emfoco\/wp-json\/wp\/v2\/categories?post=123026"},{"taxonomy":"post_tag","embeddable":true,"href":"https:\/\/www.em.com.br\/emfoco\/wp-json\/wp\/v2\/tags?post=123026"}],"curies":[{"name":"wp","href":"https:\/\/api.w.org\/{rel}","templated":true}]}}