{"id":123008,"date":"2025-11-05T14:25:53","date_gmt":"2025-11-05T17:25:53","guid":{"rendered":"https:\/\/www.em.com.br\/emfoco\/?p=123008"},"modified":"2025-11-04T15:08:07","modified_gmt":"2025-11-04T18:08:07","slug":"o-estilo-de-corte-que-as-mulheres-com-rosto-quadrado-mais-amam","status":"publish","type":"post","link":"https:\/\/www.em.com.br\/emfoco\/2025\/11\/05\/o-estilo-de-corte-que-as-mulheres-com-rosto-quadrado-mais-amam\/","title":{"rendered":"O estilo de corte que as mulheres com rosto quadrado mais amam"},"content":{"rendered":"\n<p>Escolher o <strong>corte de cabelo perfeito<\/strong> faz toda a diferen\u00e7a para valorizar o <strong>rosto quadrado<\/strong>, suavizar linhas marcantes e transmitir mais autoconfian\u00e7a. Encontrar o estilo certo ajuda a destacar os pontos fortes e harmonizar as propor\u00e7\u00f5es naturais, promovendo um visual equilibrado e sofisticado.<\/p>\n\n\n\n<h2 class=\"wp-block-heading\">Quais cortes de cabelo s\u00e3o ideais para quem tem rosto quadrado<\/h2>\n\n\n\n<p>Cortes que criam <strong>volume no topo<\/strong> e <strong>movimento nas laterais<\/strong> contribuem para suavizar os <strong>\u00e2ngulos<\/strong> do rosto quadrado. Para quem busca harmonia, op\u00e7\u00f5es que evitam <strong>simetria excessiva<\/strong> e linhas muito retas s\u00e3o as mais vantajosas, proporcionando leveza e naturalidade ao visual.<\/p>\n\n\n\n<iframe loading=\"lazy\" src=\"https:\/\/assets.pinterest.com\/ext\/embed.html?id=55521007900462987\" height=\"560\" width=\"345\" frameborder=\"0\" scrolling=\"no\" ><\/iframe>\n\n\n\n<p>Antes de decidir, vale conhecer algumas sugest\u00f5es pontuais para quem tem esse formato de rosto. Reunimos abaixo ideias que costumam oferecer o <strong>efeito equilibrado<\/strong> e contar com adeptas famosas:<\/p>\n\n\n\n<ul class=\"wp-block-list\">\n<li><strong>Long bob com pontas desfiadas:<\/strong> Na altura dos ombros, esse corte suaviza a <strong>mand\u00edbula<\/strong> sem perder modernidade.<\/li>\n<\/ul>\n\n\n\n<blockquote class=\"tiktok-embed\" cite=\"https:\/\/www.tiktok.com\/@nellcarmo\/video\/7371585068831116549\" data-video-id=\"7371585068831116549\" style=\"max-width: 605px;min-width: 325px;\" > <section> <a target=\"_blank\" title=\"@nellcarmo\" href=\"https:\/\/www.tiktok.com\/@nellcarmo?refer=embed\">@nellcarmo<\/a> <p>Qual a diferen\u00e7a do Chanel e long bob?<\/p> <a target=\"_blank\" title=\"\u266c som original - Nell Carmo\" href=\"https:\/\/www.tiktok.com\/music\/som-original-7371585092763847429?refer=embed\">\u266c som original &#8211; Nell Carmo<\/a> <\/section> <\/blockquote> <script async src=\"https:\/\/www.tiktok.com\/embed.js\"><\/script>\n\n\n\n<ul class=\"wp-block-list\">\n<li><strong>Cabelo em camadas:<\/strong> Camadas sutis a partir do queixo criam <strong>movimento<\/strong> e equilibram a estrutura facial.<\/li>\n<\/ul>\n\n\n\n<blockquote class=\"tiktok-embed\" cite=\"https:\/\/www.tiktok.com\/@sant.fernanda\/video\/7517013096431471878\" data-video-id=\"7517013096431471878\" style=\"max-width: 605px;min-width: 325px;\" > <section> <a target=\"_blank\" title=\"@sant.fernanda\" href=\"https:\/\/www.tiktok.com\/@sant.fernanda?refer=embed\">@sant.fernanda<\/a> <a title=\"cachosdefinidos\" target=\"_blank\" href=\"https:\/\/www.tiktok.com\/tag\/cachosdefinidos?refer=embed\">#cachosdefinidos<\/a> <a title=\"cachosvolumosos\" target=\"_blank\" href=\"https:\/\/www.tiktok.com\/tag\/cachosvolumosos?refer=embed\">#cachosvolumosos<\/a> <a title=\"corteemcamadas\" target=\"_blank\" href=\"https:\/\/www.tiktok.com\/tag\/corteemcamadas?refer=embed\">#corteemcamadas<\/a> <a target=\"_blank\" title=\"\u266c one of the girls pt. 2 - a\ud83d\udc19\" href=\"https:\/\/www.tiktok.com\/music\/one-of-the-girls-pt-2-7295345873130261281?refer=embed\">\u266c one of the girls pt. 2 &#8211; a\ud83d\udc19<\/a> <\/section> <\/blockquote> <script async src=\"https:\/\/www.tiktok.com\/embed.js\"><\/script>\n\n\n\n<ul class=\"wp-block-list\">\n<li><strong>Franja lateral:<\/strong> Franjas longas e diagonais suavizam o <strong>contorno do rosto<\/strong> de forma natural.<\/li>\n<\/ul>\n\n\n\n<blockquote class=\"tiktok-embed\" cite=\"https:\/\/www.tiktok.com\/@mariannemorimitsu\/video\/7325144016876489989\" data-video-id=\"7325144016876489989\" style=\"max-width: 605px;min-width: 325px;\" > <section> <a target=\"_blank\" title=\"@mariannemorimitsu\" href=\"https:\/\/www.tiktok.com\/@mariannemorimitsu?refer=embed\">@mariannemorimitsu<\/a> Respondendo a @lorilucenaa agora vai dar certo em todo mundo!!!! \ud83d\udc98\ud83d\udc98\ud83d\udc98\ud83d\udc98\ud83d\udc98 FINALMENTE minha franja cortininha super explicada, am\u00e9m?! <a title=\"hairstyle\" target=\"_blank\" href=\"https:\/\/www.tiktok.com\/tag\/hairstyle?refer=embed\">#hairstyle<\/a> <a title=\"franjacortininha\" target=\"_blank\" href=\"https:\/\/www.tiktok.com\/tag\/franjacortininha?refer=embed\">#franjacortininha<\/a> <a target=\"_blank\" title=\"\u266c Vintage - C\u014drt\" href=\"https:\/\/www.tiktok.com\/music\/Vintage-6815796804311861250?refer=embed\">\u266c Vintage &#8211; C\u014drt<\/a> <\/section> <\/blockquote> <script async src=\"https:\/\/www.tiktok.com\/embed.js\"><\/script>\n\n\n\n<h2 class=\"wp-block-heading\">Como escolher o comprimento do cabelo para rosto quadrado<\/h2>\n\n\n\n<p>O <strong>comprimento<\/strong> \u00e9 outro fator fundamental para harmonizar o rosto quadrado. <strong>Cabelos longos<\/strong> e <strong>m\u00e9dios<\/strong> costumam alongar a face, enquanto <strong>cortes curtos<\/strong>, se bem estilizados, tamb\u00e9m valorizam os tra\u00e7os. Evitar linhas muito retas \u00e9 sempre uma estrat\u00e9gia interessante.<\/p>\n\n\n\n<p>Mesmo nos curtos, como o <a href=\"https:\/\/br.pinterest.com\/search\/pins\/?q=pixie&amp;rs=typed\" target=\"_blank\" rel=\"noopener\"><strong>pixie<\/strong>,<\/a> investir em <strong>texturas<\/strong> e <strong>camadas<\/strong> faz diferen\u00e7a. \u00c9 importante adaptar o corte ao <strong>estilo pessoal<\/strong>, buscando sempre equil\u00edbrio e realce das caracter\u00edsticas naturais de cada pessoa. <strong>Consultas com profissionais<\/strong> especializados s\u00e3o essenciais para encontrar o corte mais adequado a cada perfil.<\/p>\n\n\n\n<iframe loading=\"lazy\" width=\"560\" height=\"315\" src=\"https:\/\/www.youtube.com\/embed\/-Fxtn3uEOtU?si=E_U6-sQRTyy_O_Vf\" title=\"YouTube video player\" frameborder=\"0\" allow=\"accelerometer; autoplay; clipboard-write; encrypted-media; gyroscope; picture-in-picture; web-share\" referrerpolicy=\"strict-origin-when-cross-origin\" allowfullscreen><\/iframe>\n\n\n\n<h2 class=\"wp-block-heading\">De que forma a colora\u00e7\u00e3o pode valorizar o rosto quadrado<\/h2>\n\n\n\n<p>Al\u00e9m do corte, a <strong>cor do cabelo<\/strong> tem papel fundamental para suavizar ou destacar <strong>tra\u00e7os faciais<\/strong>. <strong>Mechas<\/strong> e <strong>nuances claras<\/strong> criam pontos de <strong>luminosidade<\/strong>, diminuindo a rigidez dos \u00e2ngulos e conferindo mais leveza ao visual.<\/p>\n\n\n\n<p>T\u00e9cnicas atuais, como o <strong>balayage<\/strong> e <strong>luzes estrategicamente posicionadas<\/strong>, ajudam a destacar pontos fortes e proporcionar um resultado sofisticado e moderno. Isso permite experimentar diferentes efeitos, adaptando o visual a cada fase e necessidade. Investir na <strong>manuten\u00e7\u00e3o da cor<\/strong> tamb\u00e9m \u00e9 fundamental para garantir um cabelo saud\u00e1vel e sempre harmonioso com o formato do rosto.<\/p>\n\n\n\n<p>Leia tamb\u00e9m:&nbsp;<a href=\"https:\/\/www.em.com.br\/emfoco\/2025\/10\/27\/sua-cor-de-cabelo-esta-ultrapassada-confira-as-substituicoes-modernas-e-iluminadas\/\" target=\"_blank\" rel=\"noopener\">Sua cor de cabelo est\u00e1 ultrapassada, confira as substitui\u00e7\u00f5es modernas e iluminadas<\/a><\/p>\n","protected":false},"excerpt":{"rendered":"<p>Escolher o corte de cabelo perfeito faz toda a diferen\u00e7a para valorizar o rosto quadrado, suavizar linhas marcantes e transmitir mais autoconfian\u00e7a. Encontrar o estilo certo ajuda a destacar os pontos fortes e harmonizar as propor\u00e7\u00f5es naturais, promovendo um visual equilibrado e sofisticado. Quais cortes de cabelo s\u00e3o ideais para quem tem rosto quadrado Cortes [&hellip;]<\/p>\n","protected":false},"author":9,"featured_media":120542,"comment_status":"open","ping_status":"open","sticky":false,"template":"","format":"standard","meta":{"jnews-multi-image_gallery":[],"jnews_single_post":{"format":"standard"},"jnews_primary_category":[],"jnews_social_meta":[],"jnews_override_counter":[],"footnotes":""},"categories":[8691,8819,1],"tags":[17071,4906,7489],"class_list":["post-123008","post","type-post","status-publish","format-standard","has-post-thumbnail","hentry","category-bem-estar","category-curiosidades","category-noticias","tag-aparencia","tag-corte-de-cabelo","tag-formato-de-rosto"],"yoast_head":"<!-- This site is optimized with the Yoast SEO plugin v23.8 - https:\/\/yoast.com\/wordpress\/plugins\/seo\/ -->\n<title>O estilo de corte que as mulheres com rosto quadrado mais amam<\/title>\n<meta name=\"description\" content=\"Rosto quadrado? Cortes como o long bob desfiado, camadas e franja lateral suavizam os \u00e2ngulos. Mechas tamb\u00e9m ajudam a iluminar e harmonizar.\" \/>\n<meta name=\"robots\" content=\"index, follow, max-snippet:-1, max-image-preview:large, max-video-preview:-1\" \/>\n<link rel=\"canonical\" href=\"https:\/\/www.em.com.br\/emfoco\/2025\/11\/05\/o-estilo-de-corte-que-as-mulheres-com-rosto-quadrado-mais-amam\/\" \/>\n<meta property=\"og:locale\" content=\"pt_BR\" \/>\n<meta property=\"og:type\" content=\"article\" \/>\n<meta property=\"og:title\" content=\"O estilo de corte que as mulheres com rosto quadrado mais amam\" \/>\n<meta property=\"og:description\" content=\"Rosto quadrado? Cortes como o long bob desfiado, camadas e franja lateral suavizam os \u00e2ngulos. Mechas tamb\u00e9m ajudam a iluminar e harmonizar.\" \/>\n<meta property=\"og:url\" content=\"https:\/\/www.em.com.br\/emfoco\/2025\/11\/05\/o-estilo-de-corte-que-as-mulheres-com-rosto-quadrado-mais-amam\/\" \/>\n<meta property=\"og:site_name\" content=\"Estado de Minas - Em foco\" \/>\n<meta property=\"article:published_time\" content=\"2025-11-05T17:25:53+00:00\" \/>\n<meta property=\"article:modified_time\" content=\"2025-11-04T18:08:07+00:00\" \/>\n<meta property=\"og:image\" content=\"https:\/\/www.em.com.br\/emfoco\/wp-content\/uploads\/2025\/10\/cabelo-sedoso-_1761677535177.jpg\" \/>\n\t<meta property=\"og:image:width\" content=\"1280\" \/>\n\t<meta property=\"og:image:height\" content=\"720\" \/>\n\t<meta property=\"og:image:type\" content=\"image\/jpeg\" \/>\n<meta name=\"author\" content=\"Daniely Cardoso\" \/>\n<meta name=\"twitter:card\" content=\"summary_large_image\" \/>\n<meta name=\"twitter:label1\" content=\"Escrito por\" \/>\n\t<meta name=\"twitter:data1\" content=\"Daniely Cardoso\" \/>\n\t<meta name=\"twitter:label2\" content=\"Est. tempo de leitura\" \/>\n\t<meta name=\"twitter:data2\" content=\"3 minutos\" \/>\n<!-- \/ Yoast SEO plugin. -->","yoast_head_json":{"title":"O estilo de corte que as mulheres com rosto quadrado mais amam","description":"Rosto quadrado? Cortes como o long bob desfiado, camadas e franja lateral suavizam os \u00e2ngulos. Mechas tamb\u00e9m ajudam a iluminar e harmonizar.","robots":{"index":"index","follow":"follow","max-snippet":"max-snippet:-1","max-image-preview":"max-image-preview:large","max-video-preview":"max-video-preview:-1"},"canonical":"https:\/\/www.em.com.br\/emfoco\/2025\/11\/05\/o-estilo-de-corte-que-as-mulheres-com-rosto-quadrado-mais-amam\/","og_locale":"pt_BR","og_type":"article","og_title":"O estilo de corte que as mulheres com rosto quadrado mais amam","og_description":"Rosto quadrado? Cortes como o long bob desfiado, camadas e franja lateral suavizam os \u00e2ngulos. Mechas tamb\u00e9m ajudam a iluminar e harmonizar.","og_url":"https:\/\/www.em.com.br\/emfoco\/2025\/11\/05\/o-estilo-de-corte-que-as-mulheres-com-rosto-quadrado-mais-amam\/","og_site_name":"Estado de Minas - Em foco","article_published_time":"2025-11-05T17:25:53+00:00","article_modified_time":"2025-11-04T18:08:07+00:00","og_image":[{"width":1280,"height":720,"url":"https:\/\/www.em.com.br\/emfoco\/wp-content\/uploads\/2025\/10\/cabelo-sedoso-_1761677535177.jpg","type":"image\/jpeg"}],"author":"Daniely Cardoso","twitter_card":"summary_large_image","twitter_misc":{"Escrito por":"Daniely Cardoso","Est. tempo de leitura":"3 minutos"},"schema":{"@context":"https:\/\/schema.org","@graph":[{"@type":"WebPage","@id":"https:\/\/www.em.com.br\/emfoco\/2025\/11\/05\/o-estilo-de-corte-que-as-mulheres-com-rosto-quadrado-mais-amam\/","url":"https:\/\/www.em.com.br\/emfoco\/2025\/11\/05\/o-estilo-de-corte-que-as-mulheres-com-rosto-quadrado-mais-amam\/","name":"O estilo de corte que as mulheres com rosto quadrado mais amam","isPartOf":{"@id":"https:\/\/www.em.com.br\/emfoco\/#website"},"primaryImageOfPage":{"@id":"https:\/\/www.em.com.br\/emfoco\/2025\/11\/05\/o-estilo-de-corte-que-as-mulheres-com-rosto-quadrado-mais-amam\/#primaryimage"},"image":{"@id":"https:\/\/www.em.com.br\/emfoco\/2025\/11\/05\/o-estilo-de-corte-que-as-mulheres-com-rosto-quadrado-mais-amam\/#primaryimage"},"thumbnailUrl":"https:\/\/www.em.com.br\/emfoco\/wp-content\/uploads\/2025\/10\/cabelo-sedoso-_1761677535177.jpg","datePublished":"2025-11-05T17:25:53+00:00","dateModified":"2025-11-04T18:08:07+00:00","author":{"@id":"https:\/\/www.em.com.br\/emfoco\/#\/schema\/person\/0a8186d72f2c3a5c6276d90b41f271a0"},"description":"Rosto quadrado? Cortes como o long bob desfiado, camadas e franja lateral suavizam os \u00e2ngulos. Mechas tamb\u00e9m ajudam a iluminar e harmonizar.","breadcrumb":{"@id":"https:\/\/www.em.com.br\/emfoco\/2025\/11\/05\/o-estilo-de-corte-que-as-mulheres-com-rosto-quadrado-mais-amam\/#breadcrumb"},"inLanguage":"pt-BR","potentialAction":[{"@type":"ReadAction","target":["https:\/\/www.em.com.br\/emfoco\/2025\/11\/05\/o-estilo-de-corte-que-as-mulheres-com-rosto-quadrado-mais-amam\/"]}]},{"@type":"ImageObject","inLanguage":"pt-BR","@id":"https:\/\/www.em.com.br\/emfoco\/2025\/11\/05\/o-estilo-de-corte-que-as-mulheres-com-rosto-quadrado-mais-amam\/#primaryimage","url":"https:\/\/www.em.com.br\/emfoco\/wp-content\/uploads\/2025\/10\/cabelo-sedoso-_1761677535177.jpg","contentUrl":"https:\/\/www.em.com.br\/emfoco\/wp-content\/uploads\/2025\/10\/cabelo-sedoso-_1761677535177.jpg","width":1280,"height":720,"caption":"A prepara\u00e7\u00e3o de m\u00e1scaras caseiras \u00e9 simples e permite adaptar os ingredientes - Cr\u00e9ditos: depositphotos.com \/ IgorVetushko"},{"@type":"BreadcrumbList","@id":"https:\/\/www.em.com.br\/emfoco\/2025\/11\/05\/o-estilo-de-corte-que-as-mulheres-com-rosto-quadrado-mais-amam\/#breadcrumb","itemListElement":[{"@type":"ListItem","position":1,"name":"In\u00edcio","item":"https:\/\/www.em.com.br\/emfoco\/"},{"@type":"ListItem","position":2,"name":"O estilo de corte que as mulheres com rosto quadrado mais amam"}]},{"@type":"WebSite","@id":"https:\/\/www.em.com.br\/emfoco\/#website","url":"https:\/\/www.em.com.br\/emfoco\/","name":"Estado de Minas - Em foco","description":"Acompanhe as \u00faltimas not\u00edcias e fique bem informado sobre tudo o que acontece em Minas Gerais, Brasil e no mundo.","potentialAction":[{"@type":"SearchAction","target":{"@type":"EntryPoint","urlTemplate":"https:\/\/www.em.com.br\/emfoco\/?s={search_term_string}"},"query-input":{"@type":"PropertyValueSpecification","valueRequired":true,"valueName":"search_term_string"}}],"inLanguage":"pt-BR"},{"@type":"Person","@id":"https:\/\/www.em.com.br\/emfoco\/#\/schema\/person\/0a8186d72f2c3a5c6276d90b41f271a0","name":"Daniely Cardoso","image":{"@type":"ImageObject","inLanguage":"pt-BR","@id":"https:\/\/www.em.com.br\/emfoco\/#\/schema\/person\/image\/","url":"https:\/\/secure.gravatar.com\/avatar\/4b80ddbd124d1f071b626d52d62e5dff?s=96&d=mm&r=g","contentUrl":"https:\/\/secure.gravatar.com\/avatar\/4b80ddbd124d1f071b626d52d62e5dff?s=96&d=mm&r=g","caption":"Daniely Cardoso"},"url":"https:\/\/www.em.com.br\/emfoco\/author\/danielymyth\/"}]}},"_links":{"self":[{"href":"https:\/\/www.em.com.br\/emfoco\/wp-json\/wp\/v2\/posts\/123008","targetHints":{"allow":["GET"]}}],"collection":[{"href":"https:\/\/www.em.com.br\/emfoco\/wp-json\/wp\/v2\/posts"}],"about":[{"href":"https:\/\/www.em.com.br\/emfoco\/wp-json\/wp\/v2\/types\/post"}],"author":[{"embeddable":true,"href":"https:\/\/www.em.com.br\/emfoco\/wp-json\/wp\/v2\/users\/9"}],"replies":[{"embeddable":true,"href":"https:\/\/www.em.com.br\/emfoco\/wp-json\/wp\/v2\/comments?post=123008"}],"version-history":[{"count":4,"href":"https:\/\/www.em.com.br\/emfoco\/wp-json\/wp\/v2\/posts\/123008\/revisions"}],"predecessor-version":[{"id":123422,"href":"https:\/\/www.em.com.br\/emfoco\/wp-json\/wp\/v2\/posts\/123008\/revisions\/123422"}],"wp:featuredmedia":[{"embeddable":true,"href":"https:\/\/www.em.com.br\/emfoco\/wp-json\/wp\/v2\/media\/120542"}],"wp:attachment":[{"href":"https:\/\/www.em.com.br\/emfoco\/wp-json\/wp\/v2\/media?parent=123008"}],"wp:term":[{"taxonomy":"category","embeddable":true,"href":"https:\/\/www.em.com.br\/emfoco\/wp-json\/wp\/v2\/categories?post=123008"},{"taxonomy":"post_tag","embeddable":true,"href":"https:\/\/www.em.com.br\/emfoco\/wp-json\/wp\/v2\/tags?post=123008"}],"curies":[{"name":"wp","href":"https:\/\/api.w.org\/{rel}","templated":true}]}}