{"id":123004,"date":"2025-11-05T13:15:42","date_gmt":"2025-11-05T16:15:42","guid":{"rendered":"https:\/\/www.em.com.br\/emfoco\/?p=123004"},"modified":"2025-11-04T18:00:44","modified_gmt":"2025-11-04T21:00:44","slug":"a-tecnica-terapeutica-que-alivia-dores-musculares-e-o-estresse-em-casa","status":"publish","type":"post","link":"https:\/\/www.em.com.br\/emfoco\/2025\/11\/05\/a-tecnica-terapeutica-que-alivia-dores-musculares-e-o-estresse-em-casa\/","title":{"rendered":"A t\u00e9cnica terap\u00eautica que alivia dores musculares e o estresse em casa"},"content":{"rendered":"\n<p>A <strong>automassagem com pedras quentes<\/strong> \u00e9 uma t\u00e9cnica terap\u00eautica origin\u00e1ria de antigas tradi\u00e7\u00f5es orientais, conhecida atualmente por aliviar <strong>dores musculares<\/strong>, reduzir o <strong>estresse<\/strong> e promover <strong>relaxamento profundo<\/strong>, sendo cada vez mais praticada no ambiente dom\u00e9stico por aqueles que buscam <strong>bem-estar<\/strong> e <strong>autocuidado<\/strong>.<\/p>\n\n\n\n<h2 class=\"wp-block-heading\">Que materiais usar para fazer automassagem com pedras quentes em casa<\/h2>\n\n\n\n<p>Para realizar uma automassagem eficaz, \u00e9 importante selecionar os <strong>materiais certos<\/strong> para garantir a <strong>seguran\u00e7a<\/strong> e a <strong>efic\u00e1cia<\/strong> do procedimento. A escolha das <strong>pedras<\/strong> \u00e9 essencial, e o <a href=\"https:\/\/didatico.igc.usp.br\/rochas\/igneas\/basalto\/\" target=\"_blank\" rel=\"noopener\"><strong>basalto<\/strong><\/a> \u00e9 preferido por reter o <strong>calor<\/strong> por mais tempo, tornando a experi\u00eancia mais agrad\u00e1vel e duradoura.<\/p>\n\n\n\n<p>Al\u00e9m das pedras, voc\u00ea precisar\u00e1 de alguns itens de apoio. Veja os principais <strong>materiais<\/strong> a serem utilizados:<\/p>\n\n\n\n<ul class=\"wp-block-list\">\n<li><strong>Pedras de basalto<\/strong> lisas e de tamanho apropriado<\/li>\n\n\n\n<li><strong>Recipiente<\/strong> ou panela para aquecer as pedras (evite micro-ondas)<\/li>\n\n\n\n<li><strong>Toalha macia<\/strong> para proteger a pele<\/li>\n\n\n\n<li><strong>\u00d3leo de massagem<\/strong> de sua prefer\u00eancia<\/li>\n\n\n\n<li><strong>Term\u00f4metro<\/strong> para verificar a temperatura da \u00e1gua ou das pedras (opcional)<\/li>\n<\/ul>\n\n\n<div class=\"wp-block-image\">\n<figure class=\"aligncenter size-large\"><img loading=\"lazy\" decoding=\"async\" width=\"1024\" height=\"576\" src=\"https:\/\/www.em.com.br\/emfoco\/wp-content\/uploads\/2025\/11\/pedra-de-basalto_1762268070692-1024x576.jpg\" alt=\"\" class=\"wp-image-123136\" srcset=\"https:\/\/www.em.com.br\/emfoco\/wp-content\/uploads\/2025\/11\/pedra-de-basalto_1762268070692-1024x576.jpg 1024w, https:\/\/www.em.com.br\/emfoco\/wp-content\/uploads\/2025\/11\/pedra-de-basalto_1762268070692-300x169.jpg 300w, https:\/\/www.em.com.br\/emfoco\/wp-content\/uploads\/2025\/11\/pedra-de-basalto_1762268070692-768x432.jpg 768w, https:\/\/www.em.com.br\/emfoco\/wp-content\/uploads\/2025\/11\/pedra-de-basalto_1762268070692-750x422.jpg 750w, https:\/\/www.em.com.br\/emfoco\/wp-content\/uploads\/2025\/11\/pedra-de-basalto_1762268070692-1140x641.jpg 1140w, https:\/\/www.em.com.br\/emfoco\/wp-content\/uploads\/2025\/11\/pedra-de-basalto_1762268070692.jpg 1280w\" sizes=\"auto, (max-width: 1024px) 100vw, 1024px\" \/><figcaption class=\"wp-element-caption\">Pedras de basalto lisas e de tamanho apropriado &#8211; Cr\u00e9ditos: depositphotos.com \/ scorpp<\/figcaption><\/figure><\/div>\n\n\n<h2 class=\"wp-block-heading\">Como aquecer e limpar corretamente as pedras quentes para massagem<\/h2>\n\n\n\n<p>O preparo correto das <strong>pedras<\/strong> \u00e9 fundamental para garantir a <strong>seguran\u00e7a<\/strong> durante o uso. Lave todas as pedras cuidadosamente em water corrente para retirar impurezas antes de aquec\u00ea-las, prevenindo poss\u00edveis <strong>irrita\u00e7\u00f5es na pele<\/strong>.<\/p>\n\n\n\n<p>Coloque as pedras em <strong>\u00e1gua aquecida<\/strong>, mantendo a <strong>temperatura agrad\u00e1vel<\/strong> ao toque, e nunca deixe ferver. Sempre teste a <strong>temperatura<\/strong> nas palmas das m\u00e3os antes de aplicar no corpo, evitando assim <strong>queimaduras<\/strong> ou desconforto f\u00edsico.<\/p>\n\n\n\n<blockquote class=\"tiktok-embed\" cite=\"https:\/\/www.tiktok.com\/@iluminaspa\/video\/7426395777422970118\" data-video-id=\"7426395777422970118\" style=\"max-width: 605px;min-width: 325px;\" > <section> <a target=\"_blank\" title=\"@iluminaspa\" href=\"https:\/\/www.tiktok.com\/@iluminaspa?refer=embed\">@iluminaspa<\/a> \u2728 Sess\u00e3o SPA: Relaxamento Completo com Pedras Quentes \u2728 Nossa Sess\u00e3o SPA (1h de dura\u00e7\u00e3o) oferece um momento de relaxamento profundo, ideal para aliviar o estresse. A massagem \u00e9 finalizada com pedras quentes , que traz benef\u00edcios significativos: elas ajudam a relaxar os m\u00fasculos tensos, melhoram a circula\u00e7\u00e3o sangu\u00ednea, aliviam dores cr\u00f4nicas e promovem uma sensa\u00e7\u00e3o imediata de bem-estar e tranquilidade. A combina\u00e7\u00e3o perfeita de calor e massagem fundente, proporcionando um relaxamento profundo para o corpo e a mente. \ud83c\udf3f Permita-se cuidar de voc\u00ea! \ud83d\udcf2 Agende sua sess\u00e3o agora via WhatsApp e experimente esse tratamento \u00fanico no Norte Shopping RJ . <a title=\"massagemrelaxante\" target=\"_blank\" href=\"https:\/\/www.tiktok.com\/tag\/massagemrelaxante?refer=embed\">#massagemrelaxante<\/a> <a title=\"pedrasquentes\" target=\"_blank\" href=\"https:\/\/www.tiktok.com\/tag\/pedrasquentes?refer=embed\">#pedrasquentes<\/a> <a title=\"benef\u00edciosdopadrasquentes\" target=\"_blank\" href=\"https:\/\/www.tiktok.com\/tag\/benef%C3%ADciosdopadrasquentes?refer=embed\">#benef\u00edciosdopadrasquentes<\/a> <a title=\"sess\u00e3ospamassagem\" target=\"_blank\" href=\"https:\/\/www.tiktok.com\/tag\/sess%C3%A3ospamassagem?refer=embed\">#sess\u00e3ospamassagem<\/a> <a title=\"bemestarf\u00edsico\" target=\"_blank\" href=\"https:\/\/www.tiktok.com\/tag\/bemestarf%C3%ADsico?refer=embed\">#bemestarf\u00edsico<\/a> <a title=\"autocuidadofeminino\" target=\"_blank\" href=\"https:\/\/www.tiktok.com\/tag\/autocuidadofeminino?refer=embed\">#autocuidadofeminino<\/a> <a title=\"massagemrj\" target=\"_blank\" href=\"https:\/\/www.tiktok.com\/tag\/massagemrj?refer=embed\">#massagemrj<\/a> <a title=\"relaxamentocompleto\" target=\"_blank\" href=\"https:\/\/www.tiktok.com\/tag\/relaxamentocompleto?refer=embed\">#relaxamentocompleto<\/a> <a title=\"norteshopping\" target=\"_blank\" href=\"https:\/\/www.tiktok.com\/tag\/norteshopping?refer=embed\">#norteshopping<\/a> <a target=\"_blank\" title=\"\u266c som original - iluminaspa\" href=\"https:\/\/www.tiktok.com\/music\/som-original-7426395818531490566?refer=embed\">\u266c som original &#8211; iluminaspa<\/a> <\/section> <\/blockquote> <script async src=\"https:\/\/www.tiktok.com\/embed.js\"><\/script>\n\n\n\n<h2 class=\"wp-block-heading\">Quais etapas seguir para automassagem relaxante com pedras quentes<\/h2>\n\n\n\n<p>Uma <strong>automassagem completa<\/strong> deve ser realizada em um <strong>ambiente calmo<\/strong> e com todos os itens preparados. Crie um <strong>clima relaxante<\/strong> para intensificar os benef\u00edcios da t\u00e9cnica e obtenha melhores resultados, reservando um momento exclusivo para si.<\/p>\n\n\n\n<p>Ap\u00f3s preparar o espa\u00e7o, siga os principais passos do processo de automassagem listados abaixo:<\/p>\n\n\n\n<ol class=\"wp-block-list\">\n<li><strong>Prepara\u00e7\u00e3o do ambiente<\/strong>: Escolha um local tranquilo e confort\u00e1vel.<\/li>\n\n\n\n<li><strong>Aplica\u00e7\u00e3o do \u00f3leo<\/strong>: Espalhe \u00f3leo de massagem nas \u00e1reas que receber\u00e3o as pedras.<\/li>\n\n\n\n<li><strong>Posicionamento das pedras<\/strong>: Coloque delicadamente sobre locais de tens\u00e3o, como costas, nuca ou pernas.<\/li>\n\n\n\n<li><strong>Movimenta\u00e7\u00e3o<\/strong>: Massageie suavemente usando movimentos circulares ou retil\u00edneos.<\/li>\n\n\n\n<li><strong>Relaxamento final<\/strong>: Deixe as pedras repousar, permitindo que o calor aja nos m\u00fasculos.<\/li>\n<\/ol>\n\n\n\n<h2 class=\"wp-block-heading\">Cuidados importantes durante a automassagem com pedras quentes<\/h2>\n\n\n\n<p>\u00c9 fundamental priorizar a <strong>seguran\u00e7a<\/strong> durante a pr\u00e1tica, especialmente se voc\u00ea possui condi\u00e7\u00f5es de sa\u00fade espec\u00edficas. Nunca utilize pedras em regi\u00f5es com feridas, infec\u00e7\u00f5es ou irrita\u00e7\u00e3o na pele. Consulte um profissional caso tenha d\u00favidas ou hist\u00f3rico de problemas cardiovasculares, ou <strong>sensibilidade \u00e0 temperatura<\/strong>.<\/p>\n\n\n\n<p>Mantenha sempre por perto uma <strong>toalha<\/strong> ou pano \u00famido, facilitando o resfriamento da pele em caso de desconforto, bem como <strong>\u00e1gua pot\u00e1vel<\/strong> para se manter hidratado durante e ap\u00f3s a sess\u00e3o.<\/p>\n\n\n\n<iframe loading=\"lazy\" width=\"560\" height=\"315\" src=\"https:\/\/www.youtube.com\/embed\/2bR68prAPu8?si=webjj5HeQ6sgw6U9\" title=\"YouTube video player\" frameborder=\"0\" allow=\"accelerometer; autoplay; clipboard-write; encrypted-media; gyroscope; picture-in-picture; web-share\" referrerpolicy=\"strict-origin-when-cross-origin\" allowfullscreen><\/iframe>\n\n\n\n<h2 class=\"wp-block-heading\">Por que adotar a automassagem com pedras quentes em sua rotina de autocuidado<\/h2>\n\n\n\n<p>Experimentar essa t\u00e9cnica em casa pode transformar a rotina de <strong>autocuidado<\/strong>, tornando o ambiente mais acolhedor e relaxante, e fornecendo <strong>benef\u00edcios vis\u00edveis \u00e0 sa\u00fade muscular e emocional<\/strong>. Incorporando a automassagem de forma consciente, \u00e9 poss\u00edvel aproveitar melhor o tempo de descanso e recupera\u00e7\u00e3o do corpo.<\/p>\n\n\n\n<p>Leia tamb\u00e9m:&nbsp;<a href=\"https:\/\/www.em.com.br\/emfoco\/2025\/11\/02\/as-melhores-plantas-para-quem-quer-relaxar-mas-nao-tem-tempo-ou-tem-pouca-luz\/\" target=\"_blank\" rel=\"noopener\">As melhores plantas para quem quer relaxar, mas n\u00e3o tem tempo ou tem pouca luz<\/a><\/p>\n\n\n\n<p>Com aten\u00e7\u00e3o aos detalhes, escolhendo os <strong>materiais ideais<\/strong> e tendo cautela durante a execu\u00e7\u00e3o, a <strong>automassagem com pedras quentes<\/strong> pode se consolidar como uma pr\u00e1tica valiosa e segura, promovendo <strong>qualidade de vida<\/strong> e <strong>bem-estar geral<\/strong>. Para potencializar o efeito, recomenda-se manter uma <strong>rotina regular<\/strong> de automassagem e buscar orienta\u00e7\u00e3o profissional caso sinta d\u00favidas sobre t\u00e9cnicas ou materiais adequados.<\/p>\n","protected":false},"excerpt":{"rendered":"<p>A automassagem com pedras quentes \u00e9 uma t\u00e9cnica terap\u00eautica origin\u00e1ria de antigas tradi\u00e7\u00f5es orientais, conhecida atualmente por aliviar dores musculares, reduzir o estresse e promover relaxamento profundo, sendo cada vez mais praticada no ambiente dom\u00e9stico por aqueles que buscam bem-estar e autocuidado. Que materiais usar para fazer automassagem com pedras quentes em casa Para realizar [&hellip;]<\/p>\n","protected":false},"author":9,"featured_media":123135,"comment_status":"open","ping_status":"open","sticky":false,"template":"","format":"standard","meta":{"jnews-multi-image_gallery":[],"jnews_single_post":{"format":"standard"},"jnews_primary_category":[],"jnews_social_meta":[],"jnews_override_counter":[],"footnotes":""},"categories":[8691,8819,1],"tags":[7595,18399,1167],"class_list":["post-123004","post","type-post","status-publish","format-standard","has-post-thumbnail","hentry","category-bem-estar","category-curiosidades","category-noticias","tag-massagem","tag-pedra-quente","tag-spa"],"yoast_head":"<!-- This site is optimized with the Yoast SEO plugin v23.8 - https:\/\/yoast.com\/wordpress\/plugins\/seo\/ -->\n<title>A t\u00e9cnica terap\u00eautica que alivia dores musculares e o estresse em casa - Estado de Minas - Em foco<\/title>\n<meta name=\"description\" content=\"A automassagem com pedras quentes alivia dores e estresse. Saiba como aquecer o basalto do jeito certo para o relaxamento profundo em casa.\" \/>\n<meta name=\"robots\" content=\"index, follow, max-snippet:-1, max-image-preview:large, max-video-preview:-1\" \/>\n<link rel=\"canonical\" href=\"https:\/\/www.em.com.br\/emfoco\/2025\/11\/05\/a-tecnica-terapeutica-que-alivia-dores-musculares-e-o-estresse-em-casa\/\" \/>\n<meta property=\"og:locale\" content=\"pt_BR\" \/>\n<meta property=\"og:type\" content=\"article\" \/>\n<meta property=\"og:title\" content=\"A t\u00e9cnica terap\u00eautica que alivia dores musculares e o estresse em casa - Estado de Minas - Em foco\" \/>\n<meta property=\"og:description\" content=\"A automassagem com pedras quentes alivia dores e estresse. Saiba como aquecer o basalto do jeito certo para o relaxamento profundo em casa.\" \/>\n<meta property=\"og:url\" content=\"https:\/\/www.em.com.br\/emfoco\/2025\/11\/05\/a-tecnica-terapeutica-que-alivia-dores-musculares-e-o-estresse-em-casa\/\" \/>\n<meta property=\"og:site_name\" content=\"Estado de Minas - Em foco\" \/>\n<meta property=\"article:published_time\" content=\"2025-11-05T16:15:42+00:00\" \/>\n<meta property=\"article:modified_time\" content=\"2025-11-04T21:00:44+00:00\" \/>\n<meta property=\"og:image\" content=\"https:\/\/www.em.com.br\/emfoco\/wp-content\/uploads\/2025\/11\/massagem_1762267905908.jpg\" \/>\n\t<meta property=\"og:image:width\" content=\"1280\" \/>\n\t<meta property=\"og:image:height\" content=\"720\" \/>\n\t<meta property=\"og:image:type\" content=\"image\/jpeg\" \/>\n<meta name=\"author\" content=\"Daniely Cardoso\" \/>\n<meta name=\"twitter:card\" content=\"summary_large_image\" \/>\n<meta name=\"twitter:label1\" content=\"Escrito por\" \/>\n\t<meta name=\"twitter:data1\" content=\"Daniely Cardoso\" \/>\n\t<meta name=\"twitter:label2\" content=\"Est. tempo de leitura\" \/>\n\t<meta name=\"twitter:data2\" content=\"4 minutos\" \/>\n<!-- \/ Yoast SEO plugin. -->","yoast_head_json":{"title":"A t\u00e9cnica terap\u00eautica que alivia dores musculares e o estresse em casa - Estado de Minas - Em foco","description":"A automassagem com pedras quentes alivia dores e estresse. Saiba como aquecer o basalto do jeito certo para o relaxamento profundo em casa.","robots":{"index":"index","follow":"follow","max-snippet":"max-snippet:-1","max-image-preview":"max-image-preview:large","max-video-preview":"max-video-preview:-1"},"canonical":"https:\/\/www.em.com.br\/emfoco\/2025\/11\/05\/a-tecnica-terapeutica-que-alivia-dores-musculares-e-o-estresse-em-casa\/","og_locale":"pt_BR","og_type":"article","og_title":"A t\u00e9cnica terap\u00eautica que alivia dores musculares e o estresse em casa - Estado de Minas - Em foco","og_description":"A automassagem com pedras quentes alivia dores e estresse. Saiba como aquecer o basalto do jeito certo para o relaxamento profundo em casa.","og_url":"https:\/\/www.em.com.br\/emfoco\/2025\/11\/05\/a-tecnica-terapeutica-que-alivia-dores-musculares-e-o-estresse-em-casa\/","og_site_name":"Estado de Minas - Em foco","article_published_time":"2025-11-05T16:15:42+00:00","article_modified_time":"2025-11-04T21:00:44+00:00","og_image":[{"width":1280,"height":720,"url":"https:\/\/www.em.com.br\/emfoco\/wp-content\/uploads\/2025\/11\/massagem_1762267905908.jpg","type":"image\/jpeg"}],"author":"Daniely Cardoso","twitter_card":"summary_large_image","twitter_misc":{"Escrito por":"Daniely Cardoso","Est. tempo de leitura":"4 minutos"},"schema":{"@context":"https:\/\/schema.org","@graph":[{"@type":"WebPage","@id":"https:\/\/www.em.com.br\/emfoco\/2025\/11\/05\/a-tecnica-terapeutica-que-alivia-dores-musculares-e-o-estresse-em-casa\/","url":"https:\/\/www.em.com.br\/emfoco\/2025\/11\/05\/a-tecnica-terapeutica-que-alivia-dores-musculares-e-o-estresse-em-casa\/","name":"A t\u00e9cnica terap\u00eautica que alivia dores musculares e o estresse em casa - Estado de Minas - Em foco","isPartOf":{"@id":"https:\/\/www.em.com.br\/emfoco\/#website"},"primaryImageOfPage":{"@id":"https:\/\/www.em.com.br\/emfoco\/2025\/11\/05\/a-tecnica-terapeutica-que-alivia-dores-musculares-e-o-estresse-em-casa\/#primaryimage"},"image":{"@id":"https:\/\/www.em.com.br\/emfoco\/2025\/11\/05\/a-tecnica-terapeutica-que-alivia-dores-musculares-e-o-estresse-em-casa\/#primaryimage"},"thumbnailUrl":"https:\/\/www.em.com.br\/emfoco\/wp-content\/uploads\/2025\/11\/massagem_1762267905908.jpg","datePublished":"2025-11-05T16:15:42+00:00","dateModified":"2025-11-04T21:00:44+00:00","author":{"@id":"https:\/\/www.em.com.br\/emfoco\/#\/schema\/person\/0a8186d72f2c3a5c6276d90b41f271a0"},"description":"A automassagem com pedras quentes alivia dores e estresse. Saiba como aquecer o basalto do jeito certo para o relaxamento profundo em casa.","breadcrumb":{"@id":"https:\/\/www.em.com.br\/emfoco\/2025\/11\/05\/a-tecnica-terapeutica-que-alivia-dores-musculares-e-o-estresse-em-casa\/#breadcrumb"},"inLanguage":"pt-BR","potentialAction":[{"@type":"ReadAction","target":["https:\/\/www.em.com.br\/emfoco\/2025\/11\/05\/a-tecnica-terapeutica-que-alivia-dores-musculares-e-o-estresse-em-casa\/"]}]},{"@type":"ImageObject","inLanguage":"pt-BR","@id":"https:\/\/www.em.com.br\/emfoco\/2025\/11\/05\/a-tecnica-terapeutica-que-alivia-dores-musculares-e-o-estresse-em-casa\/#primaryimage","url":"https:\/\/www.em.com.br\/emfoco\/wp-content\/uploads\/2025\/11\/massagem_1762267905908.jpg","contentUrl":"https:\/\/www.em.com.br\/emfoco\/wp-content\/uploads\/2025\/11\/massagem_1762267905908.jpg","width":1280,"height":720,"caption":"A automassagem com pedras quentes \u00e9 uma t\u00e9cnica terap\u00eautica - Cr\u00e9ditos: depositphotos.com \/ HayDmitriy"},{"@type":"BreadcrumbList","@id":"https:\/\/www.em.com.br\/emfoco\/2025\/11\/05\/a-tecnica-terapeutica-que-alivia-dores-musculares-e-o-estresse-em-casa\/#breadcrumb","itemListElement":[{"@type":"ListItem","position":1,"name":"In\u00edcio","item":"https:\/\/www.em.com.br\/emfoco\/"},{"@type":"ListItem","position":2,"name":"A t\u00e9cnica terap\u00eautica que alivia dores musculares e o estresse em casa"}]},{"@type":"WebSite","@id":"https:\/\/www.em.com.br\/emfoco\/#website","url":"https:\/\/www.em.com.br\/emfoco\/","name":"Estado de Minas - Em foco","description":"Acompanhe as \u00faltimas not\u00edcias e fique bem informado sobre tudo o que acontece em Minas Gerais, Brasil e no mundo.","potentialAction":[{"@type":"SearchAction","target":{"@type":"EntryPoint","urlTemplate":"https:\/\/www.em.com.br\/emfoco\/?s={search_term_string}"},"query-input":{"@type":"PropertyValueSpecification","valueRequired":true,"valueName":"search_term_string"}}],"inLanguage":"pt-BR"},{"@type":"Person","@id":"https:\/\/www.em.com.br\/emfoco\/#\/schema\/person\/0a8186d72f2c3a5c6276d90b41f271a0","name":"Daniely Cardoso","image":{"@type":"ImageObject","inLanguage":"pt-BR","@id":"https:\/\/www.em.com.br\/emfoco\/#\/schema\/person\/image\/","url":"https:\/\/secure.gravatar.com\/avatar\/4b80ddbd124d1f071b626d52d62e5dff?s=96&d=mm&r=g","contentUrl":"https:\/\/secure.gravatar.com\/avatar\/4b80ddbd124d1f071b626d52d62e5dff?s=96&d=mm&r=g","caption":"Daniely Cardoso"},"url":"https:\/\/www.em.com.br\/emfoco\/author\/danielymyth\/"}]}},"_links":{"self":[{"href":"https:\/\/www.em.com.br\/emfoco\/wp-json\/wp\/v2\/posts\/123004","targetHints":{"allow":["GET"]}}],"collection":[{"href":"https:\/\/www.em.com.br\/emfoco\/wp-json\/wp\/v2\/posts"}],"about":[{"href":"https:\/\/www.em.com.br\/emfoco\/wp-json\/wp\/v2\/types\/post"}],"author":[{"embeddable":true,"href":"https:\/\/www.em.com.br\/emfoco\/wp-json\/wp\/v2\/users\/9"}],"replies":[{"embeddable":true,"href":"https:\/\/www.em.com.br\/emfoco\/wp-json\/wp\/v2\/comments?post=123004"}],"version-history":[{"count":5,"href":"https:\/\/www.em.com.br\/emfoco\/wp-json\/wp\/v2\/posts\/123004\/revisions"}],"predecessor-version":[{"id":123420,"href":"https:\/\/www.em.com.br\/emfoco\/wp-json\/wp\/v2\/posts\/123004\/revisions\/123420"}],"wp:featuredmedia":[{"embeddable":true,"href":"https:\/\/www.em.com.br\/emfoco\/wp-json\/wp\/v2\/media\/123135"}],"wp:attachment":[{"href":"https:\/\/www.em.com.br\/emfoco\/wp-json\/wp\/v2\/media?parent=123004"}],"wp:term":[{"taxonomy":"category","embeddable":true,"href":"https:\/\/www.em.com.br\/emfoco\/wp-json\/wp\/v2\/categories?post=123004"},{"taxonomy":"post_tag","embeddable":true,"href":"https:\/\/www.em.com.br\/emfoco\/wp-json\/wp\/v2\/tags?post=123004"}],"curies":[{"name":"wp","href":"https:\/\/api.w.org\/{rel}","templated":true}]}}