{"id":122943,"date":"2025-11-05T12:35:00","date_gmt":"2025-11-05T15:35:00","guid":{"rendered":"https:\/\/www.em.com.br\/emfoco\/?p=122943"},"modified":"2025-11-03T18:38:03","modified_gmt":"2025-11-03T21:38:03","slug":"rotina-noturna-que-garante-cuidados-ao-seu-cabelo-e-sua-pele-enquanto-voce-dorme","status":"publish","type":"post","link":"https:\/\/www.em.com.br\/emfoco\/2025\/11\/05\/rotina-noturna-que-garante-cuidados-ao-seu-cabelo-e-sua-pele-enquanto-voce-dorme\/","title":{"rendered":"Rotina noturna que garante cuidados ao seu cabelo e sua pele enquanto voc\u00ea dorme"},"content":{"rendered":"\n<p>A maior regenera\u00e7\u00e3o celular acontece durante o sono, e \u00e9 nesse momento que pequenos <strong>cuidados noturnos<\/strong> inteligentes trabalham sozinhos na pele e no cabelo, para voc\u00ea acordar mais bonita, luminosa e sem esfor\u00e7o extra ao acordar.<\/p>\n\n\n\n<h2 class=\"wp-block-heading\">Por que a noite \u00e9 o hor\u00e1rio mais estrat\u00e9gico para resultados?<\/h2>\n\n\n\n<p>\u00c0 noite a barreira cut\u00e2nea est\u00e1 mais perme\u00e1vel, facilitando a entrada de <strong>ativos hidratantes<\/strong>, ent\u00e3o \u00e9 o momento mais eficiente para restaurar \u00e1gua perdida, estimular maciez e reparar textura sem precisar aumentar etapas ou complexidade na rotina di\u00e1ria.<\/p>\n\n\n\n<p>Aplicar um creme com <strong><a href=\"https:\/\/softhair.com.br\/o-poder-das-ceramidas-nos-cabelos-conheca-seus-beneficios-para-os-diferentes-tipos-de-cabelo\/\" target=\"_blank\" rel=\"noreferrer noopener\">ceramidas <\/a><\/strong>ou \u00e1cido hialur\u00f4nico antes de dormir faz o rosto reter mais umidade, reduz sensa\u00e7\u00e3o de repuxamento ao acordar e protege o col\u00e1geno contra micro danos acumulados ao longo do dia, evitando apar\u00eancia cansada.<\/p>\n\n\n\n<figure class=\"wp-block-image size-large\"><img loading=\"lazy\" decoding=\"async\" width=\"1024\" height=\"576\" src=\"https:\/\/www.em.com.br\/emfoco\/wp-content\/uploads\/2025\/11\/Skincare-mulher_1762205760184-1024x576.jpg\" alt=\"Rotina noturna que garante cuidados ao seu cabelo e sua pele enquanto voc\u00ea dorme\" class=\"wp-image-122960\" srcset=\"https:\/\/www.em.com.br\/emfoco\/wp-content\/uploads\/2025\/11\/Skincare-mulher_1762205760184-1024x576.jpg 1024w, https:\/\/www.em.com.br\/emfoco\/wp-content\/uploads\/2025\/11\/Skincare-mulher_1762205760184-300x169.jpg 300w, https:\/\/www.em.com.br\/emfoco\/wp-content\/uploads\/2025\/11\/Skincare-mulher_1762205760184-768x432.jpg 768w, https:\/\/www.em.com.br\/emfoco\/wp-content\/uploads\/2025\/11\/Skincare-mulher_1762205760184-750x422.jpg 750w, https:\/\/www.em.com.br\/emfoco\/wp-content\/uploads\/2025\/11\/Skincare-mulher_1762205760184-1140x641.jpg 1140w, https:\/\/www.em.com.br\/emfoco\/wp-content\/uploads\/2025\/11\/Skincare-mulher_1762205760184.jpg 1280w\" sizes=\"auto, (max-width: 1024px) 100vw, 1024px\" \/><figcaption class=\"wp-element-caption\">A barreira cut\u00e2nea fica mais perme\u00e1vel e ret\u00e9m mais \u00e1gua &#8211; Cr\u00e9ditos: depositphotos.com \/ g_studio<\/figcaption><\/figure>\n\n\n\n<p><em>Leia mais: <strong><a href=\"https:\/\/www.em.com.br\/emfoco\/2025\/10\/30\/as-6-cores-de-esmaltes-que-unem-elegancia-e-praticidade-no-dia-a-dia\/\" target=\"_blank\" rel=\"noreferrer noopener\">As 6 cores de esmaltes que unem eleg\u00e2ncia e praticidade no dia a dia<\/a><\/strong><\/em><\/p>\n\n\n\n<h2 class=\"wp-block-heading\">Quais produtos baratos funcionam melhor durante a madrugada?<\/h2>\n\n\n\n<p>O per\u00edodo REM \u00e9 o mais rico em recupera\u00e7\u00e3o, ent\u00e3o escolha ativos que realmente performam sozinhos enquanto o organismo descansa e focam em <strong>hidrata\u00e7\u00e3o profunda<\/strong> sem pesar.<\/p>\n\n\n\n<ul class=\"wp-block-list\">\n<li>1 gota de \u00f3leo leve de <strong>semente de uva<\/strong> suaviza micro linhas do olho<\/li>\n\n\n\n<li>M\u00e1scara labial nutritiva evita rachaduras e conserva <strong>elasticidade<\/strong><\/li>\n\n\n\n<li>Creme com \u00e1cido hialur\u00f4nico rep\u00f5e <strong>reserva h\u00eddrica<\/strong> perdida ao longo do dia<\/li>\n<\/ul>\n\n\n\n<h2 class=\"wp-block-heading\">Fronha de cetim realmente faz diferen\u00e7a no cabelo e no rosto?<\/h2>\n\n\n\n<p>Sim, porque o cetim reduz <strong>atrito<\/strong>, evita que a fibra capilar quebre com movimento do travesseiro, diminui o frizz, conserva o formato natural e favorece o brilho, especialmente em cabelos finos e ressecados que acordam mais amassados.<\/p>\n\n\n\n<p>Al\u00e9m disso, a fronha de cetim evita linhas marcadas no rosto ao impedir o \u201camassar\u201d da pele no travesseiro, reduzindo micro traumas mec\u00e2nicos que favorecem a forma\u00e7\u00e3o de <strong>rugas de sono<\/strong> ao longo dos anos, mantendo maciez preservada.<\/p>\n\n\n\n<figure class=\"wp-block-image size-large\"><img loading=\"lazy\" decoding=\"async\" width=\"1024\" height=\"576\" src=\"https:\/\/www.em.com.br\/emfoco\/wp-content\/uploads\/2025\/11\/Skincare-mulher_1762205879971-1024x576.jpg\" alt=\"Rotina noturna que garante cuidados ao seu cabelo e sua pele enquanto voc\u00ea dorme\" class=\"wp-image-122961\" srcset=\"https:\/\/www.em.com.br\/emfoco\/wp-content\/uploads\/2025\/11\/Skincare-mulher_1762205879971-1024x576.jpg 1024w, https:\/\/www.em.com.br\/emfoco\/wp-content\/uploads\/2025\/11\/Skincare-mulher_1762205879971-300x169.jpg 300w, https:\/\/www.em.com.br\/emfoco\/wp-content\/uploads\/2025\/11\/Skincare-mulher_1762205879971-768x432.jpg 768w, https:\/\/www.em.com.br\/emfoco\/wp-content\/uploads\/2025\/11\/Skincare-mulher_1762205879971-750x422.jpg 750w, https:\/\/www.em.com.br\/emfoco\/wp-content\/uploads\/2025\/11\/Skincare-mulher_1762205879971-1140x641.jpg 1140w, https:\/\/www.em.com.br\/emfoco\/wp-content\/uploads\/2025\/11\/Skincare-mulher_1762205879971.jpg 1280w\" sizes=\"auto, (max-width: 1024px) 100vw, 1024px\" \/><figcaption class=\"wp-element-caption\">Fronha de cetim diminui atrito e protege brilho natural dos fios &#8211; Cr\u00e9ditos: depositphotos.com \/ IgorVetushko<\/figcaption><\/figure>\n\n\n\n<h2 class=\"wp-block-heading\">Como montar uma rotina simples que funcione automaticamente?<\/h2>\n\n\n\n<p>Antes de deitar, desembarace com pente largo, aplique 1 gota de <strong>\u00f3leo vegetal<\/strong> da metade para as pontas, evite prender o fio com for\u00e7a e mantenha hor\u00e1rios est\u00e1veis de sono para regular cortisol, j\u00e1 que estresse noturno prejudica brilho natural.<\/p>\n\n\n\n<ul class=\"wp-block-list\">\n<li>Rotina de sono est\u00e1vel preserva <strong>barreira cut\u00e2nea<\/strong><\/li>\n\n\n\n<li>N\u00e3o dormir com cabelo totalmente preso evita <strong>tra\u00e7\u00e3o folicular<\/strong><\/li>\n\n\n\n<li>Apenas 1 gota de \u00f3leo nas pontas mant\u00e9m a <strong>fibra \u00edntegra<\/strong><\/li>\n<\/ul>\n\n\n\n<p>Autocuidado poderoso n\u00e3o \u00e9 o que cansa: \u00e9 o que trabalha por voc\u00ea enquanto dorme, porque pequenas decis\u00f5es noturnas constroem uma apar\u00eancia mais luminosa, mais jovem e mais alinhada ao que voc\u00ea \u00e9 de verdade.<\/p>\n","protected":false},"excerpt":{"rendered":"<p>A maior regenera\u00e7\u00e3o celular acontece durante o sono, e \u00e9 nesse momento que pequenos cuidados noturnos inteligentes trabalham sozinhos na pele e no cabelo, para voc\u00ea acordar mais bonita, luminosa e sem esfor\u00e7o extra ao acordar. Por que a noite \u00e9 o hor\u00e1rio mais estrat\u00e9gico para resultados? \u00c0 noite a barreira cut\u00e2nea est\u00e1 mais perme\u00e1vel, [&hellip;]<\/p>\n","protected":false},"author":13,"featured_media":122959,"comment_status":"open","ping_status":"open","sticky":false,"template":"","format":"standard","meta":{"jnews-multi-image_gallery":[],"jnews_single_post":{"format":"standard"},"jnews_primary_category":[],"jnews_social_meta":[],"jnews_override_counter":[],"footnotes":""},"categories":[8819],"tags":[712,18380,18382,18381],"class_list":["post-122943","post","type-post","status-publish","format-standard","has-post-thumbnail","hentry","category-curiosidades","tag-autocuidado","tag-cuidados-noturno","tag-pele-e-cabelo","tag-rotina-nortuna"],"yoast_head":"<!-- This site is optimized with the Yoast SEO plugin v23.8 - https:\/\/yoast.com\/wordpress\/plugins\/seo\/ -->\n<title>Rotina noturna que garante cuidados ao seu cabelo e sua pele enquanto voc\u00ea dorme - Estado de Minas - Em foco<\/title>\n<meta name=\"description\" content=\"Cuidar da pele dormindo \u00e9 poss\u00edvel com produtos simples e baratos. Entenda por que o sono \u00e9 o melhor momento para transformar seu visual.\" \/>\n<meta name=\"robots\" content=\"index, follow, max-snippet:-1, max-image-preview:large, max-video-preview:-1\" \/>\n<link rel=\"canonical\" href=\"https:\/\/www.em.com.br\/emfoco\/2025\/11\/05\/rotina-noturna-que-garante-cuidados-ao-seu-cabelo-e-sua-pele-enquanto-voce-dorme\/\" \/>\n<meta property=\"og:locale\" content=\"pt_BR\" \/>\n<meta property=\"og:type\" content=\"article\" \/>\n<meta property=\"og:title\" content=\"Rotina noturna que garante cuidados ao seu cabelo e sua pele enquanto voc\u00ea dorme - Estado de Minas - Em foco\" \/>\n<meta property=\"og:description\" content=\"Cuidar da pele dormindo \u00e9 poss\u00edvel com produtos simples e baratos. Entenda por que o sono \u00e9 o melhor momento para transformar seu visual.\" \/>\n<meta property=\"og:url\" content=\"https:\/\/www.em.com.br\/emfoco\/2025\/11\/05\/rotina-noturna-que-garante-cuidados-ao-seu-cabelo-e-sua-pele-enquanto-voce-dorme\/\" \/>\n<meta property=\"og:site_name\" content=\"Estado de Minas - Em foco\" \/>\n<meta property=\"article:published_time\" content=\"2025-11-05T15:35:00+00:00\" \/>\n<meta property=\"article:modified_time\" content=\"2025-11-03T21:38:03+00:00\" \/>\n<meta property=\"og:image\" content=\"https:\/\/www.em.com.br\/emfoco\/wp-content\/uploads\/2025\/11\/Skincare-mulher_1762205734992.jpg\" \/>\n\t<meta property=\"og:image:width\" content=\"1280\" \/>\n\t<meta property=\"og:image:height\" content=\"720\" \/>\n\t<meta property=\"og:image:type\" content=\"image\/jpeg\" \/>\n<meta name=\"author\" content=\"Gabriel Martins\" \/>\n<meta name=\"twitter:card\" content=\"summary_large_image\" \/>\n<meta name=\"twitter:label1\" content=\"Escrito por\" \/>\n\t<meta name=\"twitter:data1\" content=\"Gabriel Martins\" \/>\n\t<meta name=\"twitter:label2\" content=\"Est. tempo de leitura\" \/>\n\t<meta name=\"twitter:data2\" content=\"3 minutos\" \/>\n<!-- \/ Yoast SEO plugin. -->","yoast_head_json":{"title":"Rotina noturna que garante cuidados ao seu cabelo e sua pele enquanto voc\u00ea dorme - Estado de Minas - Em foco","description":"Cuidar da pele dormindo \u00e9 poss\u00edvel com produtos simples e baratos. Entenda por que o sono \u00e9 o melhor momento para transformar seu visual.","robots":{"index":"index","follow":"follow","max-snippet":"max-snippet:-1","max-image-preview":"max-image-preview:large","max-video-preview":"max-video-preview:-1"},"canonical":"https:\/\/www.em.com.br\/emfoco\/2025\/11\/05\/rotina-noturna-que-garante-cuidados-ao-seu-cabelo-e-sua-pele-enquanto-voce-dorme\/","og_locale":"pt_BR","og_type":"article","og_title":"Rotina noturna que garante cuidados ao seu cabelo e sua pele enquanto voc\u00ea dorme - Estado de Minas - Em foco","og_description":"Cuidar da pele dormindo \u00e9 poss\u00edvel com produtos simples e baratos. Entenda por que o sono \u00e9 o melhor momento para transformar seu visual.","og_url":"https:\/\/www.em.com.br\/emfoco\/2025\/11\/05\/rotina-noturna-que-garante-cuidados-ao-seu-cabelo-e-sua-pele-enquanto-voce-dorme\/","og_site_name":"Estado de Minas - Em foco","article_published_time":"2025-11-05T15:35:00+00:00","article_modified_time":"2025-11-03T21:38:03+00:00","og_image":[{"width":1280,"height":720,"url":"https:\/\/www.em.com.br\/emfoco\/wp-content\/uploads\/2025\/11\/Skincare-mulher_1762205734992.jpg","type":"image\/jpeg"}],"author":"Gabriel Martins","twitter_card":"summary_large_image","twitter_misc":{"Escrito por":"Gabriel Martins","Est. tempo de leitura":"3 minutos"},"schema":{"@context":"https:\/\/schema.org","@graph":[{"@type":"WebPage","@id":"https:\/\/www.em.com.br\/emfoco\/2025\/11\/05\/rotina-noturna-que-garante-cuidados-ao-seu-cabelo-e-sua-pele-enquanto-voce-dorme\/","url":"https:\/\/www.em.com.br\/emfoco\/2025\/11\/05\/rotina-noturna-que-garante-cuidados-ao-seu-cabelo-e-sua-pele-enquanto-voce-dorme\/","name":"Rotina noturna que garante cuidados ao seu cabelo e sua pele enquanto voc\u00ea dorme - Estado de Minas - Em foco","isPartOf":{"@id":"https:\/\/www.em.com.br\/emfoco\/#website"},"primaryImageOfPage":{"@id":"https:\/\/www.em.com.br\/emfoco\/2025\/11\/05\/rotina-noturna-que-garante-cuidados-ao-seu-cabelo-e-sua-pele-enquanto-voce-dorme\/#primaryimage"},"image":{"@id":"https:\/\/www.em.com.br\/emfoco\/2025\/11\/05\/rotina-noturna-que-garante-cuidados-ao-seu-cabelo-e-sua-pele-enquanto-voce-dorme\/#primaryimage"},"thumbnailUrl":"https:\/\/www.em.com.br\/emfoco\/wp-content\/uploads\/2025\/11\/Skincare-mulher_1762205734992.jpg","datePublished":"2025-11-05T15:35:00+00:00","dateModified":"2025-11-03T21:38:03+00:00","author":{"@id":"https:\/\/www.em.com.br\/emfoco\/#\/schema\/person\/1c9ddeab18b98abeffef834667bcf08a"},"description":"Cuidar da pele dormindo \u00e9 poss\u00edvel com produtos simples e baratos. Entenda por que o sono \u00e9 o melhor momento para transformar seu visual.","breadcrumb":{"@id":"https:\/\/www.em.com.br\/emfoco\/2025\/11\/05\/rotina-noturna-que-garante-cuidados-ao-seu-cabelo-e-sua-pele-enquanto-voce-dorme\/#breadcrumb"},"inLanguage":"pt-BR","potentialAction":[{"@type":"ReadAction","target":["https:\/\/www.em.com.br\/emfoco\/2025\/11\/05\/rotina-noturna-que-garante-cuidados-ao-seu-cabelo-e-sua-pele-enquanto-voce-dorme\/"]}]},{"@type":"ImageObject","inLanguage":"pt-BR","@id":"https:\/\/www.em.com.br\/emfoco\/2025\/11\/05\/rotina-noturna-que-garante-cuidados-ao-seu-cabelo-e-sua-pele-enquanto-voce-dorme\/#primaryimage","url":"https:\/\/www.em.com.br\/emfoco\/wp-content\/uploads\/2025\/11\/Skincare-mulher_1762205734992.jpg","contentUrl":"https:\/\/www.em.com.br\/emfoco\/wp-content\/uploads\/2025\/11\/Skincare-mulher_1762205734992.jpg","width":1280,"height":720,"caption":"A regenera\u00e7\u00e3o noturna \u00e9 o pico de reparo celular feminino - Cr\u00e9ditos: depositphotos.com \/ IgorVetushko"},{"@type":"BreadcrumbList","@id":"https:\/\/www.em.com.br\/emfoco\/2025\/11\/05\/rotina-noturna-que-garante-cuidados-ao-seu-cabelo-e-sua-pele-enquanto-voce-dorme\/#breadcrumb","itemListElement":[{"@type":"ListItem","position":1,"name":"In\u00edcio","item":"https:\/\/www.em.com.br\/emfoco\/"},{"@type":"ListItem","position":2,"name":"Rotina noturna que garante cuidados ao seu cabelo e sua pele enquanto voc\u00ea dorme"}]},{"@type":"WebSite","@id":"https:\/\/www.em.com.br\/emfoco\/#website","url":"https:\/\/www.em.com.br\/emfoco\/","name":"Estado de Minas - Em foco","description":"Acompanhe as \u00faltimas not\u00edcias e fique bem informado sobre tudo o que acontece em Minas Gerais, Brasil e no mundo.","potentialAction":[{"@type":"SearchAction","target":{"@type":"EntryPoint","urlTemplate":"https:\/\/www.em.com.br\/emfoco\/?s={search_term_string}"},"query-input":{"@type":"PropertyValueSpecification","valueRequired":true,"valueName":"search_term_string"}}],"inLanguage":"pt-BR"},{"@type":"Person","@id":"https:\/\/www.em.com.br\/emfoco\/#\/schema\/person\/1c9ddeab18b98abeffef834667bcf08a","name":"Gabriel Martins","image":{"@type":"ImageObject","inLanguage":"pt-BR","@id":"https:\/\/www.em.com.br\/emfoco\/#\/schema\/person\/image\/","url":"https:\/\/secure.gravatar.com\/avatar\/f0f1e2efdfd88f1ad2cb08c5c2731e50?s=96&d=mm&r=g","contentUrl":"https:\/\/secure.gravatar.com\/avatar\/f0f1e2efdfd88f1ad2cb08c5c2731e50?s=96&d=mm&r=g","caption":"Gabriel Martins"},"sameAs":["https:\/\/www.em.com.br\/emfoco\/"],"url":"https:\/\/www.em.com.br\/emfoco\/author\/gabrielmartinsmyth\/"}]}},"_links":{"self":[{"href":"https:\/\/www.em.com.br\/emfoco\/wp-json\/wp\/v2\/posts\/122943","targetHints":{"allow":["GET"]}}],"collection":[{"href":"https:\/\/www.em.com.br\/emfoco\/wp-json\/wp\/v2\/posts"}],"about":[{"href":"https:\/\/www.em.com.br\/emfoco\/wp-json\/wp\/v2\/types\/post"}],"author":[{"embeddable":true,"href":"https:\/\/www.em.com.br\/emfoco\/wp-json\/wp\/v2\/users\/13"}],"replies":[{"embeddable":true,"href":"https:\/\/www.em.com.br\/emfoco\/wp-json\/wp\/v2\/comments?post=122943"}],"version-history":[{"count":1,"href":"https:\/\/www.em.com.br\/emfoco\/wp-json\/wp\/v2\/posts\/122943\/revisions"}],"predecessor-version":[{"id":122962,"href":"https:\/\/www.em.com.br\/emfoco\/wp-json\/wp\/v2\/posts\/122943\/revisions\/122962"}],"wp:featuredmedia":[{"embeddable":true,"href":"https:\/\/www.em.com.br\/emfoco\/wp-json\/wp\/v2\/media\/122959"}],"wp:attachment":[{"href":"https:\/\/www.em.com.br\/emfoco\/wp-json\/wp\/v2\/media?parent=122943"}],"wp:term":[{"taxonomy":"category","embeddable":true,"href":"https:\/\/www.em.com.br\/emfoco\/wp-json\/wp\/v2\/categories?post=122943"},{"taxonomy":"post_tag","embeddable":true,"href":"https:\/\/www.em.com.br\/emfoco\/wp-json\/wp\/v2\/tags?post=122943"}],"curies":[{"name":"wp","href":"https:\/\/api.w.org\/{rel}","templated":true}]}}