{"id":122941,"date":"2025-11-05T09:25:00","date_gmt":"2025-11-05T12:25:00","guid":{"rendered":"https:\/\/www.em.com.br\/emfoco\/?p=122941"},"modified":"2025-11-04T14:43:04","modified_gmt":"2025-11-04T17:43:04","slug":"essas-plantas-mudaram-minha-digestao-e-sumiram-com-o-inchaco-abdominal","status":"publish","type":"post","link":"https:\/\/www.em.com.br\/emfoco\/2025\/11\/05\/essas-plantas-mudaram-minha-digestao-e-sumiram-com-o-inchaco-abdominal\/","title":{"rendered":"Essas plantas mudaram minha digest\u00e3o e sumiram com o incha\u00e7o abdominal"},"content":{"rendered":"\n<p>A sensa\u00e7\u00e3o de barriga pesada nem sempre \u00e9 gordura acumulada; muitas vezes \u00e9 apenas digest\u00e3o lenta e gases. Algumas plantas com compostos ativos podem modular esse processo e trazer conforto abdominal real.<\/p>\n\n\n\n<h2 class=\"wp-block-heading\">Por que algumas plantas aceleram o tr\u00e2nsito intestinal?<\/h2>\n\n\n\n<p>Quando falamos em <strong>plantas digestivas<\/strong>, o segredo n\u00e3o \u00e9 criar misturas enormes de ervas. O corpo responde melhor quando usamos a planta certa para o sintoma certo, porque cada composto bioativo atua em alvos fisiol\u00f3gicos espec\u00edficos.<\/p>\n\n\n\n<p>O mentol da <strong>hortel\u00e3<\/strong> relaxa musculatura lisa e reduz c\u00f3licas; o gingerol do gengibre estimula enzimas; o anetol da erva-doce diminui gases; flavonoides da camomila modulam inflama\u00e7\u00e3o e o boldo do Chile acelera fluxo biliar p\u00f3s gordura.<\/p>\n\n\n\n<figure class=\"wp-block-image size-large\"><img loading=\"lazy\" decoding=\"async\" width=\"1024\" height=\"576\" src=\"https:\/\/www.em.com.br\/emfoco\/wp-content\/uploads\/2025\/10\/erva-cidreira_1759527810378-1024x576.jpg\" alt=\"Cultive essa erva em casa e tenha ch\u00e1s calmantes direto do seu jardim\" class=\"wp-image-111343\" srcset=\"https:\/\/www.em.com.br\/emfoco\/wp-content\/uploads\/2025\/10\/erva-cidreira_1759527810378-1024x576.jpg 1024w, https:\/\/www.em.com.br\/emfoco\/wp-content\/uploads\/2025\/10\/erva-cidreira_1759527810378-300x169.jpg 300w, https:\/\/www.em.com.br\/emfoco\/wp-content\/uploads\/2025\/10\/erva-cidreira_1759527810378-768x432.jpg 768w, https:\/\/www.em.com.br\/emfoco\/wp-content\/uploads\/2025\/10\/erva-cidreira_1759527810378-750x422.jpg 750w, https:\/\/www.em.com.br\/emfoco\/wp-content\/uploads\/2025\/10\/erva-cidreira_1759527810378-1140x641.jpg 1140w, https:\/\/www.em.com.br\/emfoco\/wp-content\/uploads\/2025\/10\/erva-cidreira_1759527810378.jpg 1280w\" sizes=\"auto, (max-width: 1024px) 100vw, 1024px\" \/><figcaption class=\"wp-element-caption\">Mentol da hortel\u00e3 relaxa fibras lisas e reduz c\u00f3licas dolorosas &#8211; Cr\u00e9ditos: depositphotos.com \/ duskbabe<\/figcaption><\/figure>\n\n\n\n<h2 class=\"wp-block-heading\">Quais ervas funcionam melhor para cada sintoma?<\/h2>\n\n\n\n<p>Cada erva tem alvo funcional diferente. Por isso, a efic\u00e1cia n\u00e3o vem de \u201cmisturar tudo\u201d e sim de escolher o fitoter\u00e1pico adequado para o mecanismo fisiol\u00f3gico dominante naquele momento: gases, gordura mal digerida, c\u00f3lica ou reten\u00e7\u00e3o.<\/p>\n\n\n\n<ul class=\"wp-block-list\">\n<li><strong>Hortel\u00e3<\/strong>: mais \u00fatil em c\u00f3licas e estufamento p\u00f3s refei\u00e7\u00e3o<\/li>\n\n\n\n<li><strong>Gengibre<\/strong>: ativa enzimas digestivas ap\u00f3s refei\u00e7\u00e3o pesada<\/li>\n\n\n\n<li><strong>Erva-doce<\/strong>: reduz gases fermentativos e estufamento<\/li>\n<\/ul>\n\n\n\n<p><em>Leia mais: <strong><a href=\"https:\/\/www.em.com.br\/emfoco\/2025\/11\/03\/as-plantas-brasileiras-mais-poderosas-contra-dores-nas-articulacoes\/\" target=\"_blank\" rel=\"noreferrer noopener\">As plantas brasileiras mais poderosas contra dores nas articula\u00e7\u00f5es<\/a><\/strong><\/em><\/p>\n\n\n\n<h2 class=\"wp-block-heading\">Qual o preparo correto da infus\u00e3o para n\u00e3o perder ativos?<\/h2>\n\n\n\n<p>Preparar infus\u00e3o correta preserva <strong><a href=\"https:\/\/www.viaaromaloja.com.br\/aromaterapia\/?srsltid=AfmBOoq8ytSkELnecgtvOIDbv914PaUqpBnb2bcDAE8kO6I4rAo71_YP\" target=\"_blank\" rel=\"noreferrer noopener\">\u00f3leos essenciais<\/a><\/strong>. Use 1 colher da planta seca para 200 ml de \u00e1gua quente, tampe a x\u00edcara por 10 minutos para n\u00e3o volatilizar terpenos, e consuma 20 a 40 minutos ap\u00f3s refei\u00e7\u00f5es mais pesadas.<\/p>\n\n\n\n<p>H\u00e1 cautelas respons\u00e1veis: <strong>boldo-do-Chile<\/strong> n\u00e3o \u00e9 indicado para gestantes; quem tem gastrite deve testar gengibre em dose baixa primeiro. A estrat\u00e9gia \u00e9 modular o sintoma, sem agredir mucosa e sem criar efeito irritativo cumulativo.<\/p>\n\n\n\n<figure class=\"wp-block-image size-large\"><img loading=\"lazy\" decoding=\"async\" width=\"1024\" height=\"576\" src=\"https:\/\/www.em.com.br\/emfoco\/wp-content\/uploads\/2025\/09\/erva-doce_1758300834805-1024x576.jpg\" alt=\"Aprenda a cultivar a planta mais poderosa contra c\u00f3lica e gases\" class=\"wp-image-106073\" srcset=\"https:\/\/www.em.com.br\/emfoco\/wp-content\/uploads\/2025\/09\/erva-doce_1758300834805-1024x576.jpg 1024w, https:\/\/www.em.com.br\/emfoco\/wp-content\/uploads\/2025\/09\/erva-doce_1758300834805-300x169.jpg 300w, https:\/\/www.em.com.br\/emfoco\/wp-content\/uploads\/2025\/09\/erva-doce_1758300834805-768x432.jpg 768w, https:\/\/www.em.com.br\/emfoco\/wp-content\/uploads\/2025\/09\/erva-doce_1758300834805-750x422.jpg 750w, https:\/\/www.em.com.br\/emfoco\/wp-content\/uploads\/2025\/09\/erva-doce_1758300834805-1140x642.jpg 1140w, https:\/\/www.em.com.br\/emfoco\/wp-content\/uploads\/2025\/09\/erva-doce_1758300834805.jpg 1279w\" sizes=\"auto, (max-width: 1024px) 100vw, 1024px\" \/><figcaption class=\"wp-element-caption\">Usar apenas uma erva por vez melhora resposta fisiol\u00f3gica direta &#8211; Cr\u00e9ditos: depositphotos.com \/ vesnac<\/figcaption><\/figure>\n\n\n\n<h2 class=\"wp-block-heading\">Quais detalhes pr\u00e1ticos potencializam a leveza p\u00f3s-refei\u00e7\u00e3o?<\/h2>\n\n\n\n<p>Estas plantas n\u00e3o substituem boas pr\u00e1ticas base: mastigar devagar, fracionar gorduras, reduzir ultra processados. Mas podem ser ferramentas baratas e ao alcance di\u00e1rio para ajustar o ritmo gastrointestinal e melhorar a sensa\u00e7\u00e3o p\u00f3s-refei\u00e7\u00e3o.<\/p>\n\n\n\n<ul class=\"wp-block-list\">\n<li>Use s\u00f3 1 erva por vez: o excesso de mistura atrapalha o efeito<\/li>\n\n\n\n<li>Fa\u00e7a pausa de 2 a 3 dias quando n\u00e3o houver sintomas ativos<\/li>\n\n\n\n<li>Observe humor: <strong>bem-estar<\/strong> abdominal melhora at\u00e9 disposi\u00e7\u00e3o mental<\/li>\n<\/ul>\n","protected":false},"excerpt":{"rendered":"<p>A sensa\u00e7\u00e3o de barriga pesada nem sempre \u00e9 gordura acumulada; muitas vezes \u00e9 apenas digest\u00e3o lenta e gases. Algumas plantas com compostos ativos podem modular esse processo e trazer conforto abdominal real. Por que algumas plantas aceleram o tr\u00e2nsito intestinal? Quando falamos em plantas digestivas, o segredo n\u00e3o \u00e9 criar misturas enormes de ervas. O [&hellip;]<\/p>\n","protected":false},"author":13,"featured_media":122953,"comment_status":"open","ping_status":"open","sticky":false,"template":"","format":"standard","meta":{"jnews-multi-image_gallery":[],"jnews_single_post":{"format":"standard"},"jnews_primary_category":[],"jnews_social_meta":[],"jnews_override_counter":[],"footnotes":""},"categories":[8819],"tags":[4205,6463,3324,12953],"class_list":["post-122941","post","type-post","status-publish","format-standard","has-post-thumbnail","hentry","category-curiosidades","tag-digestao","tag-inchaco","tag-plantas","tag-plantas-beneficas"],"yoast_head":"<!-- This site is optimized with the Yoast SEO plugin v23.8 - https:\/\/yoast.com\/wordpress\/plugins\/seo\/ -->\n<title>Essas plantas mudaram minha digest\u00e3o e sumiram com o incha\u00e7o abdominal - Estado de Minas - Em foco<\/title>\n<meta name=\"description\" content=\"Muitas vezes a barriga pesada \u00e9 s\u00f3 digest\u00e3o lenta. Estas plantas com a\u00e7\u00e3o direta no intestino podem transformar sua leveza ap\u00f3s as refei\u00e7\u00f5es.\" \/>\n<meta name=\"robots\" content=\"index, follow, max-snippet:-1, max-image-preview:large, max-video-preview:-1\" \/>\n<link rel=\"canonical\" href=\"https:\/\/www.em.com.br\/emfoco\/2025\/11\/05\/essas-plantas-mudaram-minha-digestao-e-sumiram-com-o-inchaco-abdominal\/\" \/>\n<meta property=\"og:locale\" content=\"pt_BR\" \/>\n<meta property=\"og:type\" content=\"article\" \/>\n<meta property=\"og:title\" content=\"Essas plantas mudaram minha digest\u00e3o e sumiram com o incha\u00e7o abdominal - Estado de Minas - Em foco\" \/>\n<meta property=\"og:description\" content=\"Muitas vezes a barriga pesada \u00e9 s\u00f3 digest\u00e3o lenta. Estas plantas com a\u00e7\u00e3o direta no intestino podem transformar sua leveza ap\u00f3s as refei\u00e7\u00f5es.\" \/>\n<meta property=\"og:url\" content=\"https:\/\/www.em.com.br\/emfoco\/2025\/11\/05\/essas-plantas-mudaram-minha-digestao-e-sumiram-com-o-inchaco-abdominal\/\" \/>\n<meta property=\"og:site_name\" content=\"Estado de Minas - Em foco\" \/>\n<meta property=\"article:published_time\" content=\"2025-11-05T12:25:00+00:00\" \/>\n<meta property=\"article:modified_time\" content=\"2025-11-04T17:43:04+00:00\" \/>\n<meta property=\"og:image\" content=\"https:\/\/www.em.com.br\/emfoco\/wp-content\/uploads\/2025\/11\/mosaico_1762205012884.jpg\" \/>\n\t<meta property=\"og:image:width\" content=\"1280\" \/>\n\t<meta property=\"og:image:height\" content=\"720\" \/>\n\t<meta property=\"og:image:type\" content=\"image\/jpeg\" \/>\n<meta name=\"author\" content=\"Gabriel Martins\" \/>\n<meta name=\"twitter:card\" content=\"summary_large_image\" \/>\n<meta name=\"twitter:label1\" content=\"Escrito por\" \/>\n\t<meta name=\"twitter:data1\" content=\"Gabriel Martins\" \/>\n\t<meta name=\"twitter:label2\" content=\"Est. tempo de leitura\" \/>\n\t<meta name=\"twitter:data2\" content=\"3 minutos\" \/>\n<!-- \/ Yoast SEO plugin. -->","yoast_head_json":{"title":"Essas plantas mudaram minha digest\u00e3o e sumiram com o incha\u00e7o abdominal - Estado de Minas - Em foco","description":"Muitas vezes a barriga pesada \u00e9 s\u00f3 digest\u00e3o lenta. Estas plantas com a\u00e7\u00e3o direta no intestino podem transformar sua leveza ap\u00f3s as refei\u00e7\u00f5es.","robots":{"index":"index","follow":"follow","max-snippet":"max-snippet:-1","max-image-preview":"max-image-preview:large","max-video-preview":"max-video-preview:-1"},"canonical":"https:\/\/www.em.com.br\/emfoco\/2025\/11\/05\/essas-plantas-mudaram-minha-digestao-e-sumiram-com-o-inchaco-abdominal\/","og_locale":"pt_BR","og_type":"article","og_title":"Essas plantas mudaram minha digest\u00e3o e sumiram com o incha\u00e7o abdominal - Estado de Minas - Em foco","og_description":"Muitas vezes a barriga pesada \u00e9 s\u00f3 digest\u00e3o lenta. Estas plantas com a\u00e7\u00e3o direta no intestino podem transformar sua leveza ap\u00f3s as refei\u00e7\u00f5es.","og_url":"https:\/\/www.em.com.br\/emfoco\/2025\/11\/05\/essas-plantas-mudaram-minha-digestao-e-sumiram-com-o-inchaco-abdominal\/","og_site_name":"Estado de Minas - Em foco","article_published_time":"2025-11-05T12:25:00+00:00","article_modified_time":"2025-11-04T17:43:04+00:00","og_image":[{"width":1280,"height":720,"url":"https:\/\/www.em.com.br\/emfoco\/wp-content\/uploads\/2025\/11\/mosaico_1762205012884.jpg","type":"image\/jpeg"}],"author":"Gabriel Martins","twitter_card":"summary_large_image","twitter_misc":{"Escrito por":"Gabriel Martins","Est. tempo de leitura":"3 minutos"},"schema":{"@context":"https:\/\/schema.org","@graph":[{"@type":"WebPage","@id":"https:\/\/www.em.com.br\/emfoco\/2025\/11\/05\/essas-plantas-mudaram-minha-digestao-e-sumiram-com-o-inchaco-abdominal\/","url":"https:\/\/www.em.com.br\/emfoco\/2025\/11\/05\/essas-plantas-mudaram-minha-digestao-e-sumiram-com-o-inchaco-abdominal\/","name":"Essas plantas mudaram minha digest\u00e3o e sumiram com o incha\u00e7o abdominal - Estado de Minas - Em foco","isPartOf":{"@id":"https:\/\/www.em.com.br\/emfoco\/#website"},"primaryImageOfPage":{"@id":"https:\/\/www.em.com.br\/emfoco\/2025\/11\/05\/essas-plantas-mudaram-minha-digestao-e-sumiram-com-o-inchaco-abdominal\/#primaryimage"},"image":{"@id":"https:\/\/www.em.com.br\/emfoco\/2025\/11\/05\/essas-plantas-mudaram-minha-digestao-e-sumiram-com-o-inchaco-abdominal\/#primaryimage"},"thumbnailUrl":"https:\/\/www.em.com.br\/emfoco\/wp-content\/uploads\/2025\/11\/mosaico_1762205012884.jpg","datePublished":"2025-11-05T12:25:00+00:00","dateModified":"2025-11-04T17:43:04+00:00","author":{"@id":"https:\/\/www.em.com.br\/emfoco\/#\/schema\/person\/1c9ddeab18b98abeffef834667bcf08a"},"description":"Muitas vezes a barriga pesada \u00e9 s\u00f3 digest\u00e3o lenta. Estas plantas com a\u00e7\u00e3o direta no intestino podem transformar sua leveza ap\u00f3s as refei\u00e7\u00f5es.","breadcrumb":{"@id":"https:\/\/www.em.com.br\/emfoco\/2025\/11\/05\/essas-plantas-mudaram-minha-digestao-e-sumiram-com-o-inchaco-abdominal\/#breadcrumb"},"inLanguage":"pt-BR","potentialAction":[{"@type":"ReadAction","target":["https:\/\/www.em.com.br\/emfoco\/2025\/11\/05\/essas-plantas-mudaram-minha-digestao-e-sumiram-com-o-inchaco-abdominal\/"]}]},{"@type":"ImageObject","inLanguage":"pt-BR","@id":"https:\/\/www.em.com.br\/emfoco\/2025\/11\/05\/essas-plantas-mudaram-minha-digestao-e-sumiram-com-o-inchaco-abdominal\/#primaryimage","url":"https:\/\/www.em.com.br\/emfoco\/wp-content\/uploads\/2025\/11\/mosaico_1762205012884.jpg","contentUrl":"https:\/\/www.em.com.br\/emfoco\/wp-content\/uploads\/2025\/11\/mosaico_1762205012884.jpg","width":1280,"height":720,"caption":"Plantas digestivas certas aliviam barriga pesada sem estrat\u00e9gias agressivas - Cr\u00e9ditos: depositphotos.com \/ ruigsantos \/ Cr\u00e9ditos: depositphotos.com \/ JanPietruszka"},{"@type":"BreadcrumbList","@id":"https:\/\/www.em.com.br\/emfoco\/2025\/11\/05\/essas-plantas-mudaram-minha-digestao-e-sumiram-com-o-inchaco-abdominal\/#breadcrumb","itemListElement":[{"@type":"ListItem","position":1,"name":"In\u00edcio","item":"https:\/\/www.em.com.br\/emfoco\/"},{"@type":"ListItem","position":2,"name":"Essas plantas mudaram minha digest\u00e3o e sumiram com o incha\u00e7o abdominal"}]},{"@type":"WebSite","@id":"https:\/\/www.em.com.br\/emfoco\/#website","url":"https:\/\/www.em.com.br\/emfoco\/","name":"Estado de Minas - Em foco","description":"Acompanhe as \u00faltimas not\u00edcias e fique bem informado sobre tudo o que acontece em Minas Gerais, Brasil e no mundo.","potentialAction":[{"@type":"SearchAction","target":{"@type":"EntryPoint","urlTemplate":"https:\/\/www.em.com.br\/emfoco\/?s={search_term_string}"},"query-input":{"@type":"PropertyValueSpecification","valueRequired":true,"valueName":"search_term_string"}}],"inLanguage":"pt-BR"},{"@type":"Person","@id":"https:\/\/www.em.com.br\/emfoco\/#\/schema\/person\/1c9ddeab18b98abeffef834667bcf08a","name":"Gabriel Martins","image":{"@type":"ImageObject","inLanguage":"pt-BR","@id":"https:\/\/www.em.com.br\/emfoco\/#\/schema\/person\/image\/","url":"https:\/\/secure.gravatar.com\/avatar\/f0f1e2efdfd88f1ad2cb08c5c2731e50?s=96&d=mm&r=g","contentUrl":"https:\/\/secure.gravatar.com\/avatar\/f0f1e2efdfd88f1ad2cb08c5c2731e50?s=96&d=mm&r=g","caption":"Gabriel Martins"},"sameAs":["https:\/\/www.em.com.br\/emfoco\/"],"url":"https:\/\/www.em.com.br\/emfoco\/author\/gabrielmartinsmyth\/"}]}},"_links":{"self":[{"href":"https:\/\/www.em.com.br\/emfoco\/wp-json\/wp\/v2\/posts\/122941","targetHints":{"allow":["GET"]}}],"collection":[{"href":"https:\/\/www.em.com.br\/emfoco\/wp-json\/wp\/v2\/posts"}],"about":[{"href":"https:\/\/www.em.com.br\/emfoco\/wp-json\/wp\/v2\/types\/post"}],"author":[{"embeddable":true,"href":"https:\/\/www.em.com.br\/emfoco\/wp-json\/wp\/v2\/users\/13"}],"replies":[{"embeddable":true,"href":"https:\/\/www.em.com.br\/emfoco\/wp-json\/wp\/v2\/comments?post=122941"}],"version-history":[{"count":3,"href":"https:\/\/www.em.com.br\/emfoco\/wp-json\/wp\/v2\/posts\/122941\/revisions"}],"predecessor-version":[{"id":123439,"href":"https:\/\/www.em.com.br\/emfoco\/wp-json\/wp\/v2\/posts\/122941\/revisions\/123439"}],"wp:featuredmedia":[{"embeddable":true,"href":"https:\/\/www.em.com.br\/emfoco\/wp-json\/wp\/v2\/media\/122953"}],"wp:attachment":[{"href":"https:\/\/www.em.com.br\/emfoco\/wp-json\/wp\/v2\/media?parent=122941"}],"wp:term":[{"taxonomy":"category","embeddable":true,"href":"https:\/\/www.em.com.br\/emfoco\/wp-json\/wp\/v2\/categories?post=122941"},{"taxonomy":"post_tag","embeddable":true,"href":"https:\/\/www.em.com.br\/emfoco\/wp-json\/wp\/v2\/tags?post=122941"}],"curies":[{"name":"wp","href":"https:\/\/api.w.org\/{rel}","templated":true}]}}