{"id":122906,"date":"2025-11-04T21:05:00","date_gmt":"2025-11-05T00:05:00","guid":{"rendered":"https:\/\/www.em.com.br\/emfoco\/?p=122906"},"modified":"2025-11-03T16:15:09","modified_gmt":"2025-11-03T19:15:09","slug":"o-refugio-fluminense-que-esta-encantando-brasileiros-com-seu-charme-e-tranquilidade-a-beira-mar","status":"publish","type":"post","link":"https:\/\/www.em.com.br\/emfoco\/2025\/11\/04\/o-refugio-fluminense-que-esta-encantando-brasileiros-com-seu-charme-e-tranquilidade-a-beira-mar\/","title":{"rendered":"O ref\u00fagio fluminense que est\u00e1 encantando brasileiros com seu charme e tranquilidade \u00e0 beira-mar"},"content":{"rendered":"\n<p>Entre o agito da <strong>Regi\u00e3o dos Lagos<\/strong> e o sossego do litoral verde, <strong>Rio das Ostras<\/strong>, no <strong>Rio de Janeiro<\/strong>, tem se destacado como um dos destinos mais acolhedores e equilibrados do Sudeste. Localizada entre <strong>B\u00fazios<\/strong> e <strong>Maca\u00e9<\/strong>, a cidade combina praias de \u00e1guas calmas, cultura local vibrante e uma infraestrutura que cresce sem perder o clima de cidade pequena.<\/p>\n\n\n\n<p>Conhecida por suas paisagens costeiras, eventos musicais e vida tranquila, <strong>Rio das Ostras<\/strong> atrai tanto turistas quanto novos moradores em busca de qualidade de vida. \u00c9 um destino que oferece o melhor dos dois mundos: a proximidade com grandes centros e o sossego de um para\u00edso \u00e0 beira-mar.<\/p>\n\n\n\n<ul class=\"wp-block-list\">\n<li>Praias limpas e ideais para fam\u00edlias<\/li>\n\n\n\n<li>Forte cultura local com eventos anuais de m\u00fasica e arte<\/li>\n\n\n\n<li>Gastronomia baseada em frutos do mar frescos<\/li>\n<\/ul>\n\n\n\n<h2 class=\"wp-block-heading\">Vale a pena morar em Rio das Ostras?<\/h2>\n\n\n\n<p>Sim, e cada vez mais pessoas est\u00e3o descobrindo isso. <strong>Rio das Ostras<\/strong> tem um ritmo de vida leve, com boas op\u00e7\u00f5es de lazer e um ambiente comunit\u00e1rio acolhedor. A cidade oferece escolas, com\u00e9rcio diversificado e uma cena cultural que cresce junto com o turismo.<\/p>\n\n\n\n<p>Segundo a <strong><a href=\"https:\/\/www.riodasostras.rj.gov.br\/\" target=\"_blank\" rel=\"noreferrer noopener\">Prefeitura de Rio das Ostras<\/a> (2025)<\/strong>, o munic\u00edpio tem investido em sustentabilidade, transporte p\u00fablico e projetos de revitaliza\u00e7\u00e3o urbana. Al\u00e9m disso, a presen\u00e7a de \u00e1reas verdes e o f\u00e1cil acesso \u00e0 praia tornam o dia a dia mais saud\u00e1vel e prazeroso.<\/p>\n\n\n\n<ul class=\"wp-block-list\">\n<li>Custo de vida mais acess\u00edvel que o de cidades vizinhas<\/li>\n\n\n\n<li>Crescente procura por moradia e turismo de fim de semana<\/li>\n\n\n\n<li>Forte engajamento comunit\u00e1rio e cultural<\/li>\n<\/ul>\n\n\n\n<figure class=\"wp-block-embed is-type-video is-provider-youtube wp-block-embed-youtube wp-embed-aspect-16-9 wp-has-aspect-ratio\"><div class=\"wp-block-embed__wrapper\">\n<div class=\"jeg_video_container jeg_video_content\"><iframe loading=\"lazy\" title=\"|4K| Rio das Ostras RJ |BR| Drone DJI Mini Pro 4\" width=\"500\" height=\"281\" src=\"https:\/\/www.youtube.com\/embed\/J8qRvZA1390?feature=oembed\" frameborder=\"0\" allow=\"accelerometer; autoplay; clipboard-write; encrypted-media; gyroscope; picture-in-picture; web-share\" referrerpolicy=\"strict-origin-when-cross-origin\" allowfullscreen><\/iframe><\/div>\n<\/div><\/figure>\n\n\n\n<h2 class=\"wp-block-heading\">Vale a pena visitar Rio das Ostras?<\/h2>\n\n\n\n<p>Definitivamente. O turismo em <strong>Rio das Ostras<\/strong> \u00e9 ideal para quem procura praias tranquilas, boa comida e hospitalidade fluminense. Com uma orla extensa e bem cuidada, a cidade oferece op\u00e7\u00f5es para todos os perfis \u2014 de fam\u00edlias a casais e aventureiros.<\/p>\n\n\n\n<p>Entre os <strong>principais pontos tur\u00edsticos de Rio das Ostras<\/strong>, est\u00e3o:<\/p>\n\n\n\n<ul class=\"wp-block-list\">\n<li><strong>Praia de Costazul<\/strong> \u2013 a mais famosa, com quiosques, cal\u00e7ad\u00e3o e o monumento do Cost\u00e3o<\/li>\n\n\n\n<li><strong>Praia das Tartarugas<\/strong> \u2013 ideal para quem busca sossego e \u00e1guas calmas<\/li>\n\n\n\n<li><strong>Praia do Bosque<\/strong> \u2013 cercada por vegeta\u00e7\u00e3o e muito frequentada por fam\u00edlias<\/li>\n\n\n\n<li><strong>Lagoa de Iriry<\/strong> \u2013 tamb\u00e9m conhecida como \u201cLagoa Negra\u201d, com \u00e1guas escuras e paisagem cinematogr\u00e1fica<\/li>\n\n\n\n<li><strong>Feira de Artesanato da Pra\u00e7a da Baleia<\/strong> \u2013 ponto cultural com produtos locais<\/li>\n\n\n\n<li><strong>Trilha da Enseada das Gaivotas<\/strong> \u2013 caminho leve com vista panor\u00e2mica da costa<\/li>\n<\/ul>\n\n\n\n<p>A cidade tamb\u00e9m \u00e9 palco do <strong>Festival de Jazz &amp; Blues de Rio das Ostras<\/strong>, considerado um dos maiores da Am\u00e9rica Latina, que atrai milhares de visitantes e nomes internacionais da m\u00fasica, segundo a <strong>Secretaria de Turismo do Estado do Rio de Janeiro (2025)<\/strong>.<\/p>\n\n\n\n<h2 class=\"wp-block-heading\">O clima de Rio das Ostras<\/h2>\n\n\n\n<p>De acordo com o <strong>Climatempo (2025)<\/strong>, o clima em <strong>Rio das Ostras<\/strong> \u00e9 tropical litor\u00e2neo, com temperaturas m\u00e9dias entre 20 \u00b0C e 29 \u00b0C ao longo do ano. O sol brilha praticamente todos os meses, e o vento constante refresca o litoral mesmo nos dias mais quentes.<\/p>\n\n\n\n<figure class=\"wp-block-table\"><table class=\"has-fixed-layout\"><thead><tr><th>Esta\u00e7\u00e3o<\/th><th>Temperatura m\u00e9dia<\/th><th>Clima predominante<\/th><th>Atividades indicadas<\/th><\/tr><\/thead><tbody><tr><td>Ver\u00e3o (dez\u2013mar)<\/td><td>29 \u00b0C<\/td><td>Quente e ensolarado<\/td><td>Praia e esportes aqu\u00e1ticos<\/td><\/tr><tr><td>Outono (abr\u2013jun)<\/td><td>25 \u00b0C<\/td><td>Ameno e seco<\/td><td>Trilhas e caminhadas<\/td><\/tr><tr><td>Inverno (jun\u2013ago)<\/td><td>22 \u00b0C<\/td><td>Fresco e ventoso<\/td><td>Gastronomia e turismo cultural<\/td><\/tr><tr><td>Primavera (set\u2013nov)<\/td><td>27 \u00b0C<\/td><td>Agrad\u00e1vel e ensolarado<\/td><td>Passeios pela orla<\/td><\/tr><\/tbody><\/table><\/figure>\n\n\n\n<h2 class=\"wp-block-heading\">Qual \u00e9 a melhor \u00e9poca para visitar Rio das Ostras?<\/h2>\n\n\n\n<p><strong>Rio das Ostras<\/strong> \u00e9 um destino de clima agrad\u00e1vel o ano todo, mas os meses de <strong>abril a outubro<\/strong> s\u00e3o os mais indicados para quem quer aproveitar a cidade com menos movimento e temperaturas mais amenas. No ver\u00e3o, o local ganha mais vida, com shows, feiras e eventos culturais.<\/p>\n\n\n\n<figure class=\"wp-block-table\"><table class=\"has-fixed-layout\"><thead><tr><th>M\u00eas<\/th><th>Condi\u00e7\u00e3o clim\u00e1tica<\/th><th>Atividade recomendada<\/th><\/tr><\/thead><tbody><tr><td>Janeiro<\/td><td>Calor intenso<\/td><td>Banhos de mar e eventos de ver\u00e3o<\/td><\/tr><tr><td>Abril<\/td><td>Clima agrad\u00e1vel<\/td><td>Caminhadas e mirantes<\/td><\/tr><tr><td>Julho<\/td><td>Inverno leve<\/td><td>Festival de Jazz &amp; Blues<\/td><\/tr><tr><td>Outubro<\/td><td>Primavera ensolarada<\/td><td>Turismo de praia e gastronomia<\/td><\/tr><\/tbody><\/table><\/figure>\n\n\n\n<blockquote class=\"tiktok-embed\" cite=\"https:\/\/www.tiktok.com\/@qualidademacae\/video\/7240969707526851845\" data-video-id=\"7240969707526851845\" style=\"max-width: 605px;min-width: 325px;\" > <section> <a target=\"_blank\" title=\"@qualidademacae\" href=\"https:\/\/www.tiktok.com\/@qualidademacae?refer=embed\">@qualidademacae<\/a> <p>4 dicas incr\u00edveis em Rio das Ostras, voc\u00ea j\u00e1 conhece algum? J\u00e1 marca o @ pra ver esses lugares lindos com voc\u00ea \ud83d\udc99 Rio das Ostras&#47;RJ fica a aproximadamente 28km de Maca\u00e9 e muitas pessoas frequentam as duas cidades vizinhas seja para trabalhar ou passear \ud83d\ude04 PRA\u00c7A DA BALEIA \ud83d\udc0b  O nome da pra\u00e7a vem de sua principal atra\u00e7\u00e3o: uma escultura de uma baleia jubarte com 20 metros de comprimento, de estrutura met\u00e1lica e recoberta com chapas de bronze e liga de lat\u00e3o. \u00a0A autoria \u00e9 do artista pl\u00e1stico Roberto S\u00e1, conhecido internacionalmente por suas esculturas hiper-realistas. Fica em frente \u00e0 praia de Costazul. PIER DO EMISS\u00c1RIO DE COSTAZUL \ud83c\udf09  O p\u00eder avan\u00e7a 200 metros para dentro da praia e al\u00e9m de permitir a observa\u00e7\u00e3o de uma linda paisagem, \u00e9 o novo ponto para pesca de cani\u00e7o. Ideal para aproveitar o nascer do sol e admirar toda orla da praia de Costazul vista por um \u00e2ngulo privilegiado. PRAIA DAS AREIAS NEGRAS \ud83c\udfd6\ufe0f  Uma bel\u00edssima praia, em formato de ferradura. \u00c9 possui maior teor de monazita na areia (respons\u00e1vel pela colora\u00e7\u00e3o amarelada), indicada para tratamentos medicinais. Conta com pequenas piscinas naturais, de \u00e1guas transparentes, por entre as rochas, muito freq\u00fcentada pelos adeptos da pesca de arremesso. Local ideal para caminhada ecol\u00f3gica, ao seguir na dire\u00e7\u00e3o da praia de Costazul ou da Praia Virgem, pelo Monumento Natural dos Cost\u00f5es Rochosos, onde avista-se diversos desenhos esot\u00e9ricos talhados nas rochas por um artista pl\u00e1stico, como barcos viking, sol entre golfinhos, espadas, entre outros. \u00c1rea para estacionamento comporta cerca de 80 ve\u00edculos nas proximidades. Linha de transporte p\u00fablico com ponto mais pr\u00f3ximo \u00e9 na Tocol\u00e2ndia, em Costazul, e seguir a p\u00e9 por cerca de 1,5km. VALE DOS EUCALIPTOS  Fica em uma propriedade no Mar do Norte e \u00e9 ideal para fazer trilha de bike e ensaios fotogr\u00e1ficos \ud83c\udf32<\/p> <a target=\"_blank\" title=\"\u266c som original - lucasramos0384\" href=\"https:\/\/www.tiktok.com\/music\/som-original-7240969735867828998?refer=embed\">\u266c som original &#8211; lucasramos0384<\/a> <\/section> <\/blockquote> <script async src=\"https:\/\/www.tiktok.com\/embed.js\"><\/script>\n\n\n\n<p><em>Leia tamb\u00e9m: <a href=\"https:\/\/www.em.com.br\/emfoco\/2025\/09\/30\/o-destino-famoso-por-suas-praias-e-pores-do-sol-inesqueciveis-para-levar-a-familia\/\" target=\"_blank\" rel=\"noreferrer noopener\"><strong>O destino famoso por suas praias e pores do sol inesquec\u00edveis para levar a fam\u00edlia<\/strong><\/a><\/em><\/p>\n\n\n\n<h2 class=\"wp-block-heading\">Segredos e curiosidades de Rio das Ostras<\/h2>\n\n\n\n<ul class=\"wp-block-list\">\n<li>O nome da cidade vem da grande quantidade de <strong>ostras<\/strong> encontradas na regi\u00e3o no s\u00e9culo XIX.<\/li>\n\n\n\n<li>A cidade abriga uma das maiores esculturas de baleia do Brasil, s\u00edmbolo de seu amor pelo mar.<\/li>\n\n\n\n<li>O <strong>Parque Municipal dos P\u00e1ssaros<\/strong> \u00e9 uma das maiores \u00e1reas de preserva\u00e7\u00e3o ambiental urbana do estado.<\/li>\n\n\n\n<li>O <strong>Festival de Jazz &amp; Blues<\/strong>, criado em 2003, \u00e9 patrim\u00f4nio cultural fluminense.<\/li>\n<\/ul>\n\n\n\n<h2 class=\"wp-block-heading\">Onde se hospedar em Rio das Ostras?<\/h2>\n\n\n\n<p>As hospedagens em <strong>Rio das Ostras<\/strong> v\u00e3o de pousadas charmosas a hot\u00e9is \u00e0 beira-mar. A regi\u00e3o da <strong>Praia de Costazul<\/strong> concentra as melhores op\u00e7\u00f5es, com acomoda\u00e7\u00f5es que oferecem vista panor\u00e2mica e f\u00e1cil acesso \u00e0 orla.<\/p>\n\n\n\n<p>Entre as mais bem avaliadas pelo <strong>TripAdvisor (2025)<\/strong> est\u00e3o o <strong>Hotel Vilarejo Praia<\/strong>, a <strong>Pousada Costazul<\/strong> e o <strong>Atlantico Hotel Rio das Ostras<\/strong>, todos elogiados pela localiza\u00e7\u00e3o e hospitalidade.<\/p>\n\n\n\n<h2 class=\"wp-block-heading\">O que torna Rio das Ostras especial<\/h2>\n\n\n\n<p><strong>Rio das Ostras<\/strong> \u00e9 uma cidade que consegue unir natureza, cultura e tranquilidade em uma harmonia rara no litoral do <strong>Rio de Janeiro<\/strong>. Seu charme est\u00e1 justamente na simplicidade, nas boas energias e na sensa\u00e7\u00e3o de estar em casa \u2014 mesmo para quem chega pela primeira vez.<\/p>\n\n\n\n<ul class=\"wp-block-list\">\n<li>Beleza natural e praias preservadas<\/li>\n\n\n\n<li>Eventos culturais de prest\u00edgio internacional<\/li>\n\n\n\n<li>Hospitalidade e estilo de vida tranquilo<\/li>\n<\/ul>\n\n\n\n<p><strong>Conhe\u00e7a de perto as tradi\u00e7\u00f5es e belezas de Rio das Ostras no Rio de Janeiro, uma experi\u00eancia que vai marcar sua vida.<\/strong><\/p>\n","protected":false},"excerpt":{"rendered":"<p>Entre o agito da Regi\u00e3o dos Lagos e o sossego do litoral verde, Rio das Ostras, no Rio de Janeiro, tem se destacado como um dos destinos mais acolhedores e equilibrados do Sudeste. Localizada entre B\u00fazios e Maca\u00e9, a cidade combina praias de \u00e1guas calmas, cultura local vibrante e uma infraestrutura que cresce sem perder [&hellip;]<\/p>\n","protected":false},"author":13,"featured_media":122916,"comment_status":"open","ping_status":"open","sticky":false,"template":"","format":"standard","meta":{"jnews-multi-image_gallery":[],"jnews_single_post":{"format":"standard"},"jnews_primary_category":[],"jnews_social_meta":[],"jnews_override_counter":[],"footnotes":""},"categories":[1],"tags":[],"class_list":["post-122906","post","type-post","status-publish","format-standard","has-post-thumbnail","hentry","category-noticias"],"yoast_head":"<!-- This site is optimized with the Yoast SEO plugin v23.8 - https:\/\/yoast.com\/wordpress\/plugins\/seo\/ -->\n<title>O ref\u00fagio fluminense que est\u00e1 encantando brasileiros com seu charme e tranquilidade \u00e0 beira-mar - Estado de Minas - Em foco<\/title>\n<meta name=\"description\" content=\"Cercado por praias calmas e trilhas leves, esse destino \u00e9 perfeito para quem busca bem-estar, boa comida e um clima cultural aut\u00eantico.\" \/>\n<meta name=\"robots\" content=\"index, follow, max-snippet:-1, max-image-preview:large, max-video-preview:-1\" \/>\n<link rel=\"canonical\" href=\"https:\/\/www.em.com.br\/emfoco\/2025\/11\/04\/o-refugio-fluminense-que-esta-encantando-brasileiros-com-seu-charme-e-tranquilidade-a-beira-mar\/\" \/>\n<meta property=\"og:locale\" content=\"pt_BR\" \/>\n<meta property=\"og:type\" content=\"article\" \/>\n<meta property=\"og:title\" content=\"O ref\u00fagio fluminense que est\u00e1 encantando brasileiros com seu charme e tranquilidade \u00e0 beira-mar - Estado de Minas - Em foco\" \/>\n<meta property=\"og:description\" content=\"Cercado por praias calmas e trilhas leves, esse destino \u00e9 perfeito para quem busca bem-estar, boa comida e um clima cultural aut\u00eantico.\" \/>\n<meta property=\"og:url\" content=\"https:\/\/www.em.com.br\/emfoco\/2025\/11\/04\/o-refugio-fluminense-que-esta-encantando-brasileiros-com-seu-charme-e-tranquilidade-a-beira-mar\/\" \/>\n<meta property=\"og:site_name\" content=\"Estado de Minas - Em foco\" \/>\n<meta property=\"article:published_time\" content=\"2025-11-05T00:05:00+00:00\" \/>\n<meta property=\"article:modified_time\" content=\"2025-11-03T19:15:09+00:00\" \/>\n<meta property=\"og:image\" content=\"https:\/\/www.em.com.br\/emfoco\/wp-content\/uploads\/2025\/11\/ad-1-1.jpg\" \/>\n\t<meta property=\"og:image:width\" content=\"1280\" \/>\n\t<meta property=\"og:image:height\" content=\"720\" \/>\n\t<meta property=\"og:image:type\" content=\"image\/jpeg\" \/>\n<meta name=\"author\" content=\"Gabriel Martins\" \/>\n<meta name=\"twitter:card\" content=\"summary_large_image\" \/>\n<meta name=\"twitter:label1\" content=\"Escrito por\" \/>\n\t<meta name=\"twitter:data1\" content=\"Gabriel Martins\" \/>\n\t<meta name=\"twitter:label2\" content=\"Est. tempo de leitura\" \/>\n\t<meta name=\"twitter:data2\" content=\"6 minutos\" \/>\n<!-- \/ Yoast SEO plugin. -->","yoast_head_json":{"title":"O ref\u00fagio fluminense que est\u00e1 encantando brasileiros com seu charme e tranquilidade \u00e0 beira-mar - Estado de Minas - Em foco","description":"Cercado por praias calmas e trilhas leves, esse destino \u00e9 perfeito para quem busca bem-estar, boa comida e um clima cultural aut\u00eantico.","robots":{"index":"index","follow":"follow","max-snippet":"max-snippet:-1","max-image-preview":"max-image-preview:large","max-video-preview":"max-video-preview:-1"},"canonical":"https:\/\/www.em.com.br\/emfoco\/2025\/11\/04\/o-refugio-fluminense-que-esta-encantando-brasileiros-com-seu-charme-e-tranquilidade-a-beira-mar\/","og_locale":"pt_BR","og_type":"article","og_title":"O ref\u00fagio fluminense que est\u00e1 encantando brasileiros com seu charme e tranquilidade \u00e0 beira-mar - Estado de Minas - Em foco","og_description":"Cercado por praias calmas e trilhas leves, esse destino \u00e9 perfeito para quem busca bem-estar, boa comida e um clima cultural aut\u00eantico.","og_url":"https:\/\/www.em.com.br\/emfoco\/2025\/11\/04\/o-refugio-fluminense-que-esta-encantando-brasileiros-com-seu-charme-e-tranquilidade-a-beira-mar\/","og_site_name":"Estado de Minas - Em foco","article_published_time":"2025-11-05T00:05:00+00:00","article_modified_time":"2025-11-03T19:15:09+00:00","og_image":[{"width":1280,"height":720,"url":"https:\/\/www.em.com.br\/emfoco\/wp-content\/uploads\/2025\/11\/ad-1-1.jpg","type":"image\/jpeg"}],"author":"Gabriel Martins","twitter_card":"summary_large_image","twitter_misc":{"Escrito por":"Gabriel Martins","Est. tempo de leitura":"6 minutos"},"schema":{"@context":"https:\/\/schema.org","@graph":[{"@type":"WebPage","@id":"https:\/\/www.em.com.br\/emfoco\/2025\/11\/04\/o-refugio-fluminense-que-esta-encantando-brasileiros-com-seu-charme-e-tranquilidade-a-beira-mar\/","url":"https:\/\/www.em.com.br\/emfoco\/2025\/11\/04\/o-refugio-fluminense-que-esta-encantando-brasileiros-com-seu-charme-e-tranquilidade-a-beira-mar\/","name":"O ref\u00fagio fluminense que est\u00e1 encantando brasileiros com seu charme e tranquilidade \u00e0 beira-mar - Estado de Minas - Em foco","isPartOf":{"@id":"https:\/\/www.em.com.br\/emfoco\/#website"},"primaryImageOfPage":{"@id":"https:\/\/www.em.com.br\/emfoco\/2025\/11\/04\/o-refugio-fluminense-que-esta-encantando-brasileiros-com-seu-charme-e-tranquilidade-a-beira-mar\/#primaryimage"},"image":{"@id":"https:\/\/www.em.com.br\/emfoco\/2025\/11\/04\/o-refugio-fluminense-que-esta-encantando-brasileiros-com-seu-charme-e-tranquilidade-a-beira-mar\/#primaryimage"},"thumbnailUrl":"https:\/\/www.em.com.br\/emfoco\/wp-content\/uploads\/2025\/11\/ad-1-1.jpg","datePublished":"2025-11-05T00:05:00+00:00","dateModified":"2025-11-03T19:15:09+00:00","author":{"@id":"https:\/\/www.em.com.br\/emfoco\/#\/schema\/person\/1c9ddeab18b98abeffef834667bcf08a"},"description":"Cercado por praias calmas e trilhas leves, esse destino \u00e9 perfeito para quem busca bem-estar, boa comida e um clima cultural aut\u00eantico.","breadcrumb":{"@id":"https:\/\/www.em.com.br\/emfoco\/2025\/11\/04\/o-refugio-fluminense-que-esta-encantando-brasileiros-com-seu-charme-e-tranquilidade-a-beira-mar\/#breadcrumb"},"inLanguage":"pt-BR","potentialAction":[{"@type":"ReadAction","target":["https:\/\/www.em.com.br\/emfoco\/2025\/11\/04\/o-refugio-fluminense-que-esta-encantando-brasileiros-com-seu-charme-e-tranquilidade-a-beira-mar\/"]}]},{"@type":"ImageObject","inLanguage":"pt-BR","@id":"https:\/\/www.em.com.br\/emfoco\/2025\/11\/04\/o-refugio-fluminense-que-esta-encantando-brasileiros-com-seu-charme-e-tranquilidade-a-beira-mar\/#primaryimage","url":"https:\/\/www.em.com.br\/emfoco\/wp-content\/uploads\/2025\/11\/ad-1-1.jpg","contentUrl":"https:\/\/www.em.com.br\/emfoco\/wp-content\/uploads\/2025\/11\/ad-1-1.jpg","width":1280,"height":720,"caption":"Rio das Ostras, Rio de Janeiro - Cr\u00e9ditos: Wikimedia Commons"},{"@type":"BreadcrumbList","@id":"https:\/\/www.em.com.br\/emfoco\/2025\/11\/04\/o-refugio-fluminense-que-esta-encantando-brasileiros-com-seu-charme-e-tranquilidade-a-beira-mar\/#breadcrumb","itemListElement":[{"@type":"ListItem","position":1,"name":"In\u00edcio","item":"https:\/\/www.em.com.br\/emfoco\/"},{"@type":"ListItem","position":2,"name":"O ref\u00fagio fluminense que est\u00e1 encantando brasileiros com seu charme e tranquilidade \u00e0 beira-mar"}]},{"@type":"WebSite","@id":"https:\/\/www.em.com.br\/emfoco\/#website","url":"https:\/\/www.em.com.br\/emfoco\/","name":"Estado de Minas - Em foco","description":"Acompanhe as \u00faltimas not\u00edcias e fique bem informado sobre tudo o que acontece em Minas Gerais, Brasil e no mundo.","potentialAction":[{"@type":"SearchAction","target":{"@type":"EntryPoint","urlTemplate":"https:\/\/www.em.com.br\/emfoco\/?s={search_term_string}"},"query-input":{"@type":"PropertyValueSpecification","valueRequired":true,"valueName":"search_term_string"}}],"inLanguage":"pt-BR"},{"@type":"Person","@id":"https:\/\/www.em.com.br\/emfoco\/#\/schema\/person\/1c9ddeab18b98abeffef834667bcf08a","name":"Gabriel Martins","image":{"@type":"ImageObject","inLanguage":"pt-BR","@id":"https:\/\/www.em.com.br\/emfoco\/#\/schema\/person\/image\/","url":"https:\/\/secure.gravatar.com\/avatar\/f0f1e2efdfd88f1ad2cb08c5c2731e50?s=96&d=mm&r=g","contentUrl":"https:\/\/secure.gravatar.com\/avatar\/f0f1e2efdfd88f1ad2cb08c5c2731e50?s=96&d=mm&r=g","caption":"Gabriel Martins"},"sameAs":["https:\/\/www.em.com.br\/emfoco\/"],"url":"https:\/\/www.em.com.br\/emfoco\/author\/gabrielmartinsmyth\/"}]}},"_links":{"self":[{"href":"https:\/\/www.em.com.br\/emfoco\/wp-json\/wp\/v2\/posts\/122906","targetHints":{"allow":["GET"]}}],"collection":[{"href":"https:\/\/www.em.com.br\/emfoco\/wp-json\/wp\/v2\/posts"}],"about":[{"href":"https:\/\/www.em.com.br\/emfoco\/wp-json\/wp\/v2\/types\/post"}],"author":[{"embeddable":true,"href":"https:\/\/www.em.com.br\/emfoco\/wp-json\/wp\/v2\/users\/13"}],"replies":[{"embeddable":true,"href":"https:\/\/www.em.com.br\/emfoco\/wp-json\/wp\/v2\/comments?post=122906"}],"version-history":[{"count":1,"href":"https:\/\/www.em.com.br\/emfoco\/wp-json\/wp\/v2\/posts\/122906\/revisions"}],"predecessor-version":[{"id":122917,"href":"https:\/\/www.em.com.br\/emfoco\/wp-json\/wp\/v2\/posts\/122906\/revisions\/122917"}],"wp:featuredmedia":[{"embeddable":true,"href":"https:\/\/www.em.com.br\/emfoco\/wp-json\/wp\/v2\/media\/122916"}],"wp:attachment":[{"href":"https:\/\/www.em.com.br\/emfoco\/wp-json\/wp\/v2\/media?parent=122906"}],"wp:term":[{"taxonomy":"category","embeddable":true,"href":"https:\/\/www.em.com.br\/emfoco\/wp-json\/wp\/v2\/categories?post=122906"},{"taxonomy":"post_tag","embeddable":true,"href":"https:\/\/www.em.com.br\/emfoco\/wp-json\/wp\/v2\/tags?post=122906"}],"curies":[{"name":"wp","href":"https:\/\/api.w.org\/{rel}","templated":true}]}}