{"id":122892,"date":"2025-11-04T21:45:00","date_gmt":"2025-11-05T00:45:00","guid":{"rendered":"https:\/\/www.em.com.br\/emfoco\/?p=122892"},"modified":"2025-11-03T15:49:14","modified_gmt":"2025-11-03T18:49:14","slug":"esse-estilo-esta-substituindo-as-unhas-quadradas-por-algo-mais-sofisticado","status":"publish","type":"post","link":"https:\/\/www.em.com.br\/emfoco\/2025\/11\/04\/esse-estilo-esta-substituindo-as-unhas-quadradas-por-algo-mais-sofisticado\/","title":{"rendered":"Esse estilo est\u00e1 substituindo as unhas quadradas por algo mais sofisticado"},"content":{"rendered":"\n<p>O estilo de unhas femininas muda e o <strong>formato amendoadas<\/strong> surge como grande tend\u00eancia de 2025. Mais natural e delicado, esse modelo conquistou celebridades e profissionais de beleza, trazendo sofistica\u00e7\u00e3o e suavidade \u00e0s m\u00e3os sem perder praticidade.<\/p>\n\n\n\n<h2 class=\"wp-block-heading\">Por que as unhas amendoadas est\u00e3o conquistando o mundo da beleza?<\/h2>\n\n\n\n<p>O <strong>formato amendoadas<\/strong> \u00e9 valorizado por seu equil\u00edbrio entre eleg\u00e2ncia e naturalidade. Diferente das unhas quadradas, ele alonga os dedos e cria um visual mais feminino, transmitindo cuidado e estilo sem exageros. \u00c9 ideal para quem busca modernidade discreta.<\/p>\n\n\n\n<p>Celebridades e influenciadoras apostam na tend\u00eancia por seu efeito delicado e vers\u00e1til. Al\u00e9m de elegante, o estilo \u00e9 pr\u00e1tico, adaptando-se a diferentes comprimentos e tipos de unhas, tornando-se a escolha preferida de manicures e apaixonadas por moda e beleza.<\/p>\n\n\n\n<blockquote class=\"tiktok-embed\" cite=\"https:\/\/www.tiktok.com\/@anna.ptoledo\/video\/7558225490960485688\" data-video-id=\"7558225490960485688\" style=\"max-width: 605px;min-width: 325px;\" > <section> <a target=\"_blank\" title=\"@anna.ptoledo\" href=\"https:\/\/www.tiktok.com\/@anna.ptoledo?refer=embed\">@anna.ptoledo<\/a> Truque pra fazer unhas amendoadas \u2728 ajustei o formato e pintei tamb\u00e9m \ud83d\udc85 ID Mercado Livre esmalte Melissa: ANAPT7-4WJH  <a title=\"esmaltes\" target=\"_blank\" href=\"https:\/\/www.tiktok.com\/tag\/esmaltes?refer=embed\">#esmaltes<\/a> <a title=\"unhasnaturais\" target=\"_blank\" href=\"https:\/\/www.tiktok.com\/tag\/unhasnaturais?refer=embed\">#unhasnaturais<\/a> <a title=\"unhas\" target=\"_blank\" href=\"https:\/\/www.tiktok.com\/tag\/unhas?refer=embed\">#unhas<\/a> <a title=\"mercadolivremoda\" target=\"_blank\" href=\"https:\/\/www.tiktok.com\/tag\/mercadolivremoda?refer=embed\">#MercadoLivreModa<\/a> <a title=\"omelhordabeleza\" target=\"_blank\" href=\"https:\/\/www.tiktok.com\/tag\/omelhordabeleza?refer=embed\">#OMelhorDaBeleza<\/a> @Mercado Livre Moda <a target=\"_blank\" title=\"\u266c The Fate of Ophelia - Taylor Swift\" href=\"https:\/\/www.tiktok.com\/music\/The-Fate-of-Ophelia-7556815852168759313?refer=embed\">\u266c The Fate of Ophelia &#8211; Taylor Swift<\/a> <\/section> <\/blockquote> <script async src=\"https:\/\/www.tiktok.com\/embed.js\"><\/script>\n\n\n\n<p><em>Leia mais: <strong><a href=\"https:\/\/www.em.com.br\/emfoco\/2025\/10\/30\/as-6-cores-de-esmaltes-que-unem-elegancia-e-praticidade-no-dia-a-dia\/\" target=\"_blank\" rel=\"noreferrer noopener\">As 6 cores de esmaltes que unem eleg\u00e2ncia e praticidade no dia a dia<\/a><\/strong><\/em><\/p>\n\n\n\n<h2 class=\"wp-block-heading\">Quais s\u00e3o os estilos e varia\u00e7\u00f5es de unhas amendoadas?<\/h2>\n\n\n\n<p>Existem diferentes formas de adotar o <strong>estilo amendoadas<\/strong>, permitindo personaliza\u00e7\u00e3o e sofistica\u00e7\u00e3o. Cada varia\u00e7\u00e3o oferece toque \u00fanico, seja em comprimento ou design, garantindo versatilidade e modernidade \u00e0s unhas.<\/p>\n\n\n\n<ul class=\"wp-block-list\">\n<li>Unhas curtas amendoadas: praticidade e delicadeza no dia a dia.<\/li>\n\n\n\n<li>Unhas longas amendoadas: impacto visual e efeito alongador.<\/li>\n\n\n\n<li>Vers\u00f5es com decora\u00e7\u00e3o minimalista: sofistica\u00e7\u00e3o discreta e elegante.<\/li>\n<\/ul>\n\n\n\n<h2 class=\"wp-block-heading\">Como adaptar o formato amendoadas em unhas naturais?<\/h2>\n\n\n\n<p>O <strong>formato amendoadas<\/strong> pode ser moldado mesmo em unhas naturais, respeitando a curvatura e comprimento originais. O segredo \u00e9 lixar suavemente as laterais, mantendo equil\u00edbrio entre pontas arredondadas e comprimento adequado.<\/p>\n\n\n\n<p>Manter as unhas hidratadas e protegidas potencializa o efeito final, al\u00e9m de prevenir quebras. <strong><a href=\"https:\/\/www.mundodosoleos.com\/blogs\/news\/oleo-para-as-unhas?srsltid=AfmBOoqYxFv9ZoSoxECgob4YX3iqZrpXXetDH-voeBbnYfYS_sxe56X6\" target=\"_blank\" rel=\"noreferrer noopener\">\u00d3leos nutritivos <\/a><\/strong>e bases fortalecedoras ajudam a conservar o formato por mais tempo, garantindo m\u00e3os sempre elegantes e bem cuidadas.<\/p>\n\n\n\n<blockquote class=\"tiktok-embed\" cite=\"https:\/\/www.tiktok.com\/@anna.ptoledo\/video\/7499952609235635511\" data-video-id=\"7499952609235635511\" style=\"max-width: 605px;min-width: 325px;\" > <section> <a target=\"_blank\" title=\"@anna.ptoledo\" href=\"https:\/\/www.tiktok.com\/@anna.ptoledo?refer=embed\">@anna.ptoledo<\/a> Cortei \u2702\ufe0f \u2728 formato amendoado \u2022 vcs querem mais v\u00eddeos de nail care divas? \ud83d\udc85\ud83c\udf37\ud83e\udee7 o \u00f3leo da Blant que usei no v\u00eddeo vcs encontram no MELI com o c\u00f3digo ANAPT7-JDGM \ud83d\udc9b <a title=\"unhas\" target=\"_blank\" href=\"https:\/\/www.tiktok.com\/tag\/unhas?refer=embed\">#unhas<\/a> <a title=\"unhasnaturais\" target=\"_blank\" href=\"https:\/\/www.tiktok.com\/tag\/unhasnaturais?refer=embed\">#unhasnaturais<\/a> <a title=\"nails\" target=\"_blank\" href=\"https:\/\/www.tiktok.com\/tag\/nails?refer=embed\">#nails<\/a> <a title=\"omelhordabeleza\" target=\"_blank\" href=\"https:\/\/www.tiktok.com\/tag\/omelhordabeleza?refer=embed\">#OMelhorDaBeleza<\/a> <a title=\"temmodanomercadolivre\" target=\"_blank\" href=\"https:\/\/www.tiktok.com\/tag\/temmodanomercadolivre?refer=embed\">#TemModaNoMercadoLivre<\/a> @Mercado Livre Moda <a target=\"_blank\" title=\"\u266c som original - Anna\" href=\"https:\/\/www.tiktok.com\/music\/som-original-7499952632111713030?refer=embed\">\u266c som original &#8211; Anna<\/a> <\/section> <\/blockquote> <script async src=\"https:\/\/www.tiktok.com\/embed.js\"><\/script>\n\n\n\n<h2 class=\"wp-block-heading\">Quais cuidados e dicas ajudam a manter as unhas amendoadas em casa?<\/h2>\n\n\n\n<p>Seguir t\u00e9cnicas simples de manuten\u00e7\u00e3o garante que o <strong>formato amendoadas<\/strong> permane\u00e7a perfeito por mais tempo. Com rotina adequada, \u00e9 poss\u00edvel manter a eleg\u00e2ncia sem precisar visitar o sal\u00e3o com frequ\u00eancia.<\/p>\n\n\n\n<ul class=\"wp-block-list\">\n<li>Use lixa suave e movimente em apenas uma dire\u00e7\u00e3o para evitar lascas.<\/li>\n\n\n\n<li>Mantenha unhas limpas e hidratadas com \u00f3leos ou cremes espec\u00edficos.<\/li>\n\n\n\n<li>Aplique base fortalecedora para preservar o comprimento e o formato.<\/li>\n<\/ul>\n","protected":false},"excerpt":{"rendered":"<p>O estilo de unhas femininas muda e o formato amendoadas surge como grande tend\u00eancia de 2025. Mais natural e delicado, esse modelo conquistou celebridades e profissionais de beleza, trazendo sofistica\u00e7\u00e3o e suavidade \u00e0s m\u00e3os sem perder praticidade. Por que as unhas amendoadas est\u00e3o conquistando o mundo da beleza? O formato amendoadas \u00e9 valorizado por seu [&hellip;]<\/p>\n","protected":false},"author":13,"featured_media":122900,"comment_status":"open","ping_status":"open","sticky":false,"template":"","format":"standard","meta":{"jnews-multi-image_gallery":[],"jnews_single_post":{"format":"standard"},"jnews_primary_category":[],"jnews_social_meta":[],"jnews_override_counter":[],"footnotes":""},"categories":[8819],"tags":[6534,18375,18374],"class_list":["post-122892","post","type-post","status-publish","format-standard","has-post-thumbnail","hentry","category-curiosidades","tag-cuidados-com-as-unhas","tag-estilo-de-unhas","tag-unhas-amendoadas"],"yoast_head":"<!-- This site is optimized with the Yoast SEO plugin v23.8 - https:\/\/yoast.com\/wordpress\/plugins\/seo\/ -->\n<title>Esse estilo est\u00e1 substituindo as unhas quadradas por algo mais sofisticado - Estado de Minas - Em foco<\/title>\n<meta name=\"description\" content=\"As unhas amendoadas est\u00e3o ganhando espa\u00e7o por unirem delicadeza, estilo e praticidade. Confira as varia\u00e7\u00f5es e como manter em casa.\" \/>\n<meta name=\"robots\" content=\"index, follow, max-snippet:-1, max-image-preview:large, max-video-preview:-1\" \/>\n<link rel=\"canonical\" href=\"https:\/\/www.em.com.br\/emfoco\/2025\/11\/04\/esse-estilo-esta-substituindo-as-unhas-quadradas-por-algo-mais-sofisticado\/\" \/>\n<meta property=\"og:locale\" content=\"pt_BR\" \/>\n<meta property=\"og:type\" content=\"article\" \/>\n<meta property=\"og:title\" content=\"Esse estilo est\u00e1 substituindo as unhas quadradas por algo mais sofisticado - Estado de Minas - Em foco\" \/>\n<meta property=\"og:description\" content=\"As unhas amendoadas est\u00e3o ganhando espa\u00e7o por unirem delicadeza, estilo e praticidade. Confira as varia\u00e7\u00f5es e como manter em casa.\" \/>\n<meta property=\"og:url\" content=\"https:\/\/www.em.com.br\/emfoco\/2025\/11\/04\/esse-estilo-esta-substituindo-as-unhas-quadradas-por-algo-mais-sofisticado\/\" \/>\n<meta property=\"og:site_name\" content=\"Estado de Minas - Em foco\" \/>\n<meta property=\"article:published_time\" content=\"2025-11-05T00:45:00+00:00\" \/>\n<meta property=\"article:modified_time\" content=\"2025-11-03T18:49:14+00:00\" \/>\n<meta property=\"og:image\" content=\"https:\/\/www.em.com.br\/emfoco\/wp-content\/uploads\/2025\/11\/Unhas-salao_1762195691422.jpg\" \/>\n\t<meta property=\"og:image:width\" content=\"1280\" \/>\n\t<meta property=\"og:image:height\" content=\"720\" \/>\n\t<meta property=\"og:image:type\" content=\"image\/jpeg\" \/>\n<meta name=\"author\" content=\"Gabriel Martins\" \/>\n<meta name=\"twitter:card\" content=\"summary_large_image\" \/>\n<meta name=\"twitter:label1\" content=\"Escrito por\" \/>\n\t<meta name=\"twitter:data1\" content=\"Gabriel Martins\" \/>\n\t<meta name=\"twitter:label2\" content=\"Est. tempo de leitura\" \/>\n\t<meta name=\"twitter:data2\" content=\"3 minutos\" \/>\n<!-- \/ Yoast SEO plugin. -->","yoast_head_json":{"title":"Esse estilo est\u00e1 substituindo as unhas quadradas por algo mais sofisticado - Estado de Minas - Em foco","description":"As unhas amendoadas est\u00e3o ganhando espa\u00e7o por unirem delicadeza, estilo e praticidade. Confira as varia\u00e7\u00f5es e como manter em casa.","robots":{"index":"index","follow":"follow","max-snippet":"max-snippet:-1","max-image-preview":"max-image-preview:large","max-video-preview":"max-video-preview:-1"},"canonical":"https:\/\/www.em.com.br\/emfoco\/2025\/11\/04\/esse-estilo-esta-substituindo-as-unhas-quadradas-por-algo-mais-sofisticado\/","og_locale":"pt_BR","og_type":"article","og_title":"Esse estilo est\u00e1 substituindo as unhas quadradas por algo mais sofisticado - Estado de Minas - Em foco","og_description":"As unhas amendoadas est\u00e3o ganhando espa\u00e7o por unirem delicadeza, estilo e praticidade. Confira as varia\u00e7\u00f5es e como manter em casa.","og_url":"https:\/\/www.em.com.br\/emfoco\/2025\/11\/04\/esse-estilo-esta-substituindo-as-unhas-quadradas-por-algo-mais-sofisticado\/","og_site_name":"Estado de Minas - Em foco","article_published_time":"2025-11-05T00:45:00+00:00","article_modified_time":"2025-11-03T18:49:14+00:00","og_image":[{"width":1280,"height":720,"url":"https:\/\/www.em.com.br\/emfoco\/wp-content\/uploads\/2025\/11\/Unhas-salao_1762195691422.jpg","type":"image\/jpeg"}],"author":"Gabriel Martins","twitter_card":"summary_large_image","twitter_misc":{"Escrito por":"Gabriel Martins","Est. tempo de leitura":"3 minutos"},"schema":{"@context":"https:\/\/schema.org","@graph":[{"@type":"WebPage","@id":"https:\/\/www.em.com.br\/emfoco\/2025\/11\/04\/esse-estilo-esta-substituindo-as-unhas-quadradas-por-algo-mais-sofisticado\/","url":"https:\/\/www.em.com.br\/emfoco\/2025\/11\/04\/esse-estilo-esta-substituindo-as-unhas-quadradas-por-algo-mais-sofisticado\/","name":"Esse estilo est\u00e1 substituindo as unhas quadradas por algo mais sofisticado - Estado de Minas - Em foco","isPartOf":{"@id":"https:\/\/www.em.com.br\/emfoco\/#website"},"primaryImageOfPage":{"@id":"https:\/\/www.em.com.br\/emfoco\/2025\/11\/04\/esse-estilo-esta-substituindo-as-unhas-quadradas-por-algo-mais-sofisticado\/#primaryimage"},"image":{"@id":"https:\/\/www.em.com.br\/emfoco\/2025\/11\/04\/esse-estilo-esta-substituindo-as-unhas-quadradas-por-algo-mais-sofisticado\/#primaryimage"},"thumbnailUrl":"https:\/\/www.em.com.br\/emfoco\/wp-content\/uploads\/2025\/11\/Unhas-salao_1762195691422.jpg","datePublished":"2025-11-05T00:45:00+00:00","dateModified":"2025-11-03T18:49:14+00:00","author":{"@id":"https:\/\/www.em.com.br\/emfoco\/#\/schema\/person\/1c9ddeab18b98abeffef834667bcf08a"},"description":"As unhas amendoadas est\u00e3o ganhando espa\u00e7o por unirem delicadeza, estilo e praticidade. Confira as varia\u00e7\u00f5es e como manter em casa.","breadcrumb":{"@id":"https:\/\/www.em.com.br\/emfoco\/2025\/11\/04\/esse-estilo-esta-substituindo-as-unhas-quadradas-por-algo-mais-sofisticado\/#breadcrumb"},"inLanguage":"pt-BR","potentialAction":[{"@type":"ReadAction","target":["https:\/\/www.em.com.br\/emfoco\/2025\/11\/04\/esse-estilo-esta-substituindo-as-unhas-quadradas-por-algo-mais-sofisticado\/"]}]},{"@type":"ImageObject","inLanguage":"pt-BR","@id":"https:\/\/www.em.com.br\/emfoco\/2025\/11\/04\/esse-estilo-esta-substituindo-as-unhas-quadradas-por-algo-mais-sofisticado\/#primaryimage","url":"https:\/\/www.em.com.br\/emfoco\/wp-content\/uploads\/2025\/11\/Unhas-salao_1762195691422.jpg","contentUrl":"https:\/\/www.em.com.br\/emfoco\/wp-content\/uploads\/2025\/11\/Unhas-salao_1762195691422.jpg","width":1280,"height":720,"caption":"O formato amendoado entrega delicadeza moderna com aspecto sofisticado discreto - Cr\u00e9ditos: depositphotos.com \/ EdwardDerule"},{"@type":"BreadcrumbList","@id":"https:\/\/www.em.com.br\/emfoco\/2025\/11\/04\/esse-estilo-esta-substituindo-as-unhas-quadradas-por-algo-mais-sofisticado\/#breadcrumb","itemListElement":[{"@type":"ListItem","position":1,"name":"In\u00edcio","item":"https:\/\/www.em.com.br\/emfoco\/"},{"@type":"ListItem","position":2,"name":"Esse estilo est\u00e1 substituindo as unhas quadradas por algo mais sofisticado"}]},{"@type":"WebSite","@id":"https:\/\/www.em.com.br\/emfoco\/#website","url":"https:\/\/www.em.com.br\/emfoco\/","name":"Estado de Minas - Em foco","description":"Acompanhe as \u00faltimas not\u00edcias e fique bem informado sobre tudo o que acontece em Minas Gerais, Brasil e no mundo.","potentialAction":[{"@type":"SearchAction","target":{"@type":"EntryPoint","urlTemplate":"https:\/\/www.em.com.br\/emfoco\/?s={search_term_string}"},"query-input":{"@type":"PropertyValueSpecification","valueRequired":true,"valueName":"search_term_string"}}],"inLanguage":"pt-BR"},{"@type":"Person","@id":"https:\/\/www.em.com.br\/emfoco\/#\/schema\/person\/1c9ddeab18b98abeffef834667bcf08a","name":"Gabriel Martins","image":{"@type":"ImageObject","inLanguage":"pt-BR","@id":"https:\/\/www.em.com.br\/emfoco\/#\/schema\/person\/image\/","url":"https:\/\/secure.gravatar.com\/avatar\/f0f1e2efdfd88f1ad2cb08c5c2731e50?s=96&d=mm&r=g","contentUrl":"https:\/\/secure.gravatar.com\/avatar\/f0f1e2efdfd88f1ad2cb08c5c2731e50?s=96&d=mm&r=g","caption":"Gabriel Martins"},"sameAs":["https:\/\/www.em.com.br\/emfoco\/"],"url":"https:\/\/www.em.com.br\/emfoco\/author\/gabrielmartinsmyth\/"}]}},"_links":{"self":[{"href":"https:\/\/www.em.com.br\/emfoco\/wp-json\/wp\/v2\/posts\/122892","targetHints":{"allow":["GET"]}}],"collection":[{"href":"https:\/\/www.em.com.br\/emfoco\/wp-json\/wp\/v2\/posts"}],"about":[{"href":"https:\/\/www.em.com.br\/emfoco\/wp-json\/wp\/v2\/types\/post"}],"author":[{"embeddable":true,"href":"https:\/\/www.em.com.br\/emfoco\/wp-json\/wp\/v2\/users\/13"}],"replies":[{"embeddable":true,"href":"https:\/\/www.em.com.br\/emfoco\/wp-json\/wp\/v2\/comments?post=122892"}],"version-history":[{"count":1,"href":"https:\/\/www.em.com.br\/emfoco\/wp-json\/wp\/v2\/posts\/122892\/revisions"}],"predecessor-version":[{"id":122901,"href":"https:\/\/www.em.com.br\/emfoco\/wp-json\/wp\/v2\/posts\/122892\/revisions\/122901"}],"wp:featuredmedia":[{"embeddable":true,"href":"https:\/\/www.em.com.br\/emfoco\/wp-json\/wp\/v2\/media\/122900"}],"wp:attachment":[{"href":"https:\/\/www.em.com.br\/emfoco\/wp-json\/wp\/v2\/media?parent=122892"}],"wp:term":[{"taxonomy":"category","embeddable":true,"href":"https:\/\/www.em.com.br\/emfoco\/wp-json\/wp\/v2\/categories?post=122892"},{"taxonomy":"post_tag","embeddable":true,"href":"https:\/\/www.em.com.br\/emfoco\/wp-json\/wp\/v2\/tags?post=122892"}],"curies":[{"name":"wp","href":"https:\/\/api.w.org\/{rel}","templated":true}]}}