{"id":122848,"date":"2025-11-04T20:25:00","date_gmt":"2025-11-04T23:25:00","guid":{"rendered":"https:\/\/www.em.com.br\/emfoco\/?p=122848"},"modified":"2025-11-03T15:28:13","modified_gmt":"2025-11-03T18:28:13","slug":"o-preto-e-branco-ficou-para-tras-e-essa-mudanca-esta-colorindo-os-looks-mais-modernos","status":"publish","type":"post","link":"https:\/\/www.em.com.br\/emfoco\/2025\/11\/04\/o-preto-e-branco-ficou-para-tras-e-essa-mudanca-esta-colorindo-os-looks-mais-modernos\/","title":{"rendered":"O preto e branco ficou para tr\u00e1s e essa mudan\u00e7a est\u00e1 colorindo os looks mais modernos"},"content":{"rendered":"\n<p>A era minimalista perde espa\u00e7o para a moda colorida, que transforma o guarda-roupa e estimula criatividade. Seguindo passos simples, \u00e9 poss\u00edvel introduzir cores de forma equilibrada, aumentar a autoconfian\u00e7a e renovar o estilo sem esfor\u00e7o, valorizando cada pe\u00e7a e combina\u00e7\u00e3o.<\/p>\n\n\n\n<h2 class=\"wp-block-heading\">Por que abandonar o preto e branco pode renovar seu estilo?<\/h2>\n\n\n\n<p>O <strong>fim da era minimalista<\/strong> representa uma oportunidade de ousar com cores e estampas, deixando de lado a monotonia do preto e branco. Essa mudan\u00e7a permite explorar novas combina\u00e7\u00f5es e destacar personalidade atrav\u00e9s do vestu\u00e1rio de forma criativa.<\/p>\n\n\n\n<p>Introduzir cores no dia a dia aumenta a <strong>autoconfian\u00e7a<\/strong> e incentiva a experimenta\u00e7\u00e3o. Cada look se torna uma extens\u00e3o da express\u00e3o individual, tornando a moda uma ferramenta de estilo e <strong><a href=\"https:\/\/www.unimedcampinas.com.br\/blog\/saude-emocional\/bem-estar-emocional-o-que-e-e-como-obter\" target=\"_blank\" rel=\"noreferrer noopener\">bem-estar emocional<\/a><\/strong>, ao inv\u00e9s de simples rotina.<\/p>\n\n\n\n<figure class=\"wp-block-image size-large\"><img loading=\"lazy\" decoding=\"async\" width=\"1024\" height=\"576\" src=\"https:\/\/www.em.com.br\/emfoco\/wp-content\/uploads\/2025\/11\/Roupas-coloridas_1762194461862-1024x576.jpg\" alt=\"O preto e branco ficou para tr\u00e1s e essa mudan\u00e7a est\u00e1 colorindo os looks mais modernos\" class=\"wp-image-122887\" srcset=\"https:\/\/www.em.com.br\/emfoco\/wp-content\/uploads\/2025\/11\/Roupas-coloridas_1762194461862-1024x576.jpg 1024w, https:\/\/www.em.com.br\/emfoco\/wp-content\/uploads\/2025\/11\/Roupas-coloridas_1762194461862-300x169.jpg 300w, https:\/\/www.em.com.br\/emfoco\/wp-content\/uploads\/2025\/11\/Roupas-coloridas_1762194461862-768x432.jpg 768w, https:\/\/www.em.com.br\/emfoco\/wp-content\/uploads\/2025\/11\/Roupas-coloridas_1762194461862-750x422.jpg 750w, https:\/\/www.em.com.br\/emfoco\/wp-content\/uploads\/2025\/11\/Roupas-coloridas_1762194461862-1140x641.jpg 1140w, https:\/\/www.em.com.br\/emfoco\/wp-content\/uploads\/2025\/11\/Roupas-coloridas_1762194461862.jpg 1280w\" sizes=\"auto, (max-width: 1024px) 100vw, 1024px\" \/><figcaption class=\"wp-element-caption\">A paleta colorida renova energia est\u00e9tica e reorganiza prioridades de estilo &#8211; Cr\u00e9ditos: depositphotos.com \/ NinaMalyna<\/figcaption><\/figure>\n\n\n\n<p><em>Leia mais: <strong><a href=\"https:\/\/www.em.com.br\/emfoco\/2025\/10\/30\/vestidos-fluidos-voltam-a-moda-e-deixam-o-look-mais-sofisticado-na-primavera\/\" target=\"_blank\" rel=\"noreferrer noopener\">Vestidos fluidos voltam \u00e0 moda e deixam o look mais sofisticado na primavera<\/a><\/strong><\/em><\/p>\n\n\n\n<h2 class=\"wp-block-heading\">Quais s\u00e3o os passos pr\u00e1ticos para usar mais cores?<\/h2>\n\n\n\n<p>Organizar o guarda-roupa com foco em cores exige a\u00e7\u00f5es simples que transformam o estilo de forma gradual. Cada etapa contribui para criar um arm\u00e1rio vers\u00e1til, funcional e visualmente interessante, valorizando pe\u00e7as esquecidas e novas combina\u00e7\u00f5es.<\/p>\n\n\n\n<ul class=\"wp-block-list\">\n<li>Diminuir a quantidade de roupas: manter apenas o que realmente \u00e9 usado.<\/li>\n\n\n\n<li>Doar pe\u00e7as que n\u00e3o combinam ou est\u00e3o sem uso: renovar espa\u00e7o e energia.<\/li>\n\n\n\n<li>Organizar o arm\u00e1rio a cada esta\u00e7\u00e3o: facilitar a visualiza\u00e7\u00e3o de cores e combina\u00e7\u00f5es.<\/li>\n\n\n\n<li>Experimentar novas combina\u00e7\u00f5es: misturar tons para criar looks criativos e \u00fanicos.<\/li>\n<\/ul>\n\n\n\n<h2 class=\"wp-block-heading\">Como o processo de colorir o guarda-roupa estimula criatividade?<\/h2>\n\n\n\n<p>Ao experimentar novas cores, o <strong>processo de escolha de roupas<\/strong> deixa de ser autom\u00e1tico e se torna um exerc\u00edcio criativo. Misturar tons e texturas incentiva pensar em combina\u00e7\u00f5es inesperadas e descobrir novas maneiras de expressar o estilo pessoal.<\/p>\n\n\n\n<p>Al\u00e9m disso, incorporar cores fortalece a <strong>autoconfian\u00e7a<\/strong> ao perceber como diferentes tonalidades valorizam a apar\u00eancia. Cada look colorido traz sensa\u00e7\u00e3o de frescor, modernidade e personalidade, refor\u00e7ando a liberdade na moda.<\/p>\n\n\n\n<figure class=\"wp-block-image size-large\"><img loading=\"lazy\" decoding=\"async\" width=\"1024\" height=\"576\" src=\"https:\/\/www.em.com.br\/emfoco\/wp-content\/uploads\/2025\/11\/Roupas-no-guarda-roupa_1762194492706-1024x576.jpg\" alt=\"O preto e branco ficou para tr\u00e1s e essa mudan\u00e7a est\u00e1 colorindo os looks mais modernos\" class=\"wp-image-122888\" srcset=\"https:\/\/www.em.com.br\/emfoco\/wp-content\/uploads\/2025\/11\/Roupas-no-guarda-roupa_1762194492706-1024x576.jpg 1024w, https:\/\/www.em.com.br\/emfoco\/wp-content\/uploads\/2025\/11\/Roupas-no-guarda-roupa_1762194492706-300x169.jpg 300w, https:\/\/www.em.com.br\/emfoco\/wp-content\/uploads\/2025\/11\/Roupas-no-guarda-roupa_1762194492706-768x432.jpg 768w, https:\/\/www.em.com.br\/emfoco\/wp-content\/uploads\/2025\/11\/Roupas-no-guarda-roupa_1762194492706-750x422.jpg 750w, https:\/\/www.em.com.br\/emfoco\/wp-content\/uploads\/2025\/11\/Roupas-no-guarda-roupa_1762194492706-1140x641.jpg 1140w, https:\/\/www.em.com.br\/emfoco\/wp-content\/uploads\/2025\/11\/Roupas-no-guarda-roupa_1762194492706.jpg 1280w\" sizes=\"auto, (max-width: 1024px) 100vw, 1024px\" \/><figcaption class=\"wp-element-caption\">Pe\u00e7as vibrantes fortalecem confian\u00e7a e destravam criatividade no vestir &#8211; Cr\u00e9ditos: depositphotos.com \/ vovaklak<\/figcaption><\/figure>\n\n\n\n<h2 class=\"wp-block-heading\">Quais dicas pr\u00e1ticas ajudam a usar cores sem exageros?<\/h2>\n\n\n\n<p>Para introduzir cores de forma equilibrada, algumas estrat\u00e9gias simples garantem harmonia e versatilidade no guarda-roupa. \u00c9 poss\u00edvel ousar sem comprometer o estilo, valorizando pe\u00e7as-chave e criando combina\u00e7\u00f5es vers\u00e1teis para diferentes ocasi\u00f5es.<\/p>\n\n\n\n<ul class=\"wp-block-list\">\n<li>Comece com acess\u00f3rios coloridos: bolsas, sapatos ou len\u00e7os d\u00e3o destaque sem sobrecarregar.<\/li>\n\n\n\n<li>Use combina\u00e7\u00f5es de 2 a 3 cores principais: mant\u00e9m o look equilibrado e moderno.<\/li>\n\n\n\n<li>Experimente tons complementares: real\u00e7a a criatividade e d\u00e1 dinamismo ao visual.<\/li>\n<\/ul>\n","protected":false},"excerpt":{"rendered":"<p>A era minimalista perde espa\u00e7o para a moda colorida, que transforma o guarda-roupa e estimula criatividade. Seguindo passos simples, \u00e9 poss\u00edvel introduzir cores de forma equilibrada, aumentar a autoconfian\u00e7a e renovar o estilo sem esfor\u00e7o, valorizando cada pe\u00e7a e combina\u00e7\u00e3o. Por que abandonar o preto e branco pode renovar seu estilo? O fim da era [&hellip;]<\/p>\n","protected":false},"author":13,"featured_media":122886,"comment_status":"open","ping_status":"open","sticky":false,"template":"","format":"standard","meta":{"jnews-multi-image_gallery":[],"jnews_single_post":{"format":"standard"},"jnews_primary_category":[],"jnews_social_meta":[],"jnews_override_counter":[],"footnotes":""},"categories":[8819],"tags":[4945,18369,18368],"class_list":["post-122848","post","type-post","status-publish","format-standard","has-post-thumbnail","hentry","category-curiosidades","tag-minimalismo","tag-moda-colorida","tag-moda-preto-e-branco"],"yoast_head":"<!-- This site is optimized with the Yoast SEO plugin v23.8 - https:\/\/yoast.com\/wordpress\/plugins\/seo\/ -->\n<title>O preto e branco ficou para tr\u00e1s e essa mudan\u00e7a est\u00e1 colorindo os looks mais modernos - Estado de Minas - Em foco<\/title>\n<meta name=\"description\" content=\"Looks mais vivos e criativos est\u00e3o transformando o estilo pessoal de quem cansou do preto e branco. Aprenda como incluir cor sem exagerar.\" \/>\n<meta name=\"robots\" content=\"index, follow, max-snippet:-1, max-image-preview:large, max-video-preview:-1\" \/>\n<link rel=\"canonical\" href=\"https:\/\/www.em.com.br\/emfoco\/2025\/11\/04\/o-preto-e-branco-ficou-para-tras-e-essa-mudanca-esta-colorindo-os-looks-mais-modernos\/\" \/>\n<meta property=\"og:locale\" content=\"pt_BR\" \/>\n<meta property=\"og:type\" content=\"article\" \/>\n<meta property=\"og:title\" content=\"O preto e branco ficou para tr\u00e1s e essa mudan\u00e7a est\u00e1 colorindo os looks mais modernos - Estado de Minas - Em foco\" \/>\n<meta property=\"og:description\" content=\"Looks mais vivos e criativos est\u00e3o transformando o estilo pessoal de quem cansou do preto e branco. Aprenda como incluir cor sem exagerar.\" \/>\n<meta property=\"og:url\" content=\"https:\/\/www.em.com.br\/emfoco\/2025\/11\/04\/o-preto-e-branco-ficou-para-tras-e-essa-mudanca-esta-colorindo-os-looks-mais-modernos\/\" \/>\n<meta property=\"og:site_name\" content=\"Estado de Minas - Em foco\" \/>\n<meta property=\"article:published_time\" content=\"2025-11-04T23:25:00+00:00\" \/>\n<meta property=\"article:modified_time\" content=\"2025-11-03T18:28:13+00:00\" \/>\n<meta property=\"og:image\" content=\"https:\/\/www.em.com.br\/emfoco\/wp-content\/uploads\/2025\/11\/Roupas-coloridas_1762194434967.jpg\" \/>\n\t<meta property=\"og:image:width\" content=\"1280\" \/>\n\t<meta property=\"og:image:height\" content=\"720\" \/>\n\t<meta property=\"og:image:type\" content=\"image\/jpeg\" \/>\n<meta name=\"author\" content=\"Gabriel Martins\" \/>\n<meta name=\"twitter:card\" content=\"summary_large_image\" \/>\n<meta name=\"twitter:label1\" content=\"Escrito por\" \/>\n\t<meta name=\"twitter:data1\" content=\"Gabriel Martins\" \/>\n\t<meta name=\"twitter:label2\" content=\"Est. tempo de leitura\" \/>\n\t<meta name=\"twitter:data2\" content=\"3 minutos\" \/>\n<!-- \/ Yoast SEO plugin. -->","yoast_head_json":{"title":"O preto e branco ficou para tr\u00e1s e essa mudan\u00e7a est\u00e1 colorindo os looks mais modernos - Estado de Minas - Em foco","description":"Looks mais vivos e criativos est\u00e3o transformando o estilo pessoal de quem cansou do preto e branco. Aprenda como incluir cor sem exagerar.","robots":{"index":"index","follow":"follow","max-snippet":"max-snippet:-1","max-image-preview":"max-image-preview:large","max-video-preview":"max-video-preview:-1"},"canonical":"https:\/\/www.em.com.br\/emfoco\/2025\/11\/04\/o-preto-e-branco-ficou-para-tras-e-essa-mudanca-esta-colorindo-os-looks-mais-modernos\/","og_locale":"pt_BR","og_type":"article","og_title":"O preto e branco ficou para tr\u00e1s e essa mudan\u00e7a est\u00e1 colorindo os looks mais modernos - Estado de Minas - Em foco","og_description":"Looks mais vivos e criativos est\u00e3o transformando o estilo pessoal de quem cansou do preto e branco. Aprenda como incluir cor sem exagerar.","og_url":"https:\/\/www.em.com.br\/emfoco\/2025\/11\/04\/o-preto-e-branco-ficou-para-tras-e-essa-mudanca-esta-colorindo-os-looks-mais-modernos\/","og_site_name":"Estado de Minas - Em foco","article_published_time":"2025-11-04T23:25:00+00:00","article_modified_time":"2025-11-03T18:28:13+00:00","og_image":[{"width":1280,"height":720,"url":"https:\/\/www.em.com.br\/emfoco\/wp-content\/uploads\/2025\/11\/Roupas-coloridas_1762194434967.jpg","type":"image\/jpeg"}],"author":"Gabriel Martins","twitter_card":"summary_large_image","twitter_misc":{"Escrito por":"Gabriel Martins","Est. tempo de leitura":"3 minutos"},"schema":{"@context":"https:\/\/schema.org","@graph":[{"@type":"WebPage","@id":"https:\/\/www.em.com.br\/emfoco\/2025\/11\/04\/o-preto-e-branco-ficou-para-tras-e-essa-mudanca-esta-colorindo-os-looks-mais-modernos\/","url":"https:\/\/www.em.com.br\/emfoco\/2025\/11\/04\/o-preto-e-branco-ficou-para-tras-e-essa-mudanca-esta-colorindo-os-looks-mais-modernos\/","name":"O preto e branco ficou para tr\u00e1s e essa mudan\u00e7a est\u00e1 colorindo os looks mais modernos - Estado de Minas - Em foco","isPartOf":{"@id":"https:\/\/www.em.com.br\/emfoco\/#website"},"primaryImageOfPage":{"@id":"https:\/\/www.em.com.br\/emfoco\/2025\/11\/04\/o-preto-e-branco-ficou-para-tras-e-essa-mudanca-esta-colorindo-os-looks-mais-modernos\/#primaryimage"},"image":{"@id":"https:\/\/www.em.com.br\/emfoco\/2025\/11\/04\/o-preto-e-branco-ficou-para-tras-e-essa-mudanca-esta-colorindo-os-looks-mais-modernos\/#primaryimage"},"thumbnailUrl":"https:\/\/www.em.com.br\/emfoco\/wp-content\/uploads\/2025\/11\/Roupas-coloridas_1762194434967.jpg","datePublished":"2025-11-04T23:25:00+00:00","dateModified":"2025-11-03T18:28:13+00:00","author":{"@id":"https:\/\/www.em.com.br\/emfoco\/#\/schema\/person\/1c9ddeab18b98abeffef834667bcf08a"},"description":"Looks mais vivos e criativos est\u00e3o transformando o estilo pessoal de quem cansou do preto e branco. Aprenda como incluir cor sem exagerar.","breadcrumb":{"@id":"https:\/\/www.em.com.br\/emfoco\/2025\/11\/04\/o-preto-e-branco-ficou-para-tras-e-essa-mudanca-esta-colorindo-os-looks-mais-modernos\/#breadcrumb"},"inLanguage":"pt-BR","potentialAction":[{"@type":"ReadAction","target":["https:\/\/www.em.com.br\/emfoco\/2025\/11\/04\/o-preto-e-branco-ficou-para-tras-e-essa-mudanca-esta-colorindo-os-looks-mais-modernos\/"]}]},{"@type":"ImageObject","inLanguage":"pt-BR","@id":"https:\/\/www.em.com.br\/emfoco\/2025\/11\/04\/o-preto-e-branco-ficou-para-tras-e-essa-mudanca-esta-colorindo-os-looks-mais-modernos\/#primaryimage","url":"https:\/\/www.em.com.br\/emfoco\/wp-content\/uploads\/2025\/11\/Roupas-coloridas_1762194434967.jpg","contentUrl":"https:\/\/www.em.com.br\/emfoco\/wp-content\/uploads\/2025\/11\/Roupas-coloridas_1762194434967.jpg","width":1280,"height":720,"caption":"Combina\u00e7\u00f5es de cores criam impacto visual interessante sem perder eleg\u00e2ncia - Cr\u00e9ditos: depositphotos.com \/ tomwang"},{"@type":"BreadcrumbList","@id":"https:\/\/www.em.com.br\/emfoco\/2025\/11\/04\/o-preto-e-branco-ficou-para-tras-e-essa-mudanca-esta-colorindo-os-looks-mais-modernos\/#breadcrumb","itemListElement":[{"@type":"ListItem","position":1,"name":"In\u00edcio","item":"https:\/\/www.em.com.br\/emfoco\/"},{"@type":"ListItem","position":2,"name":"O preto e branco ficou para tr\u00e1s e essa mudan\u00e7a est\u00e1 colorindo os looks mais modernos"}]},{"@type":"WebSite","@id":"https:\/\/www.em.com.br\/emfoco\/#website","url":"https:\/\/www.em.com.br\/emfoco\/","name":"Estado de Minas - Em foco","description":"Acompanhe as \u00faltimas not\u00edcias e fique bem informado sobre tudo o que acontece em Minas Gerais, Brasil e no mundo.","potentialAction":[{"@type":"SearchAction","target":{"@type":"EntryPoint","urlTemplate":"https:\/\/www.em.com.br\/emfoco\/?s={search_term_string}"},"query-input":{"@type":"PropertyValueSpecification","valueRequired":true,"valueName":"search_term_string"}}],"inLanguage":"pt-BR"},{"@type":"Person","@id":"https:\/\/www.em.com.br\/emfoco\/#\/schema\/person\/1c9ddeab18b98abeffef834667bcf08a","name":"Gabriel Martins","image":{"@type":"ImageObject","inLanguage":"pt-BR","@id":"https:\/\/www.em.com.br\/emfoco\/#\/schema\/person\/image\/","url":"https:\/\/secure.gravatar.com\/avatar\/f0f1e2efdfd88f1ad2cb08c5c2731e50?s=96&d=mm&r=g","contentUrl":"https:\/\/secure.gravatar.com\/avatar\/f0f1e2efdfd88f1ad2cb08c5c2731e50?s=96&d=mm&r=g","caption":"Gabriel Martins"},"sameAs":["https:\/\/www.em.com.br\/emfoco\/"],"url":"https:\/\/www.em.com.br\/emfoco\/author\/gabrielmartinsmyth\/"}]}},"_links":{"self":[{"href":"https:\/\/www.em.com.br\/emfoco\/wp-json\/wp\/v2\/posts\/122848","targetHints":{"allow":["GET"]}}],"collection":[{"href":"https:\/\/www.em.com.br\/emfoco\/wp-json\/wp\/v2\/posts"}],"about":[{"href":"https:\/\/www.em.com.br\/emfoco\/wp-json\/wp\/v2\/types\/post"}],"author":[{"embeddable":true,"href":"https:\/\/www.em.com.br\/emfoco\/wp-json\/wp\/v2\/users\/13"}],"replies":[{"embeddable":true,"href":"https:\/\/www.em.com.br\/emfoco\/wp-json\/wp\/v2\/comments?post=122848"}],"version-history":[{"count":1,"href":"https:\/\/www.em.com.br\/emfoco\/wp-json\/wp\/v2\/posts\/122848\/revisions"}],"predecessor-version":[{"id":122889,"href":"https:\/\/www.em.com.br\/emfoco\/wp-json\/wp\/v2\/posts\/122848\/revisions\/122889"}],"wp:featuredmedia":[{"embeddable":true,"href":"https:\/\/www.em.com.br\/emfoco\/wp-json\/wp\/v2\/media\/122886"}],"wp:attachment":[{"href":"https:\/\/www.em.com.br\/emfoco\/wp-json\/wp\/v2\/media?parent=122848"}],"wp:term":[{"taxonomy":"category","embeddable":true,"href":"https:\/\/www.em.com.br\/emfoco\/wp-json\/wp\/v2\/categories?post=122848"},{"taxonomy":"post_tag","embeddable":true,"href":"https:\/\/www.em.com.br\/emfoco\/wp-json\/wp\/v2\/tags?post=122848"}],"curies":[{"name":"wp","href":"https:\/\/api.w.org\/{rel}","templated":true}]}}