{"id":122792,"date":"2025-11-04T21:55:00","date_gmt":"2025-11-05T00:55:00","guid":{"rendered":"https:\/\/www.em.com.br\/emfoco\/?p=122792"},"modified":"2025-11-03T22:57:45","modified_gmt":"2025-11-04T01:57:45","slug":"impostos-caem-e-o-custo-de-vida-pode-reduzir-no-brasil","status":"publish","type":"post","link":"https:\/\/www.em.com.br\/emfoco\/2025\/11\/04\/impostos-caem-e-o-custo-de-vida-pode-reduzir-no-brasil\/","title":{"rendered":"Impostos caem e o custo de vida pode reduzir no Brasil"},"content":{"rendered":"\n<p>A <strong>nova reforma tribut\u00e1ria<\/strong> tem papel central na vida dos brasileiros, pois pode alterar diretamente o or\u00e7amento familiar, buscando simplifica\u00e7\u00e3o no sistema de impostos, maior justi\u00e7a fiscal e efici\u00eancia na arrecada\u00e7\u00e3o, al\u00e9m de exigir compreens\u00e3o dos cidad\u00e3os para adapta\u00e7\u00e3o e planejamento financeiro.<\/p>\n\n\n\n<h2 class=\"wp-block-heading\">Como a reforma tribut\u00e1ria pode promover benef\u00edcios para as fam\u00edlias<\/h2>\n\n\n\n<p>Entre os principais objetivos da reforma est\u00e1 o <strong>al\u00edvio da carga de impostos<\/strong> sobre produtos essenciais, especialmente alimentos e medicamentos. Isso pode proporcionar redu\u00e7\u00e3o imediata no custo de vida, favorecendo o poder de compra das fam\u00edlias brasileiras.<\/p>\n\n\n\n<p>Ao simplificar o sistema de impostos, <a href=\"https:\/\/www.gov.br\/fazenda\/pt-br\/acesso-a-informacao\/acoes-e-programas\/reforma-tributaria\/apresentacoes\/apresentacao-reforma-tributaria-para-o-brasil-crescer-ela-precisa-acontecer-02-8-2023\" target=\"_blank\" rel=\"noreferrer noopener\">a reforma tende a diminuir custos burocr\u00e1ticos<\/a> para as empresas, estimulando o ambiente de neg\u00f3cios. Como resultado, espera-se maior gera\u00e7\u00e3o de empregos e crescimento salarial, o que pode impactar positivamente a renda familiar.<\/p>\n\n\n<div class=\"wp-block-image\">\n<figure class=\"aligncenter size-large\"><img loading=\"lazy\" decoding=\"async\" width=\"1024\" height=\"576\" src=\"https:\/\/www.em.com.br\/emfoco\/wp-content\/uploads\/2025\/07\/imposto_1753155461064-1024x576.jpg\" alt=\"Restitui\u00e7\u00e3o do 5\u00b0 lote do IR foi cancelado? Entenda melhor\" class=\"wp-image-79991\" srcset=\"https:\/\/www.em.com.br\/emfoco\/wp-content\/uploads\/2025\/07\/imposto_1753155461064-1024x576.jpg 1024w, https:\/\/www.em.com.br\/emfoco\/wp-content\/uploads\/2025\/07\/imposto_1753155461064-300x169.jpg 300w, https:\/\/www.em.com.br\/emfoco\/wp-content\/uploads\/2025\/07\/imposto_1753155461064-768x432.jpg 768w, https:\/\/www.em.com.br\/emfoco\/wp-content\/uploads\/2025\/07\/imposto_1753155461064-750x422.jpg 750w, https:\/\/www.em.com.br\/emfoco\/wp-content\/uploads\/2025\/07\/imposto_1753155461064-1140x641.jpg 1140w, https:\/\/www.em.com.br\/emfoco\/wp-content\/uploads\/2025\/07\/imposto_1753155461064.jpg 1280w\" sizes=\"auto, (max-width: 1024px) 100vw, 1024px\" \/><figcaption class=\"wp-element-caption\">Notebook e documento &#8211; Cr\u00e9ditos: depositphotos.com \/ VadimVasenin<\/figcaption><\/figure><\/div>\n\n\n<h2 class=\"wp-block-heading\">Quais os principais desafios para a efetiva\u00e7\u00e3o da reforma tribut\u00e1ria<\/h2>\n\n\n\n<p>A transi\u00e7\u00e3o para o novo modelo fiscal \u00e9 complexa e pode causar incertezas no curto prazo para empresas e cidad\u00e3os. As adapta\u00e7\u00f5es \u00e0s novas regras exigir\u00e3o esfor\u00e7o coletivo at\u00e9 que mecanismos de implementa\u00e7\u00e3o estejam consolidados.<\/p>\n\n\n\n<p>Outro ponto cr\u00edtico diz respeito \u00e0 redistribui\u00e7\u00e3o das receitas entre estados e munic\u00edpios, o que pode acarretar disputas e necessidade de negocia\u00e7\u00e3o. Sem um bom gerenciamento, h\u00e1 risco de afetar servi\u00e7os p\u00fablicos importantes.<\/p>\n\n\n\n<p>Leia mais: <a href=\"https:\/\/www.em.com.br\/emfoco\/2025\/11\/02\/novo-imposto-sobre-aluguel-tem-causado-preocupacao-com-a-incerteza-de-quem-ira-sofrer-com-essas-mudancas\/\" target=\"_blank\" rel=\"noreferrer noopener\">Novo imposto sobre aluguel tem causado preocupa\u00e7\u00e3o com a incerteza de quem ir\u00e1 sofrer com essas mudan\u00e7as<\/a><\/p>\n\n\n\n<h2 class=\"wp-block-heading\">Quais cuidados s\u00e3o recomendados para o planejamento do or\u00e7amento familiar<\/h2>\n\n\n\n<p>\u00c9 fundamental monitorar atentamente as poss\u00edveis mudan\u00e7as nos pre\u00e7os de bens e servi\u00e7os essenciais ap\u00f3s a entrada em vigor da reforma. Revisar periodicamente o or\u00e7amento dom\u00e9stico permite ajustes necess\u00e1rios para manter a estabilidade financeira.<\/p>\n\n\n<div class=\"wp-block-image\">\n<figure class=\"aligncenter size-large\"><img loading=\"lazy\" decoding=\"async\" width=\"1024\" height=\"576\" src=\"https:\/\/www.em.com.br\/emfoco\/wp-content\/uploads\/2025\/08\/calculadora-dinheiro_1754959238129-1024x576.jpg\" alt=\"BPC garante sal\u00e1rio m\u00ednimo para idosos e pessoas com defici\u00eancia\" class=\"wp-image-89942\" srcset=\"https:\/\/www.em.com.br\/emfoco\/wp-content\/uploads\/2025\/08\/calculadora-dinheiro_1754959238129-1024x576.jpg 1024w, https:\/\/www.em.com.br\/emfoco\/wp-content\/uploads\/2025\/08\/calculadora-dinheiro_1754959238129-300x169.jpg 300w, https:\/\/www.em.com.br\/emfoco\/wp-content\/uploads\/2025\/08\/calculadora-dinheiro_1754959238129-768x432.jpg 768w, https:\/\/www.em.com.br\/emfoco\/wp-content\/uploads\/2025\/08\/calculadora-dinheiro_1754959238129-750x422.jpg 750w, https:\/\/www.em.com.br\/emfoco\/wp-content\/uploads\/2025\/08\/calculadora-dinheiro_1754959238129-1140x641.jpg 1140w, https:\/\/www.em.com.br\/emfoco\/wp-content\/uploads\/2025\/08\/calculadora-dinheiro_1754959238129.jpg 1280w\" sizes=\"auto, (max-width: 1024px) 100vw, 1024px\" \/><figcaption class=\"wp-element-caption\">Cofre de porquinho e pilha de moedas &#8211; Cr\u00e9ditos: depositphotos.com \/ Tapanakornkaow@gmail.com<\/figcaption><\/figure><\/div>\n\n\n<p>Para se preparar e tirar melhor proveito das oportunidades, as fam\u00edlias devem ficar atentas a potenciais benef\u00edcios fiscais que podem surgir. Veja a seguir <strong>dicas pr\u00e1ticas para organizar as finan\u00e7as<\/strong> durante a transi\u00e7\u00e3o:<\/p>\n\n\n\n<ul class=\"wp-block-list\">\n<li>Acompanhe varia\u00e7\u00f5es nos pre\u00e7os de alimentos e medicamentos<\/li>\n\n\n\n<li>Esteja informado sobre novidades em regras fiscais<\/li>\n\n\n\n<li>Busque programas que ofere\u00e7am incentivos ou descontos tribut\u00e1rios<\/li>\n\n\n\n<li>Envolva todos da fam\u00edlia no planejamento financeiro<\/li>\n<\/ul>\n\n\n\n<p>Leia mais: <a href=\"https:\/\/www.em.com.br\/emfoco\/2025\/10\/28\/novas-regras-tributarias-elevam-impostos-para-quem-aluga-imoveis\/\" target=\"_blank\" rel=\"noreferrer noopener\">Novas regras tribut\u00e1rias elevam impostos para quem aluga im\u00f3veis<\/a><\/p>\n\n\n\n<h2 class=\"wp-block-heading\">Reforma tribut\u00e1ria pode ser um passo decisivo para o futuro<\/h2>\n\n\n\n<p>A ado\u00e7\u00e3o da reforma \u00e9 vista como um caminho importante para <strong>modernizar o sistema fiscal brasileiro<\/strong>, tornando o pa\u00eds mais atrativo a investimentos e promovendo crescimento econ\u00f4mico sustent\u00e1vel.<\/p>\n\n\n\n<p>No entanto, o sucesso depende de legisla\u00e7\u00e3o eficiente e do engajamento social no processo de adapta\u00e7\u00e3o. Fam\u00edlias bem informadas e preparadas poder\u00e3o se beneficiar das mudan\u00e7as, contribuindo para uma economia mais equilibrada.<\/p>\n","protected":false},"excerpt":{"rendered":"<p>A nova reforma tribut\u00e1ria tem papel central na vida dos brasileiros, pois pode alterar diretamente o or\u00e7amento familiar, buscando simplifica\u00e7\u00e3o no sistema de impostos, maior justi\u00e7a fiscal e efici\u00eancia na arrecada\u00e7\u00e3o, al\u00e9m de exigir compreens\u00e3o dos cidad\u00e3os para adapta\u00e7\u00e3o e planejamento financeiro. Como a reforma tribut\u00e1ria pode promover benef\u00edcios para as fam\u00edlias Entre os principais [&hellip;]<\/p>\n","protected":false},"author":20,"featured_media":57205,"comment_status":"open","ping_status":"open","sticky":false,"template":"","format":"standard","meta":{"jnews-multi-image_gallery":[],"jnews_single_post":{"format":"standard"},"jnews_primary_category":[],"jnews_social_meta":[],"jnews_override_counter":[],"footnotes":""},"categories":[28,1],"tags":[256,2876,3543],"class_list":["post-122792","post","type-post","status-publish","format-standard","has-post-thumbnail","hentry","category-economia","category-noticias","tag-beneficios","tag-impostos","tag-reforma-tributaria"],"yoast_head":"<!-- This site is optimized with the Yoast SEO plugin v23.8 - https:\/\/yoast.com\/wordpress\/plugins\/seo\/ -->\n<title>Impostos caem e o custo de vida pode reduzir no Brasil - Estado de Minas - Em foco<\/title>\n<meta name=\"description\" content=\"Com a redu\u00e7\u00e3o de impostos, produtos e servi\u00e7os podem ficar mais baratos, ajudando a diminuir o custo de vida e melhorar o poder de compra no Brasil.\" \/>\n<meta name=\"robots\" content=\"index, follow, max-snippet:-1, max-image-preview:large, max-video-preview:-1\" \/>\n<link rel=\"canonical\" href=\"https:\/\/www.em.com.br\/emfoco\/2025\/11\/04\/impostos-caem-e-o-custo-de-vida-pode-reduzir-no-brasil\/\" \/>\n<meta property=\"og:locale\" content=\"pt_BR\" \/>\n<meta property=\"og:type\" content=\"article\" \/>\n<meta property=\"og:title\" content=\"Impostos caem e o custo de vida pode reduzir no Brasil - Estado de Minas - Em foco\" \/>\n<meta property=\"og:description\" content=\"Com a redu\u00e7\u00e3o de impostos, produtos e servi\u00e7os podem ficar mais baratos, ajudando a diminuir o custo de vida e melhorar o poder de compra no Brasil.\" \/>\n<meta property=\"og:url\" content=\"https:\/\/www.em.com.br\/emfoco\/2025\/11\/04\/impostos-caem-e-o-custo-de-vida-pode-reduzir-no-brasil\/\" \/>\n<meta property=\"og:site_name\" content=\"Estado de Minas - Em foco\" \/>\n<meta property=\"article:published_time\" content=\"2025-11-05T00:55:00+00:00\" \/>\n<meta property=\"article:modified_time\" content=\"2025-11-04T01:57:45+00:00\" \/>\n<meta property=\"og:image\" content=\"https:\/\/www.em.com.br\/emfoco\/wp-content\/uploads\/2025\/06\/pais_1749223248432.jpg\" \/>\n\t<meta property=\"og:image:width\" content=\"1280\" \/>\n\t<meta property=\"og:image:height\" content=\"720\" \/>\n\t<meta property=\"og:image:type\" content=\"image\/jpeg\" \/>\n<meta name=\"author\" content=\"Ingrid Diniz\" \/>\n<meta name=\"twitter:card\" content=\"summary_large_image\" \/>\n<meta name=\"twitter:label1\" content=\"Escrito por\" \/>\n\t<meta name=\"twitter:data1\" content=\"Ingrid Diniz\" \/>\n\t<meta name=\"twitter:label2\" content=\"Est. tempo de leitura\" \/>\n\t<meta name=\"twitter:data2\" content=\"3 minutos\" \/>\n<!-- \/ Yoast SEO plugin. -->","yoast_head_json":{"title":"Impostos caem e o custo de vida pode reduzir no Brasil - Estado de Minas - Em foco","description":"Com a redu\u00e7\u00e3o de impostos, produtos e servi\u00e7os podem ficar mais baratos, ajudando a diminuir o custo de vida e melhorar o poder de compra no Brasil.","robots":{"index":"index","follow":"follow","max-snippet":"max-snippet:-1","max-image-preview":"max-image-preview:large","max-video-preview":"max-video-preview:-1"},"canonical":"https:\/\/www.em.com.br\/emfoco\/2025\/11\/04\/impostos-caem-e-o-custo-de-vida-pode-reduzir-no-brasil\/","og_locale":"pt_BR","og_type":"article","og_title":"Impostos caem e o custo de vida pode reduzir no Brasil - Estado de Minas - Em foco","og_description":"Com a redu\u00e7\u00e3o de impostos, produtos e servi\u00e7os podem ficar mais baratos, ajudando a diminuir o custo de vida e melhorar o poder de compra no Brasil.","og_url":"https:\/\/www.em.com.br\/emfoco\/2025\/11\/04\/impostos-caem-e-o-custo-de-vida-pode-reduzir-no-brasil\/","og_site_name":"Estado de Minas - Em foco","article_published_time":"2025-11-05T00:55:00+00:00","article_modified_time":"2025-11-04T01:57:45+00:00","og_image":[{"width":1280,"height":720,"url":"https:\/\/www.em.com.br\/emfoco\/wp-content\/uploads\/2025\/06\/pais_1749223248432.jpg","type":"image\/jpeg"}],"author":"Ingrid Diniz","twitter_card":"summary_large_image","twitter_misc":{"Escrito por":"Ingrid Diniz","Est. tempo de leitura":"3 minutos"},"schema":{"@context":"https:\/\/schema.org","@graph":[{"@type":"WebPage","@id":"https:\/\/www.em.com.br\/emfoco\/2025\/11\/04\/impostos-caem-e-o-custo-de-vida-pode-reduzir-no-brasil\/","url":"https:\/\/www.em.com.br\/emfoco\/2025\/11\/04\/impostos-caem-e-o-custo-de-vida-pode-reduzir-no-brasil\/","name":"Impostos caem e o custo de vida pode reduzir no Brasil - Estado de Minas - Em foco","isPartOf":{"@id":"https:\/\/www.em.com.br\/emfoco\/#website"},"primaryImageOfPage":{"@id":"https:\/\/www.em.com.br\/emfoco\/2025\/11\/04\/impostos-caem-e-o-custo-de-vida-pode-reduzir-no-brasil\/#primaryimage"},"image":{"@id":"https:\/\/www.em.com.br\/emfoco\/2025\/11\/04\/impostos-caem-e-o-custo-de-vida-pode-reduzir-no-brasil\/#primaryimage"},"thumbnailUrl":"https:\/\/www.em.com.br\/emfoco\/wp-content\/uploads\/2025\/06\/pais_1749223248432.jpg","datePublished":"2025-11-05T00:55:00+00:00","dateModified":"2025-11-04T01:57:45+00:00","author":{"@id":"https:\/\/www.em.com.br\/emfoco\/#\/schema\/person\/649e610b4eb8fff87ff394e54fe17b2b"},"description":"Com a redu\u00e7\u00e3o de impostos, produtos e servi\u00e7os podem ficar mais baratos, ajudando a diminuir o custo de vida e melhorar o poder de compra no Brasil.","breadcrumb":{"@id":"https:\/\/www.em.com.br\/emfoco\/2025\/11\/04\/impostos-caem-e-o-custo-de-vida-pode-reduzir-no-brasil\/#breadcrumb"},"inLanguage":"pt-BR","potentialAction":[{"@type":"ReadAction","target":["https:\/\/www.em.com.br\/emfoco\/2025\/11\/04\/impostos-caem-e-o-custo-de-vida-pode-reduzir-no-brasil\/"]}]},{"@type":"ImageObject","inLanguage":"pt-BR","@id":"https:\/\/www.em.com.br\/emfoco\/2025\/11\/04\/impostos-caem-e-o-custo-de-vida-pode-reduzir-no-brasil\/#primaryimage","url":"https:\/\/www.em.com.br\/emfoco\/wp-content\/uploads\/2025\/06\/pais_1749223248432.jpg","contentUrl":"https:\/\/www.em.com.br\/emfoco\/wp-content\/uploads\/2025\/06\/pais_1749223248432.jpg","width":1280,"height":720,"caption":"Fam\u00edlia - Cr\u00e9ditos: depositphotos.com \/ EdZbarzhyvetsky"},{"@type":"BreadcrumbList","@id":"https:\/\/www.em.com.br\/emfoco\/2025\/11\/04\/impostos-caem-e-o-custo-de-vida-pode-reduzir-no-brasil\/#breadcrumb","itemListElement":[{"@type":"ListItem","position":1,"name":"In\u00edcio","item":"https:\/\/www.em.com.br\/emfoco\/"},{"@type":"ListItem","position":2,"name":"Impostos caem e o custo de vida pode reduzir no Brasil"}]},{"@type":"WebSite","@id":"https:\/\/www.em.com.br\/emfoco\/#website","url":"https:\/\/www.em.com.br\/emfoco\/","name":"Estado de Minas - Em foco","description":"Acompanhe as \u00faltimas not\u00edcias e fique bem informado sobre tudo o que acontece em Minas Gerais, Brasil e no mundo.","potentialAction":[{"@type":"SearchAction","target":{"@type":"EntryPoint","urlTemplate":"https:\/\/www.em.com.br\/emfoco\/?s={search_term_string}"},"query-input":{"@type":"PropertyValueSpecification","valueRequired":true,"valueName":"search_term_string"}}],"inLanguage":"pt-BR"},{"@type":"Person","@id":"https:\/\/www.em.com.br\/emfoco\/#\/schema\/person\/649e610b4eb8fff87ff394e54fe17b2b","name":"Ingrid Diniz","image":{"@type":"ImageObject","inLanguage":"pt-BR","@id":"https:\/\/www.em.com.br\/emfoco\/#\/schema\/person\/image\/","url":"https:\/\/secure.gravatar.com\/avatar\/a3baa1449ec5c39b4c42babc9d4f3951?s=96&d=mm&r=g","contentUrl":"https:\/\/secure.gravatar.com\/avatar\/a3baa1449ec5c39b4c42babc9d4f3951?s=96&d=mm&r=g","caption":"Ingrid Diniz"},"sameAs":["https:\/\/www.em.com.br\/"],"url":"https:\/\/www.em.com.br\/emfoco\/author\/ingridmyth\/"}]}},"_links":{"self":[{"href":"https:\/\/www.em.com.br\/emfoco\/wp-json\/wp\/v2\/posts\/122792","targetHints":{"allow":["GET"]}}],"collection":[{"href":"https:\/\/www.em.com.br\/emfoco\/wp-json\/wp\/v2\/posts"}],"about":[{"href":"https:\/\/www.em.com.br\/emfoco\/wp-json\/wp\/v2\/types\/post"}],"author":[{"embeddable":true,"href":"https:\/\/www.em.com.br\/emfoco\/wp-json\/wp\/v2\/users\/20"}],"replies":[{"embeddable":true,"href":"https:\/\/www.em.com.br\/emfoco\/wp-json\/wp\/v2\/comments?post=122792"}],"version-history":[{"count":2,"href":"https:\/\/www.em.com.br\/emfoco\/wp-json\/wp\/v2\/posts\/122792\/revisions"}],"predecessor-version":[{"id":123046,"href":"https:\/\/www.em.com.br\/emfoco\/wp-json\/wp\/v2\/posts\/122792\/revisions\/123046"}],"wp:featuredmedia":[{"embeddable":true,"href":"https:\/\/www.em.com.br\/emfoco\/wp-json\/wp\/v2\/media\/57205"}],"wp:attachment":[{"href":"https:\/\/www.em.com.br\/emfoco\/wp-json\/wp\/v2\/media?parent=122792"}],"wp:term":[{"taxonomy":"category","embeddable":true,"href":"https:\/\/www.em.com.br\/emfoco\/wp-json\/wp\/v2\/categories?post=122792"},{"taxonomy":"post_tag","embeddable":true,"href":"https:\/\/www.em.com.br\/emfoco\/wp-json\/wp\/v2\/tags?post=122792"}],"curies":[{"name":"wp","href":"https:\/\/api.w.org\/{rel}","templated":true}]}}